{"id":2374,"date":"2014-04-26T20:42:54","date_gmt":"2014-04-26T18:42:54","guid":{"rendered":"http:\/\/www.skimo.at\/sportler\/?p=2374"},"modified":"2014-04-27T13:17:13","modified_gmt":"2014-04-27T11:17:13","slug":"abschlussmeeting-der-oesterreichischen-nationalmannschaft","status":"publish","type":"post","link":"https:\/\/www.skimo.at\/sportler\/2374\/abschlussmeeting-der-oesterreichischen-nationalmannschaft\/","title":{"rendered":"Abschlussmeeting der \u00d6sterreichischen Nationalmannschaft"},"content":{"rendered":"<p>Wie allj\u00e4hrlich zu Saisonende veranstaltete heute die \u00d6sterreichische Nationalmannschaft ihr Abschlussmeeting. Beinahe schon traditionell fand es erneut in Mittersill statt, aus allen Winkeln \u00d6sterreichs verstreut traf man sich in Hotel Br\u00e4urup, um die vergangenen Saison Revue passieren zu lassen bzw. f\u00fcr den kommenden Winter bereits wieder zu planen.<\/p>\n<p>Trainer Alex Lugger fasste die durchaus sehr erfolgreiche Saison 2013\/14 zusammen, stolz wurde vor versammelter Menge die Auszeichnung der ISMF f\u00fcr den 5. Nationenrang bei der EM an Mannschaftsleiter Karl Posch \u00fcberreicht.<br \/>\nViel diskutiert wurde \u00fcber die Zukunft des Skibergsteigens. Wie ja bereits allseits bekannt sind \u00d6sterreichs Skibergsteiger durch die fehlende Anerkennung aus der Sportpolitik gegen\u00fcber anderen Nationen bzw. Athleten anderer Sportarten in \u00d6sterreich massiv benachteiligt. Um das Ziel, leistungsm\u00e4\u00dfig unter die TopTen der Welt zu kommen, erreichen zu k\u00f6nnen, muss sich f\u00fcr die Sportler die Situation so schnell wie m\u00f6glich ver\u00e4ndern. Gute Gespr\u00e4che und Ideen laufen, ein Ende der Durststrecke k\u00f6nnte vielleicht langsam in Sicht sein?<\/p>\n<p>Im Anschluss an den allgemeinen Informationsteil von Trainer Alex Lugger und Mannschaftsleiter Karl Posch wurde noch in Einzelgespr\u00e4chen die vergangene Saison genau analysiert bzw. die Ziele f\u00fcr den kommenden Winter gesetzt.<\/p>\n<p>\u00c4nderungen gibt es auch in der Zusammensetzung der Nationalmannschaft, einige Mitglieder haben ihre aktive Karriere in der Mannschaft beendet. Veronika Swidrak, seit der Aufstellung der Nationalmannschaft in der Saison 2007\/08 als Athletin mit dabei, verg\u00f6nnt ihrer seit zwei Jahren schmerzenden Achillessehne zumindest im Winter einmal Ruhe und verl\u00e4sst das Nationalteam. Ihr Tiroler Kollege Clemens Steinberger m\u00f6chte sich in Zukunft prim\u00e4r seinem Studium widmen und steigt deshalb aus der Mannschaft aus. Ebenso verlie\u00df mit Markus Stock ein langj\u00e4hriges Teammitglied, seit 2008\/09 k\u00e4mpfte er mit den \u00d6sterreichern um Spitzenpl\u00e4tze im internationalen Teilnehmerfeld, nach den Qualifikationsrennen im Laufe der Saison die Mannschaft, dasselbe war bei Martin Islitzer der Fall. Aktuell besteht die Mannschaft daher nun aus 8 Athleten und 2 Athletinnen. Die ersten Bewerbungen f\u00fcr die kommende Saison sind bei Trainer Alex Lugger aber bereits eingelangt, nach genauer Beurteilung der Leistungskriterien wird sich sicher im n\u00e4chsten Winter wieder der\/die ein oder andere Newcomer\/in unter den \u00d6sterreichern finden und sich auf Medaillenjagd machen.<\/p>\n<p>Einen ausf\u00fchrlichen Bericht inklusive Audio-Interviews mit den Nationalteammitgliedern werden wir unseren Lesern in den n\u00e4chsten Tagen auf der ASKIMO Webseite noch pr\u00e4sentieren. Also: noch nicht in die Sommerpause starten, sondern dran bleiben auf der ASKIMO Seite \ud83d\ude09<\/p>\n","protected":false},"excerpt":{"rendered":"<p>Wie allj\u00e4hrlich zu Saisonende veranstaltete heute die \u00d6sterreichische Nationalmannschaft ihr Abschlussmeeting. Beinahe schon traditionell fand es erneut in Mittersill statt, aus allen Winkeln \u00d6sterreichs verstreut traf man sich in Hotel Br\u00e4urup, um die vergangenen Saison Revue passieren zu lassen bzw. f\u00fcr den kommenden Winter bereits wieder zu planen. Trainer Alex Lugger fasste die durchaus sehr [&hellip;]<\/p>\n","protected":false},"author":4,"featured_media":0,"comment_status":"closed","ping_status":"closed","sticky":false,"template":"","format":"standard","meta":[],"categories":[1,3],"tags":[],"yoast_head":"<!-- This site is optimized with the Yoast SEO plugin v16.3 - https:\/\/yoast.com\/wordpress\/plugins\/seo\/ -->\n<title>Abschlussmeeting der \u00d6sterreichischen Nationalmannschaft  - Sportler<\/title>\n<meta name=\"robots\" content=\"index, follow, max-snippet:-1, max-image-preview:large, max-video-preview:-1\" \/>\n<link rel=\"canonical\" href=\"https:\/\/www.skimo.at\/sportler\/2374\/abschlussmeeting-der-oesterreichischen-nationalmannschaft\/\" \/>\n<meta property=\"og:locale\" content=\"de_DE\" \/>\n<meta property=\"og:type\" content=\"article\" \/>\n<meta property=\"og:title\" content=\"Abschlussmeeting der \u00d6sterreichischen Nationalmannschaft  - Sportler\" \/>\n<meta property=\"og:description\" content=\"Wie allj\u00e4hrlich zu Saisonende veranstaltete heute die \u00d6sterreichische Nationalmannschaft ihr Abschlussmeeting. Beinahe schon traditionell fand es erneut in Mittersill statt, aus allen Winkeln \u00d6sterreichs verstreut traf man sich in Hotel Br\u00e4urup, um die vergangenen Saison Revue passieren zu lassen bzw. f\u00fcr den kommenden Winter bereits wieder zu planen. Trainer Alex Lugger fasste die durchaus sehr [&hellip;]\" \/>\n<meta property=\"og:url\" content=\"https:\/\/www.skimo.at\/sportler\/2374\/abschlussmeeting-der-oesterreichischen-nationalmannschaft\/\" \/>\n<meta property=\"og:site_name\" content=\"Sportler\" \/>\n<meta property=\"article:published_time\" content=\"2014-04-26T18:42:54+00:00\" \/>\n<meta property=\"article:modified_time\" content=\"2014-04-27T11:17:13+00:00\" \/>\n<meta name=\"twitter:card\" content=\"summary\" \/>\n<meta name=\"twitter:label1\" content=\"Gesch\u00e4tzte Lesezeit\">\n\t<meta name=\"twitter:data1\" content=\"2\u00a0Minuten\">\n<script type=\"application\/ld+json\" class=\"yoast-schema-graph\">{\"@context\":\"https:\/\/schema.org\",\"@graph\":[{\"@type\":\"WebSite\",\"@id\":\"https:\/\/skimo.73.jarolim.eu\/sportler\/#website\",\"url\":\"https:\/\/skimo.73.jarolim.eu\/sportler\/\",\"name\":\"Sportler\",\"description\":\"\",\"potentialAction\":[{\"@type\":\"SearchAction\",\"target\":\"https:\/\/skimo.73.jarolim.eu\/sportler\/?s={search_term_string}\",\"query-input\":\"required name=search_term_string\"}],\"inLanguage\":\"de\"},{\"@type\":\"WebPage\",\"@id\":\"https:\/\/www.skimo.at\/sportler\/2374\/abschlussmeeting-der-oesterreichischen-nationalmannschaft\/#webpage\",\"url\":\"https:\/\/www.skimo.at\/sportler\/2374\/abschlussmeeting-der-oesterreichischen-nationalmannschaft\/\",\"name\":\"Abschlussmeeting der \\u00d6sterreichischen Nationalmannschaft - Sportler\",\"isPartOf\":{\"@id\":\"https:\/\/skimo.73.jarolim.eu\/sportler\/#website\"},\"datePublished\":\"2014-04-26T18:42:54+00:00\",\"dateModified\":\"2014-04-27T11:17:13+00:00\",\"author\":{\"@id\":\"https:\/\/skimo.73.jarolim.eu\/sportler\/#\/schema\/person\/89e18f4c3d09b5434dbc2dc0cefbcd30\"},\"breadcrumb\":{\"@id\":\"https:\/\/www.skimo.at\/sportler\/2374\/abschlussmeeting-der-oesterreichischen-nationalmannschaft\/#breadcrumb\"},\"inLanguage\":\"de\",\"potentialAction\":[{\"@type\":\"ReadAction\",\"target\":[\"https:\/\/www.skimo.at\/sportler\/2374\/abschlussmeeting-der-oesterreichischen-nationalmannschaft\/\"]}]},{\"@type\":\"BreadcrumbList\",\"@id\":\"https:\/\/www.skimo.at\/sportler\/2374\/abschlussmeeting-der-oesterreichischen-nationalmannschaft\/#breadcrumb\",\"itemListElement\":[{\"@type\":\"ListItem\",\"position\":1,\"item\":{\"@type\":\"WebPage\",\"@id\":\"https:\/\/skimo.73.jarolim.eu\/sportler\/\",\"url\":\"https:\/\/skimo.73.jarolim.eu\/sportler\/\",\"name\":\"Home\"}},{\"@type\":\"ListItem\",\"position\":2,\"item\":{\"@id\":\"https:\/\/www.skimo.at\/sportler\/2374\/abschlussmeeting-der-oesterreichischen-nationalmannschaft\/#webpage\"}}]},{\"@type\":\"Person\",\"@id\":\"https:\/\/skimo.73.jarolim.eu\/sportler\/#\/schema\/person\/89e18f4c3d09b5434dbc2dc0cefbcd30\",\"name\":\"aspielbuechler\",\"image\":{\"@type\":\"ImageObject\",\"@id\":\"https:\/\/skimo.73.jarolim.eu\/sportler\/#personlogo\",\"inLanguage\":\"de\",\"url\":\"https:\/\/secure.gravatar.com\/avatar\/1220d25619b41a33e4710c8b968dc56e?s=96&r=g\",\"contentUrl\":\"https:\/\/secure.gravatar.com\/avatar\/1220d25619b41a33e4710c8b968dc56e?s=96&r=g\",\"caption\":\"aspielbuechler\"},\"url\":\"https:\/\/www.skimo.at\/sportler\/author\/aspielbuechler\/\"}]}<\/script>\n<!-- \/ Yoast SEO plugin. -->","_links":{"self":[{"href":"https:\/\/www.skimo.at\/sportler\/wp-json\/wp\/v2\/posts\/2374"}],"collection":[{"href":"https:\/\/www.skimo.at\/sportler\/wp-json\/wp\/v2\/posts"}],"about":[{"href":"https:\/\/www.skimo.at\/sportler\/wp-json\/wp\/v2\/types\/post"}],"author":[{"embeddable":true,"href":"https:\/\/www.skimo.at\/sportler\/wp-json\/wp\/v2\/users\/4"}],"replies":[{"embeddable":true,"href":"https:\/\/www.skimo.at\/sportler\/wp-json\/wp\/v2\/comments?post=2374"}],"version-history":[{"count":1,"href":"https:\/\/www.skimo.at\/sportler\/wp-json\/wp\/v2\/posts\/2374\/revisions"}],"predecessor-version":[{"id":2375,"href":"https:\/\/www.skimo.at\/sportler\/wp-json\/wp\/v2\/posts\/2374\/revisions\/2375"}],"wp:attachment":[{"href":"https:\/\/www.skimo.at\/sportler\/wp-json\/wp\/v2\/media?parent=2374"}],"wp:term":[{"taxonomy":"category","embeddable":true,"href":"https:\/\/www.skimo.at\/sportler\/wp-json\/wp\/v2\/categories?post=2374"},{"taxonomy":"post_tag","embeddable":true,"href":"https:\/\/www.skimo.at\/sportler\/wp-json\/wp\/v2\/tags?post=2374"}],"curies":[{"name":"wp","href":"https:\/\/api.w.org\/{rel}","templated":true}]}}