{"id":2360,"date":"2014-04-13T17:57:58","date_gmt":"2014-04-13T15:57:58","guid":{"rendered":"http:\/\/www.skimo.at\/sportler\/?p=2360"},"modified":"2021-01-05T18:50:33","modified_gmt":"2021-01-05T16:50:33","slug":"weltcup-tromso-tag-3-sprint-race-topten-platz-trotz-fruehzeitigem-abbruch-des-rennens","status":"publish","type":"post","link":"https:\/\/www.skimo.at\/sportler\/2360\/weltcup-tromso-tag-3-sprint-race-topten-platz-trotz-fruehzeitigem-abbruch-des-rennens\/","title":{"rendered":"Weltcup Troms\u00f8 Tag 3, Sprint Race: TopTen Platz trotz fr\u00fchzeitigem Abbruch des Rennens"},"content":{"rendered":"\n<p>Nicht ganz so w\u00fcrdig aus Sicht des internationalen Verbandes war der heutige Abschlussbewerb des ISMF Weltcup Zirkus. Als letztes Rennen stand das Sprint Race am Programm. Wie bereits gestern war das Starterfeld sehr klein und bestand nur aus den wirklich weltweit besten Athleten. F\u00fcr \u00d6sterreich waren heute Veronika Swidrak und Martin Wei\u00dfkopf am Start. Aufgrund peinlicher technischer Pannen konnte aber nur die Damenklasse den Sprint beenden.<\/p>\n\n\n\n<p>Der Start des heutigen Sprint Races wurde sehr sp\u00e4t angesetzt, erst um 11.00 Uhr gingen die Athleten ins Rennen. Die Qualifikationsrunde lief f\u00fcr die beiden \u00d6sterreicher sehr erfolgreich. Sowohl Veronika Swidrak, als auch Martin Wei\u00dfkopf befanden sich unter den zehn schnellsten Athleten. Das erste Semifinale bestritt die Damenklasse, darunter Veronika Swidrak. Sie erreichte als f\u00fcnfte ihrer Gruppe das Ziel, was letztlich einen guten 10. Rang im Endergebnis f\u00fcr sie bedeutete.<\/p>\n\n\n\n<blockquote class=\"wp-block-quote\"><p>\u201eDas Rennen war ziemlich intensiv! Vor allem im Semifinale sind die Beine schnell blau geworden. Bei der starken Konkurrenz bin ich aber mit dem 10. Platz mehr als zufrieden, ein sch\u00f6ner Saisonabschluss\u201c, so die Tirolerin. <\/p><\/blockquote>\n\n\n\n<p>Gro\u00dfes Lob kommt dazu von Trainer Alex Lugger, f\u00fcr den dieses Ergebnis nach der langen verletzungsbedingten Pause von Vroni ein sehr gutes ist.<\/p>\n\n\n\n<p>Einen TopTen Platz h\u00e4tte sich Alex Lugger auch von Martin Wei\u00dfkopf erwartet, dieser w\u00e4re ziemlich sicher realistisch gewesen, h\u00e4tte nicht das Rennen aufgrund technischer Probleme bei der Zeitnehmung abgebrochen werden m\u00fcssen\u2026 Nach stundenlangem Warten war es leider fix: in der Senior Herren Klasse konnte der Sprintbewerb nicht zu Ende gef\u00fchrt werden. Manche Athleten waren \u00fcber die Entscheidung sehr froh, hat sich doch f\u00fcr sie vorzeitig die Overall Gesamtwertung (Individual, Vertical und Sprint) dadurch entschieden. Viele Verfolger h\u00e4tten nat\u00fcrlich gerne noch Punkte eingeholt und damit m\u00f6glicherweise nach vorne r\u00fccken k\u00f6nnen. Aus \u00f6sterreichsicherer Sicht war die Absage auf jeden Fall negativ zu werten. Einerseits w\u00e4re eine gute Platzierung f\u00fcr Martin in greifbarer N\u00e4he gewesen, andererseits w\u00e4re er damit in der Endwertung weiter nach vorne gerutscht und m\u00f6glicherweise auch hier noch in die N\u00e4he oder unter die Top20 gekommen, wie bereits gestern in der Individual Gesamtwertung.<\/p>\n\n\n\n<p>Nichts desto trotz kann man aber auf jeden Fall sagen, dass das finale Weltcup Wochenende f\u00fcr das \u00f6sterreichische Nationalteam ein voller Erfolg war. Nach der doch inzwischen langen Wettkampfsaison verabschieden sich die Athleten der Mannschaft nun in die wohlverdiente Sommerpause. Die eine oder andere Fr\u00fchjahrstour steht noch auf gem\u00fctliche Art und Weise am Programm, bevor der Sommer dann wieder f\u00fcr die Vorbereitungen auf den n\u00e4chsten Winter gen\u00fctzt wird. Denn der kommt (hoffentlich?) wieder schneller als man denkt\u2026<\/p>\n","protected":false},"excerpt":{"rendered":"<p>Nicht ganz so w\u00fcrdig aus Sicht des internationalen Verbandes war der heutige Abschlussbewerb des ISMF Weltcup Zirkus. Als letztes Rennen stand das Sprint Race am Programm. Wie bereits gestern war das Starterfeld sehr klein und bestand nur aus den wirklich weltweit besten Athleten. F\u00fcr \u00d6sterreich waren heute Veronika Swidrak und Martin Wei\u00dfkopf am Start. Aufgrund [&hellip;]<\/p>\n","protected":false},"author":4,"featured_media":2362,"comment_status":"closed","ping_status":"closed","sticky":false,"template":"","format":"standard","meta":[],"categories":[1,3],"tags":[],"yoast_head":"<!-- This site is optimized with the Yoast SEO plugin v16.3 - https:\/\/yoast.com\/wordpress\/plugins\/seo\/ -->\n<title>Weltcup Troms\u00f8 Tag 3, Sprint Race: TopTen Platz trotz fr\u00fchzeitigem Abbruch des Rennens - Sportler<\/title>\n<meta name=\"robots\" content=\"index, follow, max-snippet:-1, max-image-preview:large, max-video-preview:-1\" \/>\n<link rel=\"canonical\" href=\"https:\/\/www.skimo.at\/sportler\/2360\/weltcup-tromso-tag-3-sprint-race-topten-platz-trotz-fruehzeitigem-abbruch-des-rennens\/\" \/>\n<meta property=\"og:locale\" content=\"de_DE\" \/>\n<meta property=\"og:type\" content=\"article\" \/>\n<meta property=\"og:title\" content=\"Weltcup Troms\u00f8 Tag 3, Sprint Race: TopTen Platz trotz fr\u00fchzeitigem Abbruch des Rennens - Sportler\" \/>\n<meta property=\"og:description\" content=\"Nicht ganz so w\u00fcrdig aus Sicht des internationalen Verbandes war der heutige Abschlussbewerb des ISMF Weltcup Zirkus. Als letztes Rennen stand das Sprint Race am Programm. Wie bereits gestern war das Starterfeld sehr klein und bestand nur aus den wirklich weltweit besten Athleten. F\u00fcr \u00d6sterreich waren heute Veronika Swidrak und Martin Wei\u00dfkopf am Start. Aufgrund [&hellip;]\" \/>\n<meta property=\"og:url\" content=\"https:\/\/www.skimo.at\/sportler\/2360\/weltcup-tromso-tag-3-sprint-race-topten-platz-trotz-fruehzeitigem-abbruch-des-rennens\/\" \/>\n<meta property=\"og:site_name\" content=\"Sportler\" \/>\n<meta property=\"article:published_time\" content=\"2014-04-13T15:57:58+00:00\" \/>\n<meta property=\"article:modified_time\" content=\"2021-01-05T16:50:33+00:00\" \/>\n<meta property=\"og:image\" content=\"https:\/\/skimo.73.jarolim.eu\/sportler\/files\/2014\/04\/Sprint_20140413084209_Bild-Stephan-Mantler_LR.jpg\" \/>\n\t<meta property=\"og:image:width\" content=\"2000\" \/>\n\t<meta property=\"og:image:height\" content=\"1331\" \/>\n<meta name=\"twitter:card\" content=\"summary\" \/>\n<meta name=\"twitter:label1\" content=\"Gesch\u00e4tzte Lesezeit\">\n\t<meta name=\"twitter:data1\" content=\"2\u00a0Minuten\">\n<script type=\"application\/ld+json\" class=\"yoast-schema-graph\">{\"@context\":\"https:\/\/schema.org\",\"@graph\":[{\"@type\":\"WebSite\",\"@id\":\"https:\/\/skimo.73.jarolim.eu\/sportler\/#website\",\"url\":\"https:\/\/skimo.73.jarolim.eu\/sportler\/\",\"name\":\"Sportler\",\"description\":\"\",\"potentialAction\":[{\"@type\":\"SearchAction\",\"target\":\"https:\/\/skimo.73.jarolim.eu\/sportler\/?s={search_term_string}\",\"query-input\":\"required name=search_term_string\"}],\"inLanguage\":\"de\"},{\"@type\":\"ImageObject\",\"@id\":\"https:\/\/www.skimo.at\/sportler\/2360\/weltcup-tromso-tag-3-sprint-race-topten-platz-trotz-fruehzeitigem-abbruch-des-rennens\/#primaryimage\",\"inLanguage\":\"de\",\"url\":\"https:\/\/www.skimo.at\/sportler\/files\/2014\/04\/Sprint_20140413084209_Bild-Stephan-Mantler_LR.jpg\",\"contentUrl\":\"https:\/\/www.skimo.at\/sportler\/files\/2014\/04\/Sprint_20140413084209_Bild-Stephan-Mantler_LR.jpg\",\"width\":2000,\"height\":1331},{\"@type\":\"WebPage\",\"@id\":\"https:\/\/www.skimo.at\/sportler\/2360\/weltcup-tromso-tag-3-sprint-race-topten-platz-trotz-fruehzeitigem-abbruch-des-rennens\/#webpage\",\"url\":\"https:\/\/www.skimo.at\/sportler\/2360\/weltcup-tromso-tag-3-sprint-race-topten-platz-trotz-fruehzeitigem-abbruch-des-rennens\/\",\"name\":\"Weltcup Troms\\u00f8 Tag 3, Sprint Race: TopTen Platz trotz fr\\u00fchzeitigem Abbruch des Rennens - Sportler\",\"isPartOf\":{\"@id\":\"https:\/\/skimo.73.jarolim.eu\/sportler\/#website\"},\"primaryImageOfPage\":{\"@id\":\"https:\/\/www.skimo.at\/sportler\/2360\/weltcup-tromso-tag-3-sprint-race-topten-platz-trotz-fruehzeitigem-abbruch-des-rennens\/#primaryimage\"},\"datePublished\":\"2014-04-13T15:57:58+00:00\",\"dateModified\":\"2021-01-05T16:50:33+00:00\",\"author\":{\"@id\":\"https:\/\/skimo.73.jarolim.eu\/sportler\/#\/schema\/person\/89e18f4c3d09b5434dbc2dc0cefbcd30\"},\"breadcrumb\":{\"@id\":\"https:\/\/www.skimo.at\/sportler\/2360\/weltcup-tromso-tag-3-sprint-race-topten-platz-trotz-fruehzeitigem-abbruch-des-rennens\/#breadcrumb\"},\"inLanguage\":\"de\",\"potentialAction\":[{\"@type\":\"ReadAction\",\"target\":[\"https:\/\/www.skimo.at\/sportler\/2360\/weltcup-tromso-tag-3-sprint-race-topten-platz-trotz-fruehzeitigem-abbruch-des-rennens\/\"]}]},{\"@type\":\"BreadcrumbList\",\"@id\":\"https:\/\/www.skimo.at\/sportler\/2360\/weltcup-tromso-tag-3-sprint-race-topten-platz-trotz-fruehzeitigem-abbruch-des-rennens\/#breadcrumb\",\"itemListElement\":[{\"@type\":\"ListItem\",\"position\":1,\"item\":{\"@type\":\"WebPage\",\"@id\":\"https:\/\/skimo.73.jarolim.eu\/sportler\/\",\"url\":\"https:\/\/skimo.73.jarolim.eu\/sportler\/\",\"name\":\"Home\"}},{\"@type\":\"ListItem\",\"position\":2,\"item\":{\"@id\":\"https:\/\/www.skimo.at\/sportler\/2360\/weltcup-tromso-tag-3-sprint-race-topten-platz-trotz-fruehzeitigem-abbruch-des-rennens\/#webpage\"}}]},{\"@type\":\"Person\",\"@id\":\"https:\/\/skimo.73.jarolim.eu\/sportler\/#\/schema\/person\/89e18f4c3d09b5434dbc2dc0cefbcd30\",\"name\":\"aspielbuechler\",\"image\":{\"@type\":\"ImageObject\",\"@id\":\"https:\/\/skimo.73.jarolim.eu\/sportler\/#personlogo\",\"inLanguage\":\"de\",\"url\":\"https:\/\/secure.gravatar.com\/avatar\/1220d25619b41a33e4710c8b968dc56e?s=96&r=g\",\"contentUrl\":\"https:\/\/secure.gravatar.com\/avatar\/1220d25619b41a33e4710c8b968dc56e?s=96&r=g\",\"caption\":\"aspielbuechler\"},\"url\":\"https:\/\/www.skimo.at\/sportler\/author\/aspielbuechler\/\"}]}<\/script>\n<!-- \/ Yoast SEO plugin. -->","_links":{"self":[{"href":"https:\/\/www.skimo.at\/sportler\/wp-json\/wp\/v2\/posts\/2360"}],"collection":[{"href":"https:\/\/www.skimo.at\/sportler\/wp-json\/wp\/v2\/posts"}],"about":[{"href":"https:\/\/www.skimo.at\/sportler\/wp-json\/wp\/v2\/types\/post"}],"author":[{"embeddable":true,"href":"https:\/\/www.skimo.at\/sportler\/wp-json\/wp\/v2\/users\/4"}],"replies":[{"embeddable":true,"href":"https:\/\/www.skimo.at\/sportler\/wp-json\/wp\/v2\/comments?post=2360"}],"version-history":[{"count":2,"href":"https:\/\/www.skimo.at\/sportler\/wp-json\/wp\/v2\/posts\/2360\/revisions"}],"predecessor-version":[{"id":15627,"href":"https:\/\/www.skimo.at\/sportler\/wp-json\/wp\/v2\/posts\/2360\/revisions\/15627"}],"wp:featuredmedia":[{"embeddable":true,"href":"https:\/\/www.skimo.at\/sportler\/wp-json\/wp\/v2\/media\/2362"}],"wp:attachment":[{"href":"https:\/\/www.skimo.at\/sportler\/wp-json\/wp\/v2\/media?parent=2360"}],"wp:term":[{"taxonomy":"category","embeddable":true,"href":"https:\/\/www.skimo.at\/sportler\/wp-json\/wp\/v2\/categories?post=2360"},{"taxonomy":"post_tag","embeddable":true,"href":"https:\/\/www.skimo.at\/sportler\/wp-json\/wp\/v2\/tags?post=2360"}],"curies":[{"name":"wp","href":"https:\/\/api.w.org\/{rel}","templated":true}]}}