{"id":2327,"date":"2014-04-12T18:31:37","date_gmt":"2014-04-12T16:31:37","guid":{"rendered":"http:\/\/www.skimo.at\/sportler\/?p=2327"},"modified":"2021-01-05T18:49:13","modified_gmt":"2021-01-05T16:49:13","slug":"weltcup-tromso-tag-2-individual-race-sekundenkrimi-und-topten-platz-fuer-oesterreich","status":"publish","type":"post","link":"https:\/\/www.skimo.at\/sportler\/2327\/weltcup-tromso-tag-2-individual-race-sekundenkrimi-und-topten-platz-fuer-oesterreich\/","title":{"rendered":"Weltcup Troms\u00f8 Tag 2, Individual Race: Sekundenkrimi und TopTen Platz f\u00fcr \u00d6sterreich"},"content":{"rendered":"<p>Das Weltcupfinale im Individual ist geschlagen! Aber nicht nur William Bon Mardion, der sich mit seinem Sieg auch den ersten Rang in der Individual Gesamtwertung holt, ist ein Gewinner, auch f\u00fcr \u00d6sterreich hat sich erneut ein TopTen Platz realisieren lassen.<\/p>\n<p>Das heutige Individual Race gestaltete sich als ein sehr spektakul\u00e4res und interessantes Rennen. Aufgrund des wechselhaften Wetters wurde die Strecke kurzfristig noch ver\u00e4ndert. Zwar hatte der Wettergott Einsehen mit Veranstalter und Athleten, denn exakt zum Zeitpunkt des Rennens gab es f\u00fcr drei Stunden ein Sch\u00f6nwetterfenster, man ging aber auf Nummer sicher und entschloss sich f\u00fcr die verk\u00fcrzte Variante. Ein Rundparcours bestehend aus sechs kurzen Anstiegen, zwei Tragepassagen und sechs Abfahrten, teilweise nur ca. 8 Meter breit durch sehr steile Birkenw\u00e4lder, war zu bew\u00e4ltigen. F\u00fcr die Zuschauer waren die zwei Runden nahezu komplett einsehbar, die st\u00e4ndigen Positionsk\u00e4mpfe auf der sehr schnellen und selektiven Strecke konnten daher laufend mitverfolgt werden. Die Verh\u00e4ltnisse waren erstaunlich gut und einfacher als gedacht, gestern noch gab es sehr nassen Schnee im unteren Teil und einen festen Harschdeckel weiter oben, was heute bei weitem nicht so extrem der Fall war.<\/p>\n<p>Nur eine Handvoll Athleten waren im heutigen Individual Race am Start \u2013 daf\u00fcr aber die Elite an Skibergsteigern! Das Weltcup Rennen in Troms\u00f8 ist ein sehr kostenintensives Rennen, aus diesem Grund haben die einzelnen Nationen nur ihre besten Athleten geschickt. Umso wertvoller ist das heutige Ergebnis der \u00d6sterreicher und sehr zufriedenstellend f\u00fcr Trainer Alexander Lugger. Mit einem geringen Abstand von nur 5 Minuten auf den Sieger Bon Mardion beendete der Lermooser Alex Fasser auf Rang 10 das Rennen und lie\u00df damit so manch weiteren Spitzenl\u00e4ufer deutlich hinter ihm. \u201eMir ist es heute von Beginn weg sehr gut gegangen. Die Verh\u00e4ltnisse waren im Vergleich zum letzten Jahr perfekt, das Rennen hat einfach richtig Spa\u00df gemacht\u201c, so der Tiroler, sehr happy \u00fcber seinen guten Saisonabschluss. Packend war vor allem der Zieleinlauf von Fasser. Vor dem Zielsprint lag er noch eben auf mit dem Italiener Pietro Lanfranchi. Erst auf den letzten Metern \u00fcberholte der Italiener mit einer sehr guten Skating Technik unseren ebenso im Skaten enorm starken \u00d6sterreicher um acht Sekunden \u2013 und das bei einer gesamten Renndauer von rund 1,5 Stunden. Der weitere Verfolger, Ausnahmeathlet Toni Palzer (GER), erreicht dann aber erst deutliche 35 Sekunden hinter Alex Fasser das Ziel.<\/p>\n<p>Nicht weniger schnell unterwegs war Martin Wei\u00dfkopf, auch bei ihm entschied sich das Rennen erst im Zielsprint. Ihn trennten nur zwei (!) Sekunden auf seinen Vordermann, Yannick Ecoeur (SUI) und sein R\u00fcckstand auf den Sieger ist mit sieben Minuten ebenfalls gering.<\/p>\n<blockquote><p>\u201eIch habe von Anfang an ein gutes Tempo gefunden und bin wirklich zufrieden mit dem heutigen 17. Rang im letzten Individual Race nach der doch sehr langen Saison. Nun hei\u00dft es gut erholen und morgen im Sprint noch einmal ordentlich Gas geben, vielleicht schaut ein weiterer guter Platz raus?\u201c<\/p><\/blockquote>\n<p>Mit einer Zeit von 1:23:01 hat der Franzose William Bon Mardion ein weiteres Individual Race f\u00fcr sich entschieden (Rang 2 ging an Damiano Lenzi vor Manfred Reichegger, beide ITA) und holt sich so mit nur 5 Punkten Vorsprung auf den Spanier Kilian Jornet den Sieg in der Individual Race Weltcup Gesamtwertung. Jornet fiel aufgrund einer Strafminute (falsche Handhabung der St\u00f6cke in der Wechselzone) vom dritten auf den vierten Rang zur\u00fcck, was dem Spanier 10 Weltcuppunkte kostete und somit den Sieg in der Individual Wertung. Martin Wei\u00dfkopf konnte dank der heutigen Leistung noch auf Platz 20 vorr\u00fccken, Alex Fasser schaffte es mit einem 29. Rang ebenfalls noch in die Top30. Respektable Ergebnisse bei insgesamt 80 gewerteten Athleten.<\/p>\n<p>Bei den Damen ging der heutige Sieg, als auch die Individual Gesamtwertung dieser Saison an Laetitia Roux (FRA). Roux ist mit ihrem gro\u00dfen Vorsprung auch der Gesamtweltcupsieg (Individual, Vertical und Sptint) bereits fix.<\/p>\n<p>Morgen steht f\u00fcr die Weltelite im Skibergsteigen noch der Sprintbewerb am Programm, bevor sich die Athleten in die langsam wohlverdiente Sommerpause verabschieden. F\u00fcr \u00d6sterreich gehen Martin Wei\u00dfkopf und Veronika Swidrak ins Rennen, der Bewerb verspricht noch einmal spannend zu werden, schlie\u00dflich geht es f\u00fcr die Topathleten um die letzten Weltcuppunkte. Wir werden nat\u00fcrlich wieder aus Norwegen berichten!<\/p>\n","protected":false},"excerpt":{"rendered":"<p>Das Weltcupfinale im Individual ist geschlagen! Aber nicht nur William Bon Mardion, der sich mit seinem Sieg auch den ersten Rang in der Individual Gesamtwertung holt, ist ein Gewinner, auch f\u00fcr \u00d6sterreich hat sich erneut ein TopTen Platz realisieren lassen. Das heutige Individual Race gestaltete sich als ein sehr spektakul\u00e4res und interessantes Rennen. Aufgrund des [&hellip;]<\/p>\n","protected":false},"author":4,"featured_media":2341,"comment_status":"closed","ping_status":"closed","sticky":false,"template":"","format":"standard","meta":[],"categories":[1,3],"tags":[],"yoast_head":"<!-- This site is optimized with the Yoast SEO plugin v16.3 - https:\/\/yoast.com\/wordpress\/plugins\/seo\/ -->\n<title>Weltcup Troms\u00f8 Tag 2, Individual Race: Sekundenkrimi und TopTen Platz f\u00fcr \u00d6sterreich - Sportler<\/title>\n<meta name=\"robots\" content=\"index, follow, max-snippet:-1, max-image-preview:large, max-video-preview:-1\" \/>\n<link rel=\"canonical\" href=\"https:\/\/www.skimo.at\/sportler\/2327\/weltcup-tromso-tag-2-individual-race-sekundenkrimi-und-topten-platz-fuer-oesterreich\/\" \/>\n<meta property=\"og:locale\" content=\"de_DE\" \/>\n<meta property=\"og:type\" content=\"article\" \/>\n<meta property=\"og:title\" content=\"Weltcup Troms\u00f8 Tag 2, Individual Race: Sekundenkrimi und TopTen Platz f\u00fcr \u00d6sterreich - Sportler\" \/>\n<meta property=\"og:description\" content=\"Das Weltcupfinale im Individual ist geschlagen! Aber nicht nur William Bon Mardion, der sich mit seinem Sieg auch den ersten Rang in der Individual Gesamtwertung holt, ist ein Gewinner, auch f\u00fcr \u00d6sterreich hat sich erneut ein TopTen Platz realisieren lassen. Das heutige Individual Race gestaltete sich als ein sehr spektakul\u00e4res und interessantes Rennen. Aufgrund des [&hellip;]\" \/>\n<meta property=\"og:url\" content=\"https:\/\/www.skimo.at\/sportler\/2327\/weltcup-tromso-tag-2-individual-race-sekundenkrimi-und-topten-platz-fuer-oesterreich\/\" \/>\n<meta property=\"og:site_name\" content=\"Sportler\" \/>\n<meta property=\"article:published_time\" content=\"2014-04-12T16:31:37+00:00\" \/>\n<meta property=\"article:modified_time\" content=\"2021-01-05T16:49:13+00:00\" \/>\n<meta property=\"og:image\" content=\"https:\/\/skimo.73.jarolim.eu\/sportler\/files\/2014\/04\/Individual_20140412110451_Bild-Stephan-Mantler_LR.jpg\" \/>\n\t<meta property=\"og:image:width\" content=\"2000\" \/>\n\t<meta property=\"og:image:height\" content=\"1331\" \/>\n<meta name=\"twitter:card\" content=\"summary\" \/>\n<meta name=\"twitter:label1\" content=\"Gesch\u00e4tzte Lesezeit\">\n\t<meta name=\"twitter:data1\" content=\"3\u00a0Minuten\">\n<script type=\"application\/ld+json\" class=\"yoast-schema-graph\">{\"@context\":\"https:\/\/schema.org\",\"@graph\":[{\"@type\":\"WebSite\",\"@id\":\"https:\/\/skimo.73.jarolim.eu\/sportler\/#website\",\"url\":\"https:\/\/skimo.73.jarolim.eu\/sportler\/\",\"name\":\"Sportler\",\"description\":\"\",\"potentialAction\":[{\"@type\":\"SearchAction\",\"target\":\"https:\/\/skimo.73.jarolim.eu\/sportler\/?s={search_term_string}\",\"query-input\":\"required name=search_term_string\"}],\"inLanguage\":\"de\"},{\"@type\":\"ImageObject\",\"@id\":\"https:\/\/www.skimo.at\/sportler\/2327\/weltcup-tromso-tag-2-individual-race-sekundenkrimi-und-topten-platz-fuer-oesterreich\/#primaryimage\",\"inLanguage\":\"de\",\"url\":\"https:\/\/www.skimo.at\/sportler\/files\/2014\/04\/Individual_20140412110451_Bild-Stephan-Mantler_LR.jpg\",\"contentUrl\":\"https:\/\/www.skimo.at\/sportler\/files\/2014\/04\/Individual_20140412110451_Bild-Stephan-Mantler_LR.jpg\",\"width\":2000,\"height\":1331},{\"@type\":\"WebPage\",\"@id\":\"https:\/\/www.skimo.at\/sportler\/2327\/weltcup-tromso-tag-2-individual-race-sekundenkrimi-und-topten-platz-fuer-oesterreich\/#webpage\",\"url\":\"https:\/\/www.skimo.at\/sportler\/2327\/weltcup-tromso-tag-2-individual-race-sekundenkrimi-und-topten-platz-fuer-oesterreich\/\",\"name\":\"Weltcup Troms\\u00f8 Tag 2, Individual Race: Sekundenkrimi und TopTen Platz f\\u00fcr \\u00d6sterreich - Sportler\",\"isPartOf\":{\"@id\":\"https:\/\/skimo.73.jarolim.eu\/sportler\/#website\"},\"primaryImageOfPage\":{\"@id\":\"https:\/\/www.skimo.at\/sportler\/2327\/weltcup-tromso-tag-2-individual-race-sekundenkrimi-und-topten-platz-fuer-oesterreich\/#primaryimage\"},\"datePublished\":\"2014-04-12T16:31:37+00:00\",\"dateModified\":\"2021-01-05T16:49:13+00:00\",\"author\":{\"@id\":\"https:\/\/skimo.73.jarolim.eu\/sportler\/#\/schema\/person\/89e18f4c3d09b5434dbc2dc0cefbcd30\"},\"breadcrumb\":{\"@id\":\"https:\/\/www.skimo.at\/sportler\/2327\/weltcup-tromso-tag-2-individual-race-sekundenkrimi-und-topten-platz-fuer-oesterreich\/#breadcrumb\"},\"inLanguage\":\"de\",\"potentialAction\":[{\"@type\":\"ReadAction\",\"target\":[\"https:\/\/www.skimo.at\/sportler\/2327\/weltcup-tromso-tag-2-individual-race-sekundenkrimi-und-topten-platz-fuer-oesterreich\/\"]}]},{\"@type\":\"BreadcrumbList\",\"@id\":\"https:\/\/www.skimo.at\/sportler\/2327\/weltcup-tromso-tag-2-individual-race-sekundenkrimi-und-topten-platz-fuer-oesterreich\/#breadcrumb\",\"itemListElement\":[{\"@type\":\"ListItem\",\"position\":1,\"item\":{\"@type\":\"WebPage\",\"@id\":\"https:\/\/skimo.73.jarolim.eu\/sportler\/\",\"url\":\"https:\/\/skimo.73.jarolim.eu\/sportler\/\",\"name\":\"Home\"}},{\"@type\":\"ListItem\",\"position\":2,\"item\":{\"@id\":\"https:\/\/www.skimo.at\/sportler\/2327\/weltcup-tromso-tag-2-individual-race-sekundenkrimi-und-topten-platz-fuer-oesterreich\/#webpage\"}}]},{\"@type\":\"Person\",\"@id\":\"https:\/\/skimo.73.jarolim.eu\/sportler\/#\/schema\/person\/89e18f4c3d09b5434dbc2dc0cefbcd30\",\"name\":\"aspielbuechler\",\"image\":{\"@type\":\"ImageObject\",\"@id\":\"https:\/\/skimo.73.jarolim.eu\/sportler\/#personlogo\",\"inLanguage\":\"de\",\"url\":\"https:\/\/secure.gravatar.com\/avatar\/1220d25619b41a33e4710c8b968dc56e?s=96&r=g\",\"contentUrl\":\"https:\/\/secure.gravatar.com\/avatar\/1220d25619b41a33e4710c8b968dc56e?s=96&r=g\",\"caption\":\"aspielbuechler\"},\"url\":\"https:\/\/www.skimo.at\/sportler\/author\/aspielbuechler\/\"}]}<\/script>\n<!-- \/ Yoast SEO plugin. -->","_links":{"self":[{"href":"https:\/\/www.skimo.at\/sportler\/wp-json\/wp\/v2\/posts\/2327"}],"collection":[{"href":"https:\/\/www.skimo.at\/sportler\/wp-json\/wp\/v2\/posts"}],"about":[{"href":"https:\/\/www.skimo.at\/sportler\/wp-json\/wp\/v2\/types\/post"}],"author":[{"embeddable":true,"href":"https:\/\/www.skimo.at\/sportler\/wp-json\/wp\/v2\/users\/4"}],"replies":[{"embeddable":true,"href":"https:\/\/www.skimo.at\/sportler\/wp-json\/wp\/v2\/comments?post=2327"}],"version-history":[{"count":4,"href":"https:\/\/www.skimo.at\/sportler\/wp-json\/wp\/v2\/posts\/2327\/revisions"}],"predecessor-version":[{"id":15625,"href":"https:\/\/www.skimo.at\/sportler\/wp-json\/wp\/v2\/posts\/2327\/revisions\/15625"}],"wp:featuredmedia":[{"embeddable":true,"href":"https:\/\/www.skimo.at\/sportler\/wp-json\/wp\/v2\/media\/2341"}],"wp:attachment":[{"href":"https:\/\/www.skimo.at\/sportler\/wp-json\/wp\/v2\/media?parent=2327"}],"wp:term":[{"taxonomy":"category","embeddable":true,"href":"https:\/\/www.skimo.at\/sportler\/wp-json\/wp\/v2\/categories?post=2327"},{"taxonomy":"post_tag","embeddable":true,"href":"https:\/\/www.skimo.at\/sportler\/wp-json\/wp\/v2\/tags?post=2327"}],"curies":[{"name":"wp","href":"https:\/\/api.w.org\/{rel}","templated":true}]}}