{"id":2312,"date":"2014-04-11T22:15:23","date_gmt":"2014-04-11T20:15:23","guid":{"rendered":"http:\/\/www.skimo.at\/sportler\/?p=2312"},"modified":"2014-04-11T22:15:23","modified_gmt":"2014-04-11T20:15:23","slug":"weltcupfinale-tromsoe-nor-tag-1","status":"publish","type":"post","link":"https:\/\/www.skimo.at\/sportler\/2312\/weltcupfinale-tromsoe-nor-tag-1\/","title":{"rendered":"Weltcupfinale Troms\u00f6 (NOR) \u2013 Tag 1"},"content":{"rendered":"<p>Sp\u00e4t in der Saison, praktisch schon im Sommer, wenn man die geringen Schneemengen n\u00f6rdlich der Alpen ber\u00fccksichtigt, sind gestern unsere Athleten zum Weltcupfinale nach Norwegen gereist. In Troms\u00f6 findet mit dem \u201eBlatind Arctic Race\u201c wieder der traditionelle Saisonabschluss statt.<\/p>\n<p>Anders als sonst findet morgen Samstag das Individual Race statt, am Sonntag dann erst der Sprint. Beide Rennen sind durchaus sehenswert: w\u00e4hrend das Individualrennen direkt vom Meer aus startet und es sensationelle Ausblicke auf einen Fjord gibt, k\u00e4mpfen die Athleten beim Sprint direkt in der Stadt Troms\u00f6 um den Sieg.<br \/>\n\u00d6sterreich hat beim Saisonabschluss nur ein Miniteam, bestehend aus drei Athleten und dem Trainer entsendet. Alex Fasser und Martin Wei\u00dfkopf starten morgen beim Individualrennen, w\u00e4hrend Veronika Swidrak und wieder Martin Wei\u00dfkopf den Sprint in Angriff nehmen.<\/p>\n<p>Die Stimmung ist sowohl in unserem Team ausgezeichnet als auch im gesamten, relativ kleinen Starterfeld. Viele Athleten haben die Saison bereits abgeschlossen oder sind wegen der teuren Anreise nicht nach Norwegen gekommen\u2026nur die Top-Leute sind da.<br \/>\nDas Wetter war heute trotz angek\u00fcndigtem Nebel und Regen recht gut, Trainer Alex Lugger ist mit seinem deutschen Kollegen Bernhard Bliemsrieder auf die Wettkampfstrecke f\u00fcr morgen gegangen, die Athleten waren in Stadtn\u00e4he auf einer kleinen Skitour unterwegs. Ergebnis brachten sie alle dasselbe nach Hause: schwierige Schneeverh\u00e4ltnisse, heute Abend wird\u2019s noch zum wachsen. W\u00e4hrend auf einer H\u00f6he von \u00fcber 1.000 Meter Pulverschnee liegt, ist auf Meeresniveau der Schnee nass wie ein Wischfetzen.<\/p>\n<p>F\u00fcr morgen ist wieder Regen und Nebel angesagt, der Start zum Individualrennen findet erst um 11:00 Uhr statt, und wie wir grade per Skype erfahren haben, k\u00f6nnte es wegen des Nebels sein, dass man die urspr\u00fcngliche Strecke auf zwei Runden im unteren Bereich zusammenstutzt.<\/p>\n<p>Morgen gibt\u2019s wie \u00fcblich aktuelle News vom Rennen auf askimo.at!<\/p>\n<p>PS: warum gibt&#8217;s kein Foto von Martin Weisskopf bei der Besichtigung? Der ist so schnell weggelaufen, dass unser Fotograf Step Mantler die Kamera nicht so gach aus dem Rucksack gekriegt hat&#8230;echt!<\/p>\n","protected":false},"excerpt":{"rendered":"<p>Sp\u00e4t in der Saison, praktisch schon im Sommer, wenn man die geringen Schneemengen n\u00f6rdlich der Alpen ber\u00fccksichtigt, sind gestern unsere Athleten zum Weltcupfinale nach Norwegen gereist. In Troms\u00f6 findet mit dem \u201eBlatind Arctic Race\u201c wieder der traditionelle Saisonabschluss statt. Anders als sonst findet morgen Samstag das Individual Race statt, am Sonntag dann erst der Sprint. [&hellip;]<\/p>\n","protected":false},"author":3,"featured_media":0,"comment_status":"closed","ping_status":"closed","sticky":false,"template":"","format":"standard","meta":[],"categories":[1,11,3,7],"tags":[26,28,16,27],"yoast_head":"<!-- This site is optimized with the Yoast SEO plugin v16.3 - https:\/\/yoast.com\/wordpress\/plugins\/seo\/ -->\n<title>Weltcupfinale Troms\u00f6 (NOR) \u2013 Tag 1 - Sportler<\/title>\n<meta name=\"robots\" content=\"index, follow, max-snippet:-1, max-image-preview:large, max-video-preview:-1\" \/>\n<link rel=\"canonical\" href=\"https:\/\/www.skimo.at\/sportler\/2312\/weltcupfinale-tromsoe-nor-tag-1\/\" \/>\n<meta property=\"og:locale\" content=\"de_DE\" \/>\n<meta property=\"og:type\" content=\"article\" \/>\n<meta property=\"og:title\" content=\"Weltcupfinale Troms\u00f6 (NOR) \u2013 Tag 1 - Sportler\" \/>\n<meta property=\"og:description\" content=\"Sp\u00e4t in der Saison, praktisch schon im Sommer, wenn man die geringen Schneemengen n\u00f6rdlich der Alpen ber\u00fccksichtigt, sind gestern unsere Athleten zum Weltcupfinale nach Norwegen gereist. In Troms\u00f6 findet mit dem \u201eBlatind Arctic Race\u201c wieder der traditionelle Saisonabschluss statt. Anders als sonst findet morgen Samstag das Individual Race statt, am Sonntag dann erst der Sprint. [&hellip;]\" \/>\n<meta property=\"og:url\" content=\"https:\/\/www.skimo.at\/sportler\/2312\/weltcupfinale-tromsoe-nor-tag-1\/\" \/>\n<meta property=\"og:site_name\" content=\"Sportler\" \/>\n<meta property=\"article:published_time\" content=\"2014-04-11T20:15:23+00:00\" \/>\n<meta name=\"twitter:card\" content=\"summary\" \/>\n<meta name=\"twitter:label1\" content=\"Gesch\u00e4tzte Lesezeit\">\n\t<meta name=\"twitter:data1\" content=\"2\u00a0Minuten\">\n<script type=\"application\/ld+json\" class=\"yoast-schema-graph\">{\"@context\":\"https:\/\/schema.org\",\"@graph\":[{\"@type\":\"WebSite\",\"@id\":\"https:\/\/skimo.73.jarolim.eu\/sportler\/#website\",\"url\":\"https:\/\/skimo.73.jarolim.eu\/sportler\/\",\"name\":\"Sportler\",\"description\":\"\",\"potentialAction\":[{\"@type\":\"SearchAction\",\"target\":\"https:\/\/skimo.73.jarolim.eu\/sportler\/?s={search_term_string}\",\"query-input\":\"required name=search_term_string\"}],\"inLanguage\":\"de\"},{\"@type\":\"WebPage\",\"@id\":\"https:\/\/www.skimo.at\/sportler\/2312\/weltcupfinale-tromsoe-nor-tag-1\/#webpage\",\"url\":\"https:\/\/www.skimo.at\/sportler\/2312\/weltcupfinale-tromsoe-nor-tag-1\/\",\"name\":\"Weltcupfinale Troms\\u00f6 (NOR) \\u2013 Tag 1 - Sportler\",\"isPartOf\":{\"@id\":\"https:\/\/skimo.73.jarolim.eu\/sportler\/#website\"},\"datePublished\":\"2014-04-11T20:15:23+00:00\",\"dateModified\":\"2014-04-11T20:15:23+00:00\",\"author\":{\"@id\":\"https:\/\/skimo.73.jarolim.eu\/sportler\/#\/schema\/person\/796ecbce6796efca58bf848ca63ec12c\"},\"breadcrumb\":{\"@id\":\"https:\/\/www.skimo.at\/sportler\/2312\/weltcupfinale-tromsoe-nor-tag-1\/#breadcrumb\"},\"inLanguage\":\"de\",\"potentialAction\":[{\"@type\":\"ReadAction\",\"target\":[\"https:\/\/www.skimo.at\/sportler\/2312\/weltcupfinale-tromsoe-nor-tag-1\/\"]}]},{\"@type\":\"BreadcrumbList\",\"@id\":\"https:\/\/www.skimo.at\/sportler\/2312\/weltcupfinale-tromsoe-nor-tag-1\/#breadcrumb\",\"itemListElement\":[{\"@type\":\"ListItem\",\"position\":1,\"item\":{\"@type\":\"WebPage\",\"@id\":\"https:\/\/skimo.73.jarolim.eu\/sportler\/\",\"url\":\"https:\/\/skimo.73.jarolim.eu\/sportler\/\",\"name\":\"Home\"}},{\"@type\":\"ListItem\",\"position\":2,\"item\":{\"@id\":\"https:\/\/www.skimo.at\/sportler\/2312\/weltcupfinale-tromsoe-nor-tag-1\/#webpage\"}}]},{\"@type\":\"Person\",\"@id\":\"https:\/\/skimo.73.jarolim.eu\/sportler\/#\/schema\/person\/796ecbce6796efca58bf848ca63ec12c\",\"name\":\"kposch\",\"image\":{\"@type\":\"ImageObject\",\"@id\":\"https:\/\/skimo.73.jarolim.eu\/sportler\/#personlogo\",\"inLanguage\":\"de\",\"url\":\"https:\/\/secure.gravatar.com\/avatar\/e9f5f28da60e5e563d3f4d3cc0b9b425?s=96&r=g\",\"contentUrl\":\"https:\/\/secure.gravatar.com\/avatar\/e9f5f28da60e5e563d3f4d3cc0b9b425?s=96&r=g\",\"caption\":\"kposch\"},\"url\":\"https:\/\/www.skimo.at\/sportler\/author\/kposch\/\"}]}<\/script>\n<!-- \/ Yoast SEO plugin. -->","_links":{"self":[{"href":"https:\/\/www.skimo.at\/sportler\/wp-json\/wp\/v2\/posts\/2312"}],"collection":[{"href":"https:\/\/www.skimo.at\/sportler\/wp-json\/wp\/v2\/posts"}],"about":[{"href":"https:\/\/www.skimo.at\/sportler\/wp-json\/wp\/v2\/types\/post"}],"author":[{"embeddable":true,"href":"https:\/\/www.skimo.at\/sportler\/wp-json\/wp\/v2\/users\/3"}],"replies":[{"embeddable":true,"href":"https:\/\/www.skimo.at\/sportler\/wp-json\/wp\/v2\/comments?post=2312"}],"version-history":[{"count":2,"href":"https:\/\/www.skimo.at\/sportler\/wp-json\/wp\/v2\/posts\/2312\/revisions"}],"predecessor-version":[{"id":2319,"href":"https:\/\/www.skimo.at\/sportler\/wp-json\/wp\/v2\/posts\/2312\/revisions\/2319"}],"wp:attachment":[{"href":"https:\/\/www.skimo.at\/sportler\/wp-json\/wp\/v2\/media?parent=2312"}],"wp:term":[{"taxonomy":"category","embeddable":true,"href":"https:\/\/www.skimo.at\/sportler\/wp-json\/wp\/v2\/categories?post=2312"},{"taxonomy":"post_tag","embeddable":true,"href":"https:\/\/www.skimo.at\/sportler\/wp-json\/wp\/v2\/tags?post=2312"}],"curies":[{"name":"wp","href":"https:\/\/api.w.org\/{rel}","templated":true}]}}