{"id":2264,"date":"2014-03-02T15:22:36","date_gmt":"2014-03-02T13:22:36","guid":{"rendered":"http:\/\/www.skimo.at\/sportler\/?p=2264"},"modified":"2021-01-05T18:48:38","modified_gmt":"2021-01-05T16:48:38","slug":"weltcup-les-diablerets-3d-sui-tag-4-das-verticalrennen","status":"publish","type":"post","link":"https:\/\/www.skimo.at\/sportler\/2264\/weltcup-les-diablerets-3d-sui-tag-4-das-verticalrennen\/","title":{"rendered":"Weltcup Les Diablerets 3D (SUI) Tag 4: das Verticalrennen"},"content":{"rendered":"<p>Das heutige Verticalrennen sollte die gestrige Nullnummer ausgleichen, so der Plan unserer Nationalmannschaft. Nach dem gestrigen Pech, das die sportlich gute Leistung unserer Athleten im falschen Licht stehen lie\u00df, sollte heute Vollgas gegeben werden. Die sportlichen Leistungen waren dann auch sehr gut und viel besser, als es die Platzierungen erahnen lie\u00dfen.<\/p>\n<p>Das heutige Rennen war mit rund 600 H\u00f6henmetern sehr kurz angelegt, fast schon ein Sprint. Der Start sollte urspr\u00fcnglich sehr fr\u00fch um 8:00 Uhr erfolgen, wurde dann aber auf 8:30 verschoben. Der Start erfolgte \u2013 wie wegen der K\u00fcrze des Rennens zu erwarten \u2013 extrem explosiv. Alle unsere Athleten erwischten den Start nicht ganz optimal, die Spitzengruppe rund um den gestrigen Sieger Kilian Jornet legte gleich zu Beginn ein unheimliches Tempo vor\u2026.klar, denn heute sollte sich auch die Endwertung im Vertical-Weltcup entscheiden!<\/p>\n<p>Etwas \u00fcberraschend konnte sich Kilian Jornet tats\u00e4chlich gleich absetzen, hatte zwischenzeitlich ca. 20 Sekunden Vorsprung auf das Feld. Anders als bei nationalen Rennen sind die Weltcuprennen Vertical mittlerweile so dicht getaktet, dass ein Abstand von 20 Sekunden fast schon eine Welt ist\u2026.das Feld pickt regelrecht aneinander, die Leistungsdichte ist enorm.<\/p>\n<p>Alex Fasser (SC Lermoos) konnte sich in der Verfolgergruppe von den \u00d6sterreichern als bester positionieren. Martin Wei\u00dfkopf (Venediger Bergf\u00fchrer) war ihm auf den Fersen, Daniel Zugg (Friends of Skinfit) und Philipp Brugger (SC Sistrans) etwas abgeschlagen. Fasser kam immer besser in Fahrt, musste den langsamen Start aber jetzt in einer Verfolgungsjagd b\u00fc\u00dfen. Nach 24:44 Minuten konnte er das Rennen schlie\u00dflich auf Platz 26 beenden. Martin Wei\u00dfkopf verlor einige Pl\u00e4tze auf Fasser, ging schlie\u00dflich in 25:04 als 33. \u00fcber die Ziellinie.<br \/>\nPhilipp Brugger fuhr mit 25:35 Minuten und Platz 8 bei den Espoirs (gesamt Platz 38) und nur 2:19 Minuten R\u00fcckstand auf Klassensieger Toni Palzer (GER) sein bestes Ergebnis in einem Verticalbewerb ein. Daniel Zugg konnte Anfangs zwar gut wegkommen, musste seiner gestrigen Darmgrippe aber im zweiten Teil des Rennens Tribut zollen. Mit 25:49 Minuten und Platz 10 bei den Espoirs (gesamt Rang 40) schlug er sich letztlich aber unter seiner Leistung.<br \/>\nKlassensieger wurde Kilian Jornet (ESP) in 22:51 Minuten, Platz 2 ging an Lorenzo Holzknecht (ITA) und Platz 3 an Manfred Reichegger (ITA).<br \/>\nIna Forchthammer (\u00d6AV Pongau) hatte sich von den Strapazen des gestrigen Rennens noch nicht erholt. Entsprechend konnte sie heute in keiner Phase des Rennens mithalten. Die dominierenden M\u00e4dchen aus Italien und Frankreich geben erneut ein extrem hohes Tempo vor, das Siegertreppchen war eine Kopie der gestrigen Situation: Siegerin Alba de Silvestro (ITA) in 24:37, 2. Giulia Compagnoni (ITA), 3. Sophie Mollard (FRA). Forchthammer konnte mit 29:01 Minuten nur den 8. und entt\u00e4uschenden letzten Platz belegen.<\/p>\n<p>Trainer Alexander Lugger gab kurz vor der Abfahrt nach Hause noch seine Einsch\u00e4tzung des Wochenendes ab:<\/p>\n<blockquote><p>\u201eDie Leistungen unserer Athleten sind durch die Bank nicht schlecht, wenngleich auch im Detail noch Verbesserungspotential da ist, wie z.B. beim Start. Vor allem das heutige Verticalrennen zeigt aber, wie dicht die Leistungsspitze mittlerweile beisammen ist. 1:52 R\u00fcckstand von Alex auf Kilian Jornet bedeutet Platz 26\u2026da ist kein Spielraum mehr f\u00fcr Schw\u00e4chen. Insgesamt bin ich sicher, dass unsere Athleten auf einem guten Weg sind, wenngleich auch dieses Wochenende nicht gut ausgeschaut hat, denn die Platzierungen sind zweifellos m\u00e4\u00dfig. Jetzt geht\u2019s f\u00fcr die Sportler in die nationalen Rennen, bevor wir dann beim Weltcupfinale in Norwegen im April nochmal aufzeigen werden!\u201c<\/p><\/blockquote>\n<p>Soeben sitzen unsere Sportler schon wieder im vom \u00d6SV zur Verf\u00fcgung gestellten Teambus in Richtung \u00d6sterreich.<\/p>\n<p>Bravo an unsere Athleten, die sich trotz widriger Umst\u00e4nde in der Schweiz wacker geschlagen haben!<\/p>\n","protected":false},"excerpt":{"rendered":"<p>Das heutige Verticalrennen sollte die gestrige Nullnummer ausgleichen, so der Plan unserer Nationalmannschaft. Nach dem gestrigen Pech, das die sportlich gute Leistung unserer Athleten im falschen Licht stehen lie\u00df, sollte heute Vollgas gegeben werden. Die sportlichen Leistungen waren dann auch sehr gut und viel besser, als es die Platzierungen erahnen lie\u00dfen. Das heutige Rennen war [&hellip;]<\/p>\n","protected":false},"author":3,"featured_media":2281,"comment_status":"closed","ping_status":"closed","sticky":false,"template":"","format":"standard","meta":[],"categories":[1,11,9,3],"tags":[],"yoast_head":"<!-- This site is optimized with the Yoast SEO plugin v16.3 - https:\/\/yoast.com\/wordpress\/plugins\/seo\/ -->\n<title>Weltcup Les Diablerets 3D (SUI) Tag 4: das Verticalrennen - Sportler<\/title>\n<meta name=\"robots\" content=\"index, follow, max-snippet:-1, max-image-preview:large, max-video-preview:-1\" \/>\n<link rel=\"canonical\" href=\"https:\/\/www.skimo.at\/sportler\/2264\/weltcup-les-diablerets-3d-sui-tag-4-das-verticalrennen\/\" \/>\n<meta property=\"og:locale\" content=\"de_DE\" \/>\n<meta property=\"og:type\" content=\"article\" \/>\n<meta property=\"og:title\" content=\"Weltcup Les Diablerets 3D (SUI) Tag 4: das Verticalrennen - Sportler\" \/>\n<meta property=\"og:description\" content=\"Das heutige Verticalrennen sollte die gestrige Nullnummer ausgleichen, so der Plan unserer Nationalmannschaft. Nach dem gestrigen Pech, das die sportlich gute Leistung unserer Athleten im falschen Licht stehen lie\u00df, sollte heute Vollgas gegeben werden. Die sportlichen Leistungen waren dann auch sehr gut und viel besser, als es die Platzierungen erahnen lie\u00dfen. Das heutige Rennen war [&hellip;]\" \/>\n<meta property=\"og:url\" content=\"https:\/\/www.skimo.at\/sportler\/2264\/weltcup-les-diablerets-3d-sui-tag-4-das-verticalrennen\/\" \/>\n<meta property=\"og:site_name\" content=\"Sportler\" \/>\n<meta property=\"article:published_time\" content=\"2014-03-02T13:22:36+00:00\" \/>\n<meta property=\"article:modified_time\" content=\"2021-01-05T16:48:38+00:00\" \/>\n<meta property=\"og:image\" content=\"https:\/\/skimo.73.jarolim.eu\/sportler\/files\/2014\/03\/WC-Diablerets-Vertical-Alex-Fasser-04-foto-Alexander-Lugger-LR.jpg\" \/>\n\t<meta property=\"og:image:width\" content=\"1800\" \/>\n\t<meta property=\"og:image:height\" content=\"1200\" \/>\n<meta name=\"twitter:card\" content=\"summary\" \/>\n<meta name=\"twitter:label1\" content=\"Gesch\u00e4tzte Lesezeit\">\n\t<meta name=\"twitter:data1\" content=\"3\u00a0Minuten\">\n<script type=\"application\/ld+json\" class=\"yoast-schema-graph\">{\"@context\":\"https:\/\/schema.org\",\"@graph\":[{\"@type\":\"WebSite\",\"@id\":\"https:\/\/skimo.73.jarolim.eu\/sportler\/#website\",\"url\":\"https:\/\/skimo.73.jarolim.eu\/sportler\/\",\"name\":\"Sportler\",\"description\":\"\",\"potentialAction\":[{\"@type\":\"SearchAction\",\"target\":\"https:\/\/skimo.73.jarolim.eu\/sportler\/?s={search_term_string}\",\"query-input\":\"required name=search_term_string\"}],\"inLanguage\":\"de\"},{\"@type\":\"ImageObject\",\"@id\":\"https:\/\/www.skimo.at\/sportler\/2264\/weltcup-les-diablerets-3d-sui-tag-4-das-verticalrennen\/#primaryimage\",\"inLanguage\":\"de\",\"url\":\"https:\/\/www.skimo.at\/sportler\/files\/2014\/03\/WC-Diablerets-Vertical-Alex-Fasser-04-foto-Alexander-Lugger-LR.jpg\",\"contentUrl\":\"https:\/\/www.skimo.at\/sportler\/files\/2014\/03\/WC-Diablerets-Vertical-Alex-Fasser-04-foto-Alexander-Lugger-LR.jpg\",\"width\":1800,\"height\":1200},{\"@type\":\"WebPage\",\"@id\":\"https:\/\/www.skimo.at\/sportler\/2264\/weltcup-les-diablerets-3d-sui-tag-4-das-verticalrennen\/#webpage\",\"url\":\"https:\/\/www.skimo.at\/sportler\/2264\/weltcup-les-diablerets-3d-sui-tag-4-das-verticalrennen\/\",\"name\":\"Weltcup Les Diablerets 3D (SUI) Tag 4: das Verticalrennen - Sportler\",\"isPartOf\":{\"@id\":\"https:\/\/skimo.73.jarolim.eu\/sportler\/#website\"},\"primaryImageOfPage\":{\"@id\":\"https:\/\/www.skimo.at\/sportler\/2264\/weltcup-les-diablerets-3d-sui-tag-4-das-verticalrennen\/#primaryimage\"},\"datePublished\":\"2014-03-02T13:22:36+00:00\",\"dateModified\":\"2021-01-05T16:48:38+00:00\",\"author\":{\"@id\":\"https:\/\/skimo.73.jarolim.eu\/sportler\/#\/schema\/person\/796ecbce6796efca58bf848ca63ec12c\"},\"breadcrumb\":{\"@id\":\"https:\/\/www.skimo.at\/sportler\/2264\/weltcup-les-diablerets-3d-sui-tag-4-das-verticalrennen\/#breadcrumb\"},\"inLanguage\":\"de\",\"potentialAction\":[{\"@type\":\"ReadAction\",\"target\":[\"https:\/\/www.skimo.at\/sportler\/2264\/weltcup-les-diablerets-3d-sui-tag-4-das-verticalrennen\/\"]}]},{\"@type\":\"BreadcrumbList\",\"@id\":\"https:\/\/www.skimo.at\/sportler\/2264\/weltcup-les-diablerets-3d-sui-tag-4-das-verticalrennen\/#breadcrumb\",\"itemListElement\":[{\"@type\":\"ListItem\",\"position\":1,\"item\":{\"@type\":\"WebPage\",\"@id\":\"https:\/\/skimo.73.jarolim.eu\/sportler\/\",\"url\":\"https:\/\/skimo.73.jarolim.eu\/sportler\/\",\"name\":\"Home\"}},{\"@type\":\"ListItem\",\"position\":2,\"item\":{\"@id\":\"https:\/\/www.skimo.at\/sportler\/2264\/weltcup-les-diablerets-3d-sui-tag-4-das-verticalrennen\/#webpage\"}}]},{\"@type\":\"Person\",\"@id\":\"https:\/\/skimo.73.jarolim.eu\/sportler\/#\/schema\/person\/796ecbce6796efca58bf848ca63ec12c\",\"name\":\"kposch\",\"image\":{\"@type\":\"ImageObject\",\"@id\":\"https:\/\/skimo.73.jarolim.eu\/sportler\/#personlogo\",\"inLanguage\":\"de\",\"url\":\"https:\/\/secure.gravatar.com\/avatar\/e9f5f28da60e5e563d3f4d3cc0b9b425?s=96&r=g\",\"contentUrl\":\"https:\/\/secure.gravatar.com\/avatar\/e9f5f28da60e5e563d3f4d3cc0b9b425?s=96&r=g\",\"caption\":\"kposch\"},\"url\":\"https:\/\/www.skimo.at\/sportler\/author\/kposch\/\"}]}<\/script>\n<!-- \/ Yoast SEO plugin. -->","_links":{"self":[{"href":"https:\/\/www.skimo.at\/sportler\/wp-json\/wp\/v2\/posts\/2264"}],"collection":[{"href":"https:\/\/www.skimo.at\/sportler\/wp-json\/wp\/v2\/posts"}],"about":[{"href":"https:\/\/www.skimo.at\/sportler\/wp-json\/wp\/v2\/types\/post"}],"author":[{"embeddable":true,"href":"https:\/\/www.skimo.at\/sportler\/wp-json\/wp\/v2\/users\/3"}],"replies":[{"embeddable":true,"href":"https:\/\/www.skimo.at\/sportler\/wp-json\/wp\/v2\/comments?post=2264"}],"version-history":[{"count":3,"href":"https:\/\/www.skimo.at\/sportler\/wp-json\/wp\/v2\/posts\/2264\/revisions"}],"predecessor-version":[{"id":15624,"href":"https:\/\/www.skimo.at\/sportler\/wp-json\/wp\/v2\/posts\/2264\/revisions\/15624"}],"wp:featuredmedia":[{"embeddable":true,"href":"https:\/\/www.skimo.at\/sportler\/wp-json\/wp\/v2\/media\/2281"}],"wp:attachment":[{"href":"https:\/\/www.skimo.at\/sportler\/wp-json\/wp\/v2\/media?parent=2264"}],"wp:term":[{"taxonomy":"category","embeddable":true,"href":"https:\/\/www.skimo.at\/sportler\/wp-json\/wp\/v2\/categories?post=2264"},{"taxonomy":"post_tag","embeddable":true,"href":"https:\/\/www.skimo.at\/sportler\/wp-json\/wp\/v2\/tags?post=2264"}],"curies":[{"name":"wp","href":"https:\/\/api.w.org\/{rel}","templated":true}]}}