{"id":2175,"date":"2014-02-28T21:25:41","date_gmt":"2014-02-28T19:25:41","guid":{"rendered":"http:\/\/www.skimo.at\/sportler\/?p=2175"},"modified":"2014-03-01T11:12:56","modified_gmt":"2014-03-01T09:12:56","slug":"weltcup-les-diablerets-sui-tag-1-streckenbesichtigung","status":"publish","type":"post","link":"https:\/\/www.skimo.at\/sportler\/2175\/weltcup-les-diablerets-sui-tag-1-streckenbesichtigung\/","title":{"rendered":"Weltcup Les Diablerets (SUI) Tag 2: Streckenbesichtigung"},"content":{"rendered":"<p>4. Welcupstation in der Schweiz! Unser Nationalteam ist heute bzw. gestern in les Diablerets angekommen. Mit dabei sind diesmal: Ina Forchthammer (\u00d6AV Pongau), Alex Fasser (SC Lermoos), Martin Weisskopf (Venediger Bergf\u00fchrer), Philipp Brugger (SV Sistrans) und Daniel Zugg (Friends of Skinfit). Als Betreuer dabei sind Alex Lugger und die \u201eWerbegams\u201c Christian Gamsj\u00e4ger.<\/p>\n<p>Die laaange Anreise mit dem vom \u00d6SV zur Verf\u00fcgung gestellten Bus war heftig, wurde jedoch eindeutig getoppt von der Unterkunft. Grenzwertig und unter jeder Kritik, ein \u201eZwergenheim f\u00fcr Kinderpuppen\u201c wie Trainer Lugger ziemlich angespeist mitteilte. Gemeinschaftsdusche, teilweise kein Wasser in den Zimmern. Gastfreundschaft\u2026wer hats erfunden? Die Schweizer offenbar nicht. Oder \u00d6sterreicher, Slowaken und Spanier \u2013 sie alle sind im \u201eZwergenheim\u201c untergebracht &#8211; sind schon von den neuen Ausl\u00e4nderrestriktionen der Eidgenossen betroffen, wer wei\u00df.<\/p>\n<p>Die heutige Streckenbesichtigung f\u00fcr das morgige Individualrennen war daf\u00fcr recht positiv. Ideale Bedingungen und zur Mittagszeit sogar Sonne. Eine sch\u00f6ne Gegend, allerdings ist die Strecke etwas lieblos angelegt. Der erste Teil musste von den ISMF-Technikern v\u00f6llig neu angelegt werden, die letzte Abfahrt ist dagegen gef\u00e4hrlich, viele Zaunpfosten und sonstiges Stanglwerk steht in der Gegend herum ohne abgedeckt zu sein.<br \/>\nF\u00fcr die Herren steht nach dem Start um 9:00 Uhr eine Strecke mit 1.748 hm und 5 Anstiegen an, Ina Forchthammer startet um 9:30 und geht \u00fcber 1.140 hm und 4 Anstiege zu bew\u00e4ltigen. Die Wettersituation ist instabil, am Abend nach dem Briefing hat es zu schneien begonnen. F\u00fcr morgen sollte jedoch w\u00e4hrend des Tages gutes Wetter herrschen mit ca. -7\u00b0C auf 2.000 hm.<\/p>\n<p>F\u00fcr heute haben sich unsere Recken schon ins \u201eZwergenheim\u201c zur\u00fcckgezogen, morgen geht\u2019s dann frisch motiviert ins Rennen.<br \/>\nDas positivste heute: unsere Athleten haben sich die Stimmung von der schlechten Aufnahme nicht vermiesen lassen, sie sind super drauf und nehmen die Situation mit Humor. Auf geht\u2019s zum vorletzten Stopp der Weltcupsaison 2014, morgen Individual, am Sonntag dann das Vertical!<\/p>\n<p><a href=\"http:\/\/www.diablerets3d.ch\/\">Hier gehts zur Webseite des Veranstalters<\/a><\/p>\n","protected":false},"excerpt":{"rendered":"<p>4. Welcupstation in der Schweiz! Unser Nationalteam ist heute bzw. gestern in les Diablerets angekommen. Mit dabei sind diesmal: Ina Forchthammer (\u00d6AV Pongau), Alex Fasser (SC Lermoos), Martin Weisskopf (Venediger Bergf\u00fchrer), Philipp Brugger (SV Sistrans) und Daniel Zugg (Friends of Skinfit). Als Betreuer dabei sind Alex Lugger und die \u201eWerbegams\u201c Christian Gamsj\u00e4ger. Die laaange Anreise [&hellip;]<\/p>\n","protected":false},"author":3,"featured_media":2187,"comment_status":"closed","ping_status":"closed","sticky":false,"template":"","format":"standard","meta":[],"categories":[1,11,9,3,7],"tags":[],"yoast_head":"<!-- This site is optimized with the Yoast SEO plugin v16.3 - https:\/\/yoast.com\/wordpress\/plugins\/seo\/ -->\n<title>Weltcup Les Diablerets (SUI) Tag 2: Streckenbesichtigung - Sportler<\/title>\n<meta name=\"robots\" content=\"index, follow, max-snippet:-1, max-image-preview:large, max-video-preview:-1\" \/>\n<link rel=\"canonical\" href=\"https:\/\/www.skimo.at\/sportler\/2175\/weltcup-les-diablerets-sui-tag-1-streckenbesichtigung\/\" \/>\n<meta property=\"og:locale\" content=\"de_DE\" \/>\n<meta property=\"og:type\" content=\"article\" \/>\n<meta property=\"og:title\" content=\"Weltcup Les Diablerets (SUI) Tag 2: Streckenbesichtigung - Sportler\" \/>\n<meta property=\"og:description\" content=\"4. Welcupstation in der Schweiz! Unser Nationalteam ist heute bzw. gestern in les Diablerets angekommen. Mit dabei sind diesmal: Ina Forchthammer (\u00d6AV Pongau), Alex Fasser (SC Lermoos), Martin Weisskopf (Venediger Bergf\u00fchrer), Philipp Brugger (SV Sistrans) und Daniel Zugg (Friends of Skinfit). Als Betreuer dabei sind Alex Lugger und die \u201eWerbegams\u201c Christian Gamsj\u00e4ger. Die laaange Anreise [&hellip;]\" \/>\n<meta property=\"og:url\" content=\"https:\/\/www.skimo.at\/sportler\/2175\/weltcup-les-diablerets-sui-tag-1-streckenbesichtigung\/\" \/>\n<meta property=\"og:site_name\" content=\"Sportler\" \/>\n<meta property=\"article:published_time\" content=\"2014-02-28T19:25:41+00:00\" \/>\n<meta property=\"article:modified_time\" content=\"2014-03-01T09:12:56+00:00\" \/>\n<meta property=\"og:image\" content=\"https:\/\/skimo.73.jarolim.eu\/sportler\/files\/2014\/02\/H\u00f6henprofil-Individualrennen.jpg\" \/>\n\t<meta property=\"og:image:width\" content=\"960\" \/>\n\t<meta property=\"og:image:height\" content=\"709\" \/>\n<meta name=\"twitter:card\" content=\"summary\" \/>\n<meta name=\"twitter:label1\" content=\"Gesch\u00e4tzte Lesezeit\">\n\t<meta name=\"twitter:data1\" content=\"2\u00a0Minuten\">\n<script type=\"application\/ld+json\" class=\"yoast-schema-graph\">{\"@context\":\"https:\/\/schema.org\",\"@graph\":[{\"@type\":\"WebSite\",\"@id\":\"https:\/\/skimo.73.jarolim.eu\/sportler\/#website\",\"url\":\"https:\/\/skimo.73.jarolim.eu\/sportler\/\",\"name\":\"Sportler\",\"description\":\"\",\"potentialAction\":[{\"@type\":\"SearchAction\",\"target\":\"https:\/\/skimo.73.jarolim.eu\/sportler\/?s={search_term_string}\",\"query-input\":\"required name=search_term_string\"}],\"inLanguage\":\"de\"},{\"@type\":\"ImageObject\",\"@id\":\"https:\/\/www.skimo.at\/sportler\/2175\/weltcup-les-diablerets-sui-tag-1-streckenbesichtigung\/#primaryimage\",\"inLanguage\":\"de\",\"url\":\"https:\/\/www.skimo.at\/sportler\/files\/2014\/02\/H\\u00f6henprofil-Individualrennen.jpg\",\"contentUrl\":\"https:\/\/www.skimo.at\/sportler\/files\/2014\/02\/H\\u00f6henprofil-Individualrennen.jpg\",\"width\":960,\"height\":709},{\"@type\":\"WebPage\",\"@id\":\"https:\/\/www.skimo.at\/sportler\/2175\/weltcup-les-diablerets-sui-tag-1-streckenbesichtigung\/#webpage\",\"url\":\"https:\/\/www.skimo.at\/sportler\/2175\/weltcup-les-diablerets-sui-tag-1-streckenbesichtigung\/\",\"name\":\"Weltcup Les Diablerets (SUI) Tag 2: Streckenbesichtigung - Sportler\",\"isPartOf\":{\"@id\":\"https:\/\/skimo.73.jarolim.eu\/sportler\/#website\"},\"primaryImageOfPage\":{\"@id\":\"https:\/\/www.skimo.at\/sportler\/2175\/weltcup-les-diablerets-sui-tag-1-streckenbesichtigung\/#primaryimage\"},\"datePublished\":\"2014-02-28T19:25:41+00:00\",\"dateModified\":\"2014-03-01T09:12:56+00:00\",\"author\":{\"@id\":\"https:\/\/skimo.73.jarolim.eu\/sportler\/#\/schema\/person\/796ecbce6796efca58bf848ca63ec12c\"},\"breadcrumb\":{\"@id\":\"https:\/\/www.skimo.at\/sportler\/2175\/weltcup-les-diablerets-sui-tag-1-streckenbesichtigung\/#breadcrumb\"},\"inLanguage\":\"de\",\"potentialAction\":[{\"@type\":\"ReadAction\",\"target\":[\"https:\/\/www.skimo.at\/sportler\/2175\/weltcup-les-diablerets-sui-tag-1-streckenbesichtigung\/\"]}]},{\"@type\":\"BreadcrumbList\",\"@id\":\"https:\/\/www.skimo.at\/sportler\/2175\/weltcup-les-diablerets-sui-tag-1-streckenbesichtigung\/#breadcrumb\",\"itemListElement\":[{\"@type\":\"ListItem\",\"position\":1,\"item\":{\"@type\":\"WebPage\",\"@id\":\"https:\/\/skimo.73.jarolim.eu\/sportler\/\",\"url\":\"https:\/\/skimo.73.jarolim.eu\/sportler\/\",\"name\":\"Home\"}},{\"@type\":\"ListItem\",\"position\":2,\"item\":{\"@id\":\"https:\/\/www.skimo.at\/sportler\/2175\/weltcup-les-diablerets-sui-tag-1-streckenbesichtigung\/#webpage\"}}]},{\"@type\":\"Person\",\"@id\":\"https:\/\/skimo.73.jarolim.eu\/sportler\/#\/schema\/person\/796ecbce6796efca58bf848ca63ec12c\",\"name\":\"kposch\",\"image\":{\"@type\":\"ImageObject\",\"@id\":\"https:\/\/skimo.73.jarolim.eu\/sportler\/#personlogo\",\"inLanguage\":\"de\",\"url\":\"https:\/\/secure.gravatar.com\/avatar\/e9f5f28da60e5e563d3f4d3cc0b9b425?s=96&r=g\",\"contentUrl\":\"https:\/\/secure.gravatar.com\/avatar\/e9f5f28da60e5e563d3f4d3cc0b9b425?s=96&r=g\",\"caption\":\"kposch\"},\"url\":\"https:\/\/www.skimo.at\/sportler\/author\/kposch\/\"}]}<\/script>\n<!-- \/ Yoast SEO plugin. -->","_links":{"self":[{"href":"https:\/\/www.skimo.at\/sportler\/wp-json\/wp\/v2\/posts\/2175"}],"collection":[{"href":"https:\/\/www.skimo.at\/sportler\/wp-json\/wp\/v2\/posts"}],"about":[{"href":"https:\/\/www.skimo.at\/sportler\/wp-json\/wp\/v2\/types\/post"}],"author":[{"embeddable":true,"href":"https:\/\/www.skimo.at\/sportler\/wp-json\/wp\/v2\/users\/3"}],"replies":[{"embeddable":true,"href":"https:\/\/www.skimo.at\/sportler\/wp-json\/wp\/v2\/comments?post=2175"}],"version-history":[{"count":6,"href":"https:\/\/www.skimo.at\/sportler\/wp-json\/wp\/v2\/posts\/2175\/revisions"}],"predecessor-version":[{"id":2192,"href":"https:\/\/www.skimo.at\/sportler\/wp-json\/wp\/v2\/posts\/2175\/revisions\/2192"}],"wp:featuredmedia":[{"embeddable":true,"href":"https:\/\/www.skimo.at\/sportler\/wp-json\/wp\/v2\/media\/2187"}],"wp:attachment":[{"href":"https:\/\/www.skimo.at\/sportler\/wp-json\/wp\/v2\/media?parent=2175"}],"wp:term":[{"taxonomy":"category","embeddable":true,"href":"https:\/\/www.skimo.at\/sportler\/wp-json\/wp\/v2\/categories?post=2175"},{"taxonomy":"post_tag","embeddable":true,"href":"https:\/\/www.skimo.at\/sportler\/wp-json\/wp\/v2\/tags?post=2175"}],"curies":[{"name":"wp","href":"https:\/\/api.w.org\/{rel}","templated":true}]}}