{"id":2152,"date":"2014-02-27T14:26:39","date_gmt":"2014-02-27T12:26:39","guid":{"rendered":"http:\/\/www.skimo.at\/sportler\/?p=2152"},"modified":"2021-01-05T18:46:49","modified_gmt":"2021-01-05T16:46:49","slug":"weltcup-diablerets-3d-sui-tag-1-die-anreise","status":"publish","type":"post","link":"https:\/\/www.skimo.at\/sportler\/2152\/weltcup-diablerets-3d-sui-tag-1-die-anreise\/","title":{"rendered":"Weltcup Diablerets 3D (SUI) Tag 1: die Anreise"},"content":{"rendered":"<p>Der n\u00e4chste Weltcup im Skibergsteigen findet heuer zum zweiten Mal auf Schweizer Boden statt. Das \u00d6sterreichische Nationalteam ist an diesem Wochenende in Les Diablerets (Kanton Waadt) zu Gast. Im Mittelalter galt das kleine schweizer Dorf und die umliegende Bergwelt als gef\u00e4hrlicher Ort, in dem der Teufel sein Unwesen trieb. Daher leitet sich auch der Ortsname Les Diablerets vom franz\u00f6sischen le diable, der Teufel, ab. An diesem Wochenende treibt aber nicht der Teufel sein Unwesen, sondern die Weltelite in Skibergsteigen wird mit ihren Leistungen aufhorchen lassen und sich nach dem Gro\u00dfereignis vor zwei Wochen, der Europameisterschaft in Andorra, erneut untereinander duellieren.<\/p>\n<p>Heute Donnerstag macht sich unsere Mannschaft auf den Weg in die Schweiz. Die Strecke der mehrst\u00fcndigen Anreise ist zwar schon gut bekannt (schlie\u00dflich fand zu Beginn der Saison in dem paar Kilometer Luftlinie entfernten Verbier der erste Weltcup 2014 statt), in der Bergwelt um die Ortschaft Les Diablerets hat der Weltcup aber Pr\u00e4miere, niemand der Mannschaft war bisher in diesem Gebiet auf Renneinsatz. Daher ist die morgige Streckenbesichtigung umso wichtiger f\u00fcr unsere Mannschaft, bevor es am Nachmittag zur feierlichen Er\u00f6ffnungszeremonie geht.<\/p>\n<p>Das Individual wird am Samstag, 1.3.2014 ausgetragen, das Vertical Race findet am Sonntag, 2.3.2014 statt. F\u00fcr das Individual Race haben sich die Organisatoren eine besondere Strecke einfallen lassen: 1.863 H\u00f6henmeter, verteilt auf rund 20 Kilometer mit insgesamt 5 Aufstiegen und Abfahrten, haben die Athleten dabei am ersten Renntag zu bew\u00e4ltigen. Start und Ziel sind im Ortszentrum von Les Diablerets angelegt. Die Teilnehmer starten mit einer Tragepassage durch die Stra\u00dfen der kleinen Ortschaft, bevor sie die Strecke weiter ins alpine Gel\u00e4nde f\u00fchrt. F\u00fcr alle Zuschauer ein einzigartiges Rennen, bei dem die vorbei laufenden Athleten mit Sicherheit besonders angefeuert werden, wir k\u00f6nnen uns auf abwechslungsreiche Fotos freuen!<\/p>\n<p>Nationalteamtrainer Alexander Lugger hat f\u00fcnf Athleten zu diesem Weltcup Wochenende einberufen. Martin Wei\u00dfkopf, Alex Fasser, Daniel Zugg und Philipp Brugger werden bei den Herren starten, Ina Forchthammer wird in der Juniorenklasse der Damen ihr Bestes geben. F\u00fcr Trainer Lugger ist an diesem Wochenende, bezogen auf Platzierungen, alles m\u00f6glich.<\/p>\n<blockquote><p>\u201eEinerseits wird es schwer werden, die guten Erfolge der Europameisterschaft zu wiederholen (Anm.: neun Top10 Platzierungen, zwei Bronzemedaillen und Rang F\u00fcnf in der Nationenwertung), andererseits tritt erfahrungsgem\u00e4\u00df nach Gro\u00dfereignissen oft auch ein Leistungseinbruch bei Spitzenathleten ein. Dies w\u00fcrde wiederum einen Sprung nach vorne m\u00f6glich machen.\u201c<\/p><\/blockquote>\n<p>Somit dr\u00fccken wir einmal ganz fest die Daumen, dass der Einbruch bei den anderen Nationen m\u00f6glichst gro\u00df ist, w\u00e4hrend unser Quintett dieser erspart bleibt! Ab Samstag werden wir mehr wissen\u2026<br \/>\nDie Athleten gehen auf jeden Fall bestens motiviert ins Rennen. F\u00fcr Martin Wei\u00dfkopf geht es um ein Vorr\u00fccken im Gesamtweltcup bei guten Platzierungen. Bei Alex Fasser spielt zwar der Gesamtweltcup keine Rolle, da er bei den ersten Rennen dieser Saison gesundheitsbedingt nicht am Start sein konnte, er m\u00f6chte aber unbedingt die Leistungen von der Europameisterschaft bei seinem ersten Weltcupeinsatz in dieser Saison wiederholen. F\u00fcr Daniel Zugg und Philipp Brugger sind ohne weiteres wieder TopTen Platzierungen in der Espoirklasse in beiden Bewerben in Reichweite.<br \/>\nSpannend wird es auch f\u00fcr Ina Forchthammer. Erst gestern feierte sie ihren 18. Geburtstag. Beschenkt sie sich selber mit einer guten Platzierung?<\/p>\n<p>Wir werden nat\u00fcrlich wie gewohnt laufend aus der Schweiz berichten.<\/p>\n<p><a href=\"http:\/\/www.diablerets3d.ch\/\" target=\"_blank\" rel=\"noopener\">Hier geht&#8217;s zur Webseite des Veranstalters<\/a><\/p>\n","protected":false},"excerpt":{"rendered":"<p>Der n\u00e4chste Weltcup im Skibergsteigen findet heuer zum zweiten Mal auf Schweizer Boden statt. Das \u00d6sterreichische Nationalteam ist an diesem Wochenende in Les Diablerets (Kanton Waadt) zu Gast. Im Mittelalter galt das kleine schweizer Dorf und die umliegende Bergwelt als gef\u00e4hrlicher Ort, in dem der Teufel sein Unwesen trieb. Daher leitet sich auch der Ortsname [&hellip;]<\/p>\n","protected":false},"author":4,"featured_media":2168,"comment_status":"closed","ping_status":"closed","sticky":false,"template":"","format":"standard","meta":[],"categories":[1,3],"tags":[],"yoast_head":"<!-- This site is optimized with the Yoast SEO plugin v16.3 - https:\/\/yoast.com\/wordpress\/plugins\/seo\/ -->\n<title>Weltcup Diablerets 3D (SUI) Tag 1: die Anreise - Sportler<\/title>\n<meta name=\"robots\" content=\"index, follow, max-snippet:-1, max-image-preview:large, max-video-preview:-1\" \/>\n<link rel=\"canonical\" href=\"https:\/\/www.skimo.at\/sportler\/2152\/weltcup-diablerets-3d-sui-tag-1-die-anreise\/\" \/>\n<meta property=\"og:locale\" content=\"de_DE\" \/>\n<meta property=\"og:type\" content=\"article\" \/>\n<meta property=\"og:title\" content=\"Weltcup Diablerets 3D (SUI) Tag 1: die Anreise - Sportler\" \/>\n<meta property=\"og:description\" content=\"Der n\u00e4chste Weltcup im Skibergsteigen findet heuer zum zweiten Mal auf Schweizer Boden statt. Das \u00d6sterreichische Nationalteam ist an diesem Wochenende in Les Diablerets (Kanton Waadt) zu Gast. Im Mittelalter galt das kleine schweizer Dorf und die umliegende Bergwelt als gef\u00e4hrlicher Ort, in dem der Teufel sein Unwesen trieb. Daher leitet sich auch der Ortsname [&hellip;]\" \/>\n<meta property=\"og:url\" content=\"https:\/\/www.skimo.at\/sportler\/2152\/weltcup-diablerets-3d-sui-tag-1-die-anreise\/\" \/>\n<meta property=\"og:site_name\" content=\"Sportler\" \/>\n<meta property=\"article:published_time\" content=\"2014-02-27T12:26:39+00:00\" \/>\n<meta property=\"article:modified_time\" content=\"2021-01-05T16:46:49+00:00\" \/>\n<meta property=\"og:image\" content=\"https:\/\/skimo.73.jarolim.eu\/sportler\/files\/2014\/02\/Vertical_Brugger-und-Lugger-1_Bild-Stephan-Mantler_LR1.jpg\" \/>\n\t<meta property=\"og:image:width\" content=\"2000\" \/>\n\t<meta property=\"og:image:height\" content=\"1331\" \/>\n<meta name=\"twitter:card\" content=\"summary\" \/>\n<meta name=\"twitter:label1\" content=\"Gesch\u00e4tzte Lesezeit\">\n\t<meta name=\"twitter:data1\" content=\"3\u00a0Minuten\">\n<script type=\"application\/ld+json\" class=\"yoast-schema-graph\">{\"@context\":\"https:\/\/schema.org\",\"@graph\":[{\"@type\":\"WebSite\",\"@id\":\"https:\/\/skimo.73.jarolim.eu\/sportler\/#website\",\"url\":\"https:\/\/skimo.73.jarolim.eu\/sportler\/\",\"name\":\"Sportler\",\"description\":\"\",\"potentialAction\":[{\"@type\":\"SearchAction\",\"target\":\"https:\/\/skimo.73.jarolim.eu\/sportler\/?s={search_term_string}\",\"query-input\":\"required name=search_term_string\"}],\"inLanguage\":\"de\"},{\"@type\":\"ImageObject\",\"@id\":\"https:\/\/www.skimo.at\/sportler\/2152\/weltcup-diablerets-3d-sui-tag-1-die-anreise\/#primaryimage\",\"inLanguage\":\"de\",\"url\":\"https:\/\/www.skimo.at\/sportler\/files\/2014\/02\/Vertical_Brugger-und-Lugger-1_Bild-Stephan-Mantler_LR1.jpg\",\"contentUrl\":\"https:\/\/www.skimo.at\/sportler\/files\/2014\/02\/Vertical_Brugger-und-Lugger-1_Bild-Stephan-Mantler_LR1.jpg\",\"width\":2000,\"height\":1331},{\"@type\":\"WebPage\",\"@id\":\"https:\/\/www.skimo.at\/sportler\/2152\/weltcup-diablerets-3d-sui-tag-1-die-anreise\/#webpage\",\"url\":\"https:\/\/www.skimo.at\/sportler\/2152\/weltcup-diablerets-3d-sui-tag-1-die-anreise\/\",\"name\":\"Weltcup Diablerets 3D (SUI) Tag 1: die Anreise - Sportler\",\"isPartOf\":{\"@id\":\"https:\/\/skimo.73.jarolim.eu\/sportler\/#website\"},\"primaryImageOfPage\":{\"@id\":\"https:\/\/www.skimo.at\/sportler\/2152\/weltcup-diablerets-3d-sui-tag-1-die-anreise\/#primaryimage\"},\"datePublished\":\"2014-02-27T12:26:39+00:00\",\"dateModified\":\"2021-01-05T16:46:49+00:00\",\"author\":{\"@id\":\"https:\/\/skimo.73.jarolim.eu\/sportler\/#\/schema\/person\/89e18f4c3d09b5434dbc2dc0cefbcd30\"},\"breadcrumb\":{\"@id\":\"https:\/\/www.skimo.at\/sportler\/2152\/weltcup-diablerets-3d-sui-tag-1-die-anreise\/#breadcrumb\"},\"inLanguage\":\"de\",\"potentialAction\":[{\"@type\":\"ReadAction\",\"target\":[\"https:\/\/www.skimo.at\/sportler\/2152\/weltcup-diablerets-3d-sui-tag-1-die-anreise\/\"]}]},{\"@type\":\"BreadcrumbList\",\"@id\":\"https:\/\/www.skimo.at\/sportler\/2152\/weltcup-diablerets-3d-sui-tag-1-die-anreise\/#breadcrumb\",\"itemListElement\":[{\"@type\":\"ListItem\",\"position\":1,\"item\":{\"@type\":\"WebPage\",\"@id\":\"https:\/\/skimo.73.jarolim.eu\/sportler\/\",\"url\":\"https:\/\/skimo.73.jarolim.eu\/sportler\/\",\"name\":\"Home\"}},{\"@type\":\"ListItem\",\"position\":2,\"item\":{\"@id\":\"https:\/\/www.skimo.at\/sportler\/2152\/weltcup-diablerets-3d-sui-tag-1-die-anreise\/#webpage\"}}]},{\"@type\":\"Person\",\"@id\":\"https:\/\/skimo.73.jarolim.eu\/sportler\/#\/schema\/person\/89e18f4c3d09b5434dbc2dc0cefbcd30\",\"name\":\"aspielbuechler\",\"image\":{\"@type\":\"ImageObject\",\"@id\":\"https:\/\/skimo.73.jarolim.eu\/sportler\/#personlogo\",\"inLanguage\":\"de\",\"url\":\"https:\/\/secure.gravatar.com\/avatar\/1220d25619b41a33e4710c8b968dc56e?s=96&r=g\",\"contentUrl\":\"https:\/\/secure.gravatar.com\/avatar\/1220d25619b41a33e4710c8b968dc56e?s=96&r=g\",\"caption\":\"aspielbuechler\"},\"url\":\"https:\/\/www.skimo.at\/sportler\/author\/aspielbuechler\/\"}]}<\/script>\n<!-- \/ Yoast SEO plugin. -->","_links":{"self":[{"href":"https:\/\/www.skimo.at\/sportler\/wp-json\/wp\/v2\/posts\/2152"}],"collection":[{"href":"https:\/\/www.skimo.at\/sportler\/wp-json\/wp\/v2\/posts"}],"about":[{"href":"https:\/\/www.skimo.at\/sportler\/wp-json\/wp\/v2\/types\/post"}],"author":[{"embeddable":true,"href":"https:\/\/www.skimo.at\/sportler\/wp-json\/wp\/v2\/users\/4"}],"replies":[{"embeddable":true,"href":"https:\/\/www.skimo.at\/sportler\/wp-json\/wp\/v2\/comments?post=2152"}],"version-history":[{"count":3,"href":"https:\/\/www.skimo.at\/sportler\/wp-json\/wp\/v2\/posts\/2152\/revisions"}],"predecessor-version":[{"id":15622,"href":"https:\/\/www.skimo.at\/sportler\/wp-json\/wp\/v2\/posts\/2152\/revisions\/15622"}],"wp:featuredmedia":[{"embeddable":true,"href":"https:\/\/www.skimo.at\/sportler\/wp-json\/wp\/v2\/media\/2168"}],"wp:attachment":[{"href":"https:\/\/www.skimo.at\/sportler\/wp-json\/wp\/v2\/media?parent=2152"}],"wp:term":[{"taxonomy":"category","embeddable":true,"href":"https:\/\/www.skimo.at\/sportler\/wp-json\/wp\/v2\/categories?post=2152"},{"taxonomy":"post_tag","embeddable":true,"href":"https:\/\/www.skimo.at\/sportler\/wp-json\/wp\/v2\/tags?post=2152"}],"curies":[{"name":"wp","href":"https:\/\/api.w.org\/{rel}","templated":true}]}}