{"id":2098,"date":"2014-02-16T21:19:22","date_gmt":"2014-02-16T19:19:22","guid":{"rendered":"http:\/\/www.skimo.at\/sportler\/?p=2098"},"modified":"2021-01-05T18:46:16","modified_gmt":"2021-01-05T16:46:16","slug":"europameisterschaft-andorra-tag-5-das-individual-race-bringt-noch-eine-medaille-fuer-oesterreich","status":"publish","type":"post","link":"https:\/\/www.skimo.at\/sportler\/2098\/europameisterschaft-andorra-tag-5-das-individual-race-bringt-noch-eine-medaille-fuer-oesterreich\/","title":{"rendered":"Update: off. Ergebnisliste! Europameisterschaft Andorra Tag 5: das Individual Race bringt noch eine Medaille f\u00fcr \u00d6sterreich!"},"content":{"rendered":"<p>Nochmals Bronze und 3 weitere Top10 Pl\u00e4tze f\u00fcr die \u00d6sterreichische Nationalmannschaft Skibergsteigen! Im heutigen Abschlussbewerb der Europameisterschaft der Skibergsteiger in Andorra galt es f\u00fcr alle 8 \u00d6sterreichischen Sportler in der Disziplin Individual (mehrere Anstiege und Abfahrten f\u00fcr jeden Einzelsportler) zu punkten. Schlechte Sicht und dichter Schneefall machten das ohnehin schon sehr technische Rennen zu einem Krimi. Die Herren hatten 1.920 H\u00f6henmeter zu bew\u00e4ltigen, die Damen und Jugendklassen 1.010 H\u00f6henmeter.<\/p>\n<p>Verena Streitberger konnte mit Gelassenheit ins Rennen gehen, nachdem sie bereits am Freitag im Vertical-Bewerb eine Bronzemedaille erringen konnte. Trotzdem lie\u00df sie nichts anbrennen und k\u00e4mpfte vor allem auf den Abfahrten mit Erfolg: am Ende reicht<span style=\"font-size: inherit\">e die Laufzeit von 1:38:00 Stunden f\u00fcr Platz 3 in der Klasse Cadet-Damen hinter Fanny Meynet (FRA, 1:26:05) und Giulia Murada (ITA). <\/span><\/p>\n<blockquote><p><span style=\"font-size: inherit\">Zum Rennen sagte Streitberger:\u00a0\u201eAm Anfang bin ich sehr gut weggekommen, habe dann aber bei den Wechseln und der Tragepassage Zeit verloren. Ich war dann lang auf dem 4. Platz, konnte aber in der Abfahrt noch die vor mir liegende Russin \u00fcberholen. Ein perfekter Lauf!\u201c<\/span><\/p><\/blockquote>\n<p>Die zweite junge Dame im Team, Ina Forchthammer konnte heute ebenfalls ein sehr gutes Rennen abliefern. Mit 1:32:56 belegte sie Platz 6, einmal mehr dominierte Alba de Silvestre (ITA, 1:24:06) die Altersklasse. Forchthammer steigerte zuletzt best\u00e4ndig ihre Leistung.<\/p>\n<blockquote><p>Zum heutigen Bewerb sagte sie:\u00a0\u201eEin super anstrengendes Rennen heute. Mit meiner Leistung bin ich zufrieden, die zeitabst\u00e4nde zur Spitze werden immer kleiner. Auch wenn ich mich heute \u00e4rgern muss: den 5. Platz habe ich in der letzten Abfahrt bei einem Sturz verschenkt, da konnte mich eine Spanierin noch \u00fcberholen.\u201c<\/p><\/blockquote>\n<p>Trotz sehr gutem Ergebnis ist auch Jakob Siedler \u00a0heute nicht zufrieden. Der 7. Platz mit 1:20:54 ist eine ausgesprochen solide Leistung, der Sieger Davide Magnini (ITA) ben\u00f6tigte f\u00fcr die Strecke 1:08:40 Stunden. Jedoch w\u00e4re mehr drin gewesen, wie Siedler nach dem Rennen entt\u00e4uscht sagt:<\/p>\n<blockquote><p>\u201eIch habe es heute taktisch angelegt und konnte mich ab der Rennmitte auf den 4. Platz eingliedern. Diesen Rang h\u00e4tte ich auch absichern k\u00f6nnen, aber dann habe ich im letzten Anstieg nacheinander beide Felle verloren. Der Zeitverlust war enorm, 3 meiner Konkurrenten musste ich ziehen lassen. Schade.\u201c<\/p><\/blockquote>\n<p>Sieger wurde Wiliam Bon Mardion (FRA) in vor Metteo Eydallin (ITA) und Manfred Reichegger (ITA).<br \/>\nIn der \u00e4ltesten Jugendklasse Espoir starteten wieder 2 \u00d6sterreicher. Philipp Brugger musste an guter Stelle liegend jedoch mit Magenschmerzen aufgeben.\u00a0Daniel Zugg k\u00e4mpfte sich aber in 2:09:36 Stunden auf Rang 7. und ins Ziel. Sieger in dem Bewerb wieder der deutsche \u00dcberflieger Toni Palzer in 1:56:34 Stunden. F\u00fcr Zugg war das Rennen ebenfalls alles andere als leicht, wie er im Ziel sagte:<\/p>\n<blockquote><p>\u201eMir war gleich nach dem Start unwohl, ich wollte aber unbedingt das Rennen beenden. Die Bedingungen waren f\u00fcrchterlich, durch den Schneefall fiel immer wieder die Spur zusammen und auf den Abfahrten wars kompletter Blindflug im schwierigen Gel\u00e4nde. Dann ist mir in der Tragepassage auch noch die Skibefestigung vom Rucksack begrissen\u2026zach wars. Ich bin aber total zufrieden, mein erster EM-Einsatz hat sich gelohnt!\u201c<\/p><\/blockquote>\n<p>In der Allgemeinen Klasse starteten heute drei \u00d6sterreicher. Martin Wei\u00dfkopf erwischte es heute am besten. Die kalten und alpinen Bedingungen lagen dem Osttiroler heute, und so konnte er mit 2:02:23 einen hervorragenden 13: Platz ins Ziel bringen. Der geringe R\u00fcckstand auf die Spitze \u2013 Sieger Wiliam Bon Mardion (FRA) brauchte f\u00fcr die Strecke 1:55:29 Minuten \u2013 spricht f\u00fcr sich selbst, Wei\u00dfkopf war ideal unterwegs.<\/p>\n<blockquote><p>Dem entsprechend zufrieden sagte er im Ziel:\u00a0\u201eViele Spitzkehren und kalte Bedingungen, so mag ich das! Super gelaufen ist es heute, ich bin am Ende immer schneller geworden. Nur am letzten Anstieg habe ich noch gezittert, weil ich gesp\u00fcrt habe, dass mir das Fell vom Ski geht\u2026.ist sich aber noch ausgegangen bis zum letzten Gipfel. Perfekt, ich bin total zufrieden.\u201c<\/p><\/blockquote>\n<p>Alexander Fasser erreichte mit einer Zeit von 2:03:22 Platz 17, sein 2. Top20 Ergebnis seit Freitag. Speziell die zweite Rennh\u00e4lfte absolvierte er in Rekordzeit, hatte er doch die Wut im Bauch:<\/p>\n<blockquote><p>\u00a0\u201eMir ist die Schlaufe vom Skistock gerissen, ich musste das Rennen mit einem Ersatzstock zu Ende gehen. Dazu kam die schlechte Sicht in den Abfahrten, keine Kontraste, alles wei\u00df. Insgesamt aber ein tolles Rennen, der Abstand zur Spitze wird kleiner.\u201c<\/p><\/blockquote>\n<p>F\u00fcr Daniel Rohringer lief es auch heute nicht optimal. Er erwischte nach Freitag heute abermals keinen guten Tag, wenngleich er mit der k\u00f6rperlichen Leistung allgemein durchaus zufrieden ist:<\/p>\n<blockquote><p>\u201eTrotz der schlechten Sicht war ich ganz gut unterwegs, aber am letzten Anstieg ist mir das Schmalz ausgegangen und ich konnte mich nur mehr irgendwie ins Ziel retten. Top30 ist sich damit leider knapp nicht ausgegangen, obwohl mir die schwierigen Bedingungen heute wirklich getaugt haben.\u201c<\/p><\/blockquote>\n<p>Die EM in Andorra geht damit zu Ende. Siegerehrungen mit \u00d6sterreichischen Athleten auf dem Stockerl, das ist in dieser Sportart eher ungew\u00f6hnlich. Denn trotz Bergen und Schnee fehlt in \u00d6sterreich nach wie vor die n\u00f6tige Basisunterst\u00fctzung durch Sportministerium und Bundes-Sportorganisation. Den jetzt so erfolgreichen jungen Nachwuchsathleten w\u00e4re zu w\u00fcnschen, dass sich die Situation rasch verbessert und sie ihr Potential in den kommenden Jahren aussch\u00f6pfen k\u00f6nnen.<\/p>\n","protected":false},"excerpt":{"rendered":"<p>Nochmals Bronze und 3 weitere Top10 Pl\u00e4tze f\u00fcr die \u00d6sterreichische Nationalmannschaft Skibergsteigen! Im heutigen Abschlussbewerb der Europameisterschaft der Skibergsteiger in Andorra galt es f\u00fcr alle 8 \u00d6sterreichischen Sportler in der Disziplin Individual (mehrere Anstiege und Abfahrten f\u00fcr jeden Einzelsportler) zu punkten. Schlechte Sicht und dichter Schneefall machten das ohnehin schon sehr technische Rennen zu einem [&hellip;]<\/p>\n","protected":false},"author":3,"featured_media":2128,"comment_status":"closed","ping_status":"closed","sticky":false,"template":"","format":"standard","meta":[],"categories":[1,9,3,7],"tags":[],"yoast_head":"<!-- This site is optimized with the Yoast SEO plugin v16.3 - https:\/\/yoast.com\/wordpress\/plugins\/seo\/ -->\n<title>Update: off. Ergebnisliste! Europameisterschaft Andorra Tag 5: das Individual Race bringt noch eine Medaille f\u00fcr \u00d6sterreich! - Sportler<\/title>\n<meta name=\"robots\" content=\"index, follow, max-snippet:-1, max-image-preview:large, max-video-preview:-1\" \/>\n<link rel=\"canonical\" href=\"https:\/\/www.skimo.at\/sportler\/2098\/europameisterschaft-andorra-tag-5-das-individual-race-bringt-noch-eine-medaille-fuer-oesterreich\/\" \/>\n<meta property=\"og:locale\" content=\"de_DE\" \/>\n<meta property=\"og:type\" content=\"article\" \/>\n<meta property=\"og:title\" content=\"Update: off. Ergebnisliste! Europameisterschaft Andorra Tag 5: das Individual Race bringt noch eine Medaille f\u00fcr \u00d6sterreich! - Sportler\" \/>\n<meta property=\"og:description\" content=\"Nochmals Bronze und 3 weitere Top10 Pl\u00e4tze f\u00fcr die \u00d6sterreichische Nationalmannschaft Skibergsteigen! Im heutigen Abschlussbewerb der Europameisterschaft der Skibergsteiger in Andorra galt es f\u00fcr alle 8 \u00d6sterreichischen Sportler in der Disziplin Individual (mehrere Anstiege und Abfahrten f\u00fcr jeden Einzelsportler) zu punkten. Schlechte Sicht und dichter Schneefall machten das ohnehin schon sehr technische Rennen zu einem [&hellip;]\" \/>\n<meta property=\"og:url\" content=\"https:\/\/www.skimo.at\/sportler\/2098\/europameisterschaft-andorra-tag-5-das-individual-race-bringt-noch-eine-medaille-fuer-oesterreich\/\" \/>\n<meta property=\"og:site_name\" content=\"Sportler\" \/>\n<meta property=\"article:published_time\" content=\"2014-02-16T19:19:22+00:00\" \/>\n<meta property=\"article:modified_time\" content=\"2021-01-05T16:46:16+00:00\" \/>\n<meta property=\"og:image\" content=\"https:\/\/skimo.73.jarolim.eu\/sportler\/files\/2014\/02\/Individual_Verena-Streitberger-6_Bild-Alex-Lugger_LR.jpg\" \/>\n\t<meta property=\"og:image:width\" content=\"2000\" \/>\n\t<meta property=\"og:image:height\" content=\"1333\" \/>\n<meta name=\"twitter:card\" content=\"summary\" \/>\n<meta name=\"twitter:label1\" content=\"Gesch\u00e4tzte Lesezeit\">\n\t<meta name=\"twitter:data1\" content=\"4\u00a0Minuten\">\n<script type=\"application\/ld+json\" class=\"yoast-schema-graph\">{\"@context\":\"https:\/\/schema.org\",\"@graph\":[{\"@type\":\"WebSite\",\"@id\":\"https:\/\/skimo.73.jarolim.eu\/sportler\/#website\",\"url\":\"https:\/\/skimo.73.jarolim.eu\/sportler\/\",\"name\":\"Sportler\",\"description\":\"\",\"potentialAction\":[{\"@type\":\"SearchAction\",\"target\":\"https:\/\/skimo.73.jarolim.eu\/sportler\/?s={search_term_string}\",\"query-input\":\"required name=search_term_string\"}],\"inLanguage\":\"de\"},{\"@type\":\"ImageObject\",\"@id\":\"https:\/\/www.skimo.at\/sportler\/2098\/europameisterschaft-andorra-tag-5-das-individual-race-bringt-noch-eine-medaille-fuer-oesterreich\/#primaryimage\",\"inLanguage\":\"de\",\"url\":\"https:\/\/www.skimo.at\/sportler\/files\/2014\/02\/Individual_Verena-Streitberger-6_Bild-Alex-Lugger_LR.jpg\",\"contentUrl\":\"https:\/\/www.skimo.at\/sportler\/files\/2014\/02\/Individual_Verena-Streitberger-6_Bild-Alex-Lugger_LR.jpg\",\"width\":2000,\"height\":1333},{\"@type\":\"WebPage\",\"@id\":\"https:\/\/www.skimo.at\/sportler\/2098\/europameisterschaft-andorra-tag-5-das-individual-race-bringt-noch-eine-medaille-fuer-oesterreich\/#webpage\",\"url\":\"https:\/\/www.skimo.at\/sportler\/2098\/europameisterschaft-andorra-tag-5-das-individual-race-bringt-noch-eine-medaille-fuer-oesterreich\/\",\"name\":\"Update: off. Ergebnisliste! Europameisterschaft Andorra Tag 5: das Individual Race bringt noch eine Medaille f\\u00fcr \\u00d6sterreich! - Sportler\",\"isPartOf\":{\"@id\":\"https:\/\/skimo.73.jarolim.eu\/sportler\/#website\"},\"primaryImageOfPage\":{\"@id\":\"https:\/\/www.skimo.at\/sportler\/2098\/europameisterschaft-andorra-tag-5-das-individual-race-bringt-noch-eine-medaille-fuer-oesterreich\/#primaryimage\"},\"datePublished\":\"2014-02-16T19:19:22+00:00\",\"dateModified\":\"2021-01-05T16:46:16+00:00\",\"author\":{\"@id\":\"https:\/\/skimo.73.jarolim.eu\/sportler\/#\/schema\/person\/796ecbce6796efca58bf848ca63ec12c\"},\"breadcrumb\":{\"@id\":\"https:\/\/www.skimo.at\/sportler\/2098\/europameisterschaft-andorra-tag-5-das-individual-race-bringt-noch-eine-medaille-fuer-oesterreich\/#breadcrumb\"},\"inLanguage\":\"de\",\"potentialAction\":[{\"@type\":\"ReadAction\",\"target\":[\"https:\/\/www.skimo.at\/sportler\/2098\/europameisterschaft-andorra-tag-5-das-individual-race-bringt-noch-eine-medaille-fuer-oesterreich\/\"]}]},{\"@type\":\"BreadcrumbList\",\"@id\":\"https:\/\/www.skimo.at\/sportler\/2098\/europameisterschaft-andorra-tag-5-das-individual-race-bringt-noch-eine-medaille-fuer-oesterreich\/#breadcrumb\",\"itemListElement\":[{\"@type\":\"ListItem\",\"position\":1,\"item\":{\"@type\":\"WebPage\",\"@id\":\"https:\/\/skimo.73.jarolim.eu\/sportler\/\",\"url\":\"https:\/\/skimo.73.jarolim.eu\/sportler\/\",\"name\":\"Home\"}},{\"@type\":\"ListItem\",\"position\":2,\"item\":{\"@id\":\"https:\/\/www.skimo.at\/sportler\/2098\/europameisterschaft-andorra-tag-5-das-individual-race-bringt-noch-eine-medaille-fuer-oesterreich\/#webpage\"}}]},{\"@type\":\"Person\",\"@id\":\"https:\/\/skimo.73.jarolim.eu\/sportler\/#\/schema\/person\/796ecbce6796efca58bf848ca63ec12c\",\"name\":\"kposch\",\"image\":{\"@type\":\"ImageObject\",\"@id\":\"https:\/\/skimo.73.jarolim.eu\/sportler\/#personlogo\",\"inLanguage\":\"de\",\"url\":\"https:\/\/secure.gravatar.com\/avatar\/e9f5f28da60e5e563d3f4d3cc0b9b425?s=96&r=g\",\"contentUrl\":\"https:\/\/secure.gravatar.com\/avatar\/e9f5f28da60e5e563d3f4d3cc0b9b425?s=96&r=g\",\"caption\":\"kposch\"},\"url\":\"https:\/\/www.skimo.at\/sportler\/author\/kposch\/\"}]}<\/script>\n<!-- \/ Yoast SEO plugin. -->","_links":{"self":[{"href":"https:\/\/www.skimo.at\/sportler\/wp-json\/wp\/v2\/posts\/2098"}],"collection":[{"href":"https:\/\/www.skimo.at\/sportler\/wp-json\/wp\/v2\/posts"}],"about":[{"href":"https:\/\/www.skimo.at\/sportler\/wp-json\/wp\/v2\/types\/post"}],"author":[{"embeddable":true,"href":"https:\/\/www.skimo.at\/sportler\/wp-json\/wp\/v2\/users\/3"}],"replies":[{"embeddable":true,"href":"https:\/\/www.skimo.at\/sportler\/wp-json\/wp\/v2\/comments?post=2098"}],"version-history":[{"count":6,"href":"https:\/\/www.skimo.at\/sportler\/wp-json\/wp\/v2\/posts\/2098\/revisions"}],"predecessor-version":[{"id":15620,"href":"https:\/\/www.skimo.at\/sportler\/wp-json\/wp\/v2\/posts\/2098\/revisions\/15620"}],"wp:featuredmedia":[{"embeddable":true,"href":"https:\/\/www.skimo.at\/sportler\/wp-json\/wp\/v2\/media\/2128"}],"wp:attachment":[{"href":"https:\/\/www.skimo.at\/sportler\/wp-json\/wp\/v2\/media?parent=2098"}],"wp:term":[{"taxonomy":"category","embeddable":true,"href":"https:\/\/www.skimo.at\/sportler\/wp-json\/wp\/v2\/categories?post=2098"},{"taxonomy":"post_tag","embeddable":true,"href":"https:\/\/www.skimo.at\/sportler\/wp-json\/wp\/v2\/tags?post=2098"}],"curies":[{"name":"wp","href":"https:\/\/api.w.org\/{rel}","templated":true}]}}