{"id":2091,"date":"2014-02-16T14:25:35","date_gmt":"2014-02-16T12:25:35","guid":{"rendered":"http:\/\/www.skimo.at\/sportler\/?p=2091"},"modified":"2014-02-16T14:25:35","modified_gmt":"2014-02-16T12:25:35","slug":"vorab-ergebnisse-des-individual-bewerbs-bei-der-em-in-andorra","status":"publish","type":"post","link":"https:\/\/www.skimo.at\/sportler\/2091\/vorab-ergebnisse-des-individual-bewerbs-bei-der-em-in-andorra\/","title":{"rendered":"Vorab-Ergebnisse des Individual-Bewerbs bei der EM in Andorra"},"content":{"rendered":"<p>Was f\u00fcr ein tolles Ergebnis f\u00fcr \u00d6sterreich bei der EM der Skibergsteiger! 2. Bronzemedaille durch Verena Streitberger heute im Individualbewerb, dazu ein 6. Platt durch Ina Forchthammer, zwei 7. Pl\u00e4tze durch Jakob Siedler und Daniel Zugg, ein 13. und 17. Platz in der allgemeinen Klasse durch Martin Weisskopf und Alex Fasser&#8230;.WOW!<\/p>\n<p>Bericht folgt nat\u00fcrlich wie gewohnt sehr bald, vorab d\u00fcrfen wir mal die (provisorischen) Ergebnisse online stellen<\/p>\n","protected":false},"excerpt":{"rendered":"<p>Was f\u00fcr ein tolles Ergebnis f\u00fcr \u00d6sterreich bei der EM der Skibergsteiger! 2. Bronzemedaille durch Verena Streitberger heute im Individualbewerb, dazu ein 6. Platt durch Ina Forchthammer, zwei 7. Pl\u00e4tze durch Jakob Siedler und Daniel Zugg, ein 13. und 17. Platz in der allgemeinen Klasse durch Martin Weisskopf und Alex Fasser&#8230;.WOW! Bericht folgt nat\u00fcrlich wie [&hellip;]<\/p>\n","protected":false},"author":3,"featured_media":0,"comment_status":"closed","ping_status":"closed","sticky":false,"template":"","format":"standard","meta":[],"categories":[1,11,3],"tags":[],"yoast_head":"<!-- This site is optimized with the Yoast SEO plugin v16.3 - https:\/\/yoast.com\/wordpress\/plugins\/seo\/ -->\n<title>Vorab-Ergebnisse des Individual-Bewerbs bei der EM in Andorra - Sportler<\/title>\n<meta name=\"robots\" content=\"index, follow, max-snippet:-1, max-image-preview:large, max-video-preview:-1\" \/>\n<link rel=\"canonical\" href=\"https:\/\/www.skimo.at\/sportler\/2091\/vorab-ergebnisse-des-individual-bewerbs-bei-der-em-in-andorra\/\" \/>\n<meta property=\"og:locale\" content=\"de_DE\" \/>\n<meta property=\"og:type\" content=\"article\" \/>\n<meta property=\"og:title\" content=\"Vorab-Ergebnisse des Individual-Bewerbs bei der EM in Andorra - Sportler\" \/>\n<meta property=\"og:description\" content=\"Was f\u00fcr ein tolles Ergebnis f\u00fcr \u00d6sterreich bei der EM der Skibergsteiger! 2. Bronzemedaille durch Verena Streitberger heute im Individualbewerb, dazu ein 6. Platt durch Ina Forchthammer, zwei 7. Pl\u00e4tze durch Jakob Siedler und Daniel Zugg, ein 13. und 17. Platz in der allgemeinen Klasse durch Martin Weisskopf und Alex Fasser&#8230;.WOW! Bericht folgt nat\u00fcrlich wie [&hellip;]\" \/>\n<meta property=\"og:url\" content=\"https:\/\/www.skimo.at\/sportler\/2091\/vorab-ergebnisse-des-individual-bewerbs-bei-der-em-in-andorra\/\" \/>\n<meta property=\"og:site_name\" content=\"Sportler\" \/>\n<meta property=\"article:published_time\" content=\"2014-02-16T12:25:35+00:00\" \/>\n<meta name=\"twitter:card\" content=\"summary\" \/>\n<script type=\"application\/ld+json\" class=\"yoast-schema-graph\">{\"@context\":\"https:\/\/schema.org\",\"@graph\":[{\"@type\":\"WebSite\",\"@id\":\"https:\/\/skimo.73.jarolim.eu\/sportler\/#website\",\"url\":\"https:\/\/skimo.73.jarolim.eu\/sportler\/\",\"name\":\"Sportler\",\"description\":\"\",\"potentialAction\":[{\"@type\":\"SearchAction\",\"target\":\"https:\/\/skimo.73.jarolim.eu\/sportler\/?s={search_term_string}\",\"query-input\":\"required name=search_term_string\"}],\"inLanguage\":\"de\"},{\"@type\":\"WebPage\",\"@id\":\"https:\/\/www.skimo.at\/sportler\/2091\/vorab-ergebnisse-des-individual-bewerbs-bei-der-em-in-andorra\/#webpage\",\"url\":\"https:\/\/www.skimo.at\/sportler\/2091\/vorab-ergebnisse-des-individual-bewerbs-bei-der-em-in-andorra\/\",\"name\":\"Vorab-Ergebnisse des Individual-Bewerbs bei der EM in Andorra - Sportler\",\"isPartOf\":{\"@id\":\"https:\/\/skimo.73.jarolim.eu\/sportler\/#website\"},\"datePublished\":\"2014-02-16T12:25:35+00:00\",\"dateModified\":\"2014-02-16T12:25:35+00:00\",\"author\":{\"@id\":\"https:\/\/skimo.73.jarolim.eu\/sportler\/#\/schema\/person\/796ecbce6796efca58bf848ca63ec12c\"},\"breadcrumb\":{\"@id\":\"https:\/\/www.skimo.at\/sportler\/2091\/vorab-ergebnisse-des-individual-bewerbs-bei-der-em-in-andorra\/#breadcrumb\"},\"inLanguage\":\"de\",\"potentialAction\":[{\"@type\":\"ReadAction\",\"target\":[\"https:\/\/www.skimo.at\/sportler\/2091\/vorab-ergebnisse-des-individual-bewerbs-bei-der-em-in-andorra\/\"]}]},{\"@type\":\"BreadcrumbList\",\"@id\":\"https:\/\/www.skimo.at\/sportler\/2091\/vorab-ergebnisse-des-individual-bewerbs-bei-der-em-in-andorra\/#breadcrumb\",\"itemListElement\":[{\"@type\":\"ListItem\",\"position\":1,\"item\":{\"@type\":\"WebPage\",\"@id\":\"https:\/\/skimo.73.jarolim.eu\/sportler\/\",\"url\":\"https:\/\/skimo.73.jarolim.eu\/sportler\/\",\"name\":\"Home\"}},{\"@type\":\"ListItem\",\"position\":2,\"item\":{\"@id\":\"https:\/\/www.skimo.at\/sportler\/2091\/vorab-ergebnisse-des-individual-bewerbs-bei-der-em-in-andorra\/#webpage\"}}]},{\"@type\":\"Person\",\"@id\":\"https:\/\/skimo.73.jarolim.eu\/sportler\/#\/schema\/person\/796ecbce6796efca58bf848ca63ec12c\",\"name\":\"kposch\",\"image\":{\"@type\":\"ImageObject\",\"@id\":\"https:\/\/skimo.73.jarolim.eu\/sportler\/#personlogo\",\"inLanguage\":\"de\",\"url\":\"https:\/\/secure.gravatar.com\/avatar\/e9f5f28da60e5e563d3f4d3cc0b9b425?s=96&r=g\",\"contentUrl\":\"https:\/\/secure.gravatar.com\/avatar\/e9f5f28da60e5e563d3f4d3cc0b9b425?s=96&r=g\",\"caption\":\"kposch\"},\"url\":\"https:\/\/www.skimo.at\/sportler\/author\/kposch\/\"}]}<\/script>\n<!-- \/ Yoast SEO plugin. -->","_links":{"self":[{"href":"https:\/\/www.skimo.at\/sportler\/wp-json\/wp\/v2\/posts\/2091"}],"collection":[{"href":"https:\/\/www.skimo.at\/sportler\/wp-json\/wp\/v2\/posts"}],"about":[{"href":"https:\/\/www.skimo.at\/sportler\/wp-json\/wp\/v2\/types\/post"}],"author":[{"embeddable":true,"href":"https:\/\/www.skimo.at\/sportler\/wp-json\/wp\/v2\/users\/3"}],"replies":[{"embeddable":true,"href":"https:\/\/www.skimo.at\/sportler\/wp-json\/wp\/v2\/comments?post=2091"}],"version-history":[{"count":1,"href":"https:\/\/www.skimo.at\/sportler\/wp-json\/wp\/v2\/posts\/2091\/revisions"}],"predecessor-version":[{"id":2097,"href":"https:\/\/www.skimo.at\/sportler\/wp-json\/wp\/v2\/posts\/2091\/revisions\/2097"}],"wp:attachment":[{"href":"https:\/\/www.skimo.at\/sportler\/wp-json\/wp\/v2\/media?parent=2091"}],"wp:term":[{"taxonomy":"category","embeddable":true,"href":"https:\/\/www.skimo.at\/sportler\/wp-json\/wp\/v2\/categories?post=2091"},{"taxonomy":"post_tag","embeddable":true,"href":"https:\/\/www.skimo.at\/sportler\/wp-json\/wp\/v2\/tags?post=2091"}],"curies":[{"name":"wp","href":"https:\/\/api.w.org\/{rel}","templated":true}]}}