{"id":2066,"date":"2014-02-15T23:02:20","date_gmt":"2014-02-15T21:02:20","guid":{"rendered":"http:\/\/www.skimo.at\/sportler\/?p=2066"},"modified":"2014-02-16T09:27:43","modified_gmt":"2014-02-16T07:27:43","slug":"europameisterschaft-andorra-tag-4-vorbereitung-auf-den-naechsten-grossen-bewerb","status":"publish","type":"post","link":"https:\/\/www.skimo.at\/sportler\/2066\/europameisterschaft-andorra-tag-4-vorbereitung-auf-den-naechsten-grossen-bewerb\/","title":{"rendered":"Europameisterschaft Andorra Tag 4: Vorbereitung auf den n\u00e4chsten gro\u00dfen Bewerb"},"content":{"rendered":"<p>Heute stand in Andorra wettkampffreier Tag am Programm. Die Athleten nutzten die Pause, um sich noch einen Teil der Individualstrecke anzuschauen, damit morgen im Rennen ordentlich Gas gegeben werden kann. Wenngleich es oben am Berg auf rund 2.500 m, wo das Rennen morgen stattfinden wird, sehr windig und ungem\u00fctlich war, so fanden die Athleten auf der Strecke selber perfekte Bedingungen vor. Sowohl die Abfahrten, als auch die Aufstiege waren Skibergsteigen par excellence! Die Abfahrtsfotos der Jungathleten zeigen es ganz deutlich \ud83d\ude42<\/p>\n<p>Anschlie\u00dfend stand noch ein kurzer Shoppingtrip in der Hauptstadt Andorra la Vella am Programm. Ein bisschen etwas muss man ja auch nach Hause mitbringen.<\/p>\n<p>Morgen geht aber wieder der Ernst des Sportler-Lebens an, das Individual Race, die \u201eK\u00f6nigsdisziplin\u201c im Skibergsteigen wird von den Athleten des \u00f6sterreichischen Nationalteams wieder alles fordern. Die Jungen unseres Teams haben auf der kurzen Strecke 1.010 H\u00f6henmeter im Aufstieg sowie 1.050 H\u00f6henmeter in der Abfahrt zu \u00fcberwinden, die Senior und Espoir auf der langen Distanz 1.920 H\u00f6henmeter im Aufstieg und 1.820 H\u00f6henmeter in der Abfahrt. Es wird somit ein sehr langes Rennen mit schwierigen technischen Passagen. Je nach Wetter- und Schneelage morgen (derzeit regnet es bzw. schneit es am Berg), k\u00f6nnten eventuell noch kurzfristig zus\u00e4tzlich Steigeisen Pflicht werden. Um 9.30 Uhr hei\u00dft es Daumen halten f\u00fcr unsere Mannschaft, dann starten die Herren Senior und Espoir ins Rennen, bevor es ab 11.00 Uhr f\u00fcr die Nachwuchsathleten spannend wird.<\/p>\n<p>Wir werden berichten, sobald es erste Infos vom Rennen gibt.<\/p>\n<p>&nbsp;<\/p>\n","protected":false},"excerpt":{"rendered":"<p>Heute stand in Andorra wettkampffreier Tag am Programm. Die Athleten nutzten die Pause, um sich noch einen Teil der Individualstrecke anzuschauen, damit morgen im Rennen ordentlich Gas gegeben werden kann. Wenngleich es oben am Berg auf rund 2.500 m, wo das Rennen morgen stattfinden wird, sehr windig und ungem\u00fctlich war, so fanden die Athleten auf [&hellip;]<\/p>\n","protected":false},"author":4,"featured_media":2090,"comment_status":"closed","ping_status":"closed","sticky":false,"template":"","format":"standard","meta":[],"categories":[1,3],"tags":[],"yoast_head":"<!-- This site is optimized with the Yoast SEO plugin v16.3 - https:\/\/yoast.com\/wordpress\/plugins\/seo\/ -->\n<title>Europameisterschaft Andorra Tag 4: Vorbereitung auf den n\u00e4chsten gro\u00dfen Bewerb - Sportler<\/title>\n<meta name=\"robots\" content=\"index, follow, max-snippet:-1, max-image-preview:large, max-video-preview:-1\" \/>\n<link rel=\"canonical\" href=\"https:\/\/www.skimo.at\/sportler\/2066\/europameisterschaft-andorra-tag-4-vorbereitung-auf-den-naechsten-grossen-bewerb\/\" \/>\n<meta property=\"og:locale\" content=\"de_DE\" \/>\n<meta property=\"og:type\" content=\"article\" \/>\n<meta property=\"og:title\" content=\"Europameisterschaft Andorra Tag 4: Vorbereitung auf den n\u00e4chsten gro\u00dfen Bewerb - Sportler\" \/>\n<meta property=\"og:description\" content=\"Heute stand in Andorra wettkampffreier Tag am Programm. Die Athleten nutzten die Pause, um sich noch einen Teil der Individualstrecke anzuschauen, damit morgen im Rennen ordentlich Gas gegeben werden kann. Wenngleich es oben am Berg auf rund 2.500 m, wo das Rennen morgen stattfinden wird, sehr windig und ungem\u00fctlich war, so fanden die Athleten auf [&hellip;]\" \/>\n<meta property=\"og:url\" content=\"https:\/\/www.skimo.at\/sportler\/2066\/europameisterschaft-andorra-tag-4-vorbereitung-auf-den-naechsten-grossen-bewerb\/\" \/>\n<meta property=\"og:site_name\" content=\"Sportler\" \/>\n<meta property=\"article:published_time\" content=\"2014-02-15T21:02:20+00:00\" \/>\n<meta property=\"article:modified_time\" content=\"2014-02-16T07:27:43+00:00\" \/>\n<meta property=\"og:image\" content=\"https:\/\/skimo.73.jarolim.eu\/sportler\/files\/2014\/02\/Foto-31.jpg\" \/>\n\t<meta property=\"og:image:width\" content=\"1200\" \/>\n\t<meta property=\"og:image:height\" content=\"849\" \/>\n<meta name=\"twitter:card\" content=\"summary\" \/>\n<meta name=\"twitter:label1\" content=\"Gesch\u00e4tzte Lesezeit\">\n\t<meta name=\"twitter:data1\" content=\"1\u00a0Minute\">\n<script type=\"application\/ld+json\" class=\"yoast-schema-graph\">{\"@context\":\"https:\/\/schema.org\",\"@graph\":[{\"@type\":\"WebSite\",\"@id\":\"https:\/\/skimo.73.jarolim.eu\/sportler\/#website\",\"url\":\"https:\/\/skimo.73.jarolim.eu\/sportler\/\",\"name\":\"Sportler\",\"description\":\"\",\"potentialAction\":[{\"@type\":\"SearchAction\",\"target\":\"https:\/\/skimo.73.jarolim.eu\/sportler\/?s={search_term_string}\",\"query-input\":\"required name=search_term_string\"}],\"inLanguage\":\"de\"},{\"@type\":\"ImageObject\",\"@id\":\"https:\/\/www.skimo.at\/sportler\/2066\/europameisterschaft-andorra-tag-4-vorbereitung-auf-den-naechsten-grossen-bewerb\/#primaryimage\",\"inLanguage\":\"de\",\"url\":\"https:\/\/www.skimo.at\/sportler\/files\/2014\/02\/Foto-31.jpg\",\"contentUrl\":\"https:\/\/www.skimo.at\/sportler\/files\/2014\/02\/Foto-31.jpg\",\"width\":1200,\"height\":849},{\"@type\":\"WebPage\",\"@id\":\"https:\/\/www.skimo.at\/sportler\/2066\/europameisterschaft-andorra-tag-4-vorbereitung-auf-den-naechsten-grossen-bewerb\/#webpage\",\"url\":\"https:\/\/www.skimo.at\/sportler\/2066\/europameisterschaft-andorra-tag-4-vorbereitung-auf-den-naechsten-grossen-bewerb\/\",\"name\":\"Europameisterschaft Andorra Tag 4: Vorbereitung auf den n\\u00e4chsten gro\\u00dfen Bewerb - Sportler\",\"isPartOf\":{\"@id\":\"https:\/\/skimo.73.jarolim.eu\/sportler\/#website\"},\"primaryImageOfPage\":{\"@id\":\"https:\/\/www.skimo.at\/sportler\/2066\/europameisterschaft-andorra-tag-4-vorbereitung-auf-den-naechsten-grossen-bewerb\/#primaryimage\"},\"datePublished\":\"2014-02-15T21:02:20+00:00\",\"dateModified\":\"2014-02-16T07:27:43+00:00\",\"author\":{\"@id\":\"https:\/\/skimo.73.jarolim.eu\/sportler\/#\/schema\/person\/89e18f4c3d09b5434dbc2dc0cefbcd30\"},\"breadcrumb\":{\"@id\":\"https:\/\/www.skimo.at\/sportler\/2066\/europameisterschaft-andorra-tag-4-vorbereitung-auf-den-naechsten-grossen-bewerb\/#breadcrumb\"},\"inLanguage\":\"de\",\"potentialAction\":[{\"@type\":\"ReadAction\",\"target\":[\"https:\/\/www.skimo.at\/sportler\/2066\/europameisterschaft-andorra-tag-4-vorbereitung-auf-den-naechsten-grossen-bewerb\/\"]}]},{\"@type\":\"BreadcrumbList\",\"@id\":\"https:\/\/www.skimo.at\/sportler\/2066\/europameisterschaft-andorra-tag-4-vorbereitung-auf-den-naechsten-grossen-bewerb\/#breadcrumb\",\"itemListElement\":[{\"@type\":\"ListItem\",\"position\":1,\"item\":{\"@type\":\"WebPage\",\"@id\":\"https:\/\/skimo.73.jarolim.eu\/sportler\/\",\"url\":\"https:\/\/skimo.73.jarolim.eu\/sportler\/\",\"name\":\"Home\"}},{\"@type\":\"ListItem\",\"position\":2,\"item\":{\"@id\":\"https:\/\/www.skimo.at\/sportler\/2066\/europameisterschaft-andorra-tag-4-vorbereitung-auf-den-naechsten-grossen-bewerb\/#webpage\"}}]},{\"@type\":\"Person\",\"@id\":\"https:\/\/skimo.73.jarolim.eu\/sportler\/#\/schema\/person\/89e18f4c3d09b5434dbc2dc0cefbcd30\",\"name\":\"aspielbuechler\",\"image\":{\"@type\":\"ImageObject\",\"@id\":\"https:\/\/skimo.73.jarolim.eu\/sportler\/#personlogo\",\"inLanguage\":\"de\",\"url\":\"https:\/\/secure.gravatar.com\/avatar\/1220d25619b41a33e4710c8b968dc56e?s=96&r=g\",\"contentUrl\":\"https:\/\/secure.gravatar.com\/avatar\/1220d25619b41a33e4710c8b968dc56e?s=96&r=g\",\"caption\":\"aspielbuechler\"},\"url\":\"https:\/\/www.skimo.at\/sportler\/author\/aspielbuechler\/\"}]}<\/script>\n<!-- \/ Yoast SEO plugin. -->","_links":{"self":[{"href":"https:\/\/www.skimo.at\/sportler\/wp-json\/wp\/v2\/posts\/2066"}],"collection":[{"href":"https:\/\/www.skimo.at\/sportler\/wp-json\/wp\/v2\/posts"}],"about":[{"href":"https:\/\/www.skimo.at\/sportler\/wp-json\/wp\/v2\/types\/post"}],"author":[{"embeddable":true,"href":"https:\/\/www.skimo.at\/sportler\/wp-json\/wp\/v2\/users\/4"}],"replies":[{"embeddable":true,"href":"https:\/\/www.skimo.at\/sportler\/wp-json\/wp\/v2\/comments?post=2066"}],"version-history":[{"count":2,"href":"https:\/\/www.skimo.at\/sportler\/wp-json\/wp\/v2\/posts\/2066\/revisions"}],"predecessor-version":[{"id":2085,"href":"https:\/\/www.skimo.at\/sportler\/wp-json\/wp\/v2\/posts\/2066\/revisions\/2085"}],"wp:featuredmedia":[{"embeddable":true,"href":"https:\/\/www.skimo.at\/sportler\/wp-json\/wp\/v2\/media\/2090"}],"wp:attachment":[{"href":"https:\/\/www.skimo.at\/sportler\/wp-json\/wp\/v2\/media?parent=2066"}],"wp:term":[{"taxonomy":"category","embeddable":true,"href":"https:\/\/www.skimo.at\/sportler\/wp-json\/wp\/v2\/categories?post=2066"},{"taxonomy":"post_tag","embeddable":true,"href":"https:\/\/www.skimo.at\/sportler\/wp-json\/wp\/v2\/tags?post=2066"}],"curies":[{"name":"wp","href":"https:\/\/api.w.org\/{rel}","templated":true}]}}