{"id":1994,"date":"2014-02-14T17:08:35","date_gmt":"2014-02-14T15:08:35","guid":{"rendered":"http:\/\/www.skimo.at\/sportler\/?p=1994"},"modified":"2021-01-05T18:43:10","modified_gmt":"2021-01-05T16:43:10","slug":"europameisterschaft-andorra-tag-3-das-vertical-race-und-eine-medaille-fuer-oesterreich","status":"publish","type":"post","link":"https:\/\/www.skimo.at\/sportler\/1994\/europameisterschaft-andorra-tag-3-das-vertical-race-und-eine-medaille-fuer-oesterreich\/","title":{"rendered":"Update mit Bildern! Europameisterschaft Andorra Tag 3: das Vertical Race und eine Medaille f\u00fcr \u00d6sterreich!"},"content":{"rendered":"<p>Der erste Tag h\u00e4tte f\u00fcr die \u00d6sterreicher nicht erfolgreicher sein k\u00f6nnen! Eine Medaille f\u00fcr unser Team! Verena Streitberger ist in ihrem ersten internationalen Rennen auf Rang drei gelaufen! Die erste Medaille nah einer zweij\u00e4hrigen Durststrecke in einem Gro\u00dfevent f\u00fcr \u00d6sterreich. 2012 gewann Ina Forchthammer zweimal Edelmetall (Gold und Bronze), auch in Andorra bei der EM. Scheint ein guter Ort f\u00fcr unsere Athleten zu sein. Aber generell war der Tag heute f\u00fcr unsere Mannschaft nahezu fast perfekt.<\/p>\n<p>Der Start verlief f\u00fcr alle Klassen gestaffelt, Cadet und Junior Weiblich mussten die kurze Strecke mit 465 Hm bew\u00e4ltigen, die Herren Senior die lange Strecke mit 730 Hm. Als erste ging die Salzburgerin Verena Streitberger (Cadet) ins Rennen. Verena k\u00e4mpfte sich relativ bald nach vorne und blieb hartn\u00e4ckig auf ihrer Position. Sie konnte ihren dritten Rang das ganze Rennen hindurch relativ sicher behalten. Die Siegerin, die Russin Ekaterina Osichkina &#8211; eine Biathletin, zog bereits zu Beginn vorne weg, Verena kam mit 1 min und 38 sec R\u00fcckstand und einer hervorragenden Zeit von 25:45,75 nach einer Franz\u00f6sin ins Ziel, aber mit einem ganz deutlichen Vorsprung auf ihre italienische Verfolgerin.<em>\u00a0<\/em><\/p>\n<blockquote><p>\u201eIch bin so froh \u00fcber das gute Ergebnis! Ich war am Anschlag, konnte mich aber trotzdem von Anfang an gut nach hinten absichern. Allerdings hat nach vorne auch keine Chance mehr rausgeschaut. So ist es ein optimales Ergebnis!\u201c<\/p><\/blockquote>\n<p>Ebenfalls eine erfolgreiche EM Premiere legt der junge Tiroler Jakob Siedler hin. Er startete in einer gro\u00dfen Gruppe bestehend aus 16 Konkurrenten, alle um einiges \u00e4lter als Jakob, mit seinen 14 Jahren und zum ersten Mal bei einer EM dabei. Er lag zu Beginn noch um Rang neun, konnte sich aber im Lauf des Rennens auf Platz f\u00fcnf nach vorne k\u00e4mpfen. Mit einer Laufzeit von 21:13,72 und einem R\u00fcckstand von nur 1 min 57 sec auf den Sieger Davide Magnini (ITA).<\/p>\n<blockquote><p>\u201eAuf den ersten 100 H\u00f6henmetern bin ich etwas nach hinten geraten. Hab mich aber dann gefangen und konnte Platz um Platz gut machen. Der 5. Platz taugt mir total, das ist ja erst mein zweiter internationaler Einsatz! Aber es war hart! So ein zaches Rennen hatte ich echt noch nie.\u201c<\/p><\/blockquote>\n<p>Gut schlug sich auch Ina Forchthammer, heuer erstmals in der Juniorenklasse dabei. Nach einer Durststrecke mit gesundheitlichen Beschwerden kam die Salzburgerin heute erfolgreich nach vorne zur\u00fcck und beendete das Rennen mit einem sechsten Rang. Knapp vor dem Ziel musste sie sich mit der Spanierin Laura Balet noch ordentlich matchen, Ina gewann den Zielsprint um eine Sekunde.<em>\u00a0<\/em><\/p>\n<blockquote><p>\u201eBis zum Ende war es ein enger Kampf und nur mit einem Sprint konnte ich meinen 6. Platz verteidigen. Ich bin echt stolz!\u201c Ina holte 2012 in Andorra damals Gold und Bronze f\u00fcr \u00d6sterreich. Der Kleinstaat in den Pyren\u00e4en scheint ihr zu taugen.<\/p><\/blockquote>\n<p>Die Herren starteten unten im Tal. 45 der besten Athleten waren im Rennen, welches mit Robert Antonioli (Siegerzeit 27:14,09), Manfred Reichegger und Damiano Lenzi drei Italiener f\u00fcr sich entschieden. Und unsere Burschen voll vorne mit dabei! Alex Fasser gab heute ordentlich Gas, er duellierte sich lange mit dem Schweizer Yannick Ecoeur, blieb ihm auf der Ferse solange es ging und kam schlie\u00dflich als gesamt 13. ins Ziel mit dem geringen R\u00fcckstand von 1 min 33 sec.<\/p>\n<blockquote><p><em> \u201eBesser h\u00e4tte es nicht laufen k\u00f6nnen. Ich habe versucht, taktisch geschickt ins Rennen zu gehen und mich nicht zu verbrennen. Das ist perfekt gelungen, ein Top15 Platz bei der EM sagt alles\u2026.ich bin total zufrieden\u201c<\/em>, so der Tiroler Alex Fasser im Ziel.<\/p><\/blockquote>\n<p>Freud und Leid lagen aber bei den Herren Senior ganz eng zusammen: So zufrieden Alex Fasser mit seinem Ergebnis ist, so schlecht erwischten es heute Martin Wei\u00dfkopf und Daniel Rohringer.<\/p>\n<blockquote><p>Martin Wei\u00dfkopfs Res\u00fcmee nach dem heutigen Lauf: \u201eBei mir ist es heute nicht gut gelaufen, ich musste nach dem erste Drittel total abstellen und wollte einfach nur mehr finishen.\u201c<\/p><\/blockquote>\n<p>Der Tiroler ging das Rennen ohne Druck auf Platz 36 zu Ende. Ebenso erging es dem Ober\u00f6sterreicher Daniel Rohringer. Auch bei ihm ging heute gar nichts, schon Minuten nach dem Start war klar, dass es heute nichts werden w\u00fcrde. Auch er stellte ab und beendete das Rennen als Trainingslauf auf Platz 44.<\/p>\n<p>In der Espoirklasse liefen der Vorarlberger Daniel Zugg und der Tiroler Philipp Brugger eines der besten Ergebnisse seit langem. Die beiden war sich selber aber die wohl h\u00e4rtesten Konkurrenten und lieferten sich ein gnadenloses Duell, welches ganz knapp Daniel f\u00fcr sich entschied und 2 sec vor Philipp ins Ziel kam.<\/p>\n<blockquote><p>\u201eBeim Start konnte ich mich gleich aus der 3. Startreihe nach vorne k\u00e4mpfen und gleich vorne mitlaufen. Ich h\u00e4ngte mich bei Seppi Rotrmoser an und ging eigentlich das ganze Rennen sein Tempo. Zum Schluss musste ich noch einen kleinen Sprint einlegen um den 5. Platz nicht an Philipp zu verlieren. Das Ergebnis ist eine richtige Freude, ich bin total happy!\u201c\u00a0Und Philipp Brugger meinte: \u201eIch bin wirklich am Limit gegangen, wollte den Dani noch abfangen, konnte ihn aber nicht mehr biegen. Trotzdem, ein wahnsinns-Ergebnis, Gratulation an Zugg!\u201c Sieger der Espoirklasse war einmal mehr Anton Palzer (GER) mit der fabelhaften Zeit von 27:43,31.<\/p><\/blockquote>\n<p>Jetzt hei\u00dft es f\u00fcr unsere Athleten einmal regenerieren, bevor es am Abend zur Siegerehrung geht. Wir freuen uns auf die Bilder vom heutigen Siegerpodest mit rot-wei\u00df-roter Beteiligung!<\/p>\n<p>Morgen ist ein Tag Pause f\u00fcr die Elite, es steht ein offenes Teamrennen am Programm. Erst am Sonntag sind unsere Athleten wieder an der Reihe: beim Individual Race hei\u00dft es dann noch einmal ordentlich Gas geben. Vielleicht sind ja noch mal so super Ergebnisse drinnen? Wir werden berichten.<\/p>\n","protected":false},"excerpt":{"rendered":"<p>Der erste Tag h\u00e4tte f\u00fcr die \u00d6sterreicher nicht erfolgreicher sein k\u00f6nnen! Eine Medaille f\u00fcr unser Team! Verena Streitberger ist in ihrem ersten internationalen Rennen auf Rang drei gelaufen! Die erste Medaille nah einer zweij\u00e4hrigen Durststrecke in einem Gro\u00dfevent f\u00fcr \u00d6sterreich. 2012 gewann Ina Forchthammer zweimal Edelmetall (Gold und Bronze), auch in Andorra bei der EM. [&hellip;]<\/p>\n","protected":false},"author":4,"featured_media":2027,"comment_status":"closed","ping_status":"closed","sticky":false,"template":"","format":"standard","meta":[],"categories":[1,9,3,7],"tags":[],"yoast_head":"<!-- This site is optimized with the Yoast SEO plugin v16.3 - https:\/\/yoast.com\/wordpress\/plugins\/seo\/ -->\n<title>Update mit Bildern! Europameisterschaft Andorra Tag 3: das Vertical Race und eine Medaille f\u00fcr \u00d6sterreich! - Sportler<\/title>\n<meta name=\"robots\" content=\"index, follow, max-snippet:-1, max-image-preview:large, max-video-preview:-1\" \/>\n<link rel=\"canonical\" href=\"https:\/\/www.skimo.at\/sportler\/1994\/europameisterschaft-andorra-tag-3-das-vertical-race-und-eine-medaille-fuer-oesterreich\/\" \/>\n<meta property=\"og:locale\" content=\"de_DE\" \/>\n<meta property=\"og:type\" content=\"article\" \/>\n<meta property=\"og:title\" content=\"Update mit Bildern! Europameisterschaft Andorra Tag 3: das Vertical Race und eine Medaille f\u00fcr \u00d6sterreich! - Sportler\" \/>\n<meta property=\"og:description\" content=\"Der erste Tag h\u00e4tte f\u00fcr die \u00d6sterreicher nicht erfolgreicher sein k\u00f6nnen! Eine Medaille f\u00fcr unser Team! Verena Streitberger ist in ihrem ersten internationalen Rennen auf Rang drei gelaufen! Die erste Medaille nah einer zweij\u00e4hrigen Durststrecke in einem Gro\u00dfevent f\u00fcr \u00d6sterreich. 2012 gewann Ina Forchthammer zweimal Edelmetall (Gold und Bronze), auch in Andorra bei der EM. [&hellip;]\" \/>\n<meta property=\"og:url\" content=\"https:\/\/www.skimo.at\/sportler\/1994\/europameisterschaft-andorra-tag-3-das-vertical-race-und-eine-medaille-fuer-oesterreich\/\" \/>\n<meta property=\"og:site_name\" content=\"Sportler\" \/>\n<meta property=\"article:published_time\" content=\"2014-02-14T15:08:35+00:00\" \/>\n<meta property=\"article:modified_time\" content=\"2021-01-05T16:43:10+00:00\" \/>\n<meta property=\"og:image\" content=\"https:\/\/skimo.73.jarolim.eu\/sportler\/files\/2014\/02\/Vertical_Podium-1_Bild-Alex-Lugger_LR.jpg\" \/>\n\t<meta property=\"og:image:width\" content=\"1333\" \/>\n\t<meta property=\"og:image:height\" content=\"2000\" \/>\n<meta name=\"twitter:card\" content=\"summary\" \/>\n<meta name=\"twitter:label1\" content=\"Gesch\u00e4tzte Lesezeit\">\n\t<meta name=\"twitter:data1\" content=\"5\u00a0Minuten\">\n<script type=\"application\/ld+json\" class=\"yoast-schema-graph\">{\"@context\":\"https:\/\/schema.org\",\"@graph\":[{\"@type\":\"WebSite\",\"@id\":\"https:\/\/skimo.73.jarolim.eu\/sportler\/#website\",\"url\":\"https:\/\/skimo.73.jarolim.eu\/sportler\/\",\"name\":\"Sportler\",\"description\":\"\",\"potentialAction\":[{\"@type\":\"SearchAction\",\"target\":\"https:\/\/skimo.73.jarolim.eu\/sportler\/?s={search_term_string}\",\"query-input\":\"required name=search_term_string\"}],\"inLanguage\":\"de\"},{\"@type\":\"ImageObject\",\"@id\":\"https:\/\/www.skimo.at\/sportler\/1994\/europameisterschaft-andorra-tag-3-das-vertical-race-und-eine-medaille-fuer-oesterreich\/#primaryimage\",\"inLanguage\":\"de\",\"url\":\"https:\/\/www.skimo.at\/sportler\/files\/2014\/02\/Vertical_Podium-1_Bild-Alex-Lugger_LR.jpg\",\"contentUrl\":\"https:\/\/www.skimo.at\/sportler\/files\/2014\/02\/Vertical_Podium-1_Bild-Alex-Lugger_LR.jpg\",\"width\":1333,\"height\":2000},{\"@type\":\"WebPage\",\"@id\":\"https:\/\/www.skimo.at\/sportler\/1994\/europameisterschaft-andorra-tag-3-das-vertical-race-und-eine-medaille-fuer-oesterreich\/#webpage\",\"url\":\"https:\/\/www.skimo.at\/sportler\/1994\/europameisterschaft-andorra-tag-3-das-vertical-race-und-eine-medaille-fuer-oesterreich\/\",\"name\":\"Update mit Bildern! Europameisterschaft Andorra Tag 3: das Vertical Race und eine Medaille f\\u00fcr \\u00d6sterreich! - Sportler\",\"isPartOf\":{\"@id\":\"https:\/\/skimo.73.jarolim.eu\/sportler\/#website\"},\"primaryImageOfPage\":{\"@id\":\"https:\/\/www.skimo.at\/sportler\/1994\/europameisterschaft-andorra-tag-3-das-vertical-race-und-eine-medaille-fuer-oesterreich\/#primaryimage\"},\"datePublished\":\"2014-02-14T15:08:35+00:00\",\"dateModified\":\"2021-01-05T16:43:10+00:00\",\"author\":{\"@id\":\"https:\/\/skimo.73.jarolim.eu\/sportler\/#\/schema\/person\/89e18f4c3d09b5434dbc2dc0cefbcd30\"},\"breadcrumb\":{\"@id\":\"https:\/\/www.skimo.at\/sportler\/1994\/europameisterschaft-andorra-tag-3-das-vertical-race-und-eine-medaille-fuer-oesterreich\/#breadcrumb\"},\"inLanguage\":\"de\",\"potentialAction\":[{\"@type\":\"ReadAction\",\"target\":[\"https:\/\/www.skimo.at\/sportler\/1994\/europameisterschaft-andorra-tag-3-das-vertical-race-und-eine-medaille-fuer-oesterreich\/\"]}]},{\"@type\":\"BreadcrumbList\",\"@id\":\"https:\/\/www.skimo.at\/sportler\/1994\/europameisterschaft-andorra-tag-3-das-vertical-race-und-eine-medaille-fuer-oesterreich\/#breadcrumb\",\"itemListElement\":[{\"@type\":\"ListItem\",\"position\":1,\"item\":{\"@type\":\"WebPage\",\"@id\":\"https:\/\/skimo.73.jarolim.eu\/sportler\/\",\"url\":\"https:\/\/skimo.73.jarolim.eu\/sportler\/\",\"name\":\"Home\"}},{\"@type\":\"ListItem\",\"position\":2,\"item\":{\"@id\":\"https:\/\/www.skimo.at\/sportler\/1994\/europameisterschaft-andorra-tag-3-das-vertical-race-und-eine-medaille-fuer-oesterreich\/#webpage\"}}]},{\"@type\":\"Person\",\"@id\":\"https:\/\/skimo.73.jarolim.eu\/sportler\/#\/schema\/person\/89e18f4c3d09b5434dbc2dc0cefbcd30\",\"name\":\"aspielbuechler\",\"image\":{\"@type\":\"ImageObject\",\"@id\":\"https:\/\/skimo.73.jarolim.eu\/sportler\/#personlogo\",\"inLanguage\":\"de\",\"url\":\"https:\/\/secure.gravatar.com\/avatar\/1220d25619b41a33e4710c8b968dc56e?s=96&r=g\",\"contentUrl\":\"https:\/\/secure.gravatar.com\/avatar\/1220d25619b41a33e4710c8b968dc56e?s=96&r=g\",\"caption\":\"aspielbuechler\"},\"url\":\"https:\/\/www.skimo.at\/sportler\/author\/aspielbuechler\/\"}]}<\/script>\n<!-- \/ Yoast SEO plugin. -->","_links":{"self":[{"href":"https:\/\/www.skimo.at\/sportler\/wp-json\/wp\/v2\/posts\/1994"}],"collection":[{"href":"https:\/\/www.skimo.at\/sportler\/wp-json\/wp\/v2\/posts"}],"about":[{"href":"https:\/\/www.skimo.at\/sportler\/wp-json\/wp\/v2\/types\/post"}],"author":[{"embeddable":true,"href":"https:\/\/www.skimo.at\/sportler\/wp-json\/wp\/v2\/users\/4"}],"replies":[{"embeddable":true,"href":"https:\/\/www.skimo.at\/sportler\/wp-json\/wp\/v2\/comments?post=1994"}],"version-history":[{"count":6,"href":"https:\/\/www.skimo.at\/sportler\/wp-json\/wp\/v2\/posts\/1994\/revisions"}],"predecessor-version":[{"id":15618,"href":"https:\/\/www.skimo.at\/sportler\/wp-json\/wp\/v2\/posts\/1994\/revisions\/15618"}],"wp:featuredmedia":[{"embeddable":true,"href":"https:\/\/www.skimo.at\/sportler\/wp-json\/wp\/v2\/media\/2027"}],"wp:attachment":[{"href":"https:\/\/www.skimo.at\/sportler\/wp-json\/wp\/v2\/media?parent=1994"}],"wp:term":[{"taxonomy":"category","embeddable":true,"href":"https:\/\/www.skimo.at\/sportler\/wp-json\/wp\/v2\/categories?post=1994"},{"taxonomy":"post_tag","embeddable":true,"href":"https:\/\/www.skimo.at\/sportler\/wp-json\/wp\/v2\/tags?post=1994"}],"curies":[{"name":"wp","href":"https:\/\/api.w.org\/{rel}","templated":true}]}}