{"id":1961,"date":"2014-02-13T21:47:00","date_gmt":"2014-02-13T19:47:00","guid":{"rendered":"http:\/\/www.skimo.at\/sportler\/?p=1961"},"modified":"2014-02-13T21:48:27","modified_gmt":"2014-02-13T19:48:27","slug":"europameisterschaft-andorra-tag-2-besichtigung-und-eroeffnung","status":"publish","type":"post","link":"https:\/\/www.skimo.at\/sportler\/1961\/europameisterschaft-andorra-tag-2-besichtigung-und-eroeffnung\/","title":{"rendered":"Europameisterschaft Andorra Tag 2: Besichtigung und Er\u00f6ffnung"},"content":{"rendered":"<p>Der erste Tag in Andorra startete f\u00fcr das \u00f6sterreichische Nationalteam sehr entspannt. Bei strahlendem Sonnenschein und viiiiieeeeel Schnee wurde heute von den Athleten die Rennstrecke besichtigt. Vom Organisator (Federacio Andorrana de Muntanyisme) perfekt geregelt war bereits heute, drei Tage vor dem Individual, die Strecke fertig angelegt und markiert.<\/p>\n<p>Am fr\u00fchen Abend ging es noch zur Er\u00f6ffnungszeremonie in den Ort von Ordino durch die engen Gassen.<\/p>\n<p>F\u00fcr morgen steht das Vertical Race am Programm. Die Herren haben 730 Hm zu \u00fcberwinden, die Junioren und Cadeten haben 465 Hm vor sich. Der Start ist gestaffelt, um 9.30 Uhr geht die Klasse Cadet Damen ins Rennen, bei den \u00d6sterreichern ist hier Verena Streitberger ins Rennen. 15 min sp\u00e4ter startet Jakob Siedler in der Klasse Cadet Herren. Weiter geht es mit den Junioren Damen und Ina Forchthammer um 10.00 Uhr, bevor der Rest der Mannschaft (Alex Fasser, Martin Wei\u00dfkopf, Daniel Rohringer, Daniel Zugg und Philipp Brugger) um 11.10 Uhr ins Rennen geht. Das Wetter sollte morgen recht sonnig und warm sein. Wir d\u00fcrfen uns auf ein spannendes und flottes Vertical Race freuen. Also bitte an alle Leser: von 9.30 Uhr bis mindestens 11.45 Uhr die Daumen dr\u00fccken, im Notfall bis sie abfallen! Wir versuchen, die Infos auch wieder so aktuell wie m\u00f6glich online zu bringen!<\/p>\n<p>&nbsp;<\/p>\n<p>&nbsp;<\/p>\n","protected":false},"excerpt":{"rendered":"<p>Der erste Tag in Andorra startete f\u00fcr das \u00f6sterreichische Nationalteam sehr entspannt. Bei strahlendem Sonnenschein und viiiiieeeeel Schnee wurde heute von den Athleten die Rennstrecke besichtigt. Vom Organisator (Federacio Andorrana de Muntanyisme) perfekt geregelt war bereits heute, drei Tage vor dem Individual, die Strecke fertig angelegt und markiert. Am fr\u00fchen Abend ging es noch zur [&hellip;]<\/p>\n","protected":false},"author":4,"featured_media":1977,"comment_status":"closed","ping_status":"closed","sticky":false,"template":"","format":"standard","meta":[],"categories":[1,3],"tags":[],"yoast_head":"<!-- This site is optimized with the Yoast SEO plugin v16.3 - https:\/\/yoast.com\/wordpress\/plugins\/seo\/ -->\n<title>Europameisterschaft Andorra Tag 2: Besichtigung und Er\u00f6ffnung - Sportler<\/title>\n<meta name=\"robots\" content=\"index, follow, max-snippet:-1, max-image-preview:large, max-video-preview:-1\" \/>\n<link rel=\"canonical\" href=\"https:\/\/www.skimo.at\/sportler\/1961\/europameisterschaft-andorra-tag-2-besichtigung-und-eroeffnung\/\" \/>\n<meta property=\"og:locale\" content=\"de_DE\" \/>\n<meta property=\"og:type\" content=\"article\" \/>\n<meta property=\"og:title\" content=\"Europameisterschaft Andorra Tag 2: Besichtigung und Er\u00f6ffnung - Sportler\" \/>\n<meta property=\"og:description\" content=\"Der erste Tag in Andorra startete f\u00fcr das \u00f6sterreichische Nationalteam sehr entspannt. Bei strahlendem Sonnenschein und viiiiieeeeel Schnee wurde heute von den Athleten die Rennstrecke besichtigt. Vom Organisator (Federacio Andorrana de Muntanyisme) perfekt geregelt war bereits heute, drei Tage vor dem Individual, die Strecke fertig angelegt und markiert. Am fr\u00fchen Abend ging es noch zur [&hellip;]\" \/>\n<meta property=\"og:url\" content=\"https:\/\/www.skimo.at\/sportler\/1961\/europameisterschaft-andorra-tag-2-besichtigung-und-eroeffnung\/\" \/>\n<meta property=\"og:site_name\" content=\"Sportler\" \/>\n<meta property=\"article:published_time\" content=\"2014-02-13T19:47:00+00:00\" \/>\n<meta property=\"article:modified_time\" content=\"2014-02-13T19:48:27+00:00\" \/>\n<meta property=\"og:image\" content=\"https:\/\/skimo.73.jarolim.eu\/sportler\/files\/2014\/02\/Rundherum_20140213133033_Bild-Alex-Lugger_LR.jpg\" \/>\n\t<meta property=\"og:image:width\" content=\"2000\" \/>\n\t<meta property=\"og:image:height\" content=\"1333\" \/>\n<meta name=\"twitter:card\" content=\"summary\" \/>\n<meta name=\"twitter:label1\" content=\"Gesch\u00e4tzte Lesezeit\">\n\t<meta name=\"twitter:data1\" content=\"1\u00a0Minute\">\n<script type=\"application\/ld+json\" class=\"yoast-schema-graph\">{\"@context\":\"https:\/\/schema.org\",\"@graph\":[{\"@type\":\"WebSite\",\"@id\":\"https:\/\/skimo.73.jarolim.eu\/sportler\/#website\",\"url\":\"https:\/\/skimo.73.jarolim.eu\/sportler\/\",\"name\":\"Sportler\",\"description\":\"\",\"potentialAction\":[{\"@type\":\"SearchAction\",\"target\":\"https:\/\/skimo.73.jarolim.eu\/sportler\/?s={search_term_string}\",\"query-input\":\"required name=search_term_string\"}],\"inLanguage\":\"de\"},{\"@type\":\"ImageObject\",\"@id\":\"https:\/\/www.skimo.at\/sportler\/1961\/europameisterschaft-andorra-tag-2-besichtigung-und-eroeffnung\/#primaryimage\",\"inLanguage\":\"de\",\"url\":\"https:\/\/www.skimo.at\/sportler\/files\/2014\/02\/Rundherum_20140213133033_Bild-Alex-Lugger_LR.jpg\",\"contentUrl\":\"https:\/\/www.skimo.at\/sportler\/files\/2014\/02\/Rundherum_20140213133033_Bild-Alex-Lugger_LR.jpg\",\"width\":2000,\"height\":1333},{\"@type\":\"WebPage\",\"@id\":\"https:\/\/www.skimo.at\/sportler\/1961\/europameisterschaft-andorra-tag-2-besichtigung-und-eroeffnung\/#webpage\",\"url\":\"https:\/\/www.skimo.at\/sportler\/1961\/europameisterschaft-andorra-tag-2-besichtigung-und-eroeffnung\/\",\"name\":\"Europameisterschaft Andorra Tag 2: Besichtigung und Er\\u00f6ffnung - Sportler\",\"isPartOf\":{\"@id\":\"https:\/\/skimo.73.jarolim.eu\/sportler\/#website\"},\"primaryImageOfPage\":{\"@id\":\"https:\/\/www.skimo.at\/sportler\/1961\/europameisterschaft-andorra-tag-2-besichtigung-und-eroeffnung\/#primaryimage\"},\"datePublished\":\"2014-02-13T19:47:00+00:00\",\"dateModified\":\"2014-02-13T19:48:27+00:00\",\"author\":{\"@id\":\"https:\/\/skimo.73.jarolim.eu\/sportler\/#\/schema\/person\/89e18f4c3d09b5434dbc2dc0cefbcd30\"},\"breadcrumb\":{\"@id\":\"https:\/\/www.skimo.at\/sportler\/1961\/europameisterschaft-andorra-tag-2-besichtigung-und-eroeffnung\/#breadcrumb\"},\"inLanguage\":\"de\",\"potentialAction\":[{\"@type\":\"ReadAction\",\"target\":[\"https:\/\/www.skimo.at\/sportler\/1961\/europameisterschaft-andorra-tag-2-besichtigung-und-eroeffnung\/\"]}]},{\"@type\":\"BreadcrumbList\",\"@id\":\"https:\/\/www.skimo.at\/sportler\/1961\/europameisterschaft-andorra-tag-2-besichtigung-und-eroeffnung\/#breadcrumb\",\"itemListElement\":[{\"@type\":\"ListItem\",\"position\":1,\"item\":{\"@type\":\"WebPage\",\"@id\":\"https:\/\/skimo.73.jarolim.eu\/sportler\/\",\"url\":\"https:\/\/skimo.73.jarolim.eu\/sportler\/\",\"name\":\"Home\"}},{\"@type\":\"ListItem\",\"position\":2,\"item\":{\"@id\":\"https:\/\/www.skimo.at\/sportler\/1961\/europameisterschaft-andorra-tag-2-besichtigung-und-eroeffnung\/#webpage\"}}]},{\"@type\":\"Person\",\"@id\":\"https:\/\/skimo.73.jarolim.eu\/sportler\/#\/schema\/person\/89e18f4c3d09b5434dbc2dc0cefbcd30\",\"name\":\"aspielbuechler\",\"image\":{\"@type\":\"ImageObject\",\"@id\":\"https:\/\/skimo.73.jarolim.eu\/sportler\/#personlogo\",\"inLanguage\":\"de\",\"url\":\"https:\/\/secure.gravatar.com\/avatar\/1220d25619b41a33e4710c8b968dc56e?s=96&r=g\",\"contentUrl\":\"https:\/\/secure.gravatar.com\/avatar\/1220d25619b41a33e4710c8b968dc56e?s=96&r=g\",\"caption\":\"aspielbuechler\"},\"url\":\"https:\/\/www.skimo.at\/sportler\/author\/aspielbuechler\/\"}]}<\/script>\n<!-- \/ Yoast SEO plugin. -->","_links":{"self":[{"href":"https:\/\/www.skimo.at\/sportler\/wp-json\/wp\/v2\/posts\/1961"}],"collection":[{"href":"https:\/\/www.skimo.at\/sportler\/wp-json\/wp\/v2\/posts"}],"about":[{"href":"https:\/\/www.skimo.at\/sportler\/wp-json\/wp\/v2\/types\/post"}],"author":[{"embeddable":true,"href":"https:\/\/www.skimo.at\/sportler\/wp-json\/wp\/v2\/users\/4"}],"replies":[{"embeddable":true,"href":"https:\/\/www.skimo.at\/sportler\/wp-json\/wp\/v2\/comments?post=1961"}],"version-history":[{"count":1,"href":"https:\/\/www.skimo.at\/sportler\/wp-json\/wp\/v2\/posts\/1961\/revisions"}],"predecessor-version":[{"id":1962,"href":"https:\/\/www.skimo.at\/sportler\/wp-json\/wp\/v2\/posts\/1961\/revisions\/1962"}],"wp:featuredmedia":[{"embeddable":true,"href":"https:\/\/www.skimo.at\/sportler\/wp-json\/wp\/v2\/media\/1977"}],"wp:attachment":[{"href":"https:\/\/www.skimo.at\/sportler\/wp-json\/wp\/v2\/media?parent=1961"}],"wp:term":[{"taxonomy":"category","embeddable":true,"href":"https:\/\/www.skimo.at\/sportler\/wp-json\/wp\/v2\/categories?post=1961"},{"taxonomy":"post_tag","embeddable":true,"href":"https:\/\/www.skimo.at\/sportler\/wp-json\/wp\/v2\/tags?post=1961"}],"curies":[{"name":"wp","href":"https:\/\/api.w.org\/{rel}","templated":true}]}}