{"id":19522,"date":"2025-05-18T16:40:52","date_gmt":"2025-05-18T14:40:52","guid":{"rendered":"https:\/\/www.skimo.at\/sportler\/?p=19522"},"modified":"2025-05-18T19:33:35","modified_gmt":"2025-05-18T17:33:35","slug":"elise-poncet-bricht-den-mont-blanc-ski-rekord-um-30-minuten","status":"publish","type":"post","link":"https:\/\/www.skimo.at\/sportler\/19522\/elise-poncet-bricht-den-mont-blanc-ski-rekord-um-30-minuten\/","title":{"rendered":"\u00c9lise Poncet bricht den Mont Blanc Ski-Rekord um 30 Minuten"},"content":{"rendered":"\n<p>Am Freitag, den 16. Mai, kurz vor 12 Uhr, vollbrachte die franz\u00f6sische Trailrunnerin und Skibergsteigerin \u00c9lise Poncet am Mont Blanc eine beeindruckende sportliche Leistung. Bei einem Rekordversuch auf Skiern startete die 29-J\u00e4hrige um 5 Uhr morgens an der Kirche in Chamonix. Ihr Ziel war es, den Gipfel des h\u00f6chsten Berges der Alpen \u2013 den 4.809 Meter hohen Mont Blanc \u2013 zu erreichen und so schnell wie m\u00f6glich in einer kompletten Rundtour wieder zur\u00fcckzukehren. Nach 6 Stunden, 54 Minuten und 47 Sekunden stand fest: Sie hatte den bisherigen Rekord von 7 Stunden und 29 Minuten unterboten und gleichzeitig die schnellste je registrierte Damenzeit auf der 35 km langen Strecke mit \u00fcber 3.800 H\u00f6henmetern aufgestellt.<\/p>\n\n\n\n<!--more-->\n\n\n\n<h2>Die Geschichte<\/h2>\n\n\n\n<p>Es dauerte 12 Jahre, bis \u00c9lise Poncet zu ihren Wurzeln zur\u00fcckkehrte \u2013 12 Jahre, nachdem sie Paris aus Liebe zu den Bergen verlassen hatte, 12 Jahre, in denen sie ihre F\u00e4higkeiten verfeinerte und die n\u00f6tige Erfahrung f\u00fcr dieses ambitionierte Projekt sammelte. Die Reise mag lang erscheinen, doch in den Bergen \u2013 wie im Spitzensport \u2013 gibt es keine Abk\u00fcrzungen. Erfahrung ist die Grundlage f\u00fcr Sicherheit und Selbstvertrauen in einer so anspruchsvollen Umgebung.<br>Besser bekannt mit Laufschuhen an den F\u00fc\u00dfen und dem Trikot der franz\u00f6sischen Nationalmannschaft auf dem R\u00fccken, hat \u00c9lise neben ihrer Trailrunning-Karriere, in der sie viele Titel gewann, darunter Vize-Weltmeisterin 2019 und Franz\u00f6sische Meisterin 2022, leise den Alpinismus verfolgt. Nun, mit 30 Jahren, f\u00fchlt sie sich bereit, beide Leidenschaften zu verbinden und den Mont-Blanc-Rundkurs-Skirekord anzugreifen.<br>Der Aufstieg auf den Mont Blanc bietet eine besondere Herausforderung. Der Berg ist bereits Schauplatz au\u00dfergew\u00f6hnlicher sportlicher Leistungen, mit Legenden wie Kilian Jornet (Rekord: 4h57), Math\u00e9o Jacquemoud und Hillary Gerardi, die 2023 den Frauen-Fu\u00dfaufstiegsrekord in 7h25 aufstellte. Zuletzt im Juni 2024 stellte die US-Amerikanerin Anna DeMonte den Frauen-Skirekord von Chamonix zum Mont Blanc und zur\u00fcck mit 7h29 auf.<\/p>\n\n\n\n<h2>Die Route<\/h2>\n\n\n\n<p>\u00c9lise Poncet w\u00e4hlte die historische Route, die 1786 erstmals von Jacques Balmat begangen wurde, \u00fcber die Schutzh\u00fctte Grands Mulets. Der Weg f\u00fchrt \u00fcber den ber\u00fcchtigten Jonction-Gletscher, steigt durch das Petit und Grand Plateau zum Vallot-Biwak auf und folgt dem Bosses-Grat bis zum Gipfel \u2013 dem Dach Europas. Der Abstieg f\u00fchrt durch Gletscherspalten an der Nordwand, bevor sie am Grand Plateau wieder auf die<br>Aufstiegsroute trifft. Obwohl technisch moderat (ein sehr subjektiver Begriff), birgt die Route ernsthafte Gefahren: Gletscher\u00fcberquerungen, Lawinengefahr, herabfallende Seracs und Spalten geh\u00f6ren zur Herausforderung.<br>Abgesehen von der poetischen Faszination, alle alpinen Zonen in einem Zug bei atemberaubender Landschaft zu durchqueren, erfordert der Mont-Blanc-Aufstieg eine sorgf\u00e4ltige Vorbereitung \u2013 besonders im Umgang mit der H\u00f6he. Vom Start auf 1.000 Metern bis hinauf zu 4.810 Metern spielen zahlreiche Faktoren eine Rolle: Akklimatisierung, Schneeverh\u00e4ltnisse, Routen\u00e4nderungen durch den st\u00e4ndigen Wandel des Berges, Planung der Skilinie und Auswahl der Ausr\u00fcstung. Im Einklang mit traditioneller Bergsteigerethik tr\u00e4gt \u00c9lise ihre gesamte Ausr\u00fcstung von Anfang bis Ende und h\u00e4lt sich streng an die Sicherheitsregeln \u2013 Seilsicherung in Spaltenbereichen, Gletscherausr\u00fcstung und Steigeisen am Bosses-Grat.<br>Auch wenn es sich zweifellos um eine leistungsorientierte Unternehmung handelt, steht der Geist der Seilschaft im Mittelpunkt von \u00c9lises Projekt. Die Unterst\u00fctzung ihrer Freunde und Kletterpartner treibt sie an und macht dieses Erlebnis zu etwas Besonderem.<br>\u00c9lise ist bereit, diese Herausforderung anzunehmen \u2013 ein Traum, den sie \u00fcber Jahre still verfolgt hat. Es ist ein bedeutender Meilenstein in ihrer pers\u00f6nlichen und beruflichen Entwicklung.<\/p>\n\n\n\n<figure class=\"wp-block-embed is-type-video is-provider-youtube wp-block-embed-youtube wp-embed-aspect-16-9 wp-has-aspect-ratio\"><div class=\"wp-block-embed__wrapper\">\n<script> \n                DeferLib.deferInline({ \n                    event: \"THIRD_PARTY.YOUTUBE\", \n                    html: \"<iframe title=\\\"NEW MONT BLANC SKI RECORD  - 6:54:47 !!\\\" width=\\\"500\\\" height=\\\"281\\\" src=\\\"https:\\\/\\\/www.youtube.com\\\/embed\\\/ILvQ8-YSHRg?feature=oembed\\\" frameborder=\\\"0\\\" allow=\\\"accelerometer; autoplay; clipboard-write; encrypted-media; gyroscope; picture-in-picture; web-share\\\" referrerpolicy=\\\"strict-origin-when-cross-origin\\\" allowfullscreen><\\\/iframe>\", \n                    placeholder: \"<span class=\\\"skimo-dsgvo-content-placeholder placeholder-third-party placeholder-third-party--youtube\\\">\\r\\n    <span class=\\\"paragraph\\\">Um Sie umfassen informieren zu k\\u00f6nnen, f\\u00fcgen wir bei Bedarf redaktionelle Inhalte Dritter ein.<br>YouTube setzt Cookies.<\\\/span>\\r\\n    <a href=\\\"javascript:void(0);\\\" onclick=\\\"dsgvoOptIn.allow('THIRD_PARTY.YOUTUBE');\\\">YouTube Videos erlauben<\\\/a>\\r\\n<\\\/span>\" \n                }); \n            <\/script>\n<\/div><\/figure>\n\n\n\n<p>\u00c9lise Poncet: https:\/\/www.instagram.com\/poncet_elise\/?hl=de<br>Strava Aktivit\u00e4t: https:\/\/strava.app.link\/dxAfdibMpTb<\/p>\n\n\n\n<figure class=\"wp-block-gallery columns-3 is-cropped\"><ul class=\"blocks-gallery-grid\"><li class=\"blocks-gallery-item\"><figure><a href=\"https:\/\/www.skimo.at\/sportler\/?attachment_id=19523\"><img loading=\"lazy\" width=\"1024\" height=\"683\" src=\"https:\/\/www.skimo.at\/sportler\/files\/2025\/05\/mont-blanc-fkt-ctheadventurebakery-philipp-reiter-59-1024x683.jpg\" alt=\"mont blanc fkt ctheadventurebakery philipp reiter 59\" data-id=\"19523\" data-full-url=\"https:\/\/www.skimo.at\/sportler\/files\/2025\/05\/mont-blanc-fkt-ctheadventurebakery-philipp-reiter-59.jpg\" data-link=\"https:\/\/www.skimo.at\/sportler\/?attachment_id=19523\" class=\"wp-image-19523\" srcset=\"https:\/\/www.skimo.at\/sportler\/files\/2025\/05\/mont-blanc-fkt-ctheadventurebakery-philipp-reiter-59-1024x683.jpg 1024w, https:\/\/www.skimo.at\/sportler\/files\/2025\/05\/mont-blanc-fkt-ctheadventurebakery-philipp-reiter-59-300x200.jpg 300w, https:\/\/www.skimo.at\/sportler\/files\/2025\/05\/mont-blanc-fkt-ctheadventurebakery-philipp-reiter-59-768x512.jpg 768w, https:\/\/www.skimo.at\/sportler\/files\/2025\/05\/mont-blanc-fkt-ctheadventurebakery-philipp-reiter-59-746x497.jpg 746w, https:\/\/www.skimo.at\/sportler\/files\/2025\/05\/mont-blanc-fkt-ctheadventurebakery-philipp-reiter-59-618x412.jpg 618w, https:\/\/www.skimo.at\/sportler\/files\/2025\/05\/mont-blanc-fkt-ctheadventurebakery-philipp-reiter-59-554x369.jpg 554w, https:\/\/www.skimo.at\/sportler\/files\/2025\/05\/mont-blanc-fkt-ctheadventurebakery-philipp-reiter-59-299x199.jpg 299w, https:\/\/www.skimo.at\/sportler\/files\/2025\/05\/mont-blanc-fkt-ctheadventurebakery-philipp-reiter-59-1224x816.jpg 1224w, https:\/\/www.skimo.at\/sportler\/files\/2025\/05\/mont-blanc-fkt-ctheadventurebakery-philipp-reiter-59-970x647.jpg 970w, https:\/\/www.skimo.at\/sportler\/files\/2025\/05\/mont-blanc-fkt-ctheadventurebakery-philipp-reiter-59-140x93.jpg 140w, https:\/\/www.skimo.at\/sportler\/files\/2025\/05\/mont-blanc-fkt-ctheadventurebakery-philipp-reiter-59-540x360.jpg 540w, https:\/\/www.skimo.at\/sportler\/files\/2025\/05\/mont-blanc-fkt-ctheadventurebakery-philipp-reiter-59.jpg 1920w\" sizes=\"(max-width: 1024px) 100vw, 1024px\" \/><\/a><figcaption class=\"blocks-gallery-item__caption\">mont blanc fkt ctheadventurebakery philipp reiter 59<\/figcaption><\/figure><\/li><li class=\"blocks-gallery-item\"><figure><a href=\"https:\/\/www.skimo.at\/sportler\/?attachment_id=19524\"><img loading=\"lazy\" width=\"1024\" height=\"683\" src=\"https:\/\/www.skimo.at\/sportler\/files\/2025\/05\/mont-blanc-fkt-ctheadventurebakery-victor-perez-pelayo-5-1024x683.jpg\" alt=\"mont blanc fkt ctheadventurebakery victor perez pelayo 5\" data-id=\"19524\" data-full-url=\"https:\/\/www.skimo.at\/sportler\/files\/2025\/05\/mont-blanc-fkt-ctheadventurebakery-victor-perez-pelayo-5.jpg\" data-link=\"https:\/\/www.skimo.at\/sportler\/?attachment_id=19524\" class=\"wp-image-19524\" srcset=\"https:\/\/www.skimo.at\/sportler\/files\/2025\/05\/mont-blanc-fkt-ctheadventurebakery-victor-perez-pelayo-5-1024x683.jpg 1024w, https:\/\/www.skimo.at\/sportler\/files\/2025\/05\/mont-blanc-fkt-ctheadventurebakery-victor-perez-pelayo-5-300x200.jpg 300w, https:\/\/www.skimo.at\/sportler\/files\/2025\/05\/mont-blanc-fkt-ctheadventurebakery-victor-perez-pelayo-5-768x512.jpg 768w, https:\/\/www.skimo.at\/sportler\/files\/2025\/05\/mont-blanc-fkt-ctheadventurebakery-victor-perez-pelayo-5-746x497.jpg 746w, https:\/\/www.skimo.at\/sportler\/files\/2025\/05\/mont-blanc-fkt-ctheadventurebakery-victor-perez-pelayo-5-618x412.jpg 618w, https:\/\/www.skimo.at\/sportler\/files\/2025\/05\/mont-blanc-fkt-ctheadventurebakery-victor-perez-pelayo-5-554x369.jpg 554w, https:\/\/www.skimo.at\/sportler\/files\/2025\/05\/mont-blanc-fkt-ctheadventurebakery-victor-perez-pelayo-5-299x199.jpg 299w, https:\/\/www.skimo.at\/sportler\/files\/2025\/05\/mont-blanc-fkt-ctheadventurebakery-victor-perez-pelayo-5-1224x816.jpg 1224w, https:\/\/www.skimo.at\/sportler\/files\/2025\/05\/mont-blanc-fkt-ctheadventurebakery-victor-perez-pelayo-5-970x647.jpg 970w, https:\/\/www.skimo.at\/sportler\/files\/2025\/05\/mont-blanc-fkt-ctheadventurebakery-victor-perez-pelayo-5-140x93.jpg 140w, https:\/\/www.skimo.at\/sportler\/files\/2025\/05\/mont-blanc-fkt-ctheadventurebakery-victor-perez-pelayo-5-540x360.jpg 540w, https:\/\/www.skimo.at\/sportler\/files\/2025\/05\/mont-blanc-fkt-ctheadventurebakery-victor-perez-pelayo-5.jpg 1920w\" sizes=\"(max-width: 1024px) 100vw, 1024px\" \/><\/a><figcaption class=\"blocks-gallery-item__caption\">mont blanc fkt ctheadventurebakery victor perez pelayo 5<\/figcaption><\/figure><\/li><li class=\"blocks-gallery-item\"><figure><a href=\"https:\/\/www.skimo.at\/sportler\/?attachment_id=19525\"><img loading=\"lazy\" width=\"683\" height=\"1024\" src=\"https:\/\/www.skimo.at\/sportler\/files\/2025\/05\/mont-blanc-fkt-ctheadventurebakery-victor-perez-pelayo-8-683x1024.jpg\" alt=\"mont blanc fkt ctheadventurebakery victor perez pelayo 8\" data-id=\"19525\" data-full-url=\"https:\/\/www.skimo.at\/sportler\/files\/2025\/05\/mont-blanc-fkt-ctheadventurebakery-victor-perez-pelayo-8.jpg\" data-link=\"https:\/\/www.skimo.at\/sportler\/?attachment_id=19525\" class=\"wp-image-19525\" srcset=\"https:\/\/www.skimo.at\/sportler\/files\/2025\/05\/mont-blanc-fkt-ctheadventurebakery-victor-perez-pelayo-8-683x1024.jpg 683w, https:\/\/www.skimo.at\/sportler\/files\/2025\/05\/mont-blanc-fkt-ctheadventurebakery-victor-perez-pelayo-8-200x300.jpg 200w, https:\/\/www.skimo.at\/sportler\/files\/2025\/05\/mont-blanc-fkt-ctheadventurebakery-victor-perez-pelayo-8-768x1152.jpg 768w, https:\/\/www.skimo.at\/sportler\/files\/2025\/05\/mont-blanc-fkt-ctheadventurebakery-victor-perez-pelayo-8-1224x1836.jpg 1224w, https:\/\/www.skimo.at\/sportler\/files\/2025\/05\/mont-blanc-fkt-ctheadventurebakery-victor-perez-pelayo-8-970x1455.jpg 970w, https:\/\/www.skimo.at\/sportler\/files\/2025\/05\/mont-blanc-fkt-ctheadventurebakery-victor-perez-pelayo-8-554x831.jpg 554w, https:\/\/www.skimo.at\/sportler\/files\/2025\/05\/mont-blanc-fkt-ctheadventurebakery-victor-perez-pelayo-8-62x93.jpg 62w, https:\/\/www.skimo.at\/sportler\/files\/2025\/05\/mont-blanc-fkt-ctheadventurebakery-victor-perez-pelayo-8.jpg 1280w\" sizes=\"(max-width: 683px) 100vw, 683px\" \/><\/a><figcaption class=\"blocks-gallery-item__caption\">mont blanc fkt ctheadventurebakery victor perez pelayo 8<\/figcaption><\/figure><\/li><li class=\"blocks-gallery-item\"><figure><a href=\"https:\/\/www.skimo.at\/sportler\/?attachment_id=19526\"><img loading=\"lazy\" width=\"683\" height=\"1024\" src=\"https:\/\/www.skimo.at\/sportler\/files\/2025\/05\/mont-blanc-fkt-ctheadventurebakery-philipp-reiter-44-683x1024.jpg\" alt=\"mont blanc fkt ctheadventurebakery philipp reiter 44\" data-id=\"19526\" data-full-url=\"https:\/\/www.skimo.at\/sportler\/files\/2025\/05\/mont-blanc-fkt-ctheadventurebakery-philipp-reiter-44.jpg\" data-link=\"https:\/\/www.skimo.at\/sportler\/?attachment_id=19526\" class=\"wp-image-19526\" srcset=\"https:\/\/www.skimo.at\/sportler\/files\/2025\/05\/mont-blanc-fkt-ctheadventurebakery-philipp-reiter-44-683x1024.jpg 683w, https:\/\/www.skimo.at\/sportler\/files\/2025\/05\/mont-blanc-fkt-ctheadventurebakery-philipp-reiter-44-200x300.jpg 200w, https:\/\/www.skimo.at\/sportler\/files\/2025\/05\/mont-blanc-fkt-ctheadventurebakery-philipp-reiter-44-768x1152.jpg 768w, https:\/\/www.skimo.at\/sportler\/files\/2025\/05\/mont-blanc-fkt-ctheadventurebakery-philipp-reiter-44-1224x1836.jpg 1224w, https:\/\/www.skimo.at\/sportler\/files\/2025\/05\/mont-blanc-fkt-ctheadventurebakery-philipp-reiter-44-970x1455.jpg 970w, https:\/\/www.skimo.at\/sportler\/files\/2025\/05\/mont-blanc-fkt-ctheadventurebakery-philipp-reiter-44-554x831.jpg 554w, https:\/\/www.skimo.at\/sportler\/files\/2025\/05\/mont-blanc-fkt-ctheadventurebakery-philipp-reiter-44-62x93.jpg 62w, https:\/\/www.skimo.at\/sportler\/files\/2025\/05\/mont-blanc-fkt-ctheadventurebakery-philipp-reiter-44.jpg 1280w\" sizes=\"(max-width: 683px) 100vw, 683px\" \/><\/a><figcaption class=\"blocks-gallery-item__caption\">mont blanc fkt ctheadventurebakery philipp reiter 44<\/figcaption><\/figure><\/li><li class=\"blocks-gallery-item\"><figure><a href=\"https:\/\/www.skimo.at\/sportler\/?attachment_id=19527\"><img loading=\"lazy\" width=\"683\" height=\"1024\" src=\"https:\/\/www.skimo.at\/sportler\/files\/2025\/05\/mont-blanc-fkt-ctheadventurebakery-philipp-reiter-31-683x1024.jpg\" alt=\"mont blanc fkt ctheadventurebakery philipp reiter 31\" data-id=\"19527\" data-full-url=\"https:\/\/www.skimo.at\/sportler\/files\/2025\/05\/mont-blanc-fkt-ctheadventurebakery-philipp-reiter-31.jpg\" data-link=\"https:\/\/www.skimo.at\/sportler\/?attachment_id=19527\" class=\"wp-image-19527\" srcset=\"https:\/\/www.skimo.at\/sportler\/files\/2025\/05\/mont-blanc-fkt-ctheadventurebakery-philipp-reiter-31-683x1024.jpg 683w, https:\/\/www.skimo.at\/sportler\/files\/2025\/05\/mont-blanc-fkt-ctheadventurebakery-philipp-reiter-31-200x300.jpg 200w, https:\/\/www.skimo.at\/sportler\/files\/2025\/05\/mont-blanc-fkt-ctheadventurebakery-philipp-reiter-31-768x1152.jpg 768w, https:\/\/www.skimo.at\/sportler\/files\/2025\/05\/mont-blanc-fkt-ctheadventurebakery-philipp-reiter-31-1224x1836.jpg 1224w, https:\/\/www.skimo.at\/sportler\/files\/2025\/05\/mont-blanc-fkt-ctheadventurebakery-philipp-reiter-31-970x1455.jpg 970w, https:\/\/www.skimo.at\/sportler\/files\/2025\/05\/mont-blanc-fkt-ctheadventurebakery-philipp-reiter-31-554x831.jpg 554w, https:\/\/www.skimo.at\/sportler\/files\/2025\/05\/mont-blanc-fkt-ctheadventurebakery-philipp-reiter-31-62x93.jpg 62w, https:\/\/www.skimo.at\/sportler\/files\/2025\/05\/mont-blanc-fkt-ctheadventurebakery-philipp-reiter-31.jpg 1280w\" sizes=\"(max-width: 683px) 100vw, 683px\" \/><\/a><figcaption class=\"blocks-gallery-item__caption\">mont blanc fkt ctheadventurebakery philipp reiter 31<\/figcaption><\/figure><\/li><li class=\"blocks-gallery-item\"><figure><a href=\"https:\/\/www.skimo.at\/sportler\/?attachment_id=19528\"><img loading=\"lazy\" width=\"683\" height=\"1024\" src=\"https:\/\/www.skimo.at\/sportler\/files\/2025\/05\/mont-blanc-fkt-ctheadventurebakery-melanie-cannac-7-683x1024.jpg\" alt=\"mont blanc fkt ctheadventurebakery melanie cannac 7\" data-id=\"19528\" data-full-url=\"https:\/\/www.skimo.at\/sportler\/files\/2025\/05\/mont-blanc-fkt-ctheadventurebakery-melanie-cannac-7.jpg\" data-link=\"https:\/\/www.skimo.at\/sportler\/?attachment_id=19528\" class=\"wp-image-19528\" srcset=\"https:\/\/www.skimo.at\/sportler\/files\/2025\/05\/mont-blanc-fkt-ctheadventurebakery-melanie-cannac-7-683x1024.jpg 683w, https:\/\/www.skimo.at\/sportler\/files\/2025\/05\/mont-blanc-fkt-ctheadventurebakery-melanie-cannac-7-200x300.jpg 200w, https:\/\/www.skimo.at\/sportler\/files\/2025\/05\/mont-blanc-fkt-ctheadventurebakery-melanie-cannac-7-768x1152.jpg 768w, https:\/\/www.skimo.at\/sportler\/files\/2025\/05\/mont-blanc-fkt-ctheadventurebakery-melanie-cannac-7-1224x1836.jpg 1224w, https:\/\/www.skimo.at\/sportler\/files\/2025\/05\/mont-blanc-fkt-ctheadventurebakery-melanie-cannac-7-970x1455.jpg 970w, https:\/\/www.skimo.at\/sportler\/files\/2025\/05\/mont-blanc-fkt-ctheadventurebakery-melanie-cannac-7-554x831.jpg 554w, https:\/\/www.skimo.at\/sportler\/files\/2025\/05\/mont-blanc-fkt-ctheadventurebakery-melanie-cannac-7-62x93.jpg 62w, https:\/\/www.skimo.at\/sportler\/files\/2025\/05\/mont-blanc-fkt-ctheadventurebakery-melanie-cannac-7.jpg 1280w\" sizes=\"(max-width: 683px) 100vw, 683px\" \/><\/a><figcaption class=\"blocks-gallery-item__caption\">mont blanc fkt ctheadventurebakery melanie cannac 7<\/figcaption><\/figure><\/li><li class=\"blocks-gallery-item\"><figure><a href=\"https:\/\/www.skimo.at\/sportler\/?attachment_id=19529\"><img loading=\"lazy\" width=\"1024\" height=\"768\" src=\"https:\/\/www.skimo.at\/sportler\/files\/2025\/05\/mont-blanc-fkt-ctheadventurebakery-adrien-colleur-23-1024x768.jpg\" alt=\"mont blanc fkt ctheadventurebakery adrien colleur 23\" data-id=\"19529\" data-full-url=\"https:\/\/www.skimo.at\/sportler\/files\/2025\/05\/mont-blanc-fkt-ctheadventurebakery-adrien-colleur-23.jpg\" data-link=\"https:\/\/www.skimo.at\/sportler\/?attachment_id=19529\" class=\"wp-image-19529\" srcset=\"https:\/\/www.skimo.at\/sportler\/files\/2025\/05\/mont-blanc-fkt-ctheadventurebakery-adrien-colleur-23-1024x768.jpg 1024w, https:\/\/www.skimo.at\/sportler\/files\/2025\/05\/mont-blanc-fkt-ctheadventurebakery-adrien-colleur-23-300x225.jpg 300w, https:\/\/www.skimo.at\/sportler\/files\/2025\/05\/mont-blanc-fkt-ctheadventurebakery-adrien-colleur-23-768x576.jpg 768w, https:\/\/www.skimo.at\/sportler\/files\/2025\/05\/mont-blanc-fkt-ctheadventurebakery-adrien-colleur-23-1224x918.jpg 1224w, https:\/\/www.skimo.at\/sportler\/files\/2025\/05\/mont-blanc-fkt-ctheadventurebakery-adrien-colleur-23-970x728.jpg 970w, https:\/\/www.skimo.at\/sportler\/files\/2025\/05\/mont-blanc-fkt-ctheadventurebakery-adrien-colleur-23-554x416.jpg 554w, https:\/\/www.skimo.at\/sportler\/files\/2025\/05\/mont-blanc-fkt-ctheadventurebakery-adrien-colleur-23-124x93.jpg 124w, https:\/\/www.skimo.at\/sportler\/files\/2025\/05\/mont-blanc-fkt-ctheadventurebakery-adrien-colleur-23.jpg 1920w\" sizes=\"(max-width: 1024px) 100vw, 1024px\" \/><\/a><figcaption class=\"blocks-gallery-item__caption\">mont blanc fkt ctheadventurebakery adrien colleur 23<\/figcaption><\/figure><\/li><\/ul><\/figure>\n","protected":false},"excerpt":{"rendered":"<p>Am Freitag, den 16. Mai, kurz vor 12 Uhr, vollbrachte die franz\u00f6sische Trailrunnerin und Skibergsteigerin \u00c9lise Poncet am Mont Blanc eine beeindruckende sportliche Leistung. Bei einem Rekordversuch auf Skiern startete die 29-J\u00e4hrige um 5 Uhr morgens an der Kirche in Chamonix. Ihr Ziel war es, den Gipfel des h\u00f6chsten Berges der Alpen \u2013 den 4.809 [&hellip;]<\/p>\n","protected":false},"author":3,"featured_media":19528,"comment_status":"closed","ping_status":"closed","sticky":false,"template":"","format":"standard","meta":[],"categories":[1,3],"tags":[],"yoast_head":"<!-- This site is optimized with the Yoast SEO plugin v16.3 - https:\/\/yoast.com\/wordpress\/plugins\/seo\/ -->\n<title>\u00c9lise Poncet bricht den Mont Blanc Ski-Rekord um 30 Minuten - Sportler<\/title>\n<meta name=\"robots\" content=\"index, follow, max-snippet:-1, max-image-preview:large, max-video-preview:-1\" \/>\n<link rel=\"canonical\" href=\"https:\/\/www.skimo.at\/sportler\/19522\/elise-poncet-bricht-den-mont-blanc-ski-rekord-um-30-minuten\/\" \/>\n<meta property=\"og:locale\" content=\"de_DE\" \/>\n<meta property=\"og:type\" content=\"article\" \/>\n<meta property=\"og:title\" content=\"\u00c9lise Poncet bricht den Mont Blanc Ski-Rekord um 30 Minuten - Sportler\" \/>\n<meta property=\"og:description\" content=\"Am Freitag, den 16. Mai, kurz vor 12 Uhr, vollbrachte die franz\u00f6sische Trailrunnerin und Skibergsteigerin \u00c9lise Poncet am Mont Blanc eine beeindruckende sportliche Leistung. Bei einem Rekordversuch auf Skiern startete die 29-J\u00e4hrige um 5 Uhr morgens an der Kirche in Chamonix. Ihr Ziel war es, den Gipfel des h\u00f6chsten Berges der Alpen \u2013 den 4.809 [&hellip;]\" \/>\n<meta property=\"og:url\" content=\"https:\/\/www.skimo.at\/sportler\/19522\/elise-poncet-bricht-den-mont-blanc-ski-rekord-um-30-minuten\/\" \/>\n<meta property=\"og:site_name\" content=\"Sportler\" \/>\n<meta property=\"article:published_time\" content=\"2025-05-18T14:40:52+00:00\" \/>\n<meta property=\"article:modified_time\" content=\"2025-05-18T17:33:35+00:00\" \/>\n<meta property=\"og:image\" content=\"https:\/\/www.skimo.at\/sportler\/files\/2025\/05\/mont-blanc-fkt-ctheadventurebakery-melanie-cannac-7.jpg\" \/>\n\t<meta property=\"og:image:width\" content=\"1280\" \/>\n\t<meta property=\"og:image:height\" content=\"1920\" \/>\n<meta name=\"twitter:card\" content=\"summary\" \/>\n<meta name=\"twitter:label1\" content=\"Gesch\u00e4tzte Lesezeit\">\n\t<meta name=\"twitter:data1\" content=\"4\u00a0Minuten\">\n<script type=\"application\/ld+json\" class=\"yoast-schema-graph\">{\"@context\":\"https:\/\/schema.org\",\"@graph\":[{\"@type\":\"WebSite\",\"@id\":\"https:\/\/skimo.73.jarolim.eu\/sportler\/#website\",\"url\":\"https:\/\/skimo.73.jarolim.eu\/sportler\/\",\"name\":\"Sportler\",\"description\":\"\",\"potentialAction\":[{\"@type\":\"SearchAction\",\"target\":\"https:\/\/skimo.73.jarolim.eu\/sportler\/?s={search_term_string}\",\"query-input\":\"required name=search_term_string\"}],\"inLanguage\":\"de\"},{\"@type\":\"ImageObject\",\"@id\":\"https:\/\/www.skimo.at\/sportler\/19522\/elise-poncet-bricht-den-mont-blanc-ski-rekord-um-30-minuten\/#primaryimage\",\"inLanguage\":\"de\",\"url\":\"https:\/\/www.skimo.at\/sportler\/files\/2025\/05\/mont-blanc-fkt-ctheadventurebakery-melanie-cannac-7.jpg\",\"contentUrl\":\"https:\/\/www.skimo.at\/sportler\/files\/2025\/05\/mont-blanc-fkt-ctheadventurebakery-melanie-cannac-7.jpg\",\"width\":1280,\"height\":1920,\"caption\":\"mont blanc fkt ctheadventurebakery melanie cannac 7\"},{\"@type\":\"WebPage\",\"@id\":\"https:\/\/www.skimo.at\/sportler\/19522\/elise-poncet-bricht-den-mont-blanc-ski-rekord-um-30-minuten\/#webpage\",\"url\":\"https:\/\/www.skimo.at\/sportler\/19522\/elise-poncet-bricht-den-mont-blanc-ski-rekord-um-30-minuten\/\",\"name\":\"\\u00c9lise Poncet bricht den Mont Blanc Ski-Rekord um 30 Minuten - Sportler\",\"isPartOf\":{\"@id\":\"https:\/\/skimo.73.jarolim.eu\/sportler\/#website\"},\"primaryImageOfPage\":{\"@id\":\"https:\/\/www.skimo.at\/sportler\/19522\/elise-poncet-bricht-den-mont-blanc-ski-rekord-um-30-minuten\/#primaryimage\"},\"datePublished\":\"2025-05-18T14:40:52+00:00\",\"dateModified\":\"2025-05-18T17:33:35+00:00\",\"author\":{\"@id\":\"https:\/\/skimo.73.jarolim.eu\/sportler\/#\/schema\/person\/796ecbce6796efca58bf848ca63ec12c\"},\"breadcrumb\":{\"@id\":\"https:\/\/www.skimo.at\/sportler\/19522\/elise-poncet-bricht-den-mont-blanc-ski-rekord-um-30-minuten\/#breadcrumb\"},\"inLanguage\":\"de\",\"potentialAction\":[{\"@type\":\"ReadAction\",\"target\":[\"https:\/\/www.skimo.at\/sportler\/19522\/elise-poncet-bricht-den-mont-blanc-ski-rekord-um-30-minuten\/\"]}]},{\"@type\":\"BreadcrumbList\",\"@id\":\"https:\/\/www.skimo.at\/sportler\/19522\/elise-poncet-bricht-den-mont-blanc-ski-rekord-um-30-minuten\/#breadcrumb\",\"itemListElement\":[{\"@type\":\"ListItem\",\"position\":1,\"item\":{\"@type\":\"WebPage\",\"@id\":\"https:\/\/skimo.73.jarolim.eu\/sportler\/\",\"url\":\"https:\/\/skimo.73.jarolim.eu\/sportler\/\",\"name\":\"Home\"}},{\"@type\":\"ListItem\",\"position\":2,\"item\":{\"@id\":\"https:\/\/www.skimo.at\/sportler\/19522\/elise-poncet-bricht-den-mont-blanc-ski-rekord-um-30-minuten\/#webpage\"}}]},{\"@type\":\"Person\",\"@id\":\"https:\/\/skimo.73.jarolim.eu\/sportler\/#\/schema\/person\/796ecbce6796efca58bf848ca63ec12c\",\"name\":\"kposch\",\"image\":{\"@type\":\"ImageObject\",\"@id\":\"https:\/\/skimo.73.jarolim.eu\/sportler\/#personlogo\",\"inLanguage\":\"de\",\"url\":\"https:\/\/secure.gravatar.com\/avatar\/e9f5f28da60e5e563d3f4d3cc0b9b425?s=96&r=g\",\"contentUrl\":\"https:\/\/secure.gravatar.com\/avatar\/e9f5f28da60e5e563d3f4d3cc0b9b425?s=96&r=g\",\"caption\":\"kposch\"},\"url\":\"https:\/\/www.skimo.at\/sportler\/author\/kposch\/\"}]}<\/script>\n<!-- \/ Yoast SEO plugin. -->","_links":{"self":[{"href":"https:\/\/www.skimo.at\/sportler\/wp-json\/wp\/v2\/posts\/19522"}],"collection":[{"href":"https:\/\/www.skimo.at\/sportler\/wp-json\/wp\/v2\/posts"}],"about":[{"href":"https:\/\/www.skimo.at\/sportler\/wp-json\/wp\/v2\/types\/post"}],"author":[{"embeddable":true,"href":"https:\/\/www.skimo.at\/sportler\/wp-json\/wp\/v2\/users\/3"}],"replies":[{"embeddable":true,"href":"https:\/\/www.skimo.at\/sportler\/wp-json\/wp\/v2\/comments?post=19522"}],"version-history":[{"count":2,"href":"https:\/\/www.skimo.at\/sportler\/wp-json\/wp\/v2\/posts\/19522\/revisions"}],"predecessor-version":[{"id":19531,"href":"https:\/\/www.skimo.at\/sportler\/wp-json\/wp\/v2\/posts\/19522\/revisions\/19531"}],"wp:featuredmedia":[{"embeddable":true,"href":"https:\/\/www.skimo.at\/sportler\/wp-json\/wp\/v2\/media\/19528"}],"wp:attachment":[{"href":"https:\/\/www.skimo.at\/sportler\/wp-json\/wp\/v2\/media?parent=19522"}],"wp:term":[{"taxonomy":"category","embeddable":true,"href":"https:\/\/www.skimo.at\/sportler\/wp-json\/wp\/v2\/categories?post=19522"},{"taxonomy":"post_tag","embeddable":true,"href":"https:\/\/www.skimo.at\/sportler\/wp-json\/wp\/v2\/tags?post=19522"}],"curies":[{"name":"wp","href":"https:\/\/api.w.org\/{rel}","templated":true}]}}