{"id":1939,"date":"2014-02-12T21:27:09","date_gmt":"2014-02-12T19:27:09","guid":{"rendered":"http:\/\/www.skimo.at\/sportler\/?p=1939"},"modified":"2014-02-13T12:05:57","modified_gmt":"2014-02-13T10:05:57","slug":"europameisterschaft-andorra-tag-1-die-anreise","status":"publish","type":"post","link":"https:\/\/www.skimo.at\/sportler\/1939\/europameisterschaft-andorra-tag-1-die-anreise\/","title":{"rendered":"Europameisterschaft Andorra Tag 1: die Anreise"},"content":{"rendered":"<p>Der Tag hat f\u00fcr das \u00d6sterreichische Nationalteam heute teilweise schon sehr fr\u00fch begonnen. Das Weckerleuten um Mitternacht bzw. ganz zeitig in den fr\u00fchen Morgenstunden war aber trotzdem f\u00fcr niemanden ein Problem, denn immerhin stand die Fahrt zum Highlight der Saison am Programm: Europameisterschaft 2014 in Andorra. Die Mannschaft war in der Anreise diesmal zweigeteilt, f\u00fcr manche war ein Flug nach Barcelona und Anreise mit Mietwagen bereits gebucht, die Nachnominierten reisten mit dem Auto \u00fcber die Schweiz und Frankreich an. So wurde in Gosau bereits um Mitternacht gestartet, nach ca. 18 Stunden Fahrt (mit nat\u00fcrlich kurzem Stau und einmal Verfahren \u2013 das muss auch drinnen sein ;-)), erreichte die erste Mannschaft bestehend aus Rohringer Daniel, Brugger Philipp, Zugg Daniel und Spielb\u00fcchler Anna das hei\u00df herbeigesehnte Ziel in Andorra \u2013 Ordino. Und das vor den fliegenden Kollegen!!! Mal\u00a0 schauen, wie viele Radarstrafen daf\u00fcr hereinflattern werden\u2026 aber das Triumphgef\u00fchl war\u2018s wahrscheinlich wert! Zwischendurch hat man sich auf der Strecke gar nicht vorstellen k\u00f6nnen, dass man \u00fcberhaupt auf dem Weg zu einem Wettkampf im Skibergsteigen unterwegs ist, die Landschaft wurde immer s\u00fcdlicher, die Temperaturen immer w\u00e4rmer. Es scheint, dass nicht nur in Teilen \u00d6sterreichs kein Schnee liegt, sondern andere Gegenden das selbe Problem haben. Erst in der N\u00e4he von Andorra wuchs der Schnee auch neben der Stra\u00dfe. Voller Vorfreude auf die n\u00e4chsten Tage im frischen Wei\u00df, vergingen die letzten Stunden der Fahrt sehr schnell. Die l\u00e4ngste Anreise hatte wohl Fotograph Stephan Mantler, der bereits am Montagnachmittag gestartet ist \u2013 was wohnt er auch so dezentral in Island \ud83d\ude42 Nachdem nun er, Lugger Alex, Fasser Alex, Wei\u00dfkopf Martin, Siedler Jakob, Forchthammer Ina und Streitberger Verena eingecheckt haben, ist das Team komplett und wird nun noch einen entspannten Abend genie\u00dfen k\u00f6nnen nach dem f\u00fcr alle seeeeeehr langen Tag. Der Blick vom Balkon ist \u00fcbrigens klassisch andorranisch: aus einem steilen Hang, in dem man bei uns nicht einmal einen Wanderweg anlegen w\u00fcrde, hinunter auf das kleine St\u00e4dtchen.<\/p>\n<p>Morgen hei\u00dft es erst einmal akkreditieren und dann Strecke besichtigen, bevor es am Freitag mit dem ersten Rennen, dem Vertical Race, losgeht. Dann hei\u00dft es Daumen halten f\u00fcr unser Team und mitfiebern.<\/p>\n<p>Wir werden nat\u00fcrlich t\u00e4glich aus Andorra berichten.<\/p>\n","protected":false},"excerpt":{"rendered":"<p>Der Tag hat f\u00fcr das \u00d6sterreichische Nationalteam heute teilweise schon sehr fr\u00fch begonnen. Das Weckerleuten um Mitternacht bzw. ganz zeitig in den fr\u00fchen Morgenstunden war aber trotzdem f\u00fcr niemanden ein Problem, denn immerhin stand die Fahrt zum Highlight der Saison am Programm: Europameisterschaft 2014 in Andorra. Die Mannschaft war in der Anreise diesmal zweigeteilt, f\u00fcr [&hellip;]<\/p>\n","protected":false},"author":4,"featured_media":1945,"comment_status":"closed","ping_status":"closed","sticky":false,"template":"","format":"standard","meta":[],"categories":[1,3],"tags":[],"yoast_head":"<!-- This site is optimized with the Yoast SEO plugin v16.3 - https:\/\/yoast.com\/wordpress\/plugins\/seo\/ -->\n<title>Europameisterschaft Andorra Tag 1: die Anreise - Sportler<\/title>\n<meta name=\"robots\" content=\"index, follow, max-snippet:-1, max-image-preview:large, max-video-preview:-1\" \/>\n<link rel=\"canonical\" href=\"https:\/\/www.skimo.at\/sportler\/1939\/europameisterschaft-andorra-tag-1-die-anreise\/\" \/>\n<meta property=\"og:locale\" content=\"de_DE\" \/>\n<meta property=\"og:type\" content=\"article\" \/>\n<meta property=\"og:title\" content=\"Europameisterschaft Andorra Tag 1: die Anreise - Sportler\" \/>\n<meta property=\"og:description\" content=\"Der Tag hat f\u00fcr das \u00d6sterreichische Nationalteam heute teilweise schon sehr fr\u00fch begonnen. Das Weckerleuten um Mitternacht bzw. ganz zeitig in den fr\u00fchen Morgenstunden war aber trotzdem f\u00fcr niemanden ein Problem, denn immerhin stand die Fahrt zum Highlight der Saison am Programm: Europameisterschaft 2014 in Andorra. Die Mannschaft war in der Anreise diesmal zweigeteilt, f\u00fcr [&hellip;]\" \/>\n<meta property=\"og:url\" content=\"https:\/\/www.skimo.at\/sportler\/1939\/europameisterschaft-andorra-tag-1-die-anreise\/\" \/>\n<meta property=\"og:site_name\" content=\"Sportler\" \/>\n<meta property=\"article:published_time\" content=\"2014-02-12T19:27:09+00:00\" \/>\n<meta property=\"article:modified_time\" content=\"2014-02-13T10:05:57+00:00\" \/>\n<meta property=\"og:image\" content=\"https:\/\/skimo.73.jarolim.eu\/sportler\/files\/2014\/02\/EM-Andorra-2014-_-Anreise-4-_-Bild-Alex-Lugger.jpg\" \/>\n\t<meta property=\"og:image:width\" content=\"1663\" \/>\n\t<meta property=\"og:image:height\" content=\"1109\" \/>\n<meta name=\"twitter:card\" content=\"summary\" \/>\n<meta name=\"twitter:label1\" content=\"Gesch\u00e4tzte Lesezeit\">\n\t<meta name=\"twitter:data1\" content=\"2\u00a0Minuten\">\n<script type=\"application\/ld+json\" class=\"yoast-schema-graph\">{\"@context\":\"https:\/\/schema.org\",\"@graph\":[{\"@type\":\"WebSite\",\"@id\":\"https:\/\/skimo.73.jarolim.eu\/sportler\/#website\",\"url\":\"https:\/\/skimo.73.jarolim.eu\/sportler\/\",\"name\":\"Sportler\",\"description\":\"\",\"potentialAction\":[{\"@type\":\"SearchAction\",\"target\":\"https:\/\/skimo.73.jarolim.eu\/sportler\/?s={search_term_string}\",\"query-input\":\"required name=search_term_string\"}],\"inLanguage\":\"de\"},{\"@type\":\"ImageObject\",\"@id\":\"https:\/\/www.skimo.at\/sportler\/1939\/europameisterschaft-andorra-tag-1-die-anreise\/#primaryimage\",\"inLanguage\":\"de\",\"url\":\"https:\/\/www.skimo.at\/sportler\/files\/2014\/02\/EM-Andorra-2014-_-Anreise-4-_-Bild-Alex-Lugger.jpg\",\"contentUrl\":\"https:\/\/www.skimo.at\/sportler\/files\/2014\/02\/EM-Andorra-2014-_-Anreise-4-_-Bild-Alex-Lugger.jpg\",\"width\":1663,\"height\":1109},{\"@type\":\"WebPage\",\"@id\":\"https:\/\/www.skimo.at\/sportler\/1939\/europameisterschaft-andorra-tag-1-die-anreise\/#webpage\",\"url\":\"https:\/\/www.skimo.at\/sportler\/1939\/europameisterschaft-andorra-tag-1-die-anreise\/\",\"name\":\"Europameisterschaft Andorra Tag 1: die Anreise - Sportler\",\"isPartOf\":{\"@id\":\"https:\/\/skimo.73.jarolim.eu\/sportler\/#website\"},\"primaryImageOfPage\":{\"@id\":\"https:\/\/www.skimo.at\/sportler\/1939\/europameisterschaft-andorra-tag-1-die-anreise\/#primaryimage\"},\"datePublished\":\"2014-02-12T19:27:09+00:00\",\"dateModified\":\"2014-02-13T10:05:57+00:00\",\"author\":{\"@id\":\"https:\/\/skimo.73.jarolim.eu\/sportler\/#\/schema\/person\/89e18f4c3d09b5434dbc2dc0cefbcd30\"},\"breadcrumb\":{\"@id\":\"https:\/\/www.skimo.at\/sportler\/1939\/europameisterschaft-andorra-tag-1-die-anreise\/#breadcrumb\"},\"inLanguage\":\"de\",\"potentialAction\":[{\"@type\":\"ReadAction\",\"target\":[\"https:\/\/www.skimo.at\/sportler\/1939\/europameisterschaft-andorra-tag-1-die-anreise\/\"]}]},{\"@type\":\"BreadcrumbList\",\"@id\":\"https:\/\/www.skimo.at\/sportler\/1939\/europameisterschaft-andorra-tag-1-die-anreise\/#breadcrumb\",\"itemListElement\":[{\"@type\":\"ListItem\",\"position\":1,\"item\":{\"@type\":\"WebPage\",\"@id\":\"https:\/\/skimo.73.jarolim.eu\/sportler\/\",\"url\":\"https:\/\/skimo.73.jarolim.eu\/sportler\/\",\"name\":\"Home\"}},{\"@type\":\"ListItem\",\"position\":2,\"item\":{\"@id\":\"https:\/\/www.skimo.at\/sportler\/1939\/europameisterschaft-andorra-tag-1-die-anreise\/#webpage\"}}]},{\"@type\":\"Person\",\"@id\":\"https:\/\/skimo.73.jarolim.eu\/sportler\/#\/schema\/person\/89e18f4c3d09b5434dbc2dc0cefbcd30\",\"name\":\"aspielbuechler\",\"image\":{\"@type\":\"ImageObject\",\"@id\":\"https:\/\/skimo.73.jarolim.eu\/sportler\/#personlogo\",\"inLanguage\":\"de\",\"url\":\"https:\/\/secure.gravatar.com\/avatar\/1220d25619b41a33e4710c8b968dc56e?s=96&r=g\",\"contentUrl\":\"https:\/\/secure.gravatar.com\/avatar\/1220d25619b41a33e4710c8b968dc56e?s=96&r=g\",\"caption\":\"aspielbuechler\"},\"url\":\"https:\/\/www.skimo.at\/sportler\/author\/aspielbuechler\/\"}]}<\/script>\n<!-- \/ Yoast SEO plugin. -->","_links":{"self":[{"href":"https:\/\/www.skimo.at\/sportler\/wp-json\/wp\/v2\/posts\/1939"}],"collection":[{"href":"https:\/\/www.skimo.at\/sportler\/wp-json\/wp\/v2\/posts"}],"about":[{"href":"https:\/\/www.skimo.at\/sportler\/wp-json\/wp\/v2\/types\/post"}],"author":[{"embeddable":true,"href":"https:\/\/www.skimo.at\/sportler\/wp-json\/wp\/v2\/users\/4"}],"replies":[{"embeddable":true,"href":"https:\/\/www.skimo.at\/sportler\/wp-json\/wp\/v2\/comments?post=1939"}],"version-history":[{"count":3,"href":"https:\/\/www.skimo.at\/sportler\/wp-json\/wp\/v2\/posts\/1939\/revisions"}],"predecessor-version":[{"id":1956,"href":"https:\/\/www.skimo.at\/sportler\/wp-json\/wp\/v2\/posts\/1939\/revisions\/1956"}],"wp:featuredmedia":[{"embeddable":true,"href":"https:\/\/www.skimo.at\/sportler\/wp-json\/wp\/v2\/media\/1945"}],"wp:attachment":[{"href":"https:\/\/www.skimo.at\/sportler\/wp-json\/wp\/v2\/media?parent=1939"}],"wp:term":[{"taxonomy":"category","embeddable":true,"href":"https:\/\/www.skimo.at\/sportler\/wp-json\/wp\/v2\/categories?post=1939"},{"taxonomy":"post_tag","embeddable":true,"href":"https:\/\/www.skimo.at\/sportler\/wp-json\/wp\/v2\/tags?post=1939"}],"curies":[{"name":"wp","href":"https:\/\/api.w.org\/{rel}","templated":true}]}}