{"id":19352,"date":"2025-03-14T19:01:12","date_gmt":"2025-03-14T17:01:12","guid":{"rendered":"https:\/\/www.skimo.at\/sportler\/?p=19352"},"modified":"2025-03-14T19:31:47","modified_gmt":"2025-03-14T17:31:47","slug":"zweimal-platz-4-das-maximum-beim-heimweltcup-in-schladming","status":"publish","type":"post","link":"https:\/\/www.skimo.at\/sportler\/19352\/zweimal-platz-4-das-maximum-beim-heimweltcup-in-schladming\/","title":{"rendered":"Bonnet und Alexandersson siegen &#8211; zweimal Platz 4 f\u00fcr \u00d6 \u2013 das Maximum beim ISMF Weltcup in Schladming"},"content":{"rendered":"\n<p>Das Vertical-Rennen beim heutigen ISMF Weltcup der Skibergsteiger auf der Planai in Schladming endet f\u00fcr Sarah Dreier und Paul Verbnjak als beste \u00d6SV-L\u00e4ufer auf Platz 4. Johanna Hiemer musste das Rennen krankheitsbedingt auslassen und wird auch beim morgigen Sprint nicht an den Start gehen.<\/p>\n\n\n\n<p>Nach zwei Siegen auf heimischem Boden war f\u00fcr Sarah Dreier, trotz schwieriger Saison, die Zielsetzung f\u00fcr das heutige Vertical Weltcup-Rennen auf der Planai in Schladming klar. Das Podium sollte es zumindest werden. Zun\u00e4chst lief es f\u00fcr die Salzburgerin auch nach Plan. Die Schwedin Tove Alexandersson zog dem Feld relativ rasch davon, doch dahinter entwickelte sich ein relativ enger Kampf um die Pl\u00e4tze. In der zweiten H\u00e4lfte konnte sich dann auch die Franz\u00f6sin Emily Harrop etwas von den Verfolgerinnen l\u00f6sen. Lange Zeit lieferte sich Sarah Dreier ein Kopf-an-Kopf-Duell mit Alba de Silvestro (ITA), musste letztendlich aber abrei\u00dfen lassen und erreichte nach 23:35 Minuten, mit einem R\u00fcckstand von 26 Sekunden auf das Podium, als 4. die Ziellinie. Die zweite \u00d6SV-L\u00e4uferin, Johanna Hiemer, musste ihren Start absagen und wird auch beim morgigen Sprint nicht ins Geschehen eingreifen k\u00f6nnen. Die Schladmingerin k\u00e4mpft nach wie vor mit einer hartn\u00e4ckigen Erk\u00e4ltung und hat deshalb von den \u00d6SV-\u00c4rzten keine Startfreigabe erhalten.<\/p>\n\n\n\n<h2>Platz 4 auch bei den Herren<\/h2>\n\n\n\n<p>Das Vertical-Rennen der Herren wurde erneut durch Seriensieger Remi Bonnet diktiert. Der Schweizer legte die 600 H\u00f6henmeter vom Planai-Stadion bis zur Mittelstation in 19:10 Minuten zur\u00fcck und holte sich damit seinen 23. Weltcupsieg. Dahinter k\u00e4mpfte ein Quartett, rund um \u00d6SV-L\u00e4ufer Paul Verbnjak, um die weiteren Stockerlpl\u00e4tze. Bis zum letzten Anstieg lag der K\u00e4rntner klar auf Podestkurs. Thibault Anselmet (FRA) setzte als Erster zum Zielsprint an und sicherte sich den 2. Platz. Auf den letzten Metern musste Verbnjak dann auch dem Belgier Maximilien Drion de Chapois den Vortritt lassen und sich erneut mit Platz 4 begn\u00fcgen. Christof Hochenwarter, der in dieser Saison bereits ein Vertical Weltcup-Podium erreicht hat, kam auf Rang 8 ins Ziel. Nils Oberauer und Kevin Hinterberger belegten die Pl\u00e4tze 10 sowie 11. Julian Tritscher wurde als 13. gewertet und Hannes Lohfeyer sowie Daniel Zugg kamen als 17. bzw. 18. ins Ziel. Der steirische Nachwuchsl\u00e4ufer Elias Peer hat sein Weltcup-Deb\u00fct ausgezeichnet gemeistert und erreichte Platz 30.<\/p>\n\n\n\n<p>Weiteres Programm<\/p>\n\n\n\n<p>Morgen geht im Planai-Stadion in Schladming das Sprint-Weltcup-Rennen \u00fcber die B\u00fchne. Die Qualifikationsl\u00e4ufe beginnen um 16:50 Uhr. Die Kopf-an-Kopf-Finall\u00e4ufe starten um 17:50 Uhr. Die Semi-Final- und Final-Durchg\u00e4nge werden wiederum live auf ORF 1 \u00fcbertragen.<\/p>\n\n\n\n<h2>Stimmen zum Rennen<\/h2>\n\n\n\n<blockquote class=\"wp-block-quote\"><p>\u201eJa, nat\u00fcrlich bin ich etwas entt\u00e4uscht. Ich wollte unbedingt aufs Podium. Aber ich habe wirklich alles gegeben und kann mir sicherlich nichts vorwerfen. Letzte Woche konnte ich noch die Bronzemedaille holen und heute ist es der 4. Platz geworden, und das ist im Weltcup doch trotzdem ein passables Ergebnis. Ich werde hart weiterarbeiten, damit ich beim Saisonfinale in Norwegen wieder am Podium stehe.\u201c<\/p><p><\/p><cite>Sarah Dreier<\/cite><\/blockquote>\n\n\n\n<blockquote class=\"wp-block-quote\"><p>\u201eIch habe mich von Anfang an richtig gut gef\u00fchlt und es waren so viele Freunde und Familie hier, was mich nat\u00fcrlich noch zus\u00e4tzlich gepusht hat. Ich konnte mich auch gut an der Spitze bzw. im Verfolgerfeld etablieren, und es war eigentlich bis zum Ende das Stockerl m\u00f6glich. Jetzt ist es halt wieder der 4. Platz geworden, aber der richtige Zeitpunkt wird kommen, und es war trotzdem ein super Rennen.\u201c<\/p><p><\/p><cite>Paul Verbnjak<\/cite><\/blockquote>\n\n\n\n<blockquote class=\"wp-block-quote\"><p>\u201eMit dem 8. Platz im Weltcup kann ich gut leben. F\u00fcr die Spitze hat es heute leider nicht gereicht, aber das ist der Sport, und f\u00fcr ein Podium muss einfach alles zusammenpassen. Am Anfang bin ich eigentlich gut mitgekommen, aber \u00fcber die Distanz war mir das Tempo einfach zu hoch. Nichtsdestotrotz denke ich, kann man mit einem Top-10-Platz zufrieden sein.\u201c<\/p><p><\/p><cite>Christof Hochenwarter<\/cite><\/blockquote>\n\n\n\n<blockquote class=\"wp-block-quote\"><p>\u201eIch bin echt zufrieden heute. Bei meinem Weltcup-Einstand auf Platz 30 ist es in Ordnung, und ich kann auch mit meiner Leistung wirklich zufrieden sein. Auch die Zeit passt gut.\u201c<\/p><cite>Elias Peer<\/cite><\/blockquote>\n\n\n\n<p>Text: Martin Weigl \/ \u00d6SV<\/p>\n\n\n\n<h2>Ergebnisliste<\/h2>\n\n\n\n<div class=\"wp-block-file\"><a href=\"https:\/\/www.skimo.at\/sportler\/files\/2025\/03\/WC2025-schladming-VR.pdf\">WC2025-schladming-VR<\/a><a href=\"https:\/\/www.skimo.at\/sportler\/files\/2025\/03\/WC2025-schladming-VR.pdf\" class=\"wp-block-file__button\" download>Herunterladen<\/a><\/div>\n\n\n\n<h2>Bilder der ISMF<\/h2>\n\n\n\n<figure class=\"wp-block-gallery columns-3 is-cropped\"><ul class=\"blocks-gallery-grid\"><li class=\"blocks-gallery-item\"><figure><a href=\"https:\/\/www.skimo.at\/sportler\/19352\/zweimal-platz-4-das-maximum-beim-heimweltcup-in-schladming\/awards-vertical\/\"><img loading=\"lazy\" width=\"1024\" height=\"769\" src=\"https:\/\/www.skimo.at\/sportler\/files\/2025\/03\/awards-vertical-1024x769.jpg\" alt=\"awards vertical\" data-id=\"19360\" data-full-url=\"https:\/\/www.skimo.at\/sportler\/files\/2025\/03\/awards-vertical.jpg\" data-link=\"https:\/\/www.skimo.at\/sportler\/19352\/zweimal-platz-4-das-maximum-beim-heimweltcup-in-schladming\/awards-vertical\/\" class=\"wp-image-19360\" srcset=\"https:\/\/www.skimo.at\/sportler\/files\/2025\/03\/awards-vertical-1024x769.jpg 1024w, https:\/\/www.skimo.at\/sportler\/files\/2025\/03\/awards-vertical-300x225.jpg 300w, https:\/\/www.skimo.at\/sportler\/files\/2025\/03\/awards-vertical-768x576.jpg 768w, https:\/\/www.skimo.at\/sportler\/files\/2025\/03\/awards-vertical-1224x919.jpg 1224w, https:\/\/www.skimo.at\/sportler\/files\/2025\/03\/awards-vertical-970x728.jpg 970w, https:\/\/www.skimo.at\/sportler\/files\/2025\/03\/awards-vertical-554x416.jpg 554w, https:\/\/www.skimo.at\/sportler\/files\/2025\/03\/awards-vertical-124x93.jpg 124w, https:\/\/www.skimo.at\/sportler\/files\/2025\/03\/awards-vertical.jpg 1920w\" sizes=\"(max-width: 1024px) 100vw, 1024px\" \/><\/a><figcaption class=\"blocks-gallery-item__caption\">awards vertical<\/figcaption><\/figure><\/li><li class=\"blocks-gallery-item\"><figure><a href=\"https:\/\/www.skimo.at\/sportler\/19352\/zweimal-platz-4-das-maximum-beim-heimweltcup-in-schladming\/awards-vertical-2\/\"><img loading=\"lazy\" width=\"1024\" height=\"769\" src=\"https:\/\/www.skimo.at\/sportler\/files\/2025\/03\/awards-vertical-2-1024x769.jpg\" alt=\"awards vertical 2\" data-id=\"19361\" data-full-url=\"https:\/\/www.skimo.at\/sportler\/files\/2025\/03\/awards-vertical-2.jpg\" data-link=\"https:\/\/www.skimo.at\/sportler\/19352\/zweimal-platz-4-das-maximum-beim-heimweltcup-in-schladming\/awards-vertical-2\/\" class=\"wp-image-19361\" srcset=\"https:\/\/www.skimo.at\/sportler\/files\/2025\/03\/awards-vertical-2-1024x769.jpg 1024w, https:\/\/www.skimo.at\/sportler\/files\/2025\/03\/awards-vertical-2-300x225.jpg 300w, https:\/\/www.skimo.at\/sportler\/files\/2025\/03\/awards-vertical-2-768x576.jpg 768w, https:\/\/www.skimo.at\/sportler\/files\/2025\/03\/awards-vertical-2-1224x919.jpg 1224w, https:\/\/www.skimo.at\/sportler\/files\/2025\/03\/awards-vertical-2-970x728.jpg 970w, https:\/\/www.skimo.at\/sportler\/files\/2025\/03\/awards-vertical-2-554x416.jpg 554w, https:\/\/www.skimo.at\/sportler\/files\/2025\/03\/awards-vertical-2-124x93.jpg 124w, https:\/\/www.skimo.at\/sportler\/files\/2025\/03\/awards-vertical-2.jpg 1920w\" sizes=\"(max-width: 1024px) 100vw, 1024px\" \/><\/a><figcaption class=\"blocks-gallery-item__caption\">awards vertical 2<\/figcaption><\/figure><\/li><li class=\"blocks-gallery-item\"><figure><a href=\"https:\/\/www.skimo.at\/sportler\/19352\/zweimal-platz-4-das-maximum-beim-heimweltcup-in-schladming\/awards-vertical-3\/\"><img loading=\"lazy\" width=\"1024\" height=\"769\" src=\"https:\/\/www.skimo.at\/sportler\/files\/2025\/03\/awards-vertical-3-1024x769.jpg\" alt=\"awards vertical 3\" data-id=\"19362\" data-full-url=\"https:\/\/www.skimo.at\/sportler\/files\/2025\/03\/awards-vertical-3.jpg\" data-link=\"https:\/\/www.skimo.at\/sportler\/19352\/zweimal-platz-4-das-maximum-beim-heimweltcup-in-schladming\/awards-vertical-3\/\" class=\"wp-image-19362\" srcset=\"https:\/\/www.skimo.at\/sportler\/files\/2025\/03\/awards-vertical-3-1024x769.jpg 1024w, https:\/\/www.skimo.at\/sportler\/files\/2025\/03\/awards-vertical-3-300x225.jpg 300w, https:\/\/www.skimo.at\/sportler\/files\/2025\/03\/awards-vertical-3-768x576.jpg 768w, https:\/\/www.skimo.at\/sportler\/files\/2025\/03\/awards-vertical-3-1224x919.jpg 1224w, https:\/\/www.skimo.at\/sportler\/files\/2025\/03\/awards-vertical-3-970x728.jpg 970w, https:\/\/www.skimo.at\/sportler\/files\/2025\/03\/awards-vertical-3-554x416.jpg 554w, https:\/\/www.skimo.at\/sportler\/files\/2025\/03\/awards-vertical-3-124x93.jpg 124w, https:\/\/www.skimo.at\/sportler\/files\/2025\/03\/awards-vertical-3.jpg 1920w\" sizes=\"(max-width: 1024px) 100vw, 1024px\" \/><\/a><figcaption class=\"blocks-gallery-item__caption\">awards vertical 3<\/figcaption><\/figure><\/li><li class=\"blocks-gallery-item\"><figure><a href=\"https:\/\/www.skimo.at\/sportler\/19352\/zweimal-platz-4-das-maximum-beim-heimweltcup-in-schladming\/awards-vertical-4\/\"><img loading=\"lazy\" width=\"1024\" height=\"769\" src=\"https:\/\/www.skimo.at\/sportler\/files\/2025\/03\/awards-vertical-4-1024x769.jpg\" alt=\"awards vertical 4\" data-id=\"19363\" data-full-url=\"https:\/\/www.skimo.at\/sportler\/files\/2025\/03\/awards-vertical-4.jpg\" data-link=\"https:\/\/www.skimo.at\/sportler\/19352\/zweimal-platz-4-das-maximum-beim-heimweltcup-in-schladming\/awards-vertical-4\/\" class=\"wp-image-19363\" srcset=\"https:\/\/www.skimo.at\/sportler\/files\/2025\/03\/awards-vertical-4-1024x769.jpg 1024w, https:\/\/www.skimo.at\/sportler\/files\/2025\/03\/awards-vertical-4-300x225.jpg 300w, https:\/\/www.skimo.at\/sportler\/files\/2025\/03\/awards-vertical-4-768x576.jpg 768w, https:\/\/www.skimo.at\/sportler\/files\/2025\/03\/awards-vertical-4-1224x919.jpg 1224w, https:\/\/www.skimo.at\/sportler\/files\/2025\/03\/awards-vertical-4-970x728.jpg 970w, https:\/\/www.skimo.at\/sportler\/files\/2025\/03\/awards-vertical-4-554x416.jpg 554w, https:\/\/www.skimo.at\/sportler\/files\/2025\/03\/awards-vertical-4-124x93.jpg 124w, https:\/\/www.skimo.at\/sportler\/files\/2025\/03\/awards-vertical-4.jpg 1920w\" sizes=\"(max-width: 1024px) 100vw, 1024px\" \/><\/a><figcaption class=\"blocks-gallery-item__caption\">awards vertical 4<\/figcaption><\/figure><\/li><li class=\"blocks-gallery-item\"><figure><a href=\"https:\/\/www.skimo.at\/sportler\/19352\/zweimal-platz-4-das-maximum-beim-heimweltcup-in-schladming\/awards-vertical-5\/\"><img loading=\"lazy\" width=\"1024\" height=\"769\" src=\"https:\/\/www.skimo.at\/sportler\/files\/2025\/03\/awards-vertical-5-1024x769.jpg\" alt=\"awards vertical 5\" data-id=\"19364\" data-full-url=\"https:\/\/www.skimo.at\/sportler\/files\/2025\/03\/awards-vertical-5.jpg\" data-link=\"https:\/\/www.skimo.at\/sportler\/19352\/zweimal-platz-4-das-maximum-beim-heimweltcup-in-schladming\/awards-vertical-5\/\" class=\"wp-image-19364\" srcset=\"https:\/\/www.skimo.at\/sportler\/files\/2025\/03\/awards-vertical-5-1024x769.jpg 1024w, https:\/\/www.skimo.at\/sportler\/files\/2025\/03\/awards-vertical-5-300x225.jpg 300w, https:\/\/www.skimo.at\/sportler\/files\/2025\/03\/awards-vertical-5-768x576.jpg 768w, https:\/\/www.skimo.at\/sportler\/files\/2025\/03\/awards-vertical-5-1224x919.jpg 1224w, https:\/\/www.skimo.at\/sportler\/files\/2025\/03\/awards-vertical-5-970x728.jpg 970w, https:\/\/www.skimo.at\/sportler\/files\/2025\/03\/awards-vertical-5-554x416.jpg 554w, https:\/\/www.skimo.at\/sportler\/files\/2025\/03\/awards-vertical-5-124x93.jpg 124w, https:\/\/www.skimo.at\/sportler\/files\/2025\/03\/awards-vertical-5.jpg 1920w\" sizes=\"(max-width: 1024px) 100vw, 1024px\" \/><\/a><figcaption class=\"blocks-gallery-item__caption\">awards vertical 5<\/figcaption><\/figure><\/li><li class=\"blocks-gallery-item\"><figure><a href=\"https:\/\/www.skimo.at\/sportler\/19352\/zweimal-platz-4-das-maximum-beim-heimweltcup-in-schladming\/awards-vertical-6\/\"><img loading=\"lazy\" width=\"1024\" height=\"769\" src=\"https:\/\/www.skimo.at\/sportler\/files\/2025\/03\/awards-vertical-6-1024x769.jpg\" alt=\"awards vertical 6\" data-id=\"19365\" data-full-url=\"https:\/\/www.skimo.at\/sportler\/files\/2025\/03\/awards-vertical-6.jpg\" data-link=\"https:\/\/www.skimo.at\/sportler\/19352\/zweimal-platz-4-das-maximum-beim-heimweltcup-in-schladming\/awards-vertical-6\/\" class=\"wp-image-19365\" srcset=\"https:\/\/www.skimo.at\/sportler\/files\/2025\/03\/awards-vertical-6-1024x769.jpg 1024w, https:\/\/www.skimo.at\/sportler\/files\/2025\/03\/awards-vertical-6-300x225.jpg 300w, https:\/\/www.skimo.at\/sportler\/files\/2025\/03\/awards-vertical-6-768x576.jpg 768w, https:\/\/www.skimo.at\/sportler\/files\/2025\/03\/awards-vertical-6-1224x919.jpg 1224w, https:\/\/www.skimo.at\/sportler\/files\/2025\/03\/awards-vertical-6-970x728.jpg 970w, https:\/\/www.skimo.at\/sportler\/files\/2025\/03\/awards-vertical-6-554x416.jpg 554w, https:\/\/www.skimo.at\/sportler\/files\/2025\/03\/awards-vertical-6-124x93.jpg 124w, https:\/\/www.skimo.at\/sportler\/files\/2025\/03\/awards-vertical-6.jpg 1920w\" sizes=\"(max-width: 1024px) 100vw, 1024px\" \/><\/a><figcaption class=\"blocks-gallery-item__caption\">awards vertical 6<\/figcaption><\/figure><\/li><li class=\"blocks-gallery-item\"><figure><a href=\"https:\/\/www.skimo.at\/sportler\/19352\/zweimal-platz-4-das-maximum-beim-heimweltcup-in-schladming\/awards-vertical-7\/\"><img loading=\"lazy\" width=\"1024\" height=\"769\" src=\"https:\/\/www.skimo.at\/sportler\/files\/2025\/03\/awards-vertical-7-1024x769.jpg\" alt=\"awards vertical 7\" data-id=\"19366\" data-full-url=\"https:\/\/www.skimo.at\/sportler\/files\/2025\/03\/awards-vertical-7.jpg\" data-link=\"https:\/\/www.skimo.at\/sportler\/19352\/zweimal-platz-4-das-maximum-beim-heimweltcup-in-schladming\/awards-vertical-7\/\" class=\"wp-image-19366\" srcset=\"https:\/\/www.skimo.at\/sportler\/files\/2025\/03\/awards-vertical-7-1024x769.jpg 1024w, https:\/\/www.skimo.at\/sportler\/files\/2025\/03\/awards-vertical-7-300x225.jpg 300w, https:\/\/www.skimo.at\/sportler\/files\/2025\/03\/awards-vertical-7-768x576.jpg 768w, https:\/\/www.skimo.at\/sportler\/files\/2025\/03\/awards-vertical-7-1224x919.jpg 1224w, https:\/\/www.skimo.at\/sportler\/files\/2025\/03\/awards-vertical-7-970x728.jpg 970w, https:\/\/www.skimo.at\/sportler\/files\/2025\/03\/awards-vertical-7-554x416.jpg 554w, https:\/\/www.skimo.at\/sportler\/files\/2025\/03\/awards-vertical-7-124x93.jpg 124w, https:\/\/www.skimo.at\/sportler\/files\/2025\/03\/awards-vertical-7.jpg 1920w\" sizes=\"(max-width: 1024px) 100vw, 1024px\" \/><\/a><figcaption class=\"blocks-gallery-item__caption\">awards vertical 7<\/figcaption><\/figure><\/li><li class=\"blocks-gallery-item\"><figure><a href=\"https:\/\/www.skimo.at\/sportler\/19352\/zweimal-platz-4-das-maximum-beim-heimweltcup-in-schladming\/awards-vertical-8\/\"><img loading=\"lazy\" width=\"1024\" height=\"769\" src=\"https:\/\/www.skimo.at\/sportler\/files\/2025\/03\/awards-vertical-8-1024x769.jpg\" alt=\"awards vertical 8\" data-id=\"19367\" data-full-url=\"https:\/\/www.skimo.at\/sportler\/files\/2025\/03\/awards-vertical-8.jpg\" data-link=\"https:\/\/www.skimo.at\/sportler\/19352\/zweimal-platz-4-das-maximum-beim-heimweltcup-in-schladming\/awards-vertical-8\/\" class=\"wp-image-19367\" srcset=\"https:\/\/www.skimo.at\/sportler\/files\/2025\/03\/awards-vertical-8-1024x769.jpg 1024w, https:\/\/www.skimo.at\/sportler\/files\/2025\/03\/awards-vertical-8-300x225.jpg 300w, https:\/\/www.skimo.at\/sportler\/files\/2025\/03\/awards-vertical-8-768x576.jpg 768w, https:\/\/www.skimo.at\/sportler\/files\/2025\/03\/awards-vertical-8-1224x919.jpg 1224w, https:\/\/www.skimo.at\/sportler\/files\/2025\/03\/awards-vertical-8-970x728.jpg 970w, https:\/\/www.skimo.at\/sportler\/files\/2025\/03\/awards-vertical-8-554x416.jpg 554w, https:\/\/www.skimo.at\/sportler\/files\/2025\/03\/awards-vertical-8-124x93.jpg 124w, https:\/\/www.skimo.at\/sportler\/files\/2025\/03\/awards-vertical-8.jpg 1920w\" sizes=\"(max-width: 1024px) 100vw, 1024px\" \/><\/a><figcaption class=\"blocks-gallery-item__caption\">awards vertical 8<\/figcaption><\/figure><\/li><li class=\"blocks-gallery-item\"><figure><a href=\"https:\/\/www.skimo.at\/sportler\/19352\/zweimal-platz-4-das-maximum-beim-heimweltcup-in-schladming\/awards-vertical-9\/\"><img loading=\"lazy\" width=\"1024\" height=\"769\" src=\"https:\/\/www.skimo.at\/sportler\/files\/2025\/03\/awards-vertical-9-1024x769.jpg\" alt=\"awards vertical 9\" data-id=\"19368\" data-full-url=\"https:\/\/www.skimo.at\/sportler\/files\/2025\/03\/awards-vertical-9.jpg\" data-link=\"https:\/\/www.skimo.at\/sportler\/19352\/zweimal-platz-4-das-maximum-beim-heimweltcup-in-schladming\/awards-vertical-9\/\" class=\"wp-image-19368\" srcset=\"https:\/\/www.skimo.at\/sportler\/files\/2025\/03\/awards-vertical-9-1024x769.jpg 1024w, https:\/\/www.skimo.at\/sportler\/files\/2025\/03\/awards-vertical-9-300x225.jpg 300w, https:\/\/www.skimo.at\/sportler\/files\/2025\/03\/awards-vertical-9-768x576.jpg 768w, https:\/\/www.skimo.at\/sportler\/files\/2025\/03\/awards-vertical-9-1224x919.jpg 1224w, https:\/\/www.skimo.at\/sportler\/files\/2025\/03\/awards-vertical-9-970x728.jpg 970w, https:\/\/www.skimo.at\/sportler\/files\/2025\/03\/awards-vertical-9-554x416.jpg 554w, https:\/\/www.skimo.at\/sportler\/files\/2025\/03\/awards-vertical-9-124x93.jpg 124w, https:\/\/www.skimo.at\/sportler\/files\/2025\/03\/awards-vertical-9.jpg 1920w\" sizes=\"(max-width: 1024px) 100vw, 1024px\" \/><\/a><figcaption class=\"blocks-gallery-item__caption\">awards vertical 9<\/figcaption><\/figure><\/li><li class=\"blocks-gallery-item\"><figure><a href=\"https:\/\/www.skimo.at\/sportler\/19352\/zweimal-platz-4-das-maximum-beim-heimweltcup-in-schladming\/awards-vertical-10\/\"><img loading=\"lazy\" width=\"1024\" height=\"769\" src=\"https:\/\/www.skimo.at\/sportler\/files\/2025\/03\/awards-vertical-10-1024x769.jpg\" alt=\"awards vertical 10\" data-id=\"19369\" data-full-url=\"https:\/\/www.skimo.at\/sportler\/files\/2025\/03\/awards-vertical-10.jpg\" data-link=\"https:\/\/www.skimo.at\/sportler\/19352\/zweimal-platz-4-das-maximum-beim-heimweltcup-in-schladming\/awards-vertical-10\/\" class=\"wp-image-19369\" srcset=\"https:\/\/www.skimo.at\/sportler\/files\/2025\/03\/awards-vertical-10-1024x769.jpg 1024w, https:\/\/www.skimo.at\/sportler\/files\/2025\/03\/awards-vertical-10-300x225.jpg 300w, https:\/\/www.skimo.at\/sportler\/files\/2025\/03\/awards-vertical-10-768x576.jpg 768w, https:\/\/www.skimo.at\/sportler\/files\/2025\/03\/awards-vertical-10-1224x919.jpg 1224w, https:\/\/www.skimo.at\/sportler\/files\/2025\/03\/awards-vertical-10-970x728.jpg 970w, https:\/\/www.skimo.at\/sportler\/files\/2025\/03\/awards-vertical-10-554x416.jpg 554w, https:\/\/www.skimo.at\/sportler\/files\/2025\/03\/awards-vertical-10-124x93.jpg 124w, https:\/\/www.skimo.at\/sportler\/files\/2025\/03\/awards-vertical-10.jpg 1920w\" sizes=\"(max-width: 1024px) 100vw, 1024px\" \/><\/a><figcaption class=\"blocks-gallery-item__caption\">awards vertical 10<\/figcaption><\/figure><\/li><li class=\"blocks-gallery-item\"><figure><a href=\"https:\/\/www.skimo.at\/sportler\/19352\/zweimal-platz-4-das-maximum-beim-heimweltcup-in-schladming\/vertical-press\/\"><img loading=\"lazy\" width=\"1024\" height=\"769\" src=\"https:\/\/www.skimo.at\/sportler\/files\/2025\/03\/vertical-press-1024x769.jpg\" alt=\"vertical press\" data-id=\"19370\" data-full-url=\"https:\/\/www.skimo.at\/sportler\/files\/2025\/03\/vertical-press.jpg\" data-link=\"https:\/\/www.skimo.at\/sportler\/19352\/zweimal-platz-4-das-maximum-beim-heimweltcup-in-schladming\/vertical-press\/\" class=\"wp-image-19370\" srcset=\"https:\/\/www.skimo.at\/sportler\/files\/2025\/03\/vertical-press-1024x769.jpg 1024w, https:\/\/www.skimo.at\/sportler\/files\/2025\/03\/vertical-press-300x225.jpg 300w, https:\/\/www.skimo.at\/sportler\/files\/2025\/03\/vertical-press-768x576.jpg 768w, https:\/\/www.skimo.at\/sportler\/files\/2025\/03\/vertical-press-1224x919.jpg 1224w, https:\/\/www.skimo.at\/sportler\/files\/2025\/03\/vertical-press-970x728.jpg 970w, https:\/\/www.skimo.at\/sportler\/files\/2025\/03\/vertical-press-554x416.jpg 554w, https:\/\/www.skimo.at\/sportler\/files\/2025\/03\/vertical-press-124x93.jpg 124w, https:\/\/www.skimo.at\/sportler\/files\/2025\/03\/vertical-press.jpg 1920w\" sizes=\"(max-width: 1024px) 100vw, 1024px\" \/><\/a><figcaption class=\"blocks-gallery-item__caption\">vertical press<\/figcaption><\/figure><\/li><li class=\"blocks-gallery-item\"><figure><a href=\"https:\/\/www.skimo.at\/sportler\/19352\/zweimal-platz-4-das-maximum-beim-heimweltcup-in-schladming\/vertical-press-2\/\"><img loading=\"lazy\" width=\"1024\" height=\"769\" src=\"https:\/\/www.skimo.at\/sportler\/files\/2025\/03\/vertical-press-2-1024x769.jpg\" alt=\"vertical press 2\" data-id=\"19371\" data-full-url=\"https:\/\/www.skimo.at\/sportler\/files\/2025\/03\/vertical-press-2.jpg\" data-link=\"https:\/\/www.skimo.at\/sportler\/19352\/zweimal-platz-4-das-maximum-beim-heimweltcup-in-schladming\/vertical-press-2\/\" class=\"wp-image-19371\" srcset=\"https:\/\/www.skimo.at\/sportler\/files\/2025\/03\/vertical-press-2-1024x769.jpg 1024w, https:\/\/www.skimo.at\/sportler\/files\/2025\/03\/vertical-press-2-300x225.jpg 300w, https:\/\/www.skimo.at\/sportler\/files\/2025\/03\/vertical-press-2-768x576.jpg 768w, https:\/\/www.skimo.at\/sportler\/files\/2025\/03\/vertical-press-2-1224x919.jpg 1224w, https:\/\/www.skimo.at\/sportler\/files\/2025\/03\/vertical-press-2-970x728.jpg 970w, https:\/\/www.skimo.at\/sportler\/files\/2025\/03\/vertical-press-2-554x416.jpg 554w, https:\/\/www.skimo.at\/sportler\/files\/2025\/03\/vertical-press-2-124x93.jpg 124w, https:\/\/www.skimo.at\/sportler\/files\/2025\/03\/vertical-press-2.jpg 1920w\" sizes=\"(max-width: 1024px) 100vw, 1024px\" \/><\/a><figcaption class=\"blocks-gallery-item__caption\">vertical press 2<\/figcaption><\/figure><\/li><li class=\"blocks-gallery-item\"><figure><a href=\"https:\/\/www.skimo.at\/sportler\/19352\/zweimal-platz-4-das-maximum-beim-heimweltcup-in-schladming\/vertical-press-3\/\"><img loading=\"lazy\" width=\"1024\" height=\"769\" src=\"https:\/\/www.skimo.at\/sportler\/files\/2025\/03\/vertical-press-3-1024x769.jpg\" alt=\"vertical press 3\" data-id=\"19372\" data-full-url=\"https:\/\/www.skimo.at\/sportler\/files\/2025\/03\/vertical-press-3.jpg\" data-link=\"https:\/\/www.skimo.at\/sportler\/19352\/zweimal-platz-4-das-maximum-beim-heimweltcup-in-schladming\/vertical-press-3\/\" class=\"wp-image-19372\" srcset=\"https:\/\/www.skimo.at\/sportler\/files\/2025\/03\/vertical-press-3-1024x769.jpg 1024w, https:\/\/www.skimo.at\/sportler\/files\/2025\/03\/vertical-press-3-300x225.jpg 300w, https:\/\/www.skimo.at\/sportler\/files\/2025\/03\/vertical-press-3-768x576.jpg 768w, https:\/\/www.skimo.at\/sportler\/files\/2025\/03\/vertical-press-3-1224x919.jpg 1224w, https:\/\/www.skimo.at\/sportler\/files\/2025\/03\/vertical-press-3-970x728.jpg 970w, https:\/\/www.skimo.at\/sportler\/files\/2025\/03\/vertical-press-3-554x416.jpg 554w, https:\/\/www.skimo.at\/sportler\/files\/2025\/03\/vertical-press-3-124x93.jpg 124w, https:\/\/www.skimo.at\/sportler\/files\/2025\/03\/vertical-press-3.jpg 1920w\" sizes=\"(max-width: 1024px) 100vw, 1024px\" \/><\/a><figcaption class=\"blocks-gallery-item__caption\">vertical press 3<\/figcaption><\/figure><\/li><li class=\"blocks-gallery-item\"><figure><a href=\"https:\/\/www.skimo.at\/sportler\/19352\/zweimal-platz-4-das-maximum-beim-heimweltcup-in-schladming\/vertical-press-4\/\"><img loading=\"lazy\" width=\"1024\" height=\"769\" src=\"https:\/\/www.skimo.at\/sportler\/files\/2025\/03\/vertical-press-4-1024x769.jpg\" alt=\"vertical press 4\" data-id=\"19373\" data-full-url=\"https:\/\/www.skimo.at\/sportler\/files\/2025\/03\/vertical-press-4.jpg\" data-link=\"https:\/\/www.skimo.at\/sportler\/19352\/zweimal-platz-4-das-maximum-beim-heimweltcup-in-schladming\/vertical-press-4\/\" class=\"wp-image-19373\" srcset=\"https:\/\/www.skimo.at\/sportler\/files\/2025\/03\/vertical-press-4-1024x769.jpg 1024w, https:\/\/www.skimo.at\/sportler\/files\/2025\/03\/vertical-press-4-300x225.jpg 300w, https:\/\/www.skimo.at\/sportler\/files\/2025\/03\/vertical-press-4-768x576.jpg 768w, https:\/\/www.skimo.at\/sportler\/files\/2025\/03\/vertical-press-4-1224x919.jpg 1224w, https:\/\/www.skimo.at\/sportler\/files\/2025\/03\/vertical-press-4-970x728.jpg 970w, https:\/\/www.skimo.at\/sportler\/files\/2025\/03\/vertical-press-4-554x416.jpg 554w, https:\/\/www.skimo.at\/sportler\/files\/2025\/03\/vertical-press-4-124x93.jpg 124w, https:\/\/www.skimo.at\/sportler\/files\/2025\/03\/vertical-press-4.jpg 1920w\" sizes=\"(max-width: 1024px) 100vw, 1024px\" \/><\/a><figcaption class=\"blocks-gallery-item__caption\">vertical press 4<\/figcaption><\/figure><\/li><li class=\"blocks-gallery-item\"><figure><a href=\"https:\/\/www.skimo.at\/sportler\/19352\/zweimal-platz-4-das-maximum-beim-heimweltcup-in-schladming\/vertical-press-5\/\"><img loading=\"lazy\" width=\"1024\" height=\"769\" src=\"https:\/\/www.skimo.at\/sportler\/files\/2025\/03\/vertical-press-5-1024x769.jpg\" alt=\"vertical press 5\" data-id=\"19374\" data-full-url=\"https:\/\/www.skimo.at\/sportler\/files\/2025\/03\/vertical-press-5.jpg\" data-link=\"https:\/\/www.skimo.at\/sportler\/19352\/zweimal-platz-4-das-maximum-beim-heimweltcup-in-schladming\/vertical-press-5\/\" class=\"wp-image-19374\" srcset=\"https:\/\/www.skimo.at\/sportler\/files\/2025\/03\/vertical-press-5-1024x769.jpg 1024w, https:\/\/www.skimo.at\/sportler\/files\/2025\/03\/vertical-press-5-300x225.jpg 300w, https:\/\/www.skimo.at\/sportler\/files\/2025\/03\/vertical-press-5-768x576.jpg 768w, https:\/\/www.skimo.at\/sportler\/files\/2025\/03\/vertical-press-5-1224x919.jpg 1224w, https:\/\/www.skimo.at\/sportler\/files\/2025\/03\/vertical-press-5-970x728.jpg 970w, https:\/\/www.skimo.at\/sportler\/files\/2025\/03\/vertical-press-5-554x416.jpg 554w, https:\/\/www.skimo.at\/sportler\/files\/2025\/03\/vertical-press-5-124x93.jpg 124w, https:\/\/www.skimo.at\/sportler\/files\/2025\/03\/vertical-press-5.jpg 1920w\" sizes=\"(max-width: 1024px) 100vw, 1024px\" \/><\/a><figcaption class=\"blocks-gallery-item__caption\">vertical press 5<\/figcaption><\/figure><\/li><li class=\"blocks-gallery-item\"><figure><a href=\"https:\/\/www.skimo.at\/sportler\/19352\/zweimal-platz-4-das-maximum-beim-heimweltcup-in-schladming\/vertical-press-6\/\"><img loading=\"lazy\" width=\"1024\" height=\"769\" src=\"https:\/\/www.skimo.at\/sportler\/files\/2025\/03\/vertical-press-6-1024x769.jpg\" alt=\"vertical press 6\" data-id=\"19375\" data-full-url=\"https:\/\/www.skimo.at\/sportler\/files\/2025\/03\/vertical-press-6.jpg\" data-link=\"https:\/\/www.skimo.at\/sportler\/19352\/zweimal-platz-4-das-maximum-beim-heimweltcup-in-schladming\/vertical-press-6\/\" class=\"wp-image-19375\" srcset=\"https:\/\/www.skimo.at\/sportler\/files\/2025\/03\/vertical-press-6-1024x769.jpg 1024w, https:\/\/www.skimo.at\/sportler\/files\/2025\/03\/vertical-press-6-300x225.jpg 300w, https:\/\/www.skimo.at\/sportler\/files\/2025\/03\/vertical-press-6-768x576.jpg 768w, https:\/\/www.skimo.at\/sportler\/files\/2025\/03\/vertical-press-6-1224x919.jpg 1224w, https:\/\/www.skimo.at\/sportler\/files\/2025\/03\/vertical-press-6-970x728.jpg 970w, https:\/\/www.skimo.at\/sportler\/files\/2025\/03\/vertical-press-6-554x416.jpg 554w, https:\/\/www.skimo.at\/sportler\/files\/2025\/03\/vertical-press-6-124x93.jpg 124w, https:\/\/www.skimo.at\/sportler\/files\/2025\/03\/vertical-press-6.jpg 1920w\" sizes=\"(max-width: 1024px) 100vw, 1024px\" \/><\/a><figcaption class=\"blocks-gallery-item__caption\">vertical press 6<\/figcaption><\/figure><\/li><li class=\"blocks-gallery-item\"><figure><a href=\"https:\/\/www.skimo.at\/sportler\/19352\/zweimal-platz-4-das-maximum-beim-heimweltcup-in-schladming\/vertical-press-7\/\"><img loading=\"lazy\" width=\"1024\" height=\"769\" src=\"https:\/\/www.skimo.at\/sportler\/files\/2025\/03\/vertical-press-7-1024x769.jpg\" alt=\"vertical press 7\" data-id=\"19376\" data-full-url=\"https:\/\/www.skimo.at\/sportler\/files\/2025\/03\/vertical-press-7.jpg\" data-link=\"https:\/\/www.skimo.at\/sportler\/19352\/zweimal-platz-4-das-maximum-beim-heimweltcup-in-schladming\/vertical-press-7\/\" class=\"wp-image-19376\" srcset=\"https:\/\/www.skimo.at\/sportler\/files\/2025\/03\/vertical-press-7-1024x769.jpg 1024w, https:\/\/www.skimo.at\/sportler\/files\/2025\/03\/vertical-press-7-300x225.jpg 300w, https:\/\/www.skimo.at\/sportler\/files\/2025\/03\/vertical-press-7-768x576.jpg 768w, https:\/\/www.skimo.at\/sportler\/files\/2025\/03\/vertical-press-7-1224x919.jpg 1224w, https:\/\/www.skimo.at\/sportler\/files\/2025\/03\/vertical-press-7-970x728.jpg 970w, https:\/\/www.skimo.at\/sportler\/files\/2025\/03\/vertical-press-7-554x416.jpg 554w, https:\/\/www.skimo.at\/sportler\/files\/2025\/03\/vertical-press-7-124x93.jpg 124w, https:\/\/www.skimo.at\/sportler\/files\/2025\/03\/vertical-press-7.jpg 1920w\" sizes=\"(max-width: 1024px) 100vw, 1024px\" \/><\/a><figcaption class=\"blocks-gallery-item__caption\">vertical press 7<\/figcaption><\/figure><\/li><li class=\"blocks-gallery-item\"><figure><a href=\"https:\/\/www.skimo.at\/sportler\/19352\/zweimal-platz-4-das-maximum-beim-heimweltcup-in-schladming\/vertical-press-8\/\"><img loading=\"lazy\" width=\"1024\" height=\"769\" src=\"https:\/\/www.skimo.at\/sportler\/files\/2025\/03\/vertical-press-8-1024x769.jpg\" alt=\"vertical press 8\" data-id=\"19377\" data-full-url=\"https:\/\/www.skimo.at\/sportler\/files\/2025\/03\/vertical-press-8.jpg\" data-link=\"https:\/\/www.skimo.at\/sportler\/19352\/zweimal-platz-4-das-maximum-beim-heimweltcup-in-schladming\/vertical-press-8\/\" class=\"wp-image-19377\" srcset=\"https:\/\/www.skimo.at\/sportler\/files\/2025\/03\/vertical-press-8-1024x769.jpg 1024w, https:\/\/www.skimo.at\/sportler\/files\/2025\/03\/vertical-press-8-300x225.jpg 300w, https:\/\/www.skimo.at\/sportler\/files\/2025\/03\/vertical-press-8-768x576.jpg 768w, https:\/\/www.skimo.at\/sportler\/files\/2025\/03\/vertical-press-8-1224x919.jpg 1224w, https:\/\/www.skimo.at\/sportler\/files\/2025\/03\/vertical-press-8-970x728.jpg 970w, https:\/\/www.skimo.at\/sportler\/files\/2025\/03\/vertical-press-8-554x416.jpg 554w, https:\/\/www.skimo.at\/sportler\/files\/2025\/03\/vertical-press-8-124x93.jpg 124w, https:\/\/www.skimo.at\/sportler\/files\/2025\/03\/vertical-press-8.jpg 1920w\" sizes=\"(max-width: 1024px) 100vw, 1024px\" \/><\/a><figcaption class=\"blocks-gallery-item__caption\">vertical press 8<\/figcaption><\/figure><\/li><li class=\"blocks-gallery-item\"><figure><a href=\"https:\/\/www.skimo.at\/sportler\/19352\/zweimal-platz-4-das-maximum-beim-heimweltcup-in-schladming\/vertical-press-9\/\"><img loading=\"lazy\" width=\"1024\" height=\"769\" src=\"https:\/\/www.skimo.at\/sportler\/files\/2025\/03\/vertical-press-9-1024x769.jpg\" alt=\"vertical press 9\" data-id=\"19378\" data-full-url=\"https:\/\/www.skimo.at\/sportler\/files\/2025\/03\/vertical-press-9.jpg\" data-link=\"https:\/\/www.skimo.at\/sportler\/19352\/zweimal-platz-4-das-maximum-beim-heimweltcup-in-schladming\/vertical-press-9\/\" class=\"wp-image-19378\" srcset=\"https:\/\/www.skimo.at\/sportler\/files\/2025\/03\/vertical-press-9-1024x769.jpg 1024w, https:\/\/www.skimo.at\/sportler\/files\/2025\/03\/vertical-press-9-300x225.jpg 300w, https:\/\/www.skimo.at\/sportler\/files\/2025\/03\/vertical-press-9-768x576.jpg 768w, https:\/\/www.skimo.at\/sportler\/files\/2025\/03\/vertical-press-9-1224x919.jpg 1224w, https:\/\/www.skimo.at\/sportler\/files\/2025\/03\/vertical-press-9-970x728.jpg 970w, https:\/\/www.skimo.at\/sportler\/files\/2025\/03\/vertical-press-9-554x416.jpg 554w, https:\/\/www.skimo.at\/sportler\/files\/2025\/03\/vertical-press-9-124x93.jpg 124w, https:\/\/www.skimo.at\/sportler\/files\/2025\/03\/vertical-press-9.jpg 1920w\" sizes=\"(max-width: 1024px) 100vw, 1024px\" \/><\/a><figcaption class=\"blocks-gallery-item__caption\">vertical press 9<\/figcaption><\/figure><\/li><li class=\"blocks-gallery-item\"><figure><a href=\"https:\/\/www.skimo.at\/sportler\/19352\/zweimal-platz-4-das-maximum-beim-heimweltcup-in-schladming\/vertical-press-10\/\"><img loading=\"lazy\" width=\"1024\" height=\"769\" src=\"https:\/\/www.skimo.at\/sportler\/files\/2025\/03\/vertical-press-10-1024x769.jpg\" alt=\"vertical press 10\" data-id=\"19379\" data-full-url=\"https:\/\/www.skimo.at\/sportler\/files\/2025\/03\/vertical-press-10.jpg\" data-link=\"https:\/\/www.skimo.at\/sportler\/19352\/zweimal-platz-4-das-maximum-beim-heimweltcup-in-schladming\/vertical-press-10\/\" class=\"wp-image-19379\" srcset=\"https:\/\/www.skimo.at\/sportler\/files\/2025\/03\/vertical-press-10-1024x769.jpg 1024w, https:\/\/www.skimo.at\/sportler\/files\/2025\/03\/vertical-press-10-300x225.jpg 300w, https:\/\/www.skimo.at\/sportler\/files\/2025\/03\/vertical-press-10-768x576.jpg 768w, https:\/\/www.skimo.at\/sportler\/files\/2025\/03\/vertical-press-10-1224x919.jpg 1224w, https:\/\/www.skimo.at\/sportler\/files\/2025\/03\/vertical-press-10-970x728.jpg 970w, https:\/\/www.skimo.at\/sportler\/files\/2025\/03\/vertical-press-10-554x416.jpg 554w, https:\/\/www.skimo.at\/sportler\/files\/2025\/03\/vertical-press-10-124x93.jpg 124w, https:\/\/www.skimo.at\/sportler\/files\/2025\/03\/vertical-press-10.jpg 1920w\" sizes=\"(max-width: 1024px) 100vw, 1024px\" \/><\/a><figcaption class=\"blocks-gallery-item__caption\">vertical press 10<\/figcaption><\/figure><\/li><li class=\"blocks-gallery-item\"><figure><a href=\"https:\/\/www.skimo.at\/sportler\/19352\/zweimal-platz-4-das-maximum-beim-heimweltcup-in-schladming\/vertical-press-11\/\"><img loading=\"lazy\" width=\"1024\" height=\"769\" src=\"https:\/\/www.skimo.at\/sportler\/files\/2025\/03\/vertical-press-11-1024x769.jpg\" alt=\"vertical press 11\" data-id=\"19380\" data-full-url=\"https:\/\/www.skimo.at\/sportler\/files\/2025\/03\/vertical-press-11.jpg\" data-link=\"https:\/\/www.skimo.at\/sportler\/19352\/zweimal-platz-4-das-maximum-beim-heimweltcup-in-schladming\/vertical-press-11\/\" class=\"wp-image-19380\" srcset=\"https:\/\/www.skimo.at\/sportler\/files\/2025\/03\/vertical-press-11-1024x769.jpg 1024w, https:\/\/www.skimo.at\/sportler\/files\/2025\/03\/vertical-press-11-300x225.jpg 300w, https:\/\/www.skimo.at\/sportler\/files\/2025\/03\/vertical-press-11-768x576.jpg 768w, https:\/\/www.skimo.at\/sportler\/files\/2025\/03\/vertical-press-11-1224x919.jpg 1224w, https:\/\/www.skimo.at\/sportler\/files\/2025\/03\/vertical-press-11-970x728.jpg 970w, https:\/\/www.skimo.at\/sportler\/files\/2025\/03\/vertical-press-11-554x416.jpg 554w, https:\/\/www.skimo.at\/sportler\/files\/2025\/03\/vertical-press-11-124x93.jpg 124w, https:\/\/www.skimo.at\/sportler\/files\/2025\/03\/vertical-press-11.jpg 1920w\" sizes=\"(max-width: 1024px) 100vw, 1024px\" \/><\/a><figcaption class=\"blocks-gallery-item__caption\">vertical press 11<\/figcaption><\/figure><\/li><li class=\"blocks-gallery-item\"><figure><a href=\"https:\/\/www.skimo.at\/sportler\/19352\/zweimal-platz-4-das-maximum-beim-heimweltcup-in-schladming\/vertical-press-12\/\"><img loading=\"lazy\" width=\"1024\" height=\"769\" src=\"https:\/\/www.skimo.at\/sportler\/files\/2025\/03\/vertical-press-12-1024x769.jpg\" alt=\"vertical press 12\" data-id=\"19381\" data-full-url=\"https:\/\/www.skimo.at\/sportler\/files\/2025\/03\/vertical-press-12.jpg\" data-link=\"https:\/\/www.skimo.at\/sportler\/19352\/zweimal-platz-4-das-maximum-beim-heimweltcup-in-schladming\/vertical-press-12\/\" class=\"wp-image-19381\" srcset=\"https:\/\/www.skimo.at\/sportler\/files\/2025\/03\/vertical-press-12-1024x769.jpg 1024w, https:\/\/www.skimo.at\/sportler\/files\/2025\/03\/vertical-press-12-300x225.jpg 300w, https:\/\/www.skimo.at\/sportler\/files\/2025\/03\/vertical-press-12-768x576.jpg 768w, https:\/\/www.skimo.at\/sportler\/files\/2025\/03\/vertical-press-12-1224x919.jpg 1224w, https:\/\/www.skimo.at\/sportler\/files\/2025\/03\/vertical-press-12-970x728.jpg 970w, https:\/\/www.skimo.at\/sportler\/files\/2025\/03\/vertical-press-12-554x416.jpg 554w, https:\/\/www.skimo.at\/sportler\/files\/2025\/03\/vertical-press-12-124x93.jpg 124w, https:\/\/www.skimo.at\/sportler\/files\/2025\/03\/vertical-press-12.jpg 1920w\" sizes=\"(max-width: 1024px) 100vw, 1024px\" \/><\/a><figcaption class=\"blocks-gallery-item__caption\">vertical press 12<\/figcaption><\/figure><\/li><li class=\"blocks-gallery-item\"><figure><a href=\"https:\/\/www.skimo.at\/sportler\/19352\/zweimal-platz-4-das-maximum-beim-heimweltcup-in-schladming\/vertical-press-13\/\"><img loading=\"lazy\" width=\"1024\" height=\"769\" src=\"https:\/\/www.skimo.at\/sportler\/files\/2025\/03\/vertical-press-13-1024x769.jpg\" alt=\"vertical press 13\" data-id=\"19382\" data-full-url=\"https:\/\/www.skimo.at\/sportler\/files\/2025\/03\/vertical-press-13.jpg\" data-link=\"https:\/\/www.skimo.at\/sportler\/19352\/zweimal-platz-4-das-maximum-beim-heimweltcup-in-schladming\/vertical-press-13\/\" class=\"wp-image-19382\" srcset=\"https:\/\/www.skimo.at\/sportler\/files\/2025\/03\/vertical-press-13-1024x769.jpg 1024w, https:\/\/www.skimo.at\/sportler\/files\/2025\/03\/vertical-press-13-300x225.jpg 300w, https:\/\/www.skimo.at\/sportler\/files\/2025\/03\/vertical-press-13-768x576.jpg 768w, https:\/\/www.skimo.at\/sportler\/files\/2025\/03\/vertical-press-13-1224x919.jpg 1224w, https:\/\/www.skimo.at\/sportler\/files\/2025\/03\/vertical-press-13-970x728.jpg 970w, https:\/\/www.skimo.at\/sportler\/files\/2025\/03\/vertical-press-13-554x416.jpg 554w, https:\/\/www.skimo.at\/sportler\/files\/2025\/03\/vertical-press-13-124x93.jpg 124w, https:\/\/www.skimo.at\/sportler\/files\/2025\/03\/vertical-press-13.jpg 1920w\" sizes=\"(max-width: 1024px) 100vw, 1024px\" \/><\/a><figcaption class=\"blocks-gallery-item__caption\">vertical press 13<\/figcaption><\/figure><\/li><li class=\"blocks-gallery-item\"><figure><a href=\"https:\/\/www.skimo.at\/sportler\/19352\/zweimal-platz-4-das-maximum-beim-heimweltcup-in-schladming\/vertical-press-14\/\"><img loading=\"lazy\" width=\"1024\" height=\"769\" src=\"https:\/\/www.skimo.at\/sportler\/files\/2025\/03\/vertical-press-14-1024x769.jpg\" alt=\"vertical press 14\" data-id=\"19383\" data-full-url=\"https:\/\/www.skimo.at\/sportler\/files\/2025\/03\/vertical-press-14.jpg\" data-link=\"https:\/\/www.skimo.at\/sportler\/19352\/zweimal-platz-4-das-maximum-beim-heimweltcup-in-schladming\/vertical-press-14\/\" class=\"wp-image-19383\" srcset=\"https:\/\/www.skimo.at\/sportler\/files\/2025\/03\/vertical-press-14-1024x769.jpg 1024w, https:\/\/www.skimo.at\/sportler\/files\/2025\/03\/vertical-press-14-300x225.jpg 300w, https:\/\/www.skimo.at\/sportler\/files\/2025\/03\/vertical-press-14-768x576.jpg 768w, https:\/\/www.skimo.at\/sportler\/files\/2025\/03\/vertical-press-14-1224x919.jpg 1224w, https:\/\/www.skimo.at\/sportler\/files\/2025\/03\/vertical-press-14-970x728.jpg 970w, https:\/\/www.skimo.at\/sportler\/files\/2025\/03\/vertical-press-14-554x416.jpg 554w, https:\/\/www.skimo.at\/sportler\/files\/2025\/03\/vertical-press-14-124x93.jpg 124w, https:\/\/www.skimo.at\/sportler\/files\/2025\/03\/vertical-press-14.jpg 1920w\" sizes=\"(max-width: 1024px) 100vw, 1024px\" \/><\/a><figcaption class=\"blocks-gallery-item__caption\">vertical press 14<\/figcaption><\/figure><\/li><li class=\"blocks-gallery-item\"><figure><a href=\"https:\/\/www.skimo.at\/sportler\/19352\/zweimal-platz-4-das-maximum-beim-heimweltcup-in-schladming\/vertical-press-15\/\"><img loading=\"lazy\" width=\"1024\" height=\"769\" src=\"https:\/\/www.skimo.at\/sportler\/files\/2025\/03\/vertical-press-15-1024x769.jpg\" alt=\"vertical press 15\" data-id=\"19384\" data-full-url=\"https:\/\/www.skimo.at\/sportler\/files\/2025\/03\/vertical-press-15.jpg\" data-link=\"https:\/\/www.skimo.at\/sportler\/19352\/zweimal-platz-4-das-maximum-beim-heimweltcup-in-schladming\/vertical-press-15\/\" class=\"wp-image-19384\" srcset=\"https:\/\/www.skimo.at\/sportler\/files\/2025\/03\/vertical-press-15-1024x769.jpg 1024w, https:\/\/www.skimo.at\/sportler\/files\/2025\/03\/vertical-press-15-300x225.jpg 300w, https:\/\/www.skimo.at\/sportler\/files\/2025\/03\/vertical-press-15-768x576.jpg 768w, https:\/\/www.skimo.at\/sportler\/files\/2025\/03\/vertical-press-15-1224x919.jpg 1224w, https:\/\/www.skimo.at\/sportler\/files\/2025\/03\/vertical-press-15-970x728.jpg 970w, https:\/\/www.skimo.at\/sportler\/files\/2025\/03\/vertical-press-15-554x416.jpg 554w, https:\/\/www.skimo.at\/sportler\/files\/2025\/03\/vertical-press-15-124x93.jpg 124w, https:\/\/www.skimo.at\/sportler\/files\/2025\/03\/vertical-press-15.jpg 1920w\" sizes=\"(max-width: 1024px) 100vw, 1024px\" \/><\/a><figcaption class=\"blocks-gallery-item__caption\">vertical press 15<\/figcaption><\/figure><\/li><li class=\"blocks-gallery-item\"><figure><a href=\"https:\/\/www.skimo.at\/sportler\/19352\/zweimal-platz-4-das-maximum-beim-heimweltcup-in-schladming\/vertical-press-16\/\"><img loading=\"lazy\" width=\"1024\" height=\"769\" src=\"https:\/\/www.skimo.at\/sportler\/files\/2025\/03\/vertical-press-16-1024x769.jpg\" alt=\"vertical press 16\" data-id=\"19385\" data-full-url=\"https:\/\/www.skimo.at\/sportler\/files\/2025\/03\/vertical-press-16.jpg\" data-link=\"https:\/\/www.skimo.at\/sportler\/19352\/zweimal-platz-4-das-maximum-beim-heimweltcup-in-schladming\/vertical-press-16\/\" class=\"wp-image-19385\" srcset=\"https:\/\/www.skimo.at\/sportler\/files\/2025\/03\/vertical-press-16-1024x769.jpg 1024w, https:\/\/www.skimo.at\/sportler\/files\/2025\/03\/vertical-press-16-300x225.jpg 300w, https:\/\/www.skimo.at\/sportler\/files\/2025\/03\/vertical-press-16-768x576.jpg 768w, https:\/\/www.skimo.at\/sportler\/files\/2025\/03\/vertical-press-16-1224x919.jpg 1224w, https:\/\/www.skimo.at\/sportler\/files\/2025\/03\/vertical-press-16-970x728.jpg 970w, https:\/\/www.skimo.at\/sportler\/files\/2025\/03\/vertical-press-16-554x416.jpg 554w, https:\/\/www.skimo.at\/sportler\/files\/2025\/03\/vertical-press-16-124x93.jpg 124w, https:\/\/www.skimo.at\/sportler\/files\/2025\/03\/vertical-press-16.jpg 1920w\" sizes=\"(max-width: 1024px) 100vw, 1024px\" \/><\/a><figcaption class=\"blocks-gallery-item__caption\">vertical press 16<\/figcaption><\/figure><\/li><li class=\"blocks-gallery-item\"><figure><a href=\"https:\/\/www.skimo.at\/sportler\/19352\/zweimal-platz-4-das-maximum-beim-heimweltcup-in-schladming\/vertical-press-17\/\"><img loading=\"lazy\" width=\"1024\" height=\"769\" src=\"https:\/\/www.skimo.at\/sportler\/files\/2025\/03\/vertical-press-17-1024x769.jpg\" alt=\"vertical press 17\" data-id=\"19386\" data-full-url=\"https:\/\/www.skimo.at\/sportler\/files\/2025\/03\/vertical-press-17.jpg\" data-link=\"https:\/\/www.skimo.at\/sportler\/19352\/zweimal-platz-4-das-maximum-beim-heimweltcup-in-schladming\/vertical-press-17\/\" class=\"wp-image-19386\" srcset=\"https:\/\/www.skimo.at\/sportler\/files\/2025\/03\/vertical-press-17-1024x769.jpg 1024w, https:\/\/www.skimo.at\/sportler\/files\/2025\/03\/vertical-press-17-300x225.jpg 300w, https:\/\/www.skimo.at\/sportler\/files\/2025\/03\/vertical-press-17-768x576.jpg 768w, https:\/\/www.skimo.at\/sportler\/files\/2025\/03\/vertical-press-17-1224x919.jpg 1224w, https:\/\/www.skimo.at\/sportler\/files\/2025\/03\/vertical-press-17-970x728.jpg 970w, https:\/\/www.skimo.at\/sportler\/files\/2025\/03\/vertical-press-17-554x416.jpg 554w, https:\/\/www.skimo.at\/sportler\/files\/2025\/03\/vertical-press-17-124x93.jpg 124w, https:\/\/www.skimo.at\/sportler\/files\/2025\/03\/vertical-press-17.jpg 1920w\" sizes=\"(max-width: 1024px) 100vw, 1024px\" \/><\/a><figcaption class=\"blocks-gallery-item__caption\">vertical press 17<\/figcaption><\/figure><\/li><li class=\"blocks-gallery-item\"><figure><a href=\"https:\/\/www.skimo.at\/sportler\/19352\/zweimal-platz-4-das-maximum-beim-heimweltcup-in-schladming\/vertical-press-18\/\"><img loading=\"lazy\" width=\"1024\" height=\"769\" src=\"https:\/\/www.skimo.at\/sportler\/files\/2025\/03\/vertical-press-18-1024x769.jpg\" alt=\"vertical press 18\" data-id=\"19387\" data-full-url=\"https:\/\/www.skimo.at\/sportler\/files\/2025\/03\/vertical-press-18.jpg\" data-link=\"https:\/\/www.skimo.at\/sportler\/19352\/zweimal-platz-4-das-maximum-beim-heimweltcup-in-schladming\/vertical-press-18\/\" class=\"wp-image-19387\" srcset=\"https:\/\/www.skimo.at\/sportler\/files\/2025\/03\/vertical-press-18-1024x769.jpg 1024w, https:\/\/www.skimo.at\/sportler\/files\/2025\/03\/vertical-press-18-300x225.jpg 300w, https:\/\/www.skimo.at\/sportler\/files\/2025\/03\/vertical-press-18-768x576.jpg 768w, https:\/\/www.skimo.at\/sportler\/files\/2025\/03\/vertical-press-18-1224x919.jpg 1224w, https:\/\/www.skimo.at\/sportler\/files\/2025\/03\/vertical-press-18-970x728.jpg 970w, https:\/\/www.skimo.at\/sportler\/files\/2025\/03\/vertical-press-18-554x416.jpg 554w, https:\/\/www.skimo.at\/sportler\/files\/2025\/03\/vertical-press-18-124x93.jpg 124w, https:\/\/www.skimo.at\/sportler\/files\/2025\/03\/vertical-press-18.jpg 1920w\" sizes=\"(max-width: 1024px) 100vw, 1024px\" \/><\/a><figcaption class=\"blocks-gallery-item__caption\">vertical press 18<\/figcaption><\/figure><\/li><li class=\"blocks-gallery-item\"><figure><a href=\"https:\/\/www.skimo.at\/sportler\/19352\/zweimal-platz-4-das-maximum-beim-heimweltcup-in-schladming\/vertical-press-19\/\"><img loading=\"lazy\" width=\"1024\" height=\"769\" src=\"https:\/\/www.skimo.at\/sportler\/files\/2025\/03\/vertical-press-19-1024x769.jpg\" alt=\"vertical press 19\" data-id=\"19388\" data-full-url=\"https:\/\/www.skimo.at\/sportler\/files\/2025\/03\/vertical-press-19.jpg\" data-link=\"https:\/\/www.skimo.at\/sportler\/19352\/zweimal-platz-4-das-maximum-beim-heimweltcup-in-schladming\/vertical-press-19\/\" class=\"wp-image-19388\" srcset=\"https:\/\/www.skimo.at\/sportler\/files\/2025\/03\/vertical-press-19-1024x769.jpg 1024w, https:\/\/www.skimo.at\/sportler\/files\/2025\/03\/vertical-press-19-300x225.jpg 300w, https:\/\/www.skimo.at\/sportler\/files\/2025\/03\/vertical-press-19-768x576.jpg 768w, https:\/\/www.skimo.at\/sportler\/files\/2025\/03\/vertical-press-19-1224x919.jpg 1224w, https:\/\/www.skimo.at\/sportler\/files\/2025\/03\/vertical-press-19-970x728.jpg 970w, https:\/\/www.skimo.at\/sportler\/files\/2025\/03\/vertical-press-19-554x416.jpg 554w, https:\/\/www.skimo.at\/sportler\/files\/2025\/03\/vertical-press-19-124x93.jpg 124w, https:\/\/www.skimo.at\/sportler\/files\/2025\/03\/vertical-press-19.jpg 1920w\" sizes=\"(max-width: 1024px) 100vw, 1024px\" \/><\/a><figcaption class=\"blocks-gallery-item__caption\">vertical press 19<\/figcaption><\/figure><\/li><li class=\"blocks-gallery-item\"><figure><a href=\"https:\/\/www.skimo.at\/sportler\/19352\/zweimal-platz-4-das-maximum-beim-heimweltcup-in-schladming\/vertical-press-20\/\"><img loading=\"lazy\" width=\"1024\" height=\"683\" src=\"https:\/\/www.skimo.at\/sportler\/files\/2025\/03\/vertical-press-20-1024x683.jpg\" alt=\"vertical press 20\" data-id=\"19389\" data-full-url=\"https:\/\/www.skimo.at\/sportler\/files\/2025\/03\/vertical-press-20.jpg\" data-link=\"https:\/\/www.skimo.at\/sportler\/19352\/zweimal-platz-4-das-maximum-beim-heimweltcup-in-schladming\/vertical-press-20\/\" class=\"wp-image-19389\" srcset=\"https:\/\/www.skimo.at\/sportler\/files\/2025\/03\/vertical-press-20-1024x683.jpg 1024w, https:\/\/www.skimo.at\/sportler\/files\/2025\/03\/vertical-press-20-300x200.jpg 300w, https:\/\/www.skimo.at\/sportler\/files\/2025\/03\/vertical-press-20-768x512.jpg 768w, https:\/\/www.skimo.at\/sportler\/files\/2025\/03\/vertical-press-20-746x497.jpg 746w, https:\/\/www.skimo.at\/sportler\/files\/2025\/03\/vertical-press-20-618x412.jpg 618w, https:\/\/www.skimo.at\/sportler\/files\/2025\/03\/vertical-press-20-554x369.jpg 554w, https:\/\/www.skimo.at\/sportler\/files\/2025\/03\/vertical-press-20-299x199.jpg 299w, https:\/\/www.skimo.at\/sportler\/files\/2025\/03\/vertical-press-20-1224x816.jpg 1224w, https:\/\/www.skimo.at\/sportler\/files\/2025\/03\/vertical-press-20-970x647.jpg 970w, https:\/\/www.skimo.at\/sportler\/files\/2025\/03\/vertical-press-20-140x93.jpg 140w, https:\/\/www.skimo.at\/sportler\/files\/2025\/03\/vertical-press-20-540x360.jpg 540w, https:\/\/www.skimo.at\/sportler\/files\/2025\/03\/vertical-press-20.jpg 1920w\" sizes=\"(max-width: 1024px) 100vw, 1024px\" \/><\/a><figcaption class=\"blocks-gallery-item__caption\">vertical press 20<\/figcaption><\/figure><\/li><li class=\"blocks-gallery-item\"><figure><a href=\"https:\/\/www.skimo.at\/sportler\/19352\/zweimal-platz-4-das-maximum-beim-heimweltcup-in-schladming\/vertical-press-21\/\"><img loading=\"lazy\" width=\"1024\" height=\"769\" src=\"https:\/\/www.skimo.at\/sportler\/files\/2025\/03\/vertical-press-21-1024x769.jpg\" alt=\"vertical press 21\" data-id=\"19390\" data-full-url=\"https:\/\/www.skimo.at\/sportler\/files\/2025\/03\/vertical-press-21.jpg\" data-link=\"https:\/\/www.skimo.at\/sportler\/19352\/zweimal-platz-4-das-maximum-beim-heimweltcup-in-schladming\/vertical-press-21\/\" class=\"wp-image-19390\" srcset=\"https:\/\/www.skimo.at\/sportler\/files\/2025\/03\/vertical-press-21-1024x769.jpg 1024w, https:\/\/www.skimo.at\/sportler\/files\/2025\/03\/vertical-press-21-300x225.jpg 300w, https:\/\/www.skimo.at\/sportler\/files\/2025\/03\/vertical-press-21-768x576.jpg 768w, https:\/\/www.skimo.at\/sportler\/files\/2025\/03\/vertical-press-21-1224x919.jpg 1224w, https:\/\/www.skimo.at\/sportler\/files\/2025\/03\/vertical-press-21-970x728.jpg 970w, https:\/\/www.skimo.at\/sportler\/files\/2025\/03\/vertical-press-21-554x416.jpg 554w, https:\/\/www.skimo.at\/sportler\/files\/2025\/03\/vertical-press-21-124x93.jpg 124w, https:\/\/www.skimo.at\/sportler\/files\/2025\/03\/vertical-press-21.jpg 1920w\" sizes=\"(max-width: 1024px) 100vw, 1024px\" \/><\/a><figcaption class=\"blocks-gallery-item__caption\">vertical press 21<\/figcaption><\/figure><\/li><li class=\"blocks-gallery-item\"><figure><a href=\"https:\/\/www.skimo.at\/sportler\/19352\/zweimal-platz-4-das-maximum-beim-heimweltcup-in-schladming\/vertical-press-22\/\"><img loading=\"lazy\" width=\"1024\" height=\"769\" src=\"https:\/\/www.skimo.at\/sportler\/files\/2025\/03\/vertical-press-22-1024x769.jpg\" alt=\"vertical press 22\" data-id=\"19391\" data-full-url=\"https:\/\/www.skimo.at\/sportler\/files\/2025\/03\/vertical-press-22.jpg\" data-link=\"https:\/\/www.skimo.at\/sportler\/19352\/zweimal-platz-4-das-maximum-beim-heimweltcup-in-schladming\/vertical-press-22\/\" class=\"wp-image-19391\" srcset=\"https:\/\/www.skimo.at\/sportler\/files\/2025\/03\/vertical-press-22-1024x769.jpg 1024w, https:\/\/www.skimo.at\/sportler\/files\/2025\/03\/vertical-press-22-300x225.jpg 300w, https:\/\/www.skimo.at\/sportler\/files\/2025\/03\/vertical-press-22-768x576.jpg 768w, https:\/\/www.skimo.at\/sportler\/files\/2025\/03\/vertical-press-22-1224x919.jpg 1224w, https:\/\/www.skimo.at\/sportler\/files\/2025\/03\/vertical-press-22-970x728.jpg 970w, https:\/\/www.skimo.at\/sportler\/files\/2025\/03\/vertical-press-22-554x416.jpg 554w, https:\/\/www.skimo.at\/sportler\/files\/2025\/03\/vertical-press-22-124x93.jpg 124w, https:\/\/www.skimo.at\/sportler\/files\/2025\/03\/vertical-press-22.jpg 1920w\" sizes=\"(max-width: 1024px) 100vw, 1024px\" \/><\/a><figcaption class=\"blocks-gallery-item__caption\">vertical press 22<\/figcaption><\/figure><\/li><li class=\"blocks-gallery-item\"><figure><a href=\"https:\/\/www.skimo.at\/sportler\/19352\/zweimal-platz-4-das-maximum-beim-heimweltcup-in-schladming\/vertical-press-23\/\"><img loading=\"lazy\" width=\"1024\" height=\"769\" src=\"https:\/\/www.skimo.at\/sportler\/files\/2025\/03\/vertical-press-23-1024x769.jpg\" alt=\"vertical press 23\" data-id=\"19392\" data-full-url=\"https:\/\/www.skimo.at\/sportler\/files\/2025\/03\/vertical-press-23.jpg\" data-link=\"https:\/\/www.skimo.at\/sportler\/19352\/zweimal-platz-4-das-maximum-beim-heimweltcup-in-schladming\/vertical-press-23\/\" class=\"wp-image-19392\" srcset=\"https:\/\/www.skimo.at\/sportler\/files\/2025\/03\/vertical-press-23-1024x769.jpg 1024w, https:\/\/www.skimo.at\/sportler\/files\/2025\/03\/vertical-press-23-300x225.jpg 300w, https:\/\/www.skimo.at\/sportler\/files\/2025\/03\/vertical-press-23-768x576.jpg 768w, https:\/\/www.skimo.at\/sportler\/files\/2025\/03\/vertical-press-23-1224x919.jpg 1224w, https:\/\/www.skimo.at\/sportler\/files\/2025\/03\/vertical-press-23-970x728.jpg 970w, https:\/\/www.skimo.at\/sportler\/files\/2025\/03\/vertical-press-23-554x416.jpg 554w, https:\/\/www.skimo.at\/sportler\/files\/2025\/03\/vertical-press-23-124x93.jpg 124w, https:\/\/www.skimo.at\/sportler\/files\/2025\/03\/vertical-press-23.jpg 1920w\" sizes=\"(max-width: 1024px) 100vw, 1024px\" \/><\/a><figcaption class=\"blocks-gallery-item__caption\">vertical press 23<\/figcaption><\/figure><\/li><\/ul><\/figure>\n","protected":false},"excerpt":{"rendered":"<p>Das Vertical-Rennen beim heutigen ISMF Weltcup der Skibergsteiger auf der Planai in Schladming endet f\u00fcr Sarah Dreier und Paul Verbnjak als beste \u00d6SV-L\u00e4ufer auf Platz 4. Johanna Hiemer musste das Rennen krankheitsbedingt auslassen und wird auch beim morgigen Sprint nicht an den Start gehen. Nach zwei Siegen auf heimischem Boden war f\u00fcr Sarah Dreier, trotz [&hellip;]<\/p>\n","protected":false},"author":3,"featured_media":19375,"comment_status":"closed","ping_status":"closed","sticky":false,"template":"","format":"standard","meta":[],"categories":[1,3],"tags":[],"yoast_head":"<!-- This site is optimized with the Yoast SEO plugin v16.3 - https:\/\/yoast.com\/wordpress\/plugins\/seo\/ -->\n<title>Bonnet und Alexandersson siegen - zweimal Platz 4 f\u00fcr \u00d6 \u2013 das Maximum beim ISMF Weltcup in Schladming - Sportler<\/title>\n<meta name=\"robots\" content=\"index, follow, max-snippet:-1, max-image-preview:large, max-video-preview:-1\" \/>\n<link rel=\"canonical\" href=\"https:\/\/www.skimo.at\/sportler\/19352\/zweimal-platz-4-das-maximum-beim-heimweltcup-in-schladming\/\" \/>\n<meta property=\"og:locale\" content=\"de_DE\" \/>\n<meta property=\"og:type\" content=\"article\" \/>\n<meta property=\"og:title\" content=\"Bonnet und Alexandersson siegen - zweimal Platz 4 f\u00fcr \u00d6 \u2013 das Maximum beim ISMF Weltcup in Schladming - Sportler\" \/>\n<meta property=\"og:description\" content=\"Das Vertical-Rennen beim heutigen ISMF Weltcup der Skibergsteiger auf der Planai in Schladming endet f\u00fcr Sarah Dreier und Paul Verbnjak als beste \u00d6SV-L\u00e4ufer auf Platz 4. Johanna Hiemer musste das Rennen krankheitsbedingt auslassen und wird auch beim morgigen Sprint nicht an den Start gehen. Nach zwei Siegen auf heimischem Boden war f\u00fcr Sarah Dreier, trotz [&hellip;]\" \/>\n<meta property=\"og:url\" content=\"https:\/\/www.skimo.at\/sportler\/19352\/zweimal-platz-4-das-maximum-beim-heimweltcup-in-schladming\/\" \/>\n<meta property=\"og:site_name\" content=\"Sportler\" \/>\n<meta property=\"article:published_time\" content=\"2025-03-14T17:01:12+00:00\" \/>\n<meta property=\"article:modified_time\" content=\"2025-03-14T17:31:47+00:00\" \/>\n<meta property=\"og:image\" content=\"https:\/\/www.skimo.at\/sportler\/files\/2025\/03\/vertical-press-6.jpg\" \/>\n\t<meta property=\"og:image:width\" content=\"1920\" \/>\n\t<meta property=\"og:image:height\" content=\"1441\" \/>\n<meta name=\"twitter:card\" content=\"summary\" \/>\n<meta name=\"twitter:label1\" content=\"Gesch\u00e4tzte Lesezeit\">\n\t<meta name=\"twitter:data1\" content=\"10\u00a0Minuten\">\n<script type=\"application\/ld+json\" class=\"yoast-schema-graph\">{\"@context\":\"https:\/\/schema.org\",\"@graph\":[{\"@type\":\"WebSite\",\"@id\":\"https:\/\/skimo.73.jarolim.eu\/sportler\/#website\",\"url\":\"https:\/\/skimo.73.jarolim.eu\/sportler\/\",\"name\":\"Sportler\",\"description\":\"\",\"potentialAction\":[{\"@type\":\"SearchAction\",\"target\":\"https:\/\/skimo.73.jarolim.eu\/sportler\/?s={search_term_string}\",\"query-input\":\"required name=search_term_string\"}],\"inLanguage\":\"de\"},{\"@type\":\"ImageObject\",\"@id\":\"https:\/\/www.skimo.at\/sportler\/19352\/zweimal-platz-4-das-maximum-beim-heimweltcup-in-schladming\/#primaryimage\",\"inLanguage\":\"de\",\"url\":\"https:\/\/www.skimo.at\/sportler\/files\/2025\/03\/vertical-press-6.jpg\",\"contentUrl\":\"https:\/\/www.skimo.at\/sportler\/files\/2025\/03\/vertical-press-6.jpg\",\"width\":1920,\"height\":1441,\"caption\":\"vertical press 6\"},{\"@type\":\"WebPage\",\"@id\":\"https:\/\/www.skimo.at\/sportler\/19352\/zweimal-platz-4-das-maximum-beim-heimweltcup-in-schladming\/#webpage\",\"url\":\"https:\/\/www.skimo.at\/sportler\/19352\/zweimal-platz-4-das-maximum-beim-heimweltcup-in-schladming\/\",\"name\":\"Bonnet und Alexandersson siegen - zweimal Platz 4 f\\u00fcr \\u00d6 \\u2013 das Maximum beim ISMF Weltcup in Schladming - Sportler\",\"isPartOf\":{\"@id\":\"https:\/\/skimo.73.jarolim.eu\/sportler\/#website\"},\"primaryImageOfPage\":{\"@id\":\"https:\/\/www.skimo.at\/sportler\/19352\/zweimal-platz-4-das-maximum-beim-heimweltcup-in-schladming\/#primaryimage\"},\"datePublished\":\"2025-03-14T17:01:12+00:00\",\"dateModified\":\"2025-03-14T17:31:47+00:00\",\"author\":{\"@id\":\"https:\/\/skimo.73.jarolim.eu\/sportler\/#\/schema\/person\/796ecbce6796efca58bf848ca63ec12c\"},\"breadcrumb\":{\"@id\":\"https:\/\/www.skimo.at\/sportler\/19352\/zweimal-platz-4-das-maximum-beim-heimweltcup-in-schladming\/#breadcrumb\"},\"inLanguage\":\"de\",\"potentialAction\":[{\"@type\":\"ReadAction\",\"target\":[\"https:\/\/www.skimo.at\/sportler\/19352\/zweimal-platz-4-das-maximum-beim-heimweltcup-in-schladming\/\"]}]},{\"@type\":\"BreadcrumbList\",\"@id\":\"https:\/\/www.skimo.at\/sportler\/19352\/zweimal-platz-4-das-maximum-beim-heimweltcup-in-schladming\/#breadcrumb\",\"itemListElement\":[{\"@type\":\"ListItem\",\"position\":1,\"item\":{\"@type\":\"WebPage\",\"@id\":\"https:\/\/skimo.73.jarolim.eu\/sportler\/\",\"url\":\"https:\/\/skimo.73.jarolim.eu\/sportler\/\",\"name\":\"Home\"}},{\"@type\":\"ListItem\",\"position\":2,\"item\":{\"@id\":\"https:\/\/www.skimo.at\/sportler\/19352\/zweimal-platz-4-das-maximum-beim-heimweltcup-in-schladming\/#webpage\"}}]},{\"@type\":\"Person\",\"@id\":\"https:\/\/skimo.73.jarolim.eu\/sportler\/#\/schema\/person\/796ecbce6796efca58bf848ca63ec12c\",\"name\":\"kposch\",\"image\":{\"@type\":\"ImageObject\",\"@id\":\"https:\/\/skimo.73.jarolim.eu\/sportler\/#personlogo\",\"inLanguage\":\"de\",\"url\":\"https:\/\/secure.gravatar.com\/avatar\/e9f5f28da60e5e563d3f4d3cc0b9b425?s=96&r=g\",\"contentUrl\":\"https:\/\/secure.gravatar.com\/avatar\/e9f5f28da60e5e563d3f4d3cc0b9b425?s=96&r=g\",\"caption\":\"kposch\"},\"url\":\"https:\/\/www.skimo.at\/sportler\/author\/kposch\/\"}]}<\/script>\n<!-- \/ Yoast SEO plugin. -->","_links":{"self":[{"href":"https:\/\/www.skimo.at\/sportler\/wp-json\/wp\/v2\/posts\/19352"}],"collection":[{"href":"https:\/\/www.skimo.at\/sportler\/wp-json\/wp\/v2\/posts"}],"about":[{"href":"https:\/\/www.skimo.at\/sportler\/wp-json\/wp\/v2\/types\/post"}],"author":[{"embeddable":true,"href":"https:\/\/www.skimo.at\/sportler\/wp-json\/wp\/v2\/users\/3"}],"replies":[{"embeddable":true,"href":"https:\/\/www.skimo.at\/sportler\/wp-json\/wp\/v2\/comments?post=19352"}],"version-history":[{"count":7,"href":"https:\/\/www.skimo.at\/sportler\/wp-json\/wp\/v2\/posts\/19352\/revisions"}],"predecessor-version":[{"id":19396,"href":"https:\/\/www.skimo.at\/sportler\/wp-json\/wp\/v2\/posts\/19352\/revisions\/19396"}],"wp:featuredmedia":[{"embeddable":true,"href":"https:\/\/www.skimo.at\/sportler\/wp-json\/wp\/v2\/media\/19375"}],"wp:attachment":[{"href":"https:\/\/www.skimo.at\/sportler\/wp-json\/wp\/v2\/media?parent=19352"}],"wp:term":[{"taxonomy":"category","embeddable":true,"href":"https:\/\/www.skimo.at\/sportler\/wp-json\/wp\/v2\/categories?post=19352"},{"taxonomy":"post_tag","embeddable":true,"href":"https:\/\/www.skimo.at\/sportler\/wp-json\/wp\/v2\/tags?post=19352"}],"curies":[{"name":"wp","href":"https:\/\/api.w.org\/{rel}","templated":true}]}}