{"id":19238,"date":"2025-03-03T18:14:19","date_gmt":"2025-03-03T16:14:19","guid":{"rendered":"https:\/\/www.skimo.at\/sportler\/?p=19238"},"modified":"2025-03-03T21:09:31","modified_gmt":"2025-03-03T19:09:31","slug":"wm-platz-4-fuer-hiemer-und-verbnjak-beim-mixed-relay","status":"publish","type":"post","link":"https:\/\/www.skimo.at\/sportler\/19238\/wm-platz-4-fuer-hiemer-und-verbnjak-beim-mixed-relay\/","title":{"rendered":"WM-Platz 4 f\u00fcr Hiemer und Verbnjak beim Mixed Relay"},"content":{"rendered":"\n<p>Johanna Hiemer und Paul Verbnjak verpassen die WM-Medaille im Mixed Team Relay knapp und kommen auf Platz 4 ins Ziel.&nbsp;<\/p>\n\n\n\n<!--more-->\n\n\n\n<p>Mit der Mixed Staffel haben die Weltmeisterschaften der Skibergsteiger in Morgins (SUI) heute Fahrt aufgenommen. Das \u00d6SV-Team mit Johanna Hiemer und Paul Verbnjak hatte gestern noch die Devise \u201ealles nur nicht Platz 4\u201c ausgegeben. Aufgrund der Ergebnisse aus den letzten Weltcupbewerben und Top-Zeiten in der Qualifikation durfte sich die rot-wei\u00df-rote Paarung durchaus berechtigte Hoffnungen auf einen Medaillenplatz und damit auch auf einen Direkt-Startplatz f\u00fcr Olympia 2026 machen.&nbsp;<\/p>\n\n\n\n<p>Startl\u00e4uferin Johanna Hiemer, die sonst eigentlich eher f\u00fcr ihre Blitzstarts bekannt ist, konnte sich diesmal nicht direkt an die Spitze des Feldes setzen, sondern fand sich im ersten Anstieg in der Mitte des Feldes wieder. Im Laufe des Durchgangs k\u00e4mpfte sich die Steirerin jedoch bis auf Platz 5 nach vorne und \u00fcbergab auf dieser Position liegend an Paul Verbnjak. Der K\u00e4rntner konnte, trotz kurzem Problem mit dem Fell, einen Rang gut machen und \u00fcbergab als 4. an die Schladmingerin. Die 30-j\u00e4hrige hielt die Position und auch den Zeitabstand konstant. Verbnjak versuchte die L\u00fccke nach vorne noch einmal ins Visier zu nehmen, doch der Abstand auf die drei f\u00fchrenden Teams war bereits zu gro\u00df. Von hinten schloss zwar das Team aus Italien noch etwas auf, konnte aber nicht mehr in Schlagdistanz gelangen. Nach rund 34 Minuten Gesamtlaufzeit betrug der Abstand auf das Podium f\u00fcr Hiemer und Verbnjak etwa 1:10 Minuten. &nbsp;<\/p>\n\n\n\n<p>Der Kampf um die Goldmedaille war das gesamte Rennen hindurch von Spannung gepr\u00e4gt. Kopf an Kopf gingen die Teams aus Frankreich und Spanien in die letzte Wechselzone und auch das Schweizer Duo lag nur wenige Sekunden dahinter. Am Ende sicherten sich Emily Harrop und Thibault Anselmet (FRA) Gold vor Ana Alonso Rodriguez und Oriol Cardona Col (ESP). Bronze ging an die Schweizer Marianne Fatton und Robin Bussard.<\/p>\n\n\n\n<h2>ISMF Weltmeisterschaften Skibergsteigen \u2013 Morgins\/Schweiz  <br>Weiteres Programm<\/h2>\n\n\n\n<ul><li>04.03 (Dienstag) Vertical<\/li><li>06.03 (Donnerstag) Sprint<\/li><li>07.03 (Freitag) Individual<\/li><li>08.03 (Samstag) Team<\/li><\/ul>\n\n\n\n<h2>Stimmen<\/h2>\n\n\n\n<blockquote class=\"wp-block-quote\"><p>\u201eIch habe versucht das Beste zu geben, aber ich glaube, meine Top-Form habe ich leider gerade nicht ganz und konnte deshalb auch nicht ganz so mithalten. Der 4. Platz ist nat\u00fcrlich gerade bei einer WM undankbar, aber in Summe muss ich jetzt zufrieden sein. Mehr war heute einfach nicht drin.\u201c<\/p><cite>Johanna Hiemer<\/cite><\/blockquote>\n\n\n\n<p> <\/p>\n\n\n\n<blockquote class=\"wp-block-quote\"><p>\u201eDer 4. Platz ist bei der WM einfach undankbar, aber nichtsdestotrotz konnten wir wieder gut aufzeigen. Ich habe mich beim Laufen richtig gut gef\u00fchlt. Ein kleinen Fehler hatte ich drin, weil ich einmal das Fell verloren habe, aber das hat am Ergebnis nichts ge\u00e4ndert. F\u00fcr die n\u00e4chsten Rennen habe ich schon ein positives Gef\u00fchl und die Medaille ist auf jeden Fall noch drin. Ein paar Gelegenheiten gibt es ja noch.\u201c<\/p><cite>Paul Verbnjak<\/cite><\/blockquote>\n\n\n\n<p>Text und Bild: Martin Weigl \/ \u00d6SV<\/p>\n\n\n\n<h2>Ergebnisse<\/h2>\n\n\n\n<div class=\"wp-block-file\"><a href=\"https:\/\/www.skimo.at\/sportler\/files\/2025\/03\/Ergebnisliste-WCH2025-morgins-MXR-3.3.2025.pdf\">Ergebnisliste WCH2025-morgins-MXR 3.3.2025<\/a><a href=\"https:\/\/www.skimo.at\/sportler\/files\/2025\/03\/Ergebnisliste-WCH2025-morgins-MXR-3.3.2025.pdf\" class=\"wp-block-file__button\" download>Herunterladen<\/a><\/div>\n\n\n\n<h2>Bildergalerie von der ISMF<\/h2>\n\n\n\n<figure class=\"wp-block-gallery columns-3 is-cropped\"><ul class=\"blocks-gallery-grid\"><li class=\"blocks-gallery-item\"><figure><a href=\"https:\/\/www.skimo.at\/sportler\/19238\/wm-platz-4-fuer-hiemer-und-verbnjak-beim-mixed-relay\/pressmixedrelay\/\"><img loading=\"lazy\" width=\"1024\" height=\"769\" src=\"https:\/\/www.skimo.at\/sportler\/files\/2025\/03\/pressmixedrelay-1024x769.jpg\" alt=\"pressmixedrelay\" data-id=\"19245\" data-full-url=\"https:\/\/www.skimo.at\/sportler\/files\/2025\/03\/pressmixedrelay.jpg\" data-link=\"https:\/\/www.skimo.at\/sportler\/19238\/wm-platz-4-fuer-hiemer-und-verbnjak-beim-mixed-relay\/pressmixedrelay\/\" class=\"wp-image-19245\" srcset=\"https:\/\/www.skimo.at\/sportler\/files\/2025\/03\/pressmixedrelay-1024x769.jpg 1024w, https:\/\/www.skimo.at\/sportler\/files\/2025\/03\/pressmixedrelay-300x225.jpg 300w, https:\/\/www.skimo.at\/sportler\/files\/2025\/03\/pressmixedrelay-768x576.jpg 768w, https:\/\/www.skimo.at\/sportler\/files\/2025\/03\/pressmixedrelay-1224x919.jpg 1224w, https:\/\/www.skimo.at\/sportler\/files\/2025\/03\/pressmixedrelay-970x728.jpg 970w, https:\/\/www.skimo.at\/sportler\/files\/2025\/03\/pressmixedrelay-554x416.jpg 554w, https:\/\/www.skimo.at\/sportler\/files\/2025\/03\/pressmixedrelay-124x93.jpg 124w, https:\/\/www.skimo.at\/sportler\/files\/2025\/03\/pressmixedrelay.jpg 1920w\" sizes=\"(max-width: 1024px) 100vw, 1024px\" \/><\/a><figcaption class=\"blocks-gallery-item__caption\">pressmixedrelay<\/figcaption><\/figure><\/li><li class=\"blocks-gallery-item\"><figure><a href=\"https:\/\/www.skimo.at\/sportler\/19238\/wm-platz-4-fuer-hiemer-und-verbnjak-beim-mixed-relay\/pressmixedrelay-2\/\"><img loading=\"lazy\" width=\"1024\" height=\"769\" src=\"https:\/\/www.skimo.at\/sportler\/files\/2025\/03\/pressmixedrelay-2-1024x769.jpg\" alt=\"pressmixedrelay 2\" data-id=\"19246\" data-full-url=\"https:\/\/www.skimo.at\/sportler\/files\/2025\/03\/pressmixedrelay-2.jpg\" data-link=\"https:\/\/www.skimo.at\/sportler\/19238\/wm-platz-4-fuer-hiemer-und-verbnjak-beim-mixed-relay\/pressmixedrelay-2\/\" class=\"wp-image-19246\" srcset=\"https:\/\/www.skimo.at\/sportler\/files\/2025\/03\/pressmixedrelay-2-1024x769.jpg 1024w, https:\/\/www.skimo.at\/sportler\/files\/2025\/03\/pressmixedrelay-2-300x225.jpg 300w, https:\/\/www.skimo.at\/sportler\/files\/2025\/03\/pressmixedrelay-2-768x576.jpg 768w, https:\/\/www.skimo.at\/sportler\/files\/2025\/03\/pressmixedrelay-2-1224x919.jpg 1224w, https:\/\/www.skimo.at\/sportler\/files\/2025\/03\/pressmixedrelay-2-970x728.jpg 970w, https:\/\/www.skimo.at\/sportler\/files\/2025\/03\/pressmixedrelay-2-554x416.jpg 554w, https:\/\/www.skimo.at\/sportler\/files\/2025\/03\/pressmixedrelay-2-124x93.jpg 124w, https:\/\/www.skimo.at\/sportler\/files\/2025\/03\/pressmixedrelay-2.jpg 1920w\" sizes=\"(max-width: 1024px) 100vw, 1024px\" \/><\/a><figcaption class=\"blocks-gallery-item__caption\">pressmixedrelay 2<\/figcaption><\/figure><\/li><li class=\"blocks-gallery-item\"><figure><a href=\"https:\/\/www.skimo.at\/sportler\/19238\/wm-platz-4-fuer-hiemer-und-verbnjak-beim-mixed-relay\/pressmixedrelay-3\/\"><img loading=\"lazy\" width=\"1024\" height=\"769\" src=\"https:\/\/www.skimo.at\/sportler\/files\/2025\/03\/pressmixedrelay-3-1024x769.jpg\" alt=\"pressmixedrelay 3\" data-id=\"19247\" data-full-url=\"https:\/\/www.skimo.at\/sportler\/files\/2025\/03\/pressmixedrelay-3.jpg\" data-link=\"https:\/\/www.skimo.at\/sportler\/19238\/wm-platz-4-fuer-hiemer-und-verbnjak-beim-mixed-relay\/pressmixedrelay-3\/\" class=\"wp-image-19247\" srcset=\"https:\/\/www.skimo.at\/sportler\/files\/2025\/03\/pressmixedrelay-3-1024x769.jpg 1024w, https:\/\/www.skimo.at\/sportler\/files\/2025\/03\/pressmixedrelay-3-300x225.jpg 300w, https:\/\/www.skimo.at\/sportler\/files\/2025\/03\/pressmixedrelay-3-768x576.jpg 768w, https:\/\/www.skimo.at\/sportler\/files\/2025\/03\/pressmixedrelay-3-1224x919.jpg 1224w, https:\/\/www.skimo.at\/sportler\/files\/2025\/03\/pressmixedrelay-3-970x728.jpg 970w, https:\/\/www.skimo.at\/sportler\/files\/2025\/03\/pressmixedrelay-3-554x416.jpg 554w, https:\/\/www.skimo.at\/sportler\/files\/2025\/03\/pressmixedrelay-3-124x93.jpg 124w, https:\/\/www.skimo.at\/sportler\/files\/2025\/03\/pressmixedrelay-3.jpg 1920w\" sizes=\"(max-width: 1024px) 100vw, 1024px\" \/><\/a><figcaption class=\"blocks-gallery-item__caption\">pressmixedrelay 3<\/figcaption><\/figure><\/li><li class=\"blocks-gallery-item\"><figure><a href=\"https:\/\/www.skimo.at\/sportler\/19238\/wm-platz-4-fuer-hiemer-und-verbnjak-beim-mixed-relay\/pressmixedrelay-4\/\"><img loading=\"lazy\" width=\"1024\" height=\"769\" src=\"https:\/\/www.skimo.at\/sportler\/files\/2025\/03\/pressmixedrelay-4-1024x769.jpg\" alt=\"pressmixedrelay 4\" data-id=\"19248\" data-full-url=\"https:\/\/www.skimo.at\/sportler\/files\/2025\/03\/pressmixedrelay-4.jpg\" data-link=\"https:\/\/www.skimo.at\/sportler\/19238\/wm-platz-4-fuer-hiemer-und-verbnjak-beim-mixed-relay\/pressmixedrelay-4\/\" class=\"wp-image-19248\" srcset=\"https:\/\/www.skimo.at\/sportler\/files\/2025\/03\/pressmixedrelay-4-1024x769.jpg 1024w, https:\/\/www.skimo.at\/sportler\/files\/2025\/03\/pressmixedrelay-4-300x225.jpg 300w, https:\/\/www.skimo.at\/sportler\/files\/2025\/03\/pressmixedrelay-4-768x576.jpg 768w, https:\/\/www.skimo.at\/sportler\/files\/2025\/03\/pressmixedrelay-4-1224x919.jpg 1224w, https:\/\/www.skimo.at\/sportler\/files\/2025\/03\/pressmixedrelay-4-970x728.jpg 970w, https:\/\/www.skimo.at\/sportler\/files\/2025\/03\/pressmixedrelay-4-554x416.jpg 554w, https:\/\/www.skimo.at\/sportler\/files\/2025\/03\/pressmixedrelay-4-124x93.jpg 124w, https:\/\/www.skimo.at\/sportler\/files\/2025\/03\/pressmixedrelay-4.jpg 1920w\" sizes=\"(max-width: 1024px) 100vw, 1024px\" \/><\/a><figcaption class=\"blocks-gallery-item__caption\">pressmixedrelay 4<\/figcaption><\/figure><\/li><li class=\"blocks-gallery-item\"><figure><a href=\"https:\/\/www.skimo.at\/sportler\/19238\/wm-platz-4-fuer-hiemer-und-verbnjak-beim-mixed-relay\/pressmixedrelay-5\/\"><img loading=\"lazy\" width=\"1024\" height=\"769\" src=\"https:\/\/www.skimo.at\/sportler\/files\/2025\/03\/pressmixedrelay-5-1024x769.jpg\" alt=\"pressmixedrelay 5\" data-id=\"19249\" data-full-url=\"https:\/\/www.skimo.at\/sportler\/files\/2025\/03\/pressmixedrelay-5.jpg\" data-link=\"https:\/\/www.skimo.at\/sportler\/19238\/wm-platz-4-fuer-hiemer-und-verbnjak-beim-mixed-relay\/pressmixedrelay-5\/\" class=\"wp-image-19249\" srcset=\"https:\/\/www.skimo.at\/sportler\/files\/2025\/03\/pressmixedrelay-5-1024x769.jpg 1024w, https:\/\/www.skimo.at\/sportler\/files\/2025\/03\/pressmixedrelay-5-300x225.jpg 300w, https:\/\/www.skimo.at\/sportler\/files\/2025\/03\/pressmixedrelay-5-768x576.jpg 768w, https:\/\/www.skimo.at\/sportler\/files\/2025\/03\/pressmixedrelay-5-1224x919.jpg 1224w, https:\/\/www.skimo.at\/sportler\/files\/2025\/03\/pressmixedrelay-5-970x728.jpg 970w, https:\/\/www.skimo.at\/sportler\/files\/2025\/03\/pressmixedrelay-5-554x416.jpg 554w, https:\/\/www.skimo.at\/sportler\/files\/2025\/03\/pressmixedrelay-5-124x93.jpg 124w, https:\/\/www.skimo.at\/sportler\/files\/2025\/03\/pressmixedrelay-5.jpg 1920w\" sizes=\"(max-width: 1024px) 100vw, 1024px\" \/><\/a><figcaption class=\"blocks-gallery-item__caption\">pressmixedrelay 5<\/figcaption><\/figure><\/li><li class=\"blocks-gallery-item\"><figure><a href=\"https:\/\/www.skimo.at\/sportler\/19238\/wm-platz-4-fuer-hiemer-und-verbnjak-beim-mixed-relay\/pressmixedrelay-6\/\"><img loading=\"lazy\" width=\"1024\" height=\"769\" src=\"https:\/\/www.skimo.at\/sportler\/files\/2025\/03\/pressmixedrelay-6-1024x769.jpg\" alt=\"pressmixedrelay 6\" data-id=\"19250\" data-full-url=\"https:\/\/www.skimo.at\/sportler\/files\/2025\/03\/pressmixedrelay-6.jpg\" data-link=\"https:\/\/www.skimo.at\/sportler\/19238\/wm-platz-4-fuer-hiemer-und-verbnjak-beim-mixed-relay\/pressmixedrelay-6\/\" class=\"wp-image-19250\" srcset=\"https:\/\/www.skimo.at\/sportler\/files\/2025\/03\/pressmixedrelay-6-1024x769.jpg 1024w, https:\/\/www.skimo.at\/sportler\/files\/2025\/03\/pressmixedrelay-6-300x225.jpg 300w, https:\/\/www.skimo.at\/sportler\/files\/2025\/03\/pressmixedrelay-6-768x576.jpg 768w, https:\/\/www.skimo.at\/sportler\/files\/2025\/03\/pressmixedrelay-6-1224x919.jpg 1224w, https:\/\/www.skimo.at\/sportler\/files\/2025\/03\/pressmixedrelay-6-970x728.jpg 970w, https:\/\/www.skimo.at\/sportler\/files\/2025\/03\/pressmixedrelay-6-554x416.jpg 554w, https:\/\/www.skimo.at\/sportler\/files\/2025\/03\/pressmixedrelay-6-124x93.jpg 124w, https:\/\/www.skimo.at\/sportler\/files\/2025\/03\/pressmixedrelay-6.jpg 1920w\" sizes=\"(max-width: 1024px) 100vw, 1024px\" \/><\/a><figcaption class=\"blocks-gallery-item__caption\">pressmixedrelay 6<\/figcaption><\/figure><\/li><li class=\"blocks-gallery-item\"><figure><a href=\"https:\/\/www.skimo.at\/sportler\/19238\/wm-platz-4-fuer-hiemer-und-verbnjak-beim-mixed-relay\/pressmixedrelay-7\/\"><img loading=\"lazy\" width=\"1024\" height=\"769\" src=\"https:\/\/www.skimo.at\/sportler\/files\/2025\/03\/pressmixedrelay-7-1024x769.jpg\" alt=\"pressmixedrelay 7\" data-id=\"19251\" data-full-url=\"https:\/\/www.skimo.at\/sportler\/files\/2025\/03\/pressmixedrelay-7.jpg\" data-link=\"https:\/\/www.skimo.at\/sportler\/19238\/wm-platz-4-fuer-hiemer-und-verbnjak-beim-mixed-relay\/pressmixedrelay-7\/\" class=\"wp-image-19251\" srcset=\"https:\/\/www.skimo.at\/sportler\/files\/2025\/03\/pressmixedrelay-7-1024x769.jpg 1024w, https:\/\/www.skimo.at\/sportler\/files\/2025\/03\/pressmixedrelay-7-300x225.jpg 300w, https:\/\/www.skimo.at\/sportler\/files\/2025\/03\/pressmixedrelay-7-768x576.jpg 768w, https:\/\/www.skimo.at\/sportler\/files\/2025\/03\/pressmixedrelay-7-1224x919.jpg 1224w, https:\/\/www.skimo.at\/sportler\/files\/2025\/03\/pressmixedrelay-7-970x728.jpg 970w, https:\/\/www.skimo.at\/sportler\/files\/2025\/03\/pressmixedrelay-7-554x416.jpg 554w, https:\/\/www.skimo.at\/sportler\/files\/2025\/03\/pressmixedrelay-7-124x93.jpg 124w, https:\/\/www.skimo.at\/sportler\/files\/2025\/03\/pressmixedrelay-7.jpg 1920w\" sizes=\"(max-width: 1024px) 100vw, 1024px\" \/><\/a><figcaption class=\"blocks-gallery-item__caption\">pressmixedrelay 7<\/figcaption><\/figure><\/li><li class=\"blocks-gallery-item\"><figure><a href=\"https:\/\/www.skimo.at\/sportler\/19238\/wm-platz-4-fuer-hiemer-und-verbnjak-beim-mixed-relay\/pressmixedrelay-8\/\"><img loading=\"lazy\" width=\"1024\" height=\"769\" src=\"https:\/\/www.skimo.at\/sportler\/files\/2025\/03\/pressmixedrelay-8-1024x769.jpg\" alt=\"pressmixedrelay 8\" data-id=\"19252\" data-full-url=\"https:\/\/www.skimo.at\/sportler\/files\/2025\/03\/pressmixedrelay-8.jpg\" data-link=\"https:\/\/www.skimo.at\/sportler\/19238\/wm-platz-4-fuer-hiemer-und-verbnjak-beim-mixed-relay\/pressmixedrelay-8\/\" class=\"wp-image-19252\" srcset=\"https:\/\/www.skimo.at\/sportler\/files\/2025\/03\/pressmixedrelay-8-1024x769.jpg 1024w, https:\/\/www.skimo.at\/sportler\/files\/2025\/03\/pressmixedrelay-8-300x225.jpg 300w, https:\/\/www.skimo.at\/sportler\/files\/2025\/03\/pressmixedrelay-8-768x576.jpg 768w, https:\/\/www.skimo.at\/sportler\/files\/2025\/03\/pressmixedrelay-8-1224x919.jpg 1224w, https:\/\/www.skimo.at\/sportler\/files\/2025\/03\/pressmixedrelay-8-970x728.jpg 970w, https:\/\/www.skimo.at\/sportler\/files\/2025\/03\/pressmixedrelay-8-554x416.jpg 554w, https:\/\/www.skimo.at\/sportler\/files\/2025\/03\/pressmixedrelay-8-124x93.jpg 124w, https:\/\/www.skimo.at\/sportler\/files\/2025\/03\/pressmixedrelay-8.jpg 1920w\" sizes=\"(max-width: 1024px) 100vw, 1024px\" \/><\/a><figcaption class=\"blocks-gallery-item__caption\">pressmixedrelay 8<\/figcaption><\/figure><\/li><li class=\"blocks-gallery-item\"><figure><a href=\"https:\/\/www.skimo.at\/sportler\/19238\/wm-platz-4-fuer-hiemer-und-verbnjak-beim-mixed-relay\/pressmixedrelay-9\/\"><img loading=\"lazy\" width=\"1024\" height=\"769\" src=\"https:\/\/www.skimo.at\/sportler\/files\/2025\/03\/pressmixedrelay-9-1024x769.jpg\" alt=\"pressmixedrelay 9\" data-id=\"19253\" data-full-url=\"https:\/\/www.skimo.at\/sportler\/files\/2025\/03\/pressmixedrelay-9.jpg\" data-link=\"https:\/\/www.skimo.at\/sportler\/19238\/wm-platz-4-fuer-hiemer-und-verbnjak-beim-mixed-relay\/pressmixedrelay-9\/\" class=\"wp-image-19253\" srcset=\"https:\/\/www.skimo.at\/sportler\/files\/2025\/03\/pressmixedrelay-9-1024x769.jpg 1024w, https:\/\/www.skimo.at\/sportler\/files\/2025\/03\/pressmixedrelay-9-300x225.jpg 300w, https:\/\/www.skimo.at\/sportler\/files\/2025\/03\/pressmixedrelay-9-768x576.jpg 768w, https:\/\/www.skimo.at\/sportler\/files\/2025\/03\/pressmixedrelay-9-1224x919.jpg 1224w, https:\/\/www.skimo.at\/sportler\/files\/2025\/03\/pressmixedrelay-9-970x728.jpg 970w, https:\/\/www.skimo.at\/sportler\/files\/2025\/03\/pressmixedrelay-9-554x416.jpg 554w, https:\/\/www.skimo.at\/sportler\/files\/2025\/03\/pressmixedrelay-9-124x93.jpg 124w, https:\/\/www.skimo.at\/sportler\/files\/2025\/03\/pressmixedrelay-9.jpg 1920w\" sizes=\"(max-width: 1024px) 100vw, 1024px\" \/><\/a><figcaption class=\"blocks-gallery-item__caption\">pressmixedrelay 9<\/figcaption><\/figure><\/li><li class=\"blocks-gallery-item\"><figure><a href=\"https:\/\/www.skimo.at\/sportler\/19238\/wm-platz-4-fuer-hiemer-und-verbnjak-beim-mixed-relay\/pressmixedrelay-10\/\"><img loading=\"lazy\" width=\"1024\" height=\"769\" src=\"https:\/\/www.skimo.at\/sportler\/files\/2025\/03\/pressmixedrelay-10-1024x769.jpg\" alt=\"pressmixedrelay 10\" data-id=\"19254\" data-full-url=\"https:\/\/www.skimo.at\/sportler\/files\/2025\/03\/pressmixedrelay-10.jpg\" data-link=\"https:\/\/www.skimo.at\/sportler\/19238\/wm-platz-4-fuer-hiemer-und-verbnjak-beim-mixed-relay\/pressmixedrelay-10\/\" class=\"wp-image-19254\" srcset=\"https:\/\/www.skimo.at\/sportler\/files\/2025\/03\/pressmixedrelay-10-1024x769.jpg 1024w, https:\/\/www.skimo.at\/sportler\/files\/2025\/03\/pressmixedrelay-10-300x225.jpg 300w, https:\/\/www.skimo.at\/sportler\/files\/2025\/03\/pressmixedrelay-10-768x576.jpg 768w, https:\/\/www.skimo.at\/sportler\/files\/2025\/03\/pressmixedrelay-10-1224x919.jpg 1224w, https:\/\/www.skimo.at\/sportler\/files\/2025\/03\/pressmixedrelay-10-970x728.jpg 970w, https:\/\/www.skimo.at\/sportler\/files\/2025\/03\/pressmixedrelay-10-554x416.jpg 554w, https:\/\/www.skimo.at\/sportler\/files\/2025\/03\/pressmixedrelay-10-124x93.jpg 124w, https:\/\/www.skimo.at\/sportler\/files\/2025\/03\/pressmixedrelay-10.jpg 1920w\" sizes=\"(max-width: 1024px) 100vw, 1024px\" \/><\/a><figcaption class=\"blocks-gallery-item__caption\">pressmixedrelay 10<\/figcaption><\/figure><\/li><li class=\"blocks-gallery-item\"><figure><a href=\"https:\/\/www.skimo.at\/sportler\/19238\/wm-platz-4-fuer-hiemer-und-verbnjak-beim-mixed-relay\/pressmixedrelay-11\/\"><img loading=\"lazy\" width=\"1024\" height=\"769\" src=\"https:\/\/www.skimo.at\/sportler\/files\/2025\/03\/pressmixedrelay-11-1024x769.jpg\" alt=\"pressmixedrelay 11\" data-id=\"19255\" data-full-url=\"https:\/\/www.skimo.at\/sportler\/files\/2025\/03\/pressmixedrelay-11.jpg\" data-link=\"https:\/\/www.skimo.at\/sportler\/19238\/wm-platz-4-fuer-hiemer-und-verbnjak-beim-mixed-relay\/pressmixedrelay-11\/\" class=\"wp-image-19255\" srcset=\"https:\/\/www.skimo.at\/sportler\/files\/2025\/03\/pressmixedrelay-11-1024x769.jpg 1024w, https:\/\/www.skimo.at\/sportler\/files\/2025\/03\/pressmixedrelay-11-300x225.jpg 300w, https:\/\/www.skimo.at\/sportler\/files\/2025\/03\/pressmixedrelay-11-768x576.jpg 768w, https:\/\/www.skimo.at\/sportler\/files\/2025\/03\/pressmixedrelay-11-1224x919.jpg 1224w, https:\/\/www.skimo.at\/sportler\/files\/2025\/03\/pressmixedrelay-11-970x728.jpg 970w, https:\/\/www.skimo.at\/sportler\/files\/2025\/03\/pressmixedrelay-11-554x416.jpg 554w, https:\/\/www.skimo.at\/sportler\/files\/2025\/03\/pressmixedrelay-11-124x93.jpg 124w, https:\/\/www.skimo.at\/sportler\/files\/2025\/03\/pressmixedrelay-11.jpg 1920w\" sizes=\"(max-width: 1024px) 100vw, 1024px\" \/><\/a><figcaption class=\"blocks-gallery-item__caption\">pressmixedrelay 11<\/figcaption><\/figure><\/li><li class=\"blocks-gallery-item\"><figure><a href=\"https:\/\/www.skimo.at\/sportler\/19238\/wm-platz-4-fuer-hiemer-und-verbnjak-beim-mixed-relay\/pressmixedrelay-12\/\"><img loading=\"lazy\" width=\"1024\" height=\"769\" src=\"https:\/\/www.skimo.at\/sportler\/files\/2025\/03\/pressmixedrelay-12-1024x769.jpg\" alt=\"pressmixedrelay 12\" data-id=\"19256\" data-full-url=\"https:\/\/www.skimo.at\/sportler\/files\/2025\/03\/pressmixedrelay-12.jpg\" data-link=\"https:\/\/www.skimo.at\/sportler\/19238\/wm-platz-4-fuer-hiemer-und-verbnjak-beim-mixed-relay\/pressmixedrelay-12\/\" class=\"wp-image-19256\" srcset=\"https:\/\/www.skimo.at\/sportler\/files\/2025\/03\/pressmixedrelay-12-1024x769.jpg 1024w, https:\/\/www.skimo.at\/sportler\/files\/2025\/03\/pressmixedrelay-12-300x225.jpg 300w, https:\/\/www.skimo.at\/sportler\/files\/2025\/03\/pressmixedrelay-12-768x576.jpg 768w, https:\/\/www.skimo.at\/sportler\/files\/2025\/03\/pressmixedrelay-12-1224x919.jpg 1224w, https:\/\/www.skimo.at\/sportler\/files\/2025\/03\/pressmixedrelay-12-970x728.jpg 970w, https:\/\/www.skimo.at\/sportler\/files\/2025\/03\/pressmixedrelay-12-554x416.jpg 554w, https:\/\/www.skimo.at\/sportler\/files\/2025\/03\/pressmixedrelay-12-124x93.jpg 124w, https:\/\/www.skimo.at\/sportler\/files\/2025\/03\/pressmixedrelay-12.jpg 1920w\" sizes=\"(max-width: 1024px) 100vw, 1024px\" \/><\/a><figcaption class=\"blocks-gallery-item__caption\">pressmixedrelay 12<\/figcaption><\/figure><\/li><li class=\"blocks-gallery-item\"><figure><a href=\"https:\/\/www.skimo.at\/sportler\/19238\/wm-platz-4-fuer-hiemer-und-verbnjak-beim-mixed-relay\/pressmixedrelay-13\/\"><img loading=\"lazy\" width=\"1024\" height=\"769\" src=\"https:\/\/www.skimo.at\/sportler\/files\/2025\/03\/pressmixedrelay-13-1024x769.jpg\" alt=\"pressmixedrelay 13\" data-id=\"19257\" data-full-url=\"https:\/\/www.skimo.at\/sportler\/files\/2025\/03\/pressmixedrelay-13.jpg\" data-link=\"https:\/\/www.skimo.at\/sportler\/19238\/wm-platz-4-fuer-hiemer-und-verbnjak-beim-mixed-relay\/pressmixedrelay-13\/\" class=\"wp-image-19257\" srcset=\"https:\/\/www.skimo.at\/sportler\/files\/2025\/03\/pressmixedrelay-13-1024x769.jpg 1024w, https:\/\/www.skimo.at\/sportler\/files\/2025\/03\/pressmixedrelay-13-300x225.jpg 300w, https:\/\/www.skimo.at\/sportler\/files\/2025\/03\/pressmixedrelay-13-768x576.jpg 768w, https:\/\/www.skimo.at\/sportler\/files\/2025\/03\/pressmixedrelay-13-1224x919.jpg 1224w, https:\/\/www.skimo.at\/sportler\/files\/2025\/03\/pressmixedrelay-13-970x728.jpg 970w, https:\/\/www.skimo.at\/sportler\/files\/2025\/03\/pressmixedrelay-13-554x416.jpg 554w, https:\/\/www.skimo.at\/sportler\/files\/2025\/03\/pressmixedrelay-13-124x93.jpg 124w, https:\/\/www.skimo.at\/sportler\/files\/2025\/03\/pressmixedrelay-13.jpg 1920w\" sizes=\"(max-width: 1024px) 100vw, 1024px\" \/><\/a><figcaption class=\"blocks-gallery-item__caption\">pressmixedrelay 13<\/figcaption><\/figure><\/li><li class=\"blocks-gallery-item\"><figure><a href=\"https:\/\/www.skimo.at\/sportler\/19238\/wm-platz-4-fuer-hiemer-und-verbnjak-beim-mixed-relay\/pressmixedrelay-14\/\"><img loading=\"lazy\" width=\"1024\" height=\"769\" src=\"https:\/\/www.skimo.at\/sportler\/files\/2025\/03\/pressmixedrelay-14-1024x769.jpg\" alt=\"pressmixedrelay 14\" data-id=\"19258\" data-full-url=\"https:\/\/www.skimo.at\/sportler\/files\/2025\/03\/pressmixedrelay-14.jpg\" data-link=\"https:\/\/www.skimo.at\/sportler\/19238\/wm-platz-4-fuer-hiemer-und-verbnjak-beim-mixed-relay\/pressmixedrelay-14\/\" class=\"wp-image-19258\" srcset=\"https:\/\/www.skimo.at\/sportler\/files\/2025\/03\/pressmixedrelay-14-1024x769.jpg 1024w, https:\/\/www.skimo.at\/sportler\/files\/2025\/03\/pressmixedrelay-14-300x225.jpg 300w, https:\/\/www.skimo.at\/sportler\/files\/2025\/03\/pressmixedrelay-14-768x576.jpg 768w, https:\/\/www.skimo.at\/sportler\/files\/2025\/03\/pressmixedrelay-14-1224x919.jpg 1224w, https:\/\/www.skimo.at\/sportler\/files\/2025\/03\/pressmixedrelay-14-970x728.jpg 970w, https:\/\/www.skimo.at\/sportler\/files\/2025\/03\/pressmixedrelay-14-554x416.jpg 554w, https:\/\/www.skimo.at\/sportler\/files\/2025\/03\/pressmixedrelay-14-124x93.jpg 124w, https:\/\/www.skimo.at\/sportler\/files\/2025\/03\/pressmixedrelay-14.jpg 1920w\" sizes=\"(max-width: 1024px) 100vw, 1024px\" \/><\/a><figcaption class=\"blocks-gallery-item__caption\">pressmixedrelay 14<\/figcaption><\/figure><\/li><li class=\"blocks-gallery-item\"><figure><a href=\"https:\/\/www.skimo.at\/sportler\/19238\/wm-platz-4-fuer-hiemer-und-verbnjak-beim-mixed-relay\/pressmixedrelay-15\/\"><img loading=\"lazy\" width=\"1024\" height=\"769\" src=\"https:\/\/www.skimo.at\/sportler\/files\/2025\/03\/pressmixedrelay-15-1024x769.jpg\" alt=\"pressmixedrelay 15\" data-id=\"19259\" data-full-url=\"https:\/\/www.skimo.at\/sportler\/files\/2025\/03\/pressmixedrelay-15.jpg\" data-link=\"https:\/\/www.skimo.at\/sportler\/19238\/wm-platz-4-fuer-hiemer-und-verbnjak-beim-mixed-relay\/pressmixedrelay-15\/\" class=\"wp-image-19259\" srcset=\"https:\/\/www.skimo.at\/sportler\/files\/2025\/03\/pressmixedrelay-15-1024x769.jpg 1024w, https:\/\/www.skimo.at\/sportler\/files\/2025\/03\/pressmixedrelay-15-300x225.jpg 300w, https:\/\/www.skimo.at\/sportler\/files\/2025\/03\/pressmixedrelay-15-768x576.jpg 768w, https:\/\/www.skimo.at\/sportler\/files\/2025\/03\/pressmixedrelay-15-1224x919.jpg 1224w, https:\/\/www.skimo.at\/sportler\/files\/2025\/03\/pressmixedrelay-15-970x728.jpg 970w, https:\/\/www.skimo.at\/sportler\/files\/2025\/03\/pressmixedrelay-15-554x416.jpg 554w, https:\/\/www.skimo.at\/sportler\/files\/2025\/03\/pressmixedrelay-15-124x93.jpg 124w, https:\/\/www.skimo.at\/sportler\/files\/2025\/03\/pressmixedrelay-15.jpg 1920w\" sizes=\"(max-width: 1024px) 100vw, 1024px\" \/><\/a><figcaption class=\"blocks-gallery-item__caption\">pressmixedrelay 15<\/figcaption><\/figure><\/li><li class=\"blocks-gallery-item\"><figure><a href=\"https:\/\/www.skimo.at\/sportler\/19238\/wm-platz-4-fuer-hiemer-und-verbnjak-beim-mixed-relay\/pressmixedrelay-16\/\"><img loading=\"lazy\" width=\"1024\" height=\"769\" src=\"https:\/\/www.skimo.at\/sportler\/files\/2025\/03\/pressmixedrelay-16-1024x769.jpg\" alt=\"pressmixedrelay 16\" data-id=\"19260\" data-full-url=\"https:\/\/www.skimo.at\/sportler\/files\/2025\/03\/pressmixedrelay-16.jpg\" data-link=\"https:\/\/www.skimo.at\/sportler\/19238\/wm-platz-4-fuer-hiemer-und-verbnjak-beim-mixed-relay\/pressmixedrelay-16\/\" class=\"wp-image-19260\" srcset=\"https:\/\/www.skimo.at\/sportler\/files\/2025\/03\/pressmixedrelay-16-1024x769.jpg 1024w, https:\/\/www.skimo.at\/sportler\/files\/2025\/03\/pressmixedrelay-16-300x225.jpg 300w, https:\/\/www.skimo.at\/sportler\/files\/2025\/03\/pressmixedrelay-16-768x576.jpg 768w, https:\/\/www.skimo.at\/sportler\/files\/2025\/03\/pressmixedrelay-16-1224x919.jpg 1224w, https:\/\/www.skimo.at\/sportler\/files\/2025\/03\/pressmixedrelay-16-970x728.jpg 970w, https:\/\/www.skimo.at\/sportler\/files\/2025\/03\/pressmixedrelay-16-554x416.jpg 554w, https:\/\/www.skimo.at\/sportler\/files\/2025\/03\/pressmixedrelay-16-124x93.jpg 124w, https:\/\/www.skimo.at\/sportler\/files\/2025\/03\/pressmixedrelay-16.jpg 1920w\" sizes=\"(max-width: 1024px) 100vw, 1024px\" \/><\/a><figcaption class=\"blocks-gallery-item__caption\">pressmixedrelay 16<\/figcaption><\/figure><\/li><li class=\"blocks-gallery-item\"><figure><a href=\"https:\/\/www.skimo.at\/sportler\/19238\/wm-platz-4-fuer-hiemer-und-verbnjak-beim-mixed-relay\/pressmixedrelay-17\/\"><img loading=\"lazy\" width=\"1024\" height=\"769\" src=\"https:\/\/www.skimo.at\/sportler\/files\/2025\/03\/pressmixedrelay-17-1024x769.jpg\" alt=\"pressmixedrelay 17\" data-id=\"19261\" data-full-url=\"https:\/\/www.skimo.at\/sportler\/files\/2025\/03\/pressmixedrelay-17.jpg\" data-link=\"https:\/\/www.skimo.at\/sportler\/19238\/wm-platz-4-fuer-hiemer-und-verbnjak-beim-mixed-relay\/pressmixedrelay-17\/\" class=\"wp-image-19261\" srcset=\"https:\/\/www.skimo.at\/sportler\/files\/2025\/03\/pressmixedrelay-17-1024x769.jpg 1024w, https:\/\/www.skimo.at\/sportler\/files\/2025\/03\/pressmixedrelay-17-300x225.jpg 300w, https:\/\/www.skimo.at\/sportler\/files\/2025\/03\/pressmixedrelay-17-768x576.jpg 768w, https:\/\/www.skimo.at\/sportler\/files\/2025\/03\/pressmixedrelay-17-1224x919.jpg 1224w, https:\/\/www.skimo.at\/sportler\/files\/2025\/03\/pressmixedrelay-17-970x728.jpg 970w, https:\/\/www.skimo.at\/sportler\/files\/2025\/03\/pressmixedrelay-17-554x416.jpg 554w, https:\/\/www.skimo.at\/sportler\/files\/2025\/03\/pressmixedrelay-17-124x93.jpg 124w, https:\/\/www.skimo.at\/sportler\/files\/2025\/03\/pressmixedrelay-17.jpg 1920w\" sizes=\"(max-width: 1024px) 100vw, 1024px\" \/><\/a><figcaption class=\"blocks-gallery-item__caption\">pressmixedrelay 17<\/figcaption><\/figure><\/li><li class=\"blocks-gallery-item\"><figure><a href=\"https:\/\/www.skimo.at\/sportler\/19238\/wm-platz-4-fuer-hiemer-und-verbnjak-beim-mixed-relay\/pressmixedrelay-18\/\"><img loading=\"lazy\" width=\"1024\" height=\"769\" src=\"https:\/\/www.skimo.at\/sportler\/files\/2025\/03\/pressmixedrelay-18-1024x769.jpg\" alt=\"pressmixedrelay 18\" data-id=\"19262\" data-full-url=\"https:\/\/www.skimo.at\/sportler\/files\/2025\/03\/pressmixedrelay-18.jpg\" data-link=\"https:\/\/www.skimo.at\/sportler\/19238\/wm-platz-4-fuer-hiemer-und-verbnjak-beim-mixed-relay\/pressmixedrelay-18\/\" class=\"wp-image-19262\" srcset=\"https:\/\/www.skimo.at\/sportler\/files\/2025\/03\/pressmixedrelay-18-1024x769.jpg 1024w, https:\/\/www.skimo.at\/sportler\/files\/2025\/03\/pressmixedrelay-18-300x225.jpg 300w, https:\/\/www.skimo.at\/sportler\/files\/2025\/03\/pressmixedrelay-18-768x576.jpg 768w, https:\/\/www.skimo.at\/sportler\/files\/2025\/03\/pressmixedrelay-18-1224x919.jpg 1224w, https:\/\/www.skimo.at\/sportler\/files\/2025\/03\/pressmixedrelay-18-970x728.jpg 970w, https:\/\/www.skimo.at\/sportler\/files\/2025\/03\/pressmixedrelay-18-554x416.jpg 554w, https:\/\/www.skimo.at\/sportler\/files\/2025\/03\/pressmixedrelay-18-124x93.jpg 124w, https:\/\/www.skimo.at\/sportler\/files\/2025\/03\/pressmixedrelay-18.jpg 1920w\" sizes=\"(max-width: 1024px) 100vw, 1024px\" \/><\/a><figcaption class=\"blocks-gallery-item__caption\">pressmixedrelay 18<\/figcaption><\/figure><\/li><li class=\"blocks-gallery-item\"><figure><a href=\"https:\/\/www.skimo.at\/sportler\/19238\/wm-platz-4-fuer-hiemer-und-verbnjak-beim-mixed-relay\/pressmixedrelay-19\/\"><img loading=\"lazy\" width=\"1024\" height=\"769\" src=\"https:\/\/www.skimo.at\/sportler\/files\/2025\/03\/pressmixedrelay-19-1024x769.jpg\" alt=\"pressmixedrelay 19\" data-id=\"19263\" data-full-url=\"https:\/\/www.skimo.at\/sportler\/files\/2025\/03\/pressmixedrelay-19.jpg\" data-link=\"https:\/\/www.skimo.at\/sportler\/19238\/wm-platz-4-fuer-hiemer-und-verbnjak-beim-mixed-relay\/pressmixedrelay-19\/\" class=\"wp-image-19263\" srcset=\"https:\/\/www.skimo.at\/sportler\/files\/2025\/03\/pressmixedrelay-19-1024x769.jpg 1024w, https:\/\/www.skimo.at\/sportler\/files\/2025\/03\/pressmixedrelay-19-300x225.jpg 300w, https:\/\/www.skimo.at\/sportler\/files\/2025\/03\/pressmixedrelay-19-768x576.jpg 768w, https:\/\/www.skimo.at\/sportler\/files\/2025\/03\/pressmixedrelay-19-1224x919.jpg 1224w, https:\/\/www.skimo.at\/sportler\/files\/2025\/03\/pressmixedrelay-19-970x728.jpg 970w, https:\/\/www.skimo.at\/sportler\/files\/2025\/03\/pressmixedrelay-19-554x416.jpg 554w, https:\/\/www.skimo.at\/sportler\/files\/2025\/03\/pressmixedrelay-19-124x93.jpg 124w, https:\/\/www.skimo.at\/sportler\/files\/2025\/03\/pressmixedrelay-19.jpg 1920w\" sizes=\"(max-width: 1024px) 100vw, 1024px\" \/><\/a><figcaption class=\"blocks-gallery-item__caption\">pressmixedrelay 19<\/figcaption><\/figure><\/li><li class=\"blocks-gallery-item\"><figure><a href=\"https:\/\/www.skimo.at\/sportler\/19238\/wm-platz-4-fuer-hiemer-und-verbnjak-beim-mixed-relay\/pressmixedrelay-20\/\"><img loading=\"lazy\" width=\"1024\" height=\"769\" src=\"https:\/\/www.skimo.at\/sportler\/files\/2025\/03\/pressmixedrelay-20-1024x769.jpg\" alt=\"pressmixedrelay 20\" data-id=\"19264\" data-full-url=\"https:\/\/www.skimo.at\/sportler\/files\/2025\/03\/pressmixedrelay-20.jpg\" data-link=\"https:\/\/www.skimo.at\/sportler\/19238\/wm-platz-4-fuer-hiemer-und-verbnjak-beim-mixed-relay\/pressmixedrelay-20\/\" class=\"wp-image-19264\" srcset=\"https:\/\/www.skimo.at\/sportler\/files\/2025\/03\/pressmixedrelay-20-1024x769.jpg 1024w, https:\/\/www.skimo.at\/sportler\/files\/2025\/03\/pressmixedrelay-20-300x225.jpg 300w, https:\/\/www.skimo.at\/sportler\/files\/2025\/03\/pressmixedrelay-20-768x576.jpg 768w, https:\/\/www.skimo.at\/sportler\/files\/2025\/03\/pressmixedrelay-20-1224x919.jpg 1224w, https:\/\/www.skimo.at\/sportler\/files\/2025\/03\/pressmixedrelay-20-970x728.jpg 970w, https:\/\/www.skimo.at\/sportler\/files\/2025\/03\/pressmixedrelay-20-554x416.jpg 554w, https:\/\/www.skimo.at\/sportler\/files\/2025\/03\/pressmixedrelay-20-124x93.jpg 124w, https:\/\/www.skimo.at\/sportler\/files\/2025\/03\/pressmixedrelay-20.jpg 1920w\" sizes=\"(max-width: 1024px) 100vw, 1024px\" \/><\/a><figcaption class=\"blocks-gallery-item__caption\">pressmixedrelay 20<\/figcaption><\/figure><\/li><li class=\"blocks-gallery-item\"><figure><a href=\"https:\/\/www.skimo.at\/sportler\/19238\/wm-platz-4-fuer-hiemer-und-verbnjak-beim-mixed-relay\/pressmixedrelay-21\/\"><img loading=\"lazy\" width=\"1024\" height=\"769\" src=\"https:\/\/www.skimo.at\/sportler\/files\/2025\/03\/pressmixedrelay-21-1024x769.jpg\" alt=\"pressmixedrelay 21\" data-id=\"19265\" data-full-url=\"https:\/\/www.skimo.at\/sportler\/files\/2025\/03\/pressmixedrelay-21.jpg\" data-link=\"https:\/\/www.skimo.at\/sportler\/19238\/wm-platz-4-fuer-hiemer-und-verbnjak-beim-mixed-relay\/pressmixedrelay-21\/\" class=\"wp-image-19265\" srcset=\"https:\/\/www.skimo.at\/sportler\/files\/2025\/03\/pressmixedrelay-21-1024x769.jpg 1024w, https:\/\/www.skimo.at\/sportler\/files\/2025\/03\/pressmixedrelay-21-300x225.jpg 300w, https:\/\/www.skimo.at\/sportler\/files\/2025\/03\/pressmixedrelay-21-768x576.jpg 768w, https:\/\/www.skimo.at\/sportler\/files\/2025\/03\/pressmixedrelay-21-1224x919.jpg 1224w, https:\/\/www.skimo.at\/sportler\/files\/2025\/03\/pressmixedrelay-21-970x728.jpg 970w, https:\/\/www.skimo.at\/sportler\/files\/2025\/03\/pressmixedrelay-21-554x416.jpg 554w, https:\/\/www.skimo.at\/sportler\/files\/2025\/03\/pressmixedrelay-21-124x93.jpg 124w, https:\/\/www.skimo.at\/sportler\/files\/2025\/03\/pressmixedrelay-21.jpg 1920w\" sizes=\"(max-width: 1024px) 100vw, 1024px\" \/><\/a><figcaption class=\"blocks-gallery-item__caption\">pressmixedrelay 21<\/figcaption><\/figure><\/li><li class=\"blocks-gallery-item\"><figure><a href=\"https:\/\/www.skimo.at\/sportler\/19238\/wm-platz-4-fuer-hiemer-und-verbnjak-beim-mixed-relay\/pressmixedrelay-22\/\"><img loading=\"lazy\" width=\"1024\" height=\"769\" src=\"https:\/\/www.skimo.at\/sportler\/files\/2025\/03\/pressmixedrelay-22-1024x769.jpg\" alt=\"pressmixedrelay 22\" data-id=\"19266\" data-full-url=\"https:\/\/www.skimo.at\/sportler\/files\/2025\/03\/pressmixedrelay-22.jpg\" data-link=\"https:\/\/www.skimo.at\/sportler\/19238\/wm-platz-4-fuer-hiemer-und-verbnjak-beim-mixed-relay\/pressmixedrelay-22\/\" class=\"wp-image-19266\" srcset=\"https:\/\/www.skimo.at\/sportler\/files\/2025\/03\/pressmixedrelay-22-1024x769.jpg 1024w, https:\/\/www.skimo.at\/sportler\/files\/2025\/03\/pressmixedrelay-22-300x225.jpg 300w, https:\/\/www.skimo.at\/sportler\/files\/2025\/03\/pressmixedrelay-22-768x576.jpg 768w, https:\/\/www.skimo.at\/sportler\/files\/2025\/03\/pressmixedrelay-22-1224x919.jpg 1224w, https:\/\/www.skimo.at\/sportler\/files\/2025\/03\/pressmixedrelay-22-970x728.jpg 970w, https:\/\/www.skimo.at\/sportler\/files\/2025\/03\/pressmixedrelay-22-554x416.jpg 554w, https:\/\/www.skimo.at\/sportler\/files\/2025\/03\/pressmixedrelay-22-124x93.jpg 124w, https:\/\/www.skimo.at\/sportler\/files\/2025\/03\/pressmixedrelay-22.jpg 1920w\" sizes=\"(max-width: 1024px) 100vw, 1024px\" \/><\/a><figcaption class=\"blocks-gallery-item__caption\">pressmixedrelay 22<\/figcaption><\/figure><\/li><li class=\"blocks-gallery-item\"><figure><a href=\"https:\/\/www.skimo.at\/sportler\/19238\/wm-platz-4-fuer-hiemer-und-verbnjak-beim-mixed-relay\/pressmixedrelay-23\/\"><img loading=\"lazy\" width=\"1024\" height=\"769\" src=\"https:\/\/www.skimo.at\/sportler\/files\/2025\/03\/pressmixedrelay-23-1024x769.jpg\" alt=\"pressmixedrelay 23\" data-id=\"19267\" data-full-url=\"https:\/\/www.skimo.at\/sportler\/files\/2025\/03\/pressmixedrelay-23.jpg\" data-link=\"https:\/\/www.skimo.at\/sportler\/19238\/wm-platz-4-fuer-hiemer-und-verbnjak-beim-mixed-relay\/pressmixedrelay-23\/\" class=\"wp-image-19267\" srcset=\"https:\/\/www.skimo.at\/sportler\/files\/2025\/03\/pressmixedrelay-23-1024x769.jpg 1024w, https:\/\/www.skimo.at\/sportler\/files\/2025\/03\/pressmixedrelay-23-300x225.jpg 300w, https:\/\/www.skimo.at\/sportler\/files\/2025\/03\/pressmixedrelay-23-768x576.jpg 768w, https:\/\/www.skimo.at\/sportler\/files\/2025\/03\/pressmixedrelay-23-1224x919.jpg 1224w, https:\/\/www.skimo.at\/sportler\/files\/2025\/03\/pressmixedrelay-23-970x728.jpg 970w, https:\/\/www.skimo.at\/sportler\/files\/2025\/03\/pressmixedrelay-23-554x416.jpg 554w, https:\/\/www.skimo.at\/sportler\/files\/2025\/03\/pressmixedrelay-23-124x93.jpg 124w, https:\/\/www.skimo.at\/sportler\/files\/2025\/03\/pressmixedrelay-23.jpg 1920w\" sizes=\"(max-width: 1024px) 100vw, 1024px\" \/><\/a><figcaption class=\"blocks-gallery-item__caption\">pressmixedrelay 23<\/figcaption><\/figure><\/li><li class=\"blocks-gallery-item\"><figure><a href=\"https:\/\/www.skimo.at\/sportler\/19238\/wm-platz-4-fuer-hiemer-und-verbnjak-beim-mixed-relay\/pressmixedrelay-24\/\"><img loading=\"lazy\" width=\"1024\" height=\"769\" src=\"https:\/\/www.skimo.at\/sportler\/files\/2025\/03\/pressmixedrelay-24-1024x769.jpg\" alt=\"pressmixedrelay 24\" data-id=\"19268\" data-full-url=\"https:\/\/www.skimo.at\/sportler\/files\/2025\/03\/pressmixedrelay-24.jpg\" data-link=\"https:\/\/www.skimo.at\/sportler\/19238\/wm-platz-4-fuer-hiemer-und-verbnjak-beim-mixed-relay\/pressmixedrelay-24\/\" class=\"wp-image-19268\" srcset=\"https:\/\/www.skimo.at\/sportler\/files\/2025\/03\/pressmixedrelay-24-1024x769.jpg 1024w, https:\/\/www.skimo.at\/sportler\/files\/2025\/03\/pressmixedrelay-24-300x225.jpg 300w, https:\/\/www.skimo.at\/sportler\/files\/2025\/03\/pressmixedrelay-24-768x576.jpg 768w, https:\/\/www.skimo.at\/sportler\/files\/2025\/03\/pressmixedrelay-24-1224x919.jpg 1224w, https:\/\/www.skimo.at\/sportler\/files\/2025\/03\/pressmixedrelay-24-970x728.jpg 970w, https:\/\/www.skimo.at\/sportler\/files\/2025\/03\/pressmixedrelay-24-554x416.jpg 554w, https:\/\/www.skimo.at\/sportler\/files\/2025\/03\/pressmixedrelay-24-124x93.jpg 124w, https:\/\/www.skimo.at\/sportler\/files\/2025\/03\/pressmixedrelay-24.jpg 1920w\" sizes=\"(max-width: 1024px) 100vw, 1024px\" \/><\/a><figcaption class=\"blocks-gallery-item__caption\">pressmixedrelay 24<\/figcaption><\/figure><\/li><li class=\"blocks-gallery-item\"><figure><a href=\"https:\/\/www.skimo.at\/sportler\/19238\/wm-platz-4-fuer-hiemer-und-verbnjak-beim-mixed-relay\/pressmixedrelay-25\/\"><img loading=\"lazy\" width=\"1024\" height=\"769\" src=\"https:\/\/www.skimo.at\/sportler\/files\/2025\/03\/pressmixedrelay-25-1024x769.jpg\" alt=\"pressmixedrelay 25\" data-id=\"19269\" data-full-url=\"https:\/\/www.skimo.at\/sportler\/files\/2025\/03\/pressmixedrelay-25.jpg\" data-link=\"https:\/\/www.skimo.at\/sportler\/19238\/wm-platz-4-fuer-hiemer-und-verbnjak-beim-mixed-relay\/pressmixedrelay-25\/\" class=\"wp-image-19269\" srcset=\"https:\/\/www.skimo.at\/sportler\/files\/2025\/03\/pressmixedrelay-25-1024x769.jpg 1024w, https:\/\/www.skimo.at\/sportler\/files\/2025\/03\/pressmixedrelay-25-300x225.jpg 300w, https:\/\/www.skimo.at\/sportler\/files\/2025\/03\/pressmixedrelay-25-768x576.jpg 768w, https:\/\/www.skimo.at\/sportler\/files\/2025\/03\/pressmixedrelay-25-1224x919.jpg 1224w, https:\/\/www.skimo.at\/sportler\/files\/2025\/03\/pressmixedrelay-25-970x728.jpg 970w, https:\/\/www.skimo.at\/sportler\/files\/2025\/03\/pressmixedrelay-25-554x416.jpg 554w, https:\/\/www.skimo.at\/sportler\/files\/2025\/03\/pressmixedrelay-25-124x93.jpg 124w, https:\/\/www.skimo.at\/sportler\/files\/2025\/03\/pressmixedrelay-25.jpg 1920w\" sizes=\"(max-width: 1024px) 100vw, 1024px\" \/><\/a><figcaption class=\"blocks-gallery-item__caption\">pressmixedrelay 25<\/figcaption><\/figure><\/li><li class=\"blocks-gallery-item\"><figure><a href=\"https:\/\/www.skimo.at\/sportler\/19238\/wm-platz-4-fuer-hiemer-und-verbnjak-beim-mixed-relay\/pressmixedrelay-26\/\"><img loading=\"lazy\" width=\"1024\" height=\"769\" src=\"https:\/\/www.skimo.at\/sportler\/files\/2025\/03\/pressmixedrelay-26-1024x769.jpg\" alt=\"pressmixedrelay 26\" data-id=\"19270\" data-full-url=\"https:\/\/www.skimo.at\/sportler\/files\/2025\/03\/pressmixedrelay-26.jpg\" data-link=\"https:\/\/www.skimo.at\/sportler\/19238\/wm-platz-4-fuer-hiemer-und-verbnjak-beim-mixed-relay\/pressmixedrelay-26\/\" class=\"wp-image-19270\" srcset=\"https:\/\/www.skimo.at\/sportler\/files\/2025\/03\/pressmixedrelay-26-1024x769.jpg 1024w, https:\/\/www.skimo.at\/sportler\/files\/2025\/03\/pressmixedrelay-26-300x225.jpg 300w, https:\/\/www.skimo.at\/sportler\/files\/2025\/03\/pressmixedrelay-26-768x576.jpg 768w, https:\/\/www.skimo.at\/sportler\/files\/2025\/03\/pressmixedrelay-26-1224x919.jpg 1224w, https:\/\/www.skimo.at\/sportler\/files\/2025\/03\/pressmixedrelay-26-970x728.jpg 970w, https:\/\/www.skimo.at\/sportler\/files\/2025\/03\/pressmixedrelay-26-554x416.jpg 554w, https:\/\/www.skimo.at\/sportler\/files\/2025\/03\/pressmixedrelay-26-124x93.jpg 124w, https:\/\/www.skimo.at\/sportler\/files\/2025\/03\/pressmixedrelay-26.jpg 1920w\" sizes=\"(max-width: 1024px) 100vw, 1024px\" \/><\/a><figcaption class=\"blocks-gallery-item__caption\">pressmixedrelay 26<\/figcaption><\/figure><\/li><li class=\"blocks-gallery-item\"><figure><a href=\"https:\/\/www.skimo.at\/sportler\/19238\/wm-platz-4-fuer-hiemer-und-verbnjak-beim-mixed-relay\/pressmixedrelay-27\/\"><img loading=\"lazy\" width=\"1024\" height=\"769\" src=\"https:\/\/www.skimo.at\/sportler\/files\/2025\/03\/pressmixedrelay-27-1024x769.jpg\" alt=\"pressmixedrelay 27\" data-id=\"19271\" data-full-url=\"https:\/\/www.skimo.at\/sportler\/files\/2025\/03\/pressmixedrelay-27.jpg\" data-link=\"https:\/\/www.skimo.at\/sportler\/19238\/wm-platz-4-fuer-hiemer-und-verbnjak-beim-mixed-relay\/pressmixedrelay-27\/\" class=\"wp-image-19271\" srcset=\"https:\/\/www.skimo.at\/sportler\/files\/2025\/03\/pressmixedrelay-27-1024x769.jpg 1024w, https:\/\/www.skimo.at\/sportler\/files\/2025\/03\/pressmixedrelay-27-300x225.jpg 300w, https:\/\/www.skimo.at\/sportler\/files\/2025\/03\/pressmixedrelay-27-768x576.jpg 768w, https:\/\/www.skimo.at\/sportler\/files\/2025\/03\/pressmixedrelay-27-1224x919.jpg 1224w, https:\/\/www.skimo.at\/sportler\/files\/2025\/03\/pressmixedrelay-27-970x728.jpg 970w, https:\/\/www.skimo.at\/sportler\/files\/2025\/03\/pressmixedrelay-27-554x416.jpg 554w, https:\/\/www.skimo.at\/sportler\/files\/2025\/03\/pressmixedrelay-27-124x93.jpg 124w, https:\/\/www.skimo.at\/sportler\/files\/2025\/03\/pressmixedrelay-27.jpg 1920w\" sizes=\"(max-width: 1024px) 100vw, 1024px\" \/><\/a><figcaption class=\"blocks-gallery-item__caption\">pressmixedrelay 27<\/figcaption><\/figure><\/li><li class=\"blocks-gallery-item\"><figure><a href=\"https:\/\/www.skimo.at\/sportler\/19238\/wm-platz-4-fuer-hiemer-und-verbnjak-beim-mixed-relay\/pressmixedrelay-28\/\"><img loading=\"lazy\" width=\"1024\" height=\"769\" src=\"https:\/\/www.skimo.at\/sportler\/files\/2025\/03\/pressmixedrelay-28-1024x769.jpg\" alt=\"pressmixedrelay 28\" data-id=\"19272\" data-full-url=\"https:\/\/www.skimo.at\/sportler\/files\/2025\/03\/pressmixedrelay-28.jpg\" data-link=\"https:\/\/www.skimo.at\/sportler\/19238\/wm-platz-4-fuer-hiemer-und-verbnjak-beim-mixed-relay\/pressmixedrelay-28\/\" class=\"wp-image-19272\" srcset=\"https:\/\/www.skimo.at\/sportler\/files\/2025\/03\/pressmixedrelay-28-1024x769.jpg 1024w, https:\/\/www.skimo.at\/sportler\/files\/2025\/03\/pressmixedrelay-28-300x225.jpg 300w, https:\/\/www.skimo.at\/sportler\/files\/2025\/03\/pressmixedrelay-28-768x576.jpg 768w, https:\/\/www.skimo.at\/sportler\/files\/2025\/03\/pressmixedrelay-28-1224x919.jpg 1224w, https:\/\/www.skimo.at\/sportler\/files\/2025\/03\/pressmixedrelay-28-970x728.jpg 970w, https:\/\/www.skimo.at\/sportler\/files\/2025\/03\/pressmixedrelay-28-554x416.jpg 554w, https:\/\/www.skimo.at\/sportler\/files\/2025\/03\/pressmixedrelay-28-124x93.jpg 124w, https:\/\/www.skimo.at\/sportler\/files\/2025\/03\/pressmixedrelay-28.jpg 1920w\" sizes=\"(max-width: 1024px) 100vw, 1024px\" \/><\/a><figcaption class=\"blocks-gallery-item__caption\">pressmixedrelay 28<\/figcaption><\/figure><\/li><li class=\"blocks-gallery-item\"><figure><a href=\"https:\/\/www.skimo.at\/sportler\/19238\/wm-platz-4-fuer-hiemer-und-verbnjak-beim-mixed-relay\/pressmixedrelay-29\/\"><img loading=\"lazy\" width=\"1024\" height=\"769\" src=\"https:\/\/www.skimo.at\/sportler\/files\/2025\/03\/pressmixedrelay-29-1024x769.jpg\" alt=\"pressmixedrelay 29\" data-id=\"19273\" data-full-url=\"https:\/\/www.skimo.at\/sportler\/files\/2025\/03\/pressmixedrelay-29.jpg\" data-link=\"https:\/\/www.skimo.at\/sportler\/19238\/wm-platz-4-fuer-hiemer-und-verbnjak-beim-mixed-relay\/pressmixedrelay-29\/\" class=\"wp-image-19273\" srcset=\"https:\/\/www.skimo.at\/sportler\/files\/2025\/03\/pressmixedrelay-29-1024x769.jpg 1024w, https:\/\/www.skimo.at\/sportler\/files\/2025\/03\/pressmixedrelay-29-300x225.jpg 300w, https:\/\/www.skimo.at\/sportler\/files\/2025\/03\/pressmixedrelay-29-768x576.jpg 768w, https:\/\/www.skimo.at\/sportler\/files\/2025\/03\/pressmixedrelay-29-1224x919.jpg 1224w, https:\/\/www.skimo.at\/sportler\/files\/2025\/03\/pressmixedrelay-29-970x728.jpg 970w, https:\/\/www.skimo.at\/sportler\/files\/2025\/03\/pressmixedrelay-29-554x416.jpg 554w, https:\/\/www.skimo.at\/sportler\/files\/2025\/03\/pressmixedrelay-29-124x93.jpg 124w, https:\/\/www.skimo.at\/sportler\/files\/2025\/03\/pressmixedrelay-29.jpg 1920w\" sizes=\"(max-width: 1024px) 100vw, 1024px\" \/><\/a><figcaption class=\"blocks-gallery-item__caption\">pressmixedrelay 29<\/figcaption><\/figure><\/li><li class=\"blocks-gallery-item\"><figure><a href=\"https:\/\/www.skimo.at\/sportler\/19238\/wm-platz-4-fuer-hiemer-und-verbnjak-beim-mixed-relay\/pressmixedrelay-30\/\"><img loading=\"lazy\" width=\"1024\" height=\"769\" src=\"https:\/\/www.skimo.at\/sportler\/files\/2025\/03\/pressmixedrelay-30-1024x769.jpg\" alt=\"pressmixedrelay 30\" data-id=\"19274\" data-full-url=\"https:\/\/www.skimo.at\/sportler\/files\/2025\/03\/pressmixedrelay-30.jpg\" data-link=\"https:\/\/www.skimo.at\/sportler\/19238\/wm-platz-4-fuer-hiemer-und-verbnjak-beim-mixed-relay\/pressmixedrelay-30\/\" class=\"wp-image-19274\" srcset=\"https:\/\/www.skimo.at\/sportler\/files\/2025\/03\/pressmixedrelay-30-1024x769.jpg 1024w, https:\/\/www.skimo.at\/sportler\/files\/2025\/03\/pressmixedrelay-30-300x225.jpg 300w, https:\/\/www.skimo.at\/sportler\/files\/2025\/03\/pressmixedrelay-30-768x576.jpg 768w, https:\/\/www.skimo.at\/sportler\/files\/2025\/03\/pressmixedrelay-30-1224x919.jpg 1224w, https:\/\/www.skimo.at\/sportler\/files\/2025\/03\/pressmixedrelay-30-970x728.jpg 970w, https:\/\/www.skimo.at\/sportler\/files\/2025\/03\/pressmixedrelay-30-554x416.jpg 554w, https:\/\/www.skimo.at\/sportler\/files\/2025\/03\/pressmixedrelay-30-124x93.jpg 124w, https:\/\/www.skimo.at\/sportler\/files\/2025\/03\/pressmixedrelay-30.jpg 1920w\" sizes=\"(max-width: 1024px) 100vw, 1024px\" \/><\/a><figcaption class=\"blocks-gallery-item__caption\">pressmixedrelay 30<\/figcaption><\/figure><\/li><li class=\"blocks-gallery-item\"><figure><a href=\"https:\/\/www.skimo.at\/sportler\/19238\/wm-platz-4-fuer-hiemer-und-verbnjak-beim-mixed-relay\/pressmixedrelay-31\/\"><img loading=\"lazy\" width=\"1024\" height=\"769\" src=\"https:\/\/www.skimo.at\/sportler\/files\/2025\/03\/pressmixedrelay-31-1024x769.jpg\" alt=\"pressmixedrelay 31\" data-id=\"19275\" data-full-url=\"https:\/\/www.skimo.at\/sportler\/files\/2025\/03\/pressmixedrelay-31.jpg\" data-link=\"https:\/\/www.skimo.at\/sportler\/19238\/wm-platz-4-fuer-hiemer-und-verbnjak-beim-mixed-relay\/pressmixedrelay-31\/\" class=\"wp-image-19275\" srcset=\"https:\/\/www.skimo.at\/sportler\/files\/2025\/03\/pressmixedrelay-31-1024x769.jpg 1024w, https:\/\/www.skimo.at\/sportler\/files\/2025\/03\/pressmixedrelay-31-300x225.jpg 300w, https:\/\/www.skimo.at\/sportler\/files\/2025\/03\/pressmixedrelay-31-768x576.jpg 768w, https:\/\/www.skimo.at\/sportler\/files\/2025\/03\/pressmixedrelay-31-1224x919.jpg 1224w, https:\/\/www.skimo.at\/sportler\/files\/2025\/03\/pressmixedrelay-31-970x728.jpg 970w, https:\/\/www.skimo.at\/sportler\/files\/2025\/03\/pressmixedrelay-31-554x416.jpg 554w, https:\/\/www.skimo.at\/sportler\/files\/2025\/03\/pressmixedrelay-31-124x93.jpg 124w, https:\/\/www.skimo.at\/sportler\/files\/2025\/03\/pressmixedrelay-31.jpg 1920w\" sizes=\"(max-width: 1024px) 100vw, 1024px\" \/><\/a><figcaption class=\"blocks-gallery-item__caption\">pressmixedrelay 31<\/figcaption><\/figure><\/li><\/ul><\/figure>\n","protected":false},"excerpt":{"rendered":"<p>Johanna Hiemer und Paul Verbnjak verpassen die WM-Medaille im Mixed Team Relay knapp und kommen auf Platz 4 ins Ziel.&nbsp;<\/p>\n","protected":false},"author":3,"featured_media":19241,"comment_status":"closed","ping_status":"closed","sticky":false,"template":"","format":"standard","meta":[],"categories":[1,3],"tags":[],"yoast_head":"<!-- This site is optimized with the Yoast SEO plugin v16.3 - https:\/\/yoast.com\/wordpress\/plugins\/seo\/ -->\n<title>WM-Platz 4 f\u00fcr Hiemer und Verbnjak beim Mixed Relay - Sportler<\/title>\n<meta name=\"robots\" content=\"index, follow, max-snippet:-1, max-image-preview:large, max-video-preview:-1\" \/>\n<link rel=\"canonical\" href=\"https:\/\/www.skimo.at\/sportler\/19238\/wm-platz-4-fuer-hiemer-und-verbnjak-beim-mixed-relay\/\" \/>\n<meta property=\"og:locale\" content=\"de_DE\" \/>\n<meta property=\"og:type\" content=\"article\" \/>\n<meta property=\"og:title\" content=\"WM-Platz 4 f\u00fcr Hiemer und Verbnjak beim Mixed Relay - Sportler\" \/>\n<meta property=\"og:description\" content=\"Johanna Hiemer und Paul Verbnjak verpassen die WM-Medaille im Mixed Team Relay knapp und kommen auf Platz 4 ins Ziel.&nbsp;\" \/>\n<meta property=\"og:url\" content=\"https:\/\/www.skimo.at\/sportler\/19238\/wm-platz-4-fuer-hiemer-und-verbnjak-beim-mixed-relay\/\" \/>\n<meta property=\"og:site_name\" content=\"Sportler\" \/>\n<meta property=\"article:published_time\" content=\"2025-03-03T16:14:19+00:00\" \/>\n<meta property=\"article:modified_time\" content=\"2025-03-03T19:09:31+00:00\" \/>\n<meta property=\"og:image\" content=\"https:\/\/www.skimo.at\/sportler\/files\/2025\/03\/johanna-hiemer-und-paul-verbnjak-bild-martin-weigl-scaled.jpg\" \/>\n\t<meta property=\"og:image:width\" content=\"2560\" \/>\n\t<meta property=\"og:image:height\" content=\"1707\" \/>\n<meta name=\"twitter:card\" content=\"summary\" \/>\n<meta name=\"twitter:label1\" content=\"Gesch\u00e4tzte Lesezeit\">\n\t<meta name=\"twitter:data1\" content=\"9\u00a0Minuten\">\n<script type=\"application\/ld+json\" class=\"yoast-schema-graph\">{\"@context\":\"https:\/\/schema.org\",\"@graph\":[{\"@type\":\"WebSite\",\"@id\":\"https:\/\/skimo.73.jarolim.eu\/sportler\/#website\",\"url\":\"https:\/\/skimo.73.jarolim.eu\/sportler\/\",\"name\":\"Sportler\",\"description\":\"\",\"potentialAction\":[{\"@type\":\"SearchAction\",\"target\":\"https:\/\/skimo.73.jarolim.eu\/sportler\/?s={search_term_string}\",\"query-input\":\"required name=search_term_string\"}],\"inLanguage\":\"de\"},{\"@type\":\"ImageObject\",\"@id\":\"https:\/\/www.skimo.at\/sportler\/19238\/wm-platz-4-fuer-hiemer-und-verbnjak-beim-mixed-relay\/#primaryimage\",\"inLanguage\":\"de\",\"url\":\"https:\/\/www.skimo.at\/sportler\/files\/2025\/03\/johanna-hiemer-und-paul-verbnjak-bild-martin-weigl-scaled.jpg\",\"contentUrl\":\"https:\/\/www.skimo.at\/sportler\/files\/2025\/03\/johanna-hiemer-und-paul-verbnjak-bild-martin-weigl-scaled.jpg\",\"width\":2560,\"height\":1707,\"caption\":\"johanna hiemer und paul verbnjak bild martin weigl\"},{\"@type\":\"WebPage\",\"@id\":\"https:\/\/www.skimo.at\/sportler\/19238\/wm-platz-4-fuer-hiemer-und-verbnjak-beim-mixed-relay\/#webpage\",\"url\":\"https:\/\/www.skimo.at\/sportler\/19238\/wm-platz-4-fuer-hiemer-und-verbnjak-beim-mixed-relay\/\",\"name\":\"WM-Platz 4 f\\u00fcr Hiemer und Verbnjak beim Mixed Relay - Sportler\",\"isPartOf\":{\"@id\":\"https:\/\/skimo.73.jarolim.eu\/sportler\/#website\"},\"primaryImageOfPage\":{\"@id\":\"https:\/\/www.skimo.at\/sportler\/19238\/wm-platz-4-fuer-hiemer-und-verbnjak-beim-mixed-relay\/#primaryimage\"},\"datePublished\":\"2025-03-03T16:14:19+00:00\",\"dateModified\":\"2025-03-03T19:09:31+00:00\",\"author\":{\"@id\":\"https:\/\/skimo.73.jarolim.eu\/sportler\/#\/schema\/person\/796ecbce6796efca58bf848ca63ec12c\"},\"breadcrumb\":{\"@id\":\"https:\/\/www.skimo.at\/sportler\/19238\/wm-platz-4-fuer-hiemer-und-verbnjak-beim-mixed-relay\/#breadcrumb\"},\"inLanguage\":\"de\",\"potentialAction\":[{\"@type\":\"ReadAction\",\"target\":[\"https:\/\/www.skimo.at\/sportler\/19238\/wm-platz-4-fuer-hiemer-und-verbnjak-beim-mixed-relay\/\"]}]},{\"@type\":\"BreadcrumbList\",\"@id\":\"https:\/\/www.skimo.at\/sportler\/19238\/wm-platz-4-fuer-hiemer-und-verbnjak-beim-mixed-relay\/#breadcrumb\",\"itemListElement\":[{\"@type\":\"ListItem\",\"position\":1,\"item\":{\"@type\":\"WebPage\",\"@id\":\"https:\/\/skimo.73.jarolim.eu\/sportler\/\",\"url\":\"https:\/\/skimo.73.jarolim.eu\/sportler\/\",\"name\":\"Home\"}},{\"@type\":\"ListItem\",\"position\":2,\"item\":{\"@id\":\"https:\/\/www.skimo.at\/sportler\/19238\/wm-platz-4-fuer-hiemer-und-verbnjak-beim-mixed-relay\/#webpage\"}}]},{\"@type\":\"Person\",\"@id\":\"https:\/\/skimo.73.jarolim.eu\/sportler\/#\/schema\/person\/796ecbce6796efca58bf848ca63ec12c\",\"name\":\"kposch\",\"image\":{\"@type\":\"ImageObject\",\"@id\":\"https:\/\/skimo.73.jarolim.eu\/sportler\/#personlogo\",\"inLanguage\":\"de\",\"url\":\"https:\/\/secure.gravatar.com\/avatar\/e9f5f28da60e5e563d3f4d3cc0b9b425?s=96&r=g\",\"contentUrl\":\"https:\/\/secure.gravatar.com\/avatar\/e9f5f28da60e5e563d3f4d3cc0b9b425?s=96&r=g\",\"caption\":\"kposch\"},\"url\":\"https:\/\/www.skimo.at\/sportler\/author\/kposch\/\"}]}<\/script>\n<!-- \/ Yoast SEO plugin. -->","_links":{"self":[{"href":"https:\/\/www.skimo.at\/sportler\/wp-json\/wp\/v2\/posts\/19238"}],"collection":[{"href":"https:\/\/www.skimo.at\/sportler\/wp-json\/wp\/v2\/posts"}],"about":[{"href":"https:\/\/www.skimo.at\/sportler\/wp-json\/wp\/v2\/types\/post"}],"author":[{"embeddable":true,"href":"https:\/\/www.skimo.at\/sportler\/wp-json\/wp\/v2\/users\/3"}],"replies":[{"embeddable":true,"href":"https:\/\/www.skimo.at\/sportler\/wp-json\/wp\/v2\/comments?post=19238"}],"version-history":[{"count":4,"href":"https:\/\/www.skimo.at\/sportler\/wp-json\/wp\/v2\/posts\/19238\/revisions"}],"predecessor-version":[{"id":19276,"href":"https:\/\/www.skimo.at\/sportler\/wp-json\/wp\/v2\/posts\/19238\/revisions\/19276"}],"wp:featuredmedia":[{"embeddable":true,"href":"https:\/\/www.skimo.at\/sportler\/wp-json\/wp\/v2\/media\/19241"}],"wp:attachment":[{"href":"https:\/\/www.skimo.at\/sportler\/wp-json\/wp\/v2\/media?parent=19238"}],"wp:term":[{"taxonomy":"category","embeddable":true,"href":"https:\/\/www.skimo.at\/sportler\/wp-json\/wp\/v2\/categories?post=19238"},{"taxonomy":"post_tag","embeddable":true,"href":"https:\/\/www.skimo.at\/sportler\/wp-json\/wp\/v2\/tags?post=19238"}],"curies":[{"name":"wp","href":"https:\/\/api.w.org\/{rel}","templated":true}]}}