{"id":19186,"date":"2025-02-19T11:29:40","date_gmt":"2025-02-19T09:29:40","guid":{"rendered":"https:\/\/www.skimo.at\/sportler\/?p=19186"},"modified":"2025-02-19T11:29:41","modified_gmt":"2025-02-19T09:29:41","slug":"olympia-test-der-skibergsteiger-beim-weltcup-in-bormio","status":"publish","type":"post","link":"https:\/\/www.skimo.at\/sportler\/19186\/olympia-test-der-skibergsteiger-beim-weltcup-in-bormio\/","title":{"rendered":"Olympia-Test der Skibergsteiger beim Weltcup in Bormio"},"content":{"rendered":"\n<p>Am kommenden Wochenende gehen in Bormio (ITA) die Sprint- und Mixed-Staffel-Rennen \u00fcber die B\u00fchne. Der Weltcup ist zugleich das Test-Event f\u00fcr die 2026 bevorstehende Olympiapremiere der Skibergsteiger und daher f\u00fcr das f\u00fcnfk\u00f6pfige \u00d6SV-Team besonders wichtig.<\/p>\n\n\n\n<p>Bormio, wo 2026 die olympischen Bewerbe der Skibergsteiger ausgetragen werden, richtet am kommenden Wochenende erstmals einen Weltcup mit Sprint- und Mixed-Relay-Rennen aus. Nicht nur f\u00fcr die f\u00fcnfk\u00f6pfige Ski Austria Mannschaft also ein wichtiger Test, um Strecke und Infrastruktur kennenzulernen.<\/p>\n\n\n\n<p>Vor allem f\u00fcr Johanna Hiemer und Paul Verbnjak, die im Mixed-Bewerb in Boi Ta\u00fcll (ESP) vor zwei Wochen mit einem Podiumsplatz gl\u00e4nzten, geht es um weitere wichtige Punkte f\u00fcr die Olympiaqualifikation. Aber auch das zweite Mixed-Duo mit Sarah Dreier und Andreas Mayer will sich die Chance auf ein Ticket f\u00fcr 2026 erhalten. Der Vorarlberger Daniel Zugg wird das Quartett im Sprint zus\u00e4tzlich verst\u00e4rken und hofft, nach l\u00e4ngerer Weltcuppause, sich wieder f\u00fcr die Finall\u00e4ufe zu qualifizieren.<\/p>\n\n\n\n<h3>ISMF Weltcup Bormio (ITA) \u2013 Programm und Aufstellung:<\/h3>\n\n\n\n<p>Samstag, 22.2.25: Sprint<\/p>\n\n\n\n<ul><li>Sarah Dreier, Johanna Hiemer<\/li><li>Andreas Mayer, Paul Verbnjak, Daniel Zugg<\/li><\/ul>\n\n\n\n<p>Sonntag, 23.2.25: Mixed Relay<\/p>\n\n\n\n<ul><li>Team Ski Austria 1: Johanna Hiemer \u2013 Paul Verbnjak<\/li><li>Team Ski Austria 2: Sarah Dreier \u2013 Andreas Mayer<\/li><\/ul>\n\n\n\n<h3>Hier einige Stellungnahmen und O-T\u00f6ne der Athlet:innen:<\/h3>\n\n\n\n<blockquote class=\"wp-block-quote\"><p>\u201eIch freue mich sehr, endlich wieder Wettk\u00e4mpfe zu laufen. Ich konnte mich in den letzten Wochen wieder gut von meinem Infekt erholen und freue mich jetzt riesig auf die bevorstehenden Rennen.\u201d<\/p><cite>Sarah Dreier<\/cite><\/blockquote>\n\n\n\n<blockquote class=\"wp-block-quote\"><p>\u201eMeine Vorbereitung verlief leider nicht ganz nach Plan. Deshalb hei\u00dft es f\u00fcr mich jetzt wieder in den richtigen Wettkampfmodus zu kommen, aber nach den zuletzt sehr guten Ergebnissen bin ich recht zuversichtlich, dass ich an die Leistungen ankn\u00fcpfen kann. Diese Weltcup-Station wird insofern interessant, als dass die Strecke n\u00e4chstes Jahr bei Olympia genau die gleiche sein wird \u2013 darauf sind wir alle schon recht gespannt. Ich freue mich auch insofern auf Bormio, weil mich meine Mama und meine Kinder begleiten werden und das ist immer etwas Besonderes f\u00fcr mich.\u201c<\/p><cite>Johanna Hiemer<\/cite><\/blockquote>\n\n\n\n<blockquote class=\"wp-block-quote\"><p>\u201cDie Vorfreude auf Bormio ist gro\u00df. Ich konnte die vergangenen Wochen noch einmal gezielt trainieren und auch die Form sollte stimmen. Ich bin zuversichtlich, dass ein paar gute Ergebnisse bei Sprint und Mixed dabei herauskommen. Bormio ist zugleich das Test-Event f\u00fcr Olympia 2026 und das gibt den Rennen ein gewisses Extra-Flair.\u201c<\/p><cite>Andreas Mayer<\/cite><\/blockquote>\n\n\n\n<blockquote class=\"wp-block-quote\"><p>\u201eWir sind alle recht gespannt auf die Olympiastrecken 2026. F\u00fcr mich steht nat\u00fcrlich wieder das Mixed-Relay im Vordergrund und nach unserem Stockerlplatz beim letzten Weltcup, w\u00e4re es schon cool, wenn wir wiederum vorne mitmischen k\u00f6nnten. Wir konnten uns in Hochgurgel nochmal gut vorbereiten und sind bereit f\u00fcr die anstehenden Saisonhighlights Bormio, WM und Heimweltcup Schladming.\u201c<\/p><cite>Paul Verbnjak<\/cite><\/blockquote>\n\n\n\n<blockquote class=\"wp-block-quote\"><p>\u201eIn Summe war ich jetzt doch fast einen Monat krank und konnte eigentlich vor Kurzem erst wieder mit dem Training beginnen. Insofern freue ich mich auf den Weltcup in Bormio, sehe es aber eher als Vorbereitung auf die darauffolgenden Rennen und speziell die Weltmeisterschaften.\u201c<\/p><cite>Daniel Zugg<\/cite><\/blockquote>\n","protected":false},"excerpt":{"rendered":"<p>Am kommenden Wochenende gehen in Bormio (ITA) die Sprint- und Mixed-Staffel-Rennen \u00fcber die B\u00fchne. Der Weltcup ist zugleich das Test-Event f\u00fcr die 2026 bevorstehende Olympiapremiere der Skibergsteiger und daher f\u00fcr das f\u00fcnfk\u00f6pfige \u00d6SV-Team besonders wichtig. Bormio, wo 2026 die olympischen Bewerbe der Skibergsteiger ausgetragen werden, richtet am kommenden Wochenende erstmals einen Weltcup mit Sprint- und [&hellip;]<\/p>\n","protected":false},"author":46,"featured_media":19187,"comment_status":"closed","ping_status":"closed","sticky":false,"template":"","format":"standard","meta":[],"categories":[1,3],"tags":[],"yoast_head":"<!-- This site is optimized with the Yoast SEO plugin v16.3 - https:\/\/yoast.com\/wordpress\/plugins\/seo\/ -->\n<title>Olympia-Test der Skibergsteiger beim Weltcup in Bormio - Sportler<\/title>\n<meta name=\"robots\" content=\"index, follow, max-snippet:-1, max-image-preview:large, max-video-preview:-1\" \/>\n<link rel=\"canonical\" href=\"https:\/\/www.skimo.at\/sportler\/19186\/olympia-test-der-skibergsteiger-beim-weltcup-in-bormio\/\" \/>\n<meta property=\"og:locale\" content=\"de_DE\" \/>\n<meta property=\"og:type\" content=\"article\" \/>\n<meta property=\"og:title\" content=\"Olympia-Test der Skibergsteiger beim Weltcup in Bormio - Sportler\" \/>\n<meta property=\"og:description\" content=\"Am kommenden Wochenende gehen in Bormio (ITA) die Sprint- und Mixed-Staffel-Rennen \u00fcber die B\u00fchne. Der Weltcup ist zugleich das Test-Event f\u00fcr die 2026 bevorstehende Olympiapremiere der Skibergsteiger und daher f\u00fcr das f\u00fcnfk\u00f6pfige \u00d6SV-Team besonders wichtig. Bormio, wo 2026 die olympischen Bewerbe der Skibergsteiger ausgetragen werden, richtet am kommenden Wochenende erstmals einen Weltcup mit Sprint- und [&hellip;]\" \/>\n<meta property=\"og:url\" content=\"https:\/\/www.skimo.at\/sportler\/19186\/olympia-test-der-skibergsteiger-beim-weltcup-in-bormio\/\" \/>\n<meta property=\"og:site_name\" content=\"Sportler\" \/>\n<meta property=\"article:published_time\" content=\"2025-02-19T09:29:40+00:00\" \/>\n<meta property=\"article:modified_time\" content=\"2025-02-19T09:29:41+00:00\" \/>\n<meta property=\"og:image\" content=\"https:\/\/www.skimo.at\/sportler\/files\/2025\/02\/weltcup-bormio-ski-austria.jpg\" \/>\n\t<meta property=\"og:image:width\" content=\"1920\" \/>\n\t<meta property=\"og:image:height\" content=\"785\" \/>\n<meta name=\"twitter:card\" content=\"summary\" \/>\n<meta name=\"twitter:label1\" content=\"Gesch\u00e4tzte Lesezeit\">\n\t<meta name=\"twitter:data1\" content=\"3\u00a0Minuten\">\n<script type=\"application\/ld+json\" class=\"yoast-schema-graph\">{\"@context\":\"https:\/\/schema.org\",\"@graph\":[{\"@type\":\"WebSite\",\"@id\":\"https:\/\/skimo.73.jarolim.eu\/sportler\/#website\",\"url\":\"https:\/\/skimo.73.jarolim.eu\/sportler\/\",\"name\":\"Sportler\",\"description\":\"\",\"potentialAction\":[{\"@type\":\"SearchAction\",\"target\":\"https:\/\/skimo.73.jarolim.eu\/sportler\/?s={search_term_string}\",\"query-input\":\"required name=search_term_string\"}],\"inLanguage\":\"de\"},{\"@type\":\"ImageObject\",\"@id\":\"https:\/\/www.skimo.at\/sportler\/19186\/olympia-test-der-skibergsteiger-beim-weltcup-in-bormio\/#primaryimage\",\"inLanguage\":\"de\",\"url\":\"https:\/\/www.skimo.at\/sportler\/files\/2025\/02\/weltcup-bormio-ski-austria.jpg\",\"contentUrl\":\"https:\/\/www.skimo.at\/sportler\/files\/2025\/02\/weltcup-bormio-ski-austria.jpg\",\"width\":1920,\"height\":785,\"caption\":\"weltcup bormio ski austria\"},{\"@type\":\"WebPage\",\"@id\":\"https:\/\/www.skimo.at\/sportler\/19186\/olympia-test-der-skibergsteiger-beim-weltcup-in-bormio\/#webpage\",\"url\":\"https:\/\/www.skimo.at\/sportler\/19186\/olympia-test-der-skibergsteiger-beim-weltcup-in-bormio\/\",\"name\":\"Olympia-Test der Skibergsteiger beim Weltcup in Bormio - Sportler\",\"isPartOf\":{\"@id\":\"https:\/\/skimo.73.jarolim.eu\/sportler\/#website\"},\"primaryImageOfPage\":{\"@id\":\"https:\/\/www.skimo.at\/sportler\/19186\/olympia-test-der-skibergsteiger-beim-weltcup-in-bormio\/#primaryimage\"},\"datePublished\":\"2025-02-19T09:29:40+00:00\",\"dateModified\":\"2025-02-19T09:29:41+00:00\",\"author\":{\"@id\":\"https:\/\/skimo.73.jarolim.eu\/sportler\/#\/schema\/person\/06e0ad047a5b8db68febf1faabd580ec\"},\"breadcrumb\":{\"@id\":\"https:\/\/www.skimo.at\/sportler\/19186\/olympia-test-der-skibergsteiger-beim-weltcup-in-bormio\/#breadcrumb\"},\"inLanguage\":\"de\",\"potentialAction\":[{\"@type\":\"ReadAction\",\"target\":[\"https:\/\/www.skimo.at\/sportler\/19186\/olympia-test-der-skibergsteiger-beim-weltcup-in-bormio\/\"]}]},{\"@type\":\"BreadcrumbList\",\"@id\":\"https:\/\/www.skimo.at\/sportler\/19186\/olympia-test-der-skibergsteiger-beim-weltcup-in-bormio\/#breadcrumb\",\"itemListElement\":[{\"@type\":\"ListItem\",\"position\":1,\"item\":{\"@type\":\"WebPage\",\"@id\":\"https:\/\/skimo.73.jarolim.eu\/sportler\/\",\"url\":\"https:\/\/skimo.73.jarolim.eu\/sportler\/\",\"name\":\"Home\"}},{\"@type\":\"ListItem\",\"position\":2,\"item\":{\"@id\":\"https:\/\/www.skimo.at\/sportler\/19186\/olympia-test-der-skibergsteiger-beim-weltcup-in-bormio\/#webpage\"}}]},{\"@type\":\"Person\",\"@id\":\"https:\/\/skimo.73.jarolim.eu\/sportler\/#\/schema\/person\/06e0ad047a5b8db68febf1faabd580ec\",\"name\":\"jauer\",\"image\":{\"@type\":\"ImageObject\",\"@id\":\"https:\/\/skimo.73.jarolim.eu\/sportler\/#personlogo\",\"inLanguage\":\"de\",\"url\":\"https:\/\/secure.gravatar.com\/avatar\/834131af50852e8b8e036d2a10b1f85a?s=96&r=g\",\"contentUrl\":\"https:\/\/secure.gravatar.com\/avatar\/834131af50852e8b8e036d2a10b1f85a?s=96&r=g\",\"caption\":\"jauer\"},\"url\":\"https:\/\/www.skimo.at\/sportler\/author\/jauer\/\"}]}<\/script>\n<!-- \/ Yoast SEO plugin. -->","_links":{"self":[{"href":"https:\/\/www.skimo.at\/sportler\/wp-json\/wp\/v2\/posts\/19186"}],"collection":[{"href":"https:\/\/www.skimo.at\/sportler\/wp-json\/wp\/v2\/posts"}],"about":[{"href":"https:\/\/www.skimo.at\/sportler\/wp-json\/wp\/v2\/types\/post"}],"author":[{"embeddable":true,"href":"https:\/\/www.skimo.at\/sportler\/wp-json\/wp\/v2\/users\/46"}],"replies":[{"embeddable":true,"href":"https:\/\/www.skimo.at\/sportler\/wp-json\/wp\/v2\/comments?post=19186"}],"version-history":[{"count":1,"href":"https:\/\/www.skimo.at\/sportler\/wp-json\/wp\/v2\/posts\/19186\/revisions"}],"predecessor-version":[{"id":19188,"href":"https:\/\/www.skimo.at\/sportler\/wp-json\/wp\/v2\/posts\/19186\/revisions\/19188"}],"wp:featuredmedia":[{"embeddable":true,"href":"https:\/\/www.skimo.at\/sportler\/wp-json\/wp\/v2\/media\/19187"}],"wp:attachment":[{"href":"https:\/\/www.skimo.at\/sportler\/wp-json\/wp\/v2\/media?parent=19186"}],"wp:term":[{"taxonomy":"category","embeddable":true,"href":"https:\/\/www.skimo.at\/sportler\/wp-json\/wp\/v2\/categories?post=19186"},{"taxonomy":"post_tag","embeddable":true,"href":"https:\/\/www.skimo.at\/sportler\/wp-json\/wp\/v2\/tags?post=19186"}],"curies":[{"name":"wp","href":"https:\/\/api.w.org\/{rel}","templated":true}]}}