{"id":18890,"date":"2024-11-23T11:00:54","date_gmt":"2024-11-23T09:00:54","guid":{"rendered":"https:\/\/www.skimo.at\/sportler\/?p=18890"},"modified":"2024-11-23T11:02:46","modified_gmt":"2024-11-23T09:02:46","slug":"armin-hoefl-tritt-aus-dem-oesv-nationalkader-zurueck","status":"publish","type":"post","link":"https:\/\/www.skimo.at\/sportler\/18890\/armin-hoefl-tritt-aus-dem-oesv-nationalkader-zurueck\/","title":{"rendered":"Armin H\u00f6fl tritt aus dem \u00d6SV Nationalkader zur\u00fcck"},"content":{"rendered":"\n<p id=\"block-8f137c39-57ee-477a-b2dc-49fec89e10a9\"><br>Ein Urgestein der \u00d6sterreichischen Wettkampf-Skibergsteigerszene tritt von der Top-B\u00fchne ab. Der 35-j\u00e4hrige Armin H\u00f6fl aus Krakau in der Steiermark verl\u00e4sst die \u00d6SV Kader und wird zuk\u00fcnftig&nbsp; bei offenen Rennen starten.<\/p>\n\n\n\n<p id=\"block-d1798e0e-c8cc-434a-a47e-0aa3799ba4ee\">Armin zeigte bei diversen Rennen im Salzburger Land schon vor 10 Jahren auf, weshalb er im M\u00e4rz 2015 von SKIMO Austria testweise ins damals gerade aufsteigende Nationalteam geholt wurde. <\/p>\n\n\n\n<div class=\"wp-block-columns\">\n<div class=\"wp-block-column\" style=\"flex-basis:50%\">\n<p><\/p>\n\n\n\n<p>Zuerst mit einem Start beim offenen Rennen bei der Marmotta-Trophy und Platz 6, dann beim Individual in Mondole (ITA) erstmals in der Knochenm\u00fchle des Weltcups mit Platz 23. Er lie\u00df sich nicht von der H\u00e4rte der Rennen abhalten, sondern inspirieren, und wurde deshalb auch 2016 dauerhaft ins Nationalteam aufgenommen.<\/p>\n\n\n\n<p>Nach der \u00dcbergabe der Nationalmannschaft von SKIMO Austria an den \u00d6SV wurde H\u00f6fl als Teammitglied weitergef\u00fchrt. Seine gr\u00f6\u00dften Erfolge folgten in dieser Zeit, mehrere Top5 und Top10 Platzierungen und der 4. Platz im Individualbewerb beim Weltcuprennen in China 2019.<\/p>\n<\/div>\n\n\n\n<div class=\"wp-block-column\" style=\"flex-basis:50%\">\n<div class=\"wp-block-image\"><figure class=\"aligncenter size-large is-resized\"><a href=\"https:\/\/www.skimo.at\/sportler\/files\/2024\/11\/osv-nationalkader-2017-armin-hofl-3-bild-karl-posch-lr.jpg\"><img loading=\"lazy\" src=\"https:\/\/www.skimo.at\/sportler\/files\/2024\/11\/osv-nationalkader-2017-armin-hofl-3-bild-karl-posch-lr-1024x1024.jpg\" alt=\"osv nationalkader 2017 armin hofl 3 bild karl posch lr\" class=\"wp-image-18897\" width=\"256\" height=\"256\" srcset=\"https:\/\/www.skimo.at\/sportler\/files\/2024\/11\/osv-nationalkader-2017-armin-hofl-3-bild-karl-posch-lr-1024x1024.jpg 1024w, https:\/\/www.skimo.at\/sportler\/files\/2024\/11\/osv-nationalkader-2017-armin-hofl-3-bild-karl-posch-lr-300x300.jpg 300w, https:\/\/www.skimo.at\/sportler\/files\/2024\/11\/osv-nationalkader-2017-armin-hofl-3-bild-karl-posch-lr-150x150.jpg 150w, https:\/\/www.skimo.at\/sportler\/files\/2024\/11\/osv-nationalkader-2017-armin-hofl-3-bild-karl-posch-lr-768x768.jpg 768w, https:\/\/www.skimo.at\/sportler\/files\/2024\/11\/osv-nationalkader-2017-armin-hofl-3-bild-karl-posch-lr-1224x1224.jpg 1224w, https:\/\/www.skimo.at\/sportler\/files\/2024\/11\/osv-nationalkader-2017-armin-hofl-3-bild-karl-posch-lr-970x970.jpg 970w, https:\/\/www.skimo.at\/sportler\/files\/2024\/11\/osv-nationalkader-2017-armin-hofl-3-bild-karl-posch-lr-554x554.jpg 554w, https:\/\/www.skimo.at\/sportler\/files\/2024\/11\/osv-nationalkader-2017-armin-hofl-3-bild-karl-posch-lr-93x93.jpg 93w, https:\/\/www.skimo.at\/sportler\/files\/2024\/11\/osv-nationalkader-2017-armin-hofl-3-bild-karl-posch-lr.jpg 1800w\" sizes=\"(max-width: 256px) 100vw, 256px\" \/><\/a><figcaption>H\u00f6fl stolz nach der Aufnahme in den Nationalkader<\/figcaption><\/figure><\/div>\n<\/div>\n<\/div>\n\n\n\n<p id=\"block-cc46394b-8eeb-47f7-8d99-289752add27a\">Eine sportliche Katastrophe ereilte H\u00f6fl im September 2020. <a href=\"https:\/\/www.skimo.at\/sportler\/15293\/armin-hoefl-nach-seinem-unfall-auf-dem-weg-der-besserung\/\">Ein schwerer Radsturz knockte den Steirer f\u00fcr viele Monate aus der sportlichen Spitze.<\/a> Er konnte alle Probleme aber absch\u00fctteln und wurde in den \u00d6sterreichischen Heeressport aufgenommen, was auch beruflich einen gro\u00dfen Schritt bedeutete. <a href=\"https:\/\/www.skimo.at\/sportler\/16364\/armin-hoefl-ist-nach-verletzungspause-wieder-fit\/\">2021\/2022 gelang dann das Comeback<\/a>, gekr\u00f6nt durch einen Individual Sieg beim Jennerstier und einen Disziplinensieg bei der Patrouille des Glaciers im Fr\u00fchling 2022.<\/p>\n\n\n\n<p><a href=\"https:\/\/www.skimostats.com\/athlete\/armin-hoefl\">Hier lassen sich die Erfolge von Armin H\u00f6fl bei unseren Partnern von SkimoStats nachlesen.<\/a><\/p>\n\n\n\n<p id=\"block-0ae8787b-3f9e-42fe-a3b5-9942b943551f\">Anhaltende ernsthafte gesundheitliche Probleme im Fr\u00fchling und Sommer 2024 f\u00fchrten bei Armin nun zur Entscheidung, den Druck herauszunehmen. Bei aller Liebe zum Sport gibt\u2019s f\u00fcr den zweifachen Familienvater doch andere Priorit\u00e4ten:<\/p>\n\n\n\n<blockquote class=\"wp-block-quote\"><p>Im Laufe der letzten Wochen wurde mir schlussendlich klar: meine Familie und auch meine Gesundheit sind mir einfach wichtiger. Es ist an der Zeit neue Priorit\u00e4ten zu setzen.<\/p><\/blockquote>\n\n\n\n<p id=\"block-3cc62596-2fe9-4ad5-bf63-c333ec9b4b0f\">Das Team SKIMO Austria ist gespannt auf die n\u00e4chsten Schritte des Steirers. Jedenfalls freuen wir uns f\u00fcr ihn, dass es f\u00fcr ihn nun hoffentlich gesundheitlich wieder stabilere Seiten gibt und w\u00fcnschen neben einer guten beruflichen Zukunft auch viele l\u00e4ssige Ergebnisse bei offenen Rennen.<\/p>\n\n\n\n<figure class=\"wp-block-gallery columns-3 is-cropped\"><ul class=\"blocks-gallery-grid\"><li class=\"blocks-gallery-item\"><figure><a href=\"https:\/\/www.skimo.at\/sportler\/?attachment_id=18891\"><img loading=\"lazy\" width=\"1024\" height=\"682\" src=\"https:\/\/www.skimo.at\/sportler\/files\/2024\/11\/marmotta-trophy-2015-sprint-3-willi-seebacher-lr-1024x682.jpg\" alt=\"marmotta trophy 2015 sprint 3 willi seebacher lr\" data-id=\"18891\" data-link=\"https:\/\/www.skimo.at\/sportler\/?attachment_id=18891\" class=\"wp-image-18891\" srcset=\"https:\/\/www.skimo.at\/sportler\/files\/2024\/11\/marmotta-trophy-2015-sprint-3-willi-seebacher-lr-1024x682.jpg 1024w, https:\/\/www.skimo.at\/sportler\/files\/2024\/11\/marmotta-trophy-2015-sprint-3-willi-seebacher-lr-300x200.jpg 300w, https:\/\/www.skimo.at\/sportler\/files\/2024\/11\/marmotta-trophy-2015-sprint-3-willi-seebacher-lr-768x512.jpg 768w, https:\/\/www.skimo.at\/sportler\/files\/2024\/11\/marmotta-trophy-2015-sprint-3-willi-seebacher-lr-746x497.jpg 746w, https:\/\/www.skimo.at\/sportler\/files\/2024\/11\/marmotta-trophy-2015-sprint-3-willi-seebacher-lr-618x412.jpg 618w, https:\/\/www.skimo.at\/sportler\/files\/2024\/11\/marmotta-trophy-2015-sprint-3-willi-seebacher-lr-554x369.jpg 554w, https:\/\/www.skimo.at\/sportler\/files\/2024\/11\/marmotta-trophy-2015-sprint-3-willi-seebacher-lr-299x199.jpg 299w, https:\/\/www.skimo.at\/sportler\/files\/2024\/11\/marmotta-trophy-2015-sprint-3-willi-seebacher-lr-1224x816.jpg 1224w, https:\/\/www.skimo.at\/sportler\/files\/2024\/11\/marmotta-trophy-2015-sprint-3-willi-seebacher-lr-970x646.jpg 970w, https:\/\/www.skimo.at\/sportler\/files\/2024\/11\/marmotta-trophy-2015-sprint-3-willi-seebacher-lr-140x93.jpg 140w, https:\/\/www.skimo.at\/sportler\/files\/2024\/11\/marmotta-trophy-2015-sprint-3-willi-seebacher-lr-540x360.jpg 540w, https:\/\/www.skimo.at\/sportler\/files\/2024\/11\/marmotta-trophy-2015-sprint-3-willi-seebacher-lr.jpg 1772w\" sizes=\"(max-width: 1024px) 100vw, 1024px\" \/><\/a><figcaption class=\"blocks-gallery-item__caption\">marmotta trophy 2015 sprint 3 willi seebacher lr<\/figcaption><\/figure><\/li><li class=\"blocks-gallery-item\"><figure><a href=\"https:\/\/www.skimo.at\/sportler\/?attachment_id=18892\"><img loading=\"lazy\" width=\"1024\" height=\"682\" src=\"https:\/\/www.skimo.at\/sportler\/files\/2024\/11\/weltcup-piemont-2015-individual-16-willi-seebacher-lr-1024x682.jpg\" alt=\"weltcup piemont 2015 individual 16 willi seebacher lr\" data-id=\"18892\" data-link=\"https:\/\/www.skimo.at\/sportler\/?attachment_id=18892\" class=\"wp-image-18892\" srcset=\"https:\/\/www.skimo.at\/sportler\/files\/2024\/11\/weltcup-piemont-2015-individual-16-willi-seebacher-lr-1024x682.jpg 1024w, https:\/\/www.skimo.at\/sportler\/files\/2024\/11\/weltcup-piemont-2015-individual-16-willi-seebacher-lr-300x200.jpg 300w, https:\/\/www.skimo.at\/sportler\/files\/2024\/11\/weltcup-piemont-2015-individual-16-willi-seebacher-lr-768x512.jpg 768w, https:\/\/www.skimo.at\/sportler\/files\/2024\/11\/weltcup-piemont-2015-individual-16-willi-seebacher-lr-746x497.jpg 746w, https:\/\/www.skimo.at\/sportler\/files\/2024\/11\/weltcup-piemont-2015-individual-16-willi-seebacher-lr-618x412.jpg 618w, https:\/\/www.skimo.at\/sportler\/files\/2024\/11\/weltcup-piemont-2015-individual-16-willi-seebacher-lr-554x369.jpg 554w, https:\/\/www.skimo.at\/sportler\/files\/2024\/11\/weltcup-piemont-2015-individual-16-willi-seebacher-lr-299x199.jpg 299w, https:\/\/www.skimo.at\/sportler\/files\/2024\/11\/weltcup-piemont-2015-individual-16-willi-seebacher-lr-1224x816.jpg 1224w, https:\/\/www.skimo.at\/sportler\/files\/2024\/11\/weltcup-piemont-2015-individual-16-willi-seebacher-lr-970x646.jpg 970w, https:\/\/www.skimo.at\/sportler\/files\/2024\/11\/weltcup-piemont-2015-individual-16-willi-seebacher-lr-140x93.jpg 140w, https:\/\/www.skimo.at\/sportler\/files\/2024\/11\/weltcup-piemont-2015-individual-16-willi-seebacher-lr-540x360.jpg 540w, https:\/\/www.skimo.at\/sportler\/files\/2024\/11\/weltcup-piemont-2015-individual-16-willi-seebacher-lr.jpg 1772w\" sizes=\"(max-width: 1024px) 100vw, 1024px\" \/><\/a><figcaption class=\"blocks-gallery-item__caption\">weltcup piemont 2015 individual 16 willi seebacher lr<\/figcaption><\/figure><\/li><li class=\"blocks-gallery-item\"><figure><a href=\"https:\/\/www.skimo.at\/sportler\/?attachment_id=18893\"><img loading=\"lazy\" width=\"1024\" height=\"682\" src=\"https:\/\/www.skimo.at\/sportler\/files\/2024\/11\/weltcup-piemont-2015-individual-31-willi-seebacher-lr-1024x682.jpg\" alt=\"weltcup piemont 2015 individual 31 willi seebacher lr\" data-id=\"18893\" data-link=\"https:\/\/www.skimo.at\/sportler\/?attachment_id=18893\" class=\"wp-image-18893\" srcset=\"https:\/\/www.skimo.at\/sportler\/files\/2024\/11\/weltcup-piemont-2015-individual-31-willi-seebacher-lr-1024x682.jpg 1024w, https:\/\/www.skimo.at\/sportler\/files\/2024\/11\/weltcup-piemont-2015-individual-31-willi-seebacher-lr-300x200.jpg 300w, https:\/\/www.skimo.at\/sportler\/files\/2024\/11\/weltcup-piemont-2015-individual-31-willi-seebacher-lr-768x512.jpg 768w, https:\/\/www.skimo.at\/sportler\/files\/2024\/11\/weltcup-piemont-2015-individual-31-willi-seebacher-lr-746x497.jpg 746w, https:\/\/www.skimo.at\/sportler\/files\/2024\/11\/weltcup-piemont-2015-individual-31-willi-seebacher-lr-618x412.jpg 618w, https:\/\/www.skimo.at\/sportler\/files\/2024\/11\/weltcup-piemont-2015-individual-31-willi-seebacher-lr-554x369.jpg 554w, https:\/\/www.skimo.at\/sportler\/files\/2024\/11\/weltcup-piemont-2015-individual-31-willi-seebacher-lr-299x199.jpg 299w, https:\/\/www.skimo.at\/sportler\/files\/2024\/11\/weltcup-piemont-2015-individual-31-willi-seebacher-lr-1224x816.jpg 1224w, https:\/\/www.skimo.at\/sportler\/files\/2024\/11\/weltcup-piemont-2015-individual-31-willi-seebacher-lr-970x646.jpg 970w, https:\/\/www.skimo.at\/sportler\/files\/2024\/11\/weltcup-piemont-2015-individual-31-willi-seebacher-lr-140x93.jpg 140w, https:\/\/www.skimo.at\/sportler\/files\/2024\/11\/weltcup-piemont-2015-individual-31-willi-seebacher-lr-540x360.jpg 540w, https:\/\/www.skimo.at\/sportler\/files\/2024\/11\/weltcup-piemont-2015-individual-31-willi-seebacher-lr.jpg 1772w\" sizes=\"(max-width: 1024px) 100vw, 1024px\" \/><\/a><figcaption class=\"blocks-gallery-item__caption\">weltcup piemont 2015 individual 31 willi seebacher lr<\/figcaption><\/figure><\/li><li class=\"blocks-gallery-item\"><figure><a href=\"https:\/\/www.skimo.at\/sportler\/?attachment_id=18894\"><img loading=\"lazy\" width=\"1024\" height=\"683\" src=\"https:\/\/www.skimo.at\/sportler\/files\/2024\/11\/ismf-weltcup-china-individual-2022019-motiv-27-bild-areaphoto-ricardo-selvatico-lr-1024x683.jpg\" alt=\"ismf weltcup china individual 2022019 motiv 27 bild areaphoto ricardo selvatico lr\" data-id=\"18894\" data-link=\"https:\/\/www.skimo.at\/sportler\/?attachment_id=18894\" class=\"wp-image-18894\" srcset=\"https:\/\/www.skimo.at\/sportler\/files\/2024\/11\/ismf-weltcup-china-individual-2022019-motiv-27-bild-areaphoto-ricardo-selvatico-lr-1024x683.jpg 1024w, https:\/\/www.skimo.at\/sportler\/files\/2024\/11\/ismf-weltcup-china-individual-2022019-motiv-27-bild-areaphoto-ricardo-selvatico-lr-300x200.jpg 300w, https:\/\/www.skimo.at\/sportler\/files\/2024\/11\/ismf-weltcup-china-individual-2022019-motiv-27-bild-areaphoto-ricardo-selvatico-lr-768x512.jpg 768w, https:\/\/www.skimo.at\/sportler\/files\/2024\/11\/ismf-weltcup-china-individual-2022019-motiv-27-bild-areaphoto-ricardo-selvatico-lr-746x497.jpg 746w, https:\/\/www.skimo.at\/sportler\/files\/2024\/11\/ismf-weltcup-china-individual-2022019-motiv-27-bild-areaphoto-ricardo-selvatico-lr-618x412.jpg 618w, https:\/\/www.skimo.at\/sportler\/files\/2024\/11\/ismf-weltcup-china-individual-2022019-motiv-27-bild-areaphoto-ricardo-selvatico-lr-554x369.jpg 554w, https:\/\/www.skimo.at\/sportler\/files\/2024\/11\/ismf-weltcup-china-individual-2022019-motiv-27-bild-areaphoto-ricardo-selvatico-lr-299x199.jpg 299w, https:\/\/www.skimo.at\/sportler\/files\/2024\/11\/ismf-weltcup-china-individual-2022019-motiv-27-bild-areaphoto-ricardo-selvatico-lr-1224x816.jpg 1224w, https:\/\/www.skimo.at\/sportler\/files\/2024\/11\/ismf-weltcup-china-individual-2022019-motiv-27-bild-areaphoto-ricardo-selvatico-lr-970x647.jpg 970w, https:\/\/www.skimo.at\/sportler\/files\/2024\/11\/ismf-weltcup-china-individual-2022019-motiv-27-bild-areaphoto-ricardo-selvatico-lr-140x93.jpg 140w, https:\/\/www.skimo.at\/sportler\/files\/2024\/11\/ismf-weltcup-china-individual-2022019-motiv-27-bild-areaphoto-ricardo-selvatico-lr-540x360.jpg 540w, https:\/\/www.skimo.at\/sportler\/files\/2024\/11\/ismf-weltcup-china-individual-2022019-motiv-27-bild-areaphoto-ricardo-selvatico-lr.jpg 1920w\" sizes=\"(max-width: 1024px) 100vw, 1024px\" \/><\/a><figcaption class=\"blocks-gallery-item__caption\">ismf weltcup china individual 2022019 motiv 27 bild areaphoto ricardo selvatico lr<\/figcaption><\/figure><\/li><li class=\"blocks-gallery-item\"><figure><a href=\"https:\/\/www.skimo.at\/sportler\/?attachment_id=18895\"><img loading=\"lazy\" width=\"1024\" height=\"682\" src=\"https:\/\/www.skimo.at\/sportler\/files\/2024\/11\/osv-nationalkader-2017-armin-hofl-4-bild-karl-posch-lr-1024x682.jpg\" alt=\"osv nationalkader 2017 armin hofl 4 bild karl posch lr\" data-id=\"18895\" data-link=\"https:\/\/www.skimo.at\/sportler\/?attachment_id=18895\" class=\"wp-image-18895\" srcset=\"https:\/\/www.skimo.at\/sportler\/files\/2024\/11\/osv-nationalkader-2017-armin-hofl-4-bild-karl-posch-lr-1024x682.jpg 1024w, https:\/\/www.skimo.at\/sportler\/files\/2024\/11\/osv-nationalkader-2017-armin-hofl-4-bild-karl-posch-lr-300x200.jpg 300w, https:\/\/www.skimo.at\/sportler\/files\/2024\/11\/osv-nationalkader-2017-armin-hofl-4-bild-karl-posch-lr-768x512.jpg 768w, https:\/\/www.skimo.at\/sportler\/files\/2024\/11\/osv-nationalkader-2017-armin-hofl-4-bild-karl-posch-lr-746x497.jpg 746w, https:\/\/www.skimo.at\/sportler\/files\/2024\/11\/osv-nationalkader-2017-armin-hofl-4-bild-karl-posch-lr-618x412.jpg 618w, https:\/\/www.skimo.at\/sportler\/files\/2024\/11\/osv-nationalkader-2017-armin-hofl-4-bild-karl-posch-lr-554x369.jpg 554w, https:\/\/www.skimo.at\/sportler\/files\/2024\/11\/osv-nationalkader-2017-armin-hofl-4-bild-karl-posch-lr-299x199.jpg 299w, https:\/\/www.skimo.at\/sportler\/files\/2024\/11\/osv-nationalkader-2017-armin-hofl-4-bild-karl-posch-lr-1224x816.jpg 1224w, https:\/\/www.skimo.at\/sportler\/files\/2024\/11\/osv-nationalkader-2017-armin-hofl-4-bild-karl-posch-lr-970x646.jpg 970w, https:\/\/www.skimo.at\/sportler\/files\/2024\/11\/osv-nationalkader-2017-armin-hofl-4-bild-karl-posch-lr-140x93.jpg 140w, https:\/\/www.skimo.at\/sportler\/files\/2024\/11\/osv-nationalkader-2017-armin-hofl-4-bild-karl-posch-lr-540x360.jpg 540w\" sizes=\"(max-width: 1024px) 100vw, 1024px\" \/><\/a><figcaption class=\"blocks-gallery-item__caption\">osv nationalkader 2017 armin hofl 4 bild karl posch lr<\/figcaption><\/figure><\/li><li class=\"blocks-gallery-item\"><figure><a href=\"https:\/\/www.skimo.at\/sportler\/?attachment_id=18896\"><img loading=\"lazy\" width=\"1024\" height=\"684\" src=\"https:\/\/www.skimo.at\/sportler\/files\/2024\/11\/kopie-von-wc-2023-2024-schladming-vk-men-track-80-1024x684.jpg\" alt=\"kopie von wc 2023 2024 schladming vk men track 80\" data-id=\"18896\" data-full-url=\"https:\/\/www.skimo.at\/sportler\/files\/2024\/11\/kopie-von-wc-2023-2024-schladming-vk-men-track-80.jpg\" data-link=\"https:\/\/www.skimo.at\/sportler\/?attachment_id=18896\" class=\"wp-image-18896\" srcset=\"https:\/\/www.skimo.at\/sportler\/files\/2024\/11\/kopie-von-wc-2023-2024-schladming-vk-men-track-80-1024x684.jpg 1024w, https:\/\/www.skimo.at\/sportler\/files\/2024\/11\/kopie-von-wc-2023-2024-schladming-vk-men-track-80-300x200.jpg 300w, https:\/\/www.skimo.at\/sportler\/files\/2024\/11\/kopie-von-wc-2023-2024-schladming-vk-men-track-80-768x513.jpg 768w, https:\/\/www.skimo.at\/sportler\/files\/2024\/11\/kopie-von-wc-2023-2024-schladming-vk-men-track-80-746x497.jpg 746w, https:\/\/www.skimo.at\/sportler\/files\/2024\/11\/kopie-von-wc-2023-2024-schladming-vk-men-track-80-618x412.jpg 618w, https:\/\/www.skimo.at\/sportler\/files\/2024\/11\/kopie-von-wc-2023-2024-schladming-vk-men-track-80-554x370.jpg 554w, https:\/\/www.skimo.at\/sportler\/files\/2024\/11\/kopie-von-wc-2023-2024-schladming-vk-men-track-80-299x199.jpg 299w, https:\/\/www.skimo.at\/sportler\/files\/2024\/11\/kopie-von-wc-2023-2024-schladming-vk-men-track-80-1224x817.jpg 1224w, https:\/\/www.skimo.at\/sportler\/files\/2024\/11\/kopie-von-wc-2023-2024-schladming-vk-men-track-80-970x648.jpg 970w, https:\/\/www.skimo.at\/sportler\/files\/2024\/11\/kopie-von-wc-2023-2024-schladming-vk-men-track-80-139x93.jpg 139w, https:\/\/www.skimo.at\/sportler\/files\/2024\/11\/kopie-von-wc-2023-2024-schladming-vk-men-track-80-540x360.jpg 540w, https:\/\/www.skimo.at\/sportler\/files\/2024\/11\/kopie-von-wc-2023-2024-schladming-vk-men-track-80.jpg 1920w\" sizes=\"(max-width: 1024px) 100vw, 1024px\" \/><\/a><figcaption class=\"blocks-gallery-item__caption\">kopie von wc 2023 2024 schladming vk men track 80<\/figcaption><\/figure><\/li><\/ul><figcaption class=\"blocks-gallery-caption\">Fotos: Willi Seebacher, SkimoStats, Ricardo Selvatico, Karl Posch<\/figcaption><\/figure>\n","protected":false},"excerpt":{"rendered":"<p>Ein Urgestein der \u00d6sterreichischen Wettkampf-Skibergsteigerszene tritt von der Top-B\u00fchne ab. Der 35-j\u00e4hrige Armin H\u00f6fl aus Krakau in der Steiermark verl\u00e4sst die \u00d6SV Kader und wird zuk\u00fcnftig&nbsp; bei offenen Rennen starten. Armin zeigte bei diversen Rennen im Salzburger Land schon vor 10 Jahren auf, weshalb er im M\u00e4rz 2015 von SKIMO Austria testweise ins damals gerade [&hellip;]<\/p>\n","protected":false},"author":3,"featured_media":18895,"comment_status":"closed","ping_status":"closed","sticky":false,"template":"","format":"standard","meta":[],"categories":[1,9,3],"tags":[],"yoast_head":"<!-- This site is optimized with the Yoast SEO plugin v16.3 - https:\/\/yoast.com\/wordpress\/plugins\/seo\/ -->\n<title>Armin H\u00f6fl tritt aus dem \u00d6SV Nationalkader zur\u00fcck - Sportler<\/title>\n<meta name=\"robots\" content=\"index, follow, max-snippet:-1, max-image-preview:large, max-video-preview:-1\" \/>\n<link rel=\"canonical\" href=\"https:\/\/www.skimo.at\/sportler\/18890\/armin-hoefl-tritt-aus-dem-oesv-nationalkader-zurueck\/\" \/>\n<meta property=\"og:locale\" content=\"de_DE\" \/>\n<meta property=\"og:type\" content=\"article\" \/>\n<meta property=\"og:title\" content=\"Armin H\u00f6fl tritt aus dem \u00d6SV Nationalkader zur\u00fcck - Sportler\" \/>\n<meta property=\"og:description\" content=\"Ein Urgestein der \u00d6sterreichischen Wettkampf-Skibergsteigerszene tritt von der Top-B\u00fchne ab. Der 35-j\u00e4hrige Armin H\u00f6fl aus Krakau in der Steiermark verl\u00e4sst die \u00d6SV Kader und wird zuk\u00fcnftig&nbsp; bei offenen Rennen starten. Armin zeigte bei diversen Rennen im Salzburger Land schon vor 10 Jahren auf, weshalb er im M\u00e4rz 2015 von SKIMO Austria testweise ins damals gerade [&hellip;]\" \/>\n<meta property=\"og:url\" content=\"https:\/\/www.skimo.at\/sportler\/18890\/armin-hoefl-tritt-aus-dem-oesv-nationalkader-zurueck\/\" \/>\n<meta property=\"og:site_name\" content=\"Sportler\" \/>\n<meta property=\"article:published_time\" content=\"2024-11-23T09:00:54+00:00\" \/>\n<meta property=\"article:modified_time\" content=\"2024-11-23T09:02:46+00:00\" \/>\n<meta property=\"og:image\" content=\"https:\/\/www.skimo.at\/sportler\/files\/2024\/11\/osv-nationalkader-2017-armin-hofl-4-bild-karl-posch-lr-scaled.jpg\" \/>\n\t<meta property=\"og:image:width\" content=\"2560\" \/>\n\t<meta property=\"og:image:height\" content=\"1706\" \/>\n<meta name=\"twitter:card\" content=\"summary\" \/>\n<meta name=\"twitter:label1\" content=\"Gesch\u00e4tzte Lesezeit\">\n\t<meta name=\"twitter:data1\" content=\"4\u00a0Minuten\">\n<script type=\"application\/ld+json\" class=\"yoast-schema-graph\">{\"@context\":\"https:\/\/schema.org\",\"@graph\":[{\"@type\":\"WebSite\",\"@id\":\"https:\/\/skimo.73.jarolim.eu\/sportler\/#website\",\"url\":\"https:\/\/skimo.73.jarolim.eu\/sportler\/\",\"name\":\"Sportler\",\"description\":\"\",\"potentialAction\":[{\"@type\":\"SearchAction\",\"target\":\"https:\/\/skimo.73.jarolim.eu\/sportler\/?s={search_term_string}\",\"query-input\":\"required name=search_term_string\"}],\"inLanguage\":\"de\"},{\"@type\":\"ImageObject\",\"@id\":\"https:\/\/www.skimo.at\/sportler\/18890\/armin-hoefl-tritt-aus-dem-oesv-nationalkader-zurueck\/#primaryimage\",\"inLanguage\":\"de\",\"url\":\"https:\/\/www.skimo.at\/sportler\/files\/2024\/11\/osv-nationalkader-2017-armin-hofl-4-bild-karl-posch-lr-scaled.jpg\",\"contentUrl\":\"https:\/\/www.skimo.at\/sportler\/files\/2024\/11\/osv-nationalkader-2017-armin-hofl-4-bild-karl-posch-lr-scaled.jpg\",\"width\":2560,\"height\":1706,\"caption\":\"osv nationalkader 2017 armin hofl 4 bild karl posch lr\"},{\"@type\":\"WebPage\",\"@id\":\"https:\/\/www.skimo.at\/sportler\/18890\/armin-hoefl-tritt-aus-dem-oesv-nationalkader-zurueck\/#webpage\",\"url\":\"https:\/\/www.skimo.at\/sportler\/18890\/armin-hoefl-tritt-aus-dem-oesv-nationalkader-zurueck\/\",\"name\":\"Armin H\\u00f6fl tritt aus dem \\u00d6SV Nationalkader zur\\u00fcck - Sportler\",\"isPartOf\":{\"@id\":\"https:\/\/skimo.73.jarolim.eu\/sportler\/#website\"},\"primaryImageOfPage\":{\"@id\":\"https:\/\/www.skimo.at\/sportler\/18890\/armin-hoefl-tritt-aus-dem-oesv-nationalkader-zurueck\/#primaryimage\"},\"datePublished\":\"2024-11-23T09:00:54+00:00\",\"dateModified\":\"2024-11-23T09:02:46+00:00\",\"author\":{\"@id\":\"https:\/\/skimo.73.jarolim.eu\/sportler\/#\/schema\/person\/796ecbce6796efca58bf848ca63ec12c\"},\"breadcrumb\":{\"@id\":\"https:\/\/www.skimo.at\/sportler\/18890\/armin-hoefl-tritt-aus-dem-oesv-nationalkader-zurueck\/#breadcrumb\"},\"inLanguage\":\"de\",\"potentialAction\":[{\"@type\":\"ReadAction\",\"target\":[\"https:\/\/www.skimo.at\/sportler\/18890\/armin-hoefl-tritt-aus-dem-oesv-nationalkader-zurueck\/\"]}]},{\"@type\":\"BreadcrumbList\",\"@id\":\"https:\/\/www.skimo.at\/sportler\/18890\/armin-hoefl-tritt-aus-dem-oesv-nationalkader-zurueck\/#breadcrumb\",\"itemListElement\":[{\"@type\":\"ListItem\",\"position\":1,\"item\":{\"@type\":\"WebPage\",\"@id\":\"https:\/\/skimo.73.jarolim.eu\/sportler\/\",\"url\":\"https:\/\/skimo.73.jarolim.eu\/sportler\/\",\"name\":\"Home\"}},{\"@type\":\"ListItem\",\"position\":2,\"item\":{\"@id\":\"https:\/\/www.skimo.at\/sportler\/18890\/armin-hoefl-tritt-aus-dem-oesv-nationalkader-zurueck\/#webpage\"}}]},{\"@type\":\"Person\",\"@id\":\"https:\/\/skimo.73.jarolim.eu\/sportler\/#\/schema\/person\/796ecbce6796efca58bf848ca63ec12c\",\"name\":\"kposch\",\"image\":{\"@type\":\"ImageObject\",\"@id\":\"https:\/\/skimo.73.jarolim.eu\/sportler\/#personlogo\",\"inLanguage\":\"de\",\"url\":\"https:\/\/secure.gravatar.com\/avatar\/e9f5f28da60e5e563d3f4d3cc0b9b425?s=96&r=g\",\"contentUrl\":\"https:\/\/secure.gravatar.com\/avatar\/e9f5f28da60e5e563d3f4d3cc0b9b425?s=96&r=g\",\"caption\":\"kposch\"},\"url\":\"https:\/\/www.skimo.at\/sportler\/author\/kposch\/\"}]}<\/script>\n<!-- \/ Yoast SEO plugin. -->","_links":{"self":[{"href":"https:\/\/www.skimo.at\/sportler\/wp-json\/wp\/v2\/posts\/18890"}],"collection":[{"href":"https:\/\/www.skimo.at\/sportler\/wp-json\/wp\/v2\/posts"}],"about":[{"href":"https:\/\/www.skimo.at\/sportler\/wp-json\/wp\/v2\/types\/post"}],"author":[{"embeddable":true,"href":"https:\/\/www.skimo.at\/sportler\/wp-json\/wp\/v2\/users\/3"}],"replies":[{"embeddable":true,"href":"https:\/\/www.skimo.at\/sportler\/wp-json\/wp\/v2\/comments?post=18890"}],"version-history":[{"count":7,"href":"https:\/\/www.skimo.at\/sportler\/wp-json\/wp\/v2\/posts\/18890\/revisions"}],"predecessor-version":[{"id":18904,"href":"https:\/\/www.skimo.at\/sportler\/wp-json\/wp\/v2\/posts\/18890\/revisions\/18904"}],"wp:featuredmedia":[{"embeddable":true,"href":"https:\/\/www.skimo.at\/sportler\/wp-json\/wp\/v2\/media\/18895"}],"wp:attachment":[{"href":"https:\/\/www.skimo.at\/sportler\/wp-json\/wp\/v2\/media?parent=18890"}],"wp:term":[{"taxonomy":"category","embeddable":true,"href":"https:\/\/www.skimo.at\/sportler\/wp-json\/wp\/v2\/categories?post=18890"},{"taxonomy":"post_tag","embeddable":true,"href":"https:\/\/www.skimo.at\/sportler\/wp-json\/wp\/v2\/tags?post=18890"}],"curies":[{"name":"wp","href":"https:\/\/api.w.org\/{rel}","templated":true}]}}