{"id":18887,"date":"2024-11-18T08:53:32","date_gmt":"2024-11-18T06:53:32","guid":{"rendered":"https:\/\/www.skimo.at\/sportler\/?p=18887"},"modified":"2024-11-18T08:53:32","modified_gmt":"2024-11-18T06:53:32","slug":"oesterreichs-groesstes-skitourenteam-startet-in-die-saison","status":"publish","type":"post","link":"https:\/\/www.skimo.at\/sportler\/18887\/oesterreichs-groesstes-skitourenteam-startet-in-die-saison\/","title":{"rendered":"\u00d6sterreichs gr\u00f6\u00dftes Skitourenteam startet in die Saison"},"content":{"rendered":"\n<p>Das Halleiner La Sportiva Mountain Attack Team wurde, traditionsgem\u00e4\u00df Anfang November, im Sportzentrum Rif f\u00fcr die neue Saison ausgestattet. Athleten, Betreuer und Supporter erhielten von den Team Ausr\u00fcstern Bekleidung, Ski, Felle, Schuhe, St\u00f6cke, Brillen, Handschuhe, Helme und zahlreiche Accessoires. In der vergangenen Saison absolvierten die Teammitglieder im Winter an die 2,5 Millionen H\u00f6henmeter bei Rennen, Trainings- und Genusstouren.<\/p>\n\n\n\n<p>Die Rennhighlights sind auch 24\/25 wieder das Heimrennen, die 27. Mountain Attack am 17. J\u00e4nner 2025 in Saalbach, und die Sella Ronda im M\u00e4rz, im Herzen der Dolomiten, in unmittelbarer N\u00e4he des Headquarters von Hauptsponsor La Sportiva (Val di Fiemme). \u201eVergangene Saison konnten wir zahlreiche Podestpl\u00e4tze erreichen, darauf werden wir aufbauen und versuchen die Erfolge zu wiederholen oder gar zu steigern\u201c, meint Team-Manager Roland Kurz. \u201eDaf\u00fcr haben wir uns als Team auch noch einmal verst\u00e4rkt. Wir haben das schnelle Herren-Team rund um Harald Feuchter, Tobias Wagenhofer, Max Kurz, Mike F\u00f6lsner und Armin Zwinz um die beiden Top-Athleten Samuel Eisl aus Abersee und den Tamsweger Adam Zonca erg\u00e4nzt. Bei den Damen sind Linda Wilhelmst\u00e4tter (Siegerin Mountain Attack, Tour-Distanz, Katharina Fischer (Polizeikader Salzburg) sowie unser schnelles Bayern-Duo, Kathrin Angerer und Natalie Sunkler (Top 10 Sella Ronda), unsere St\u00e4rksten &#8211; zumal Ex-Nationalteam Athletin Theresa Kober dieses Jahr in Babypause ist.<\/p>\n\n\n\n<figure class=\"wp-block-image size-large\"><a href=\"https:\/\/www.skimo.at\/sportler\/files\/2024\/11\/la-sportiva-mountain-attack-team-2025-bild-laspo-team-jpg.jpg\"><img loading=\"lazy\" width=\"1024\" height=\"747\" src=\"https:\/\/www.skimo.at\/sportler\/files\/2024\/11\/la-sportiva-mountain-attack-team-2025-bild-laspo-team-jpg-1024x747.jpg\" alt=\"la sportiva mountain attack team 2025 bild laspo team jpg\" class=\"wp-image-18888\" srcset=\"https:\/\/www.skimo.at\/sportler\/files\/2024\/11\/la-sportiva-mountain-attack-team-2025-bild-laspo-team-jpg-1024x747.jpg 1024w, https:\/\/www.skimo.at\/sportler\/files\/2024\/11\/la-sportiva-mountain-attack-team-2025-bild-laspo-team-jpg-300x219.jpg 300w, https:\/\/www.skimo.at\/sportler\/files\/2024\/11\/la-sportiva-mountain-attack-team-2025-bild-laspo-team-jpg-768x561.jpg 768w, https:\/\/www.skimo.at\/sportler\/files\/2024\/11\/la-sportiva-mountain-attack-team-2025-bild-laspo-team-jpg-1224x893.jpg 1224w, https:\/\/www.skimo.at\/sportler\/files\/2024\/11\/la-sportiva-mountain-attack-team-2025-bild-laspo-team-jpg-970x708.jpg 970w, https:\/\/www.skimo.at\/sportler\/files\/2024\/11\/la-sportiva-mountain-attack-team-2025-bild-laspo-team-jpg-554x404.jpg 554w, https:\/\/www.skimo.at\/sportler\/files\/2024\/11\/la-sportiva-mountain-attack-team-2025-bild-laspo-team-jpg-127x93.jpg 127w\" sizes=\"(max-width: 1024px) 100vw, 1024px\" \/><\/a><figcaption>la sportiva mountain attack team 2025 bild laspo team jpg<\/figcaption><\/figure>\n\n\n\n<p>Erstmals veranstaltet das Team, zum Saisonauftakt am 20. Dezember, \u00fcber den eigenen MA Tourenski Verein, ein neues Vertical-Rennen in Rauris f\u00fcr Jedermann\/-frau. Ein Aufstiegsrennen f\u00fcr Hobby-, Sport- und Profi-Athleten mit Charity Hintergrund. Mit den Einnahmen sollen Kids aus Rauris bei ihren sportlichen Aktivit\u00e4ten unterst\u00fctzt werden.&nbsp;<\/p>\n\n\n\n<p>Das La Sportiva Mountain Attack Team ist nicht nur bei Rennen anzutreffen, auch im Breitensport engagiert man sich intensiv. So wird unter anderem die Eventserie des Hervis Tourenskiwinter (www.hervistourenskiwinter.at) mit 14 abendlichen Touren, oder auch das La Sportiva Skitouren Camp am Kitzsteinhorn zum Saisonauftakt, von den Athleten begleitet. Bei beiden Events kann sich jeder\/jede Interessierte anmelden und teilnehmen.&nbsp;<\/p>\n\n\n\n<p>\u201eWir freuen uns, bestens ausgestattet, auf eine erfolgreiche und verletzungsfreie Saison. Wir wollen als Team den Sport immer weiter voranbringen und uns neben dem Rennsport auch als Botschafter f\u00fcr den Breitensport einsetzten. Nur der einzigartige Teamgeist erm\u00f6glicht eine derartige Ausrichtung\u201c, so Kurz abschlie\u00dfend. Nicht nur das Team, sondern alle Tourenskifans fiebern schon den ersten Schneef\u00e4llen entgegen. &nbsp;&nbsp;<\/p>\n","protected":false},"excerpt":{"rendered":"<p>Das Halleiner La Sportiva Mountain Attack Team wurde, traditionsgem\u00e4\u00df Anfang November, im Sportzentrum Rif f\u00fcr die neue Saison ausgestattet. Athleten, Betreuer und Supporter erhielten von den Team Ausr\u00fcstern Bekleidung, Ski, Felle, Schuhe, St\u00f6cke, Brillen, Handschuhe, Helme und zahlreiche Accessoires. In der vergangenen Saison absolvierten die Teammitglieder im Winter an die 2,5 Millionen H\u00f6henmeter bei Rennen, [&hellip;]<\/p>\n","protected":false},"author":3,"featured_media":18888,"comment_status":"closed","ping_status":"closed","sticky":false,"template":"","format":"standard","meta":[],"categories":[1,3],"tags":[],"yoast_head":"<!-- This site is optimized with the Yoast SEO plugin v16.3 - https:\/\/yoast.com\/wordpress\/plugins\/seo\/ -->\n<title>\u00d6sterreichs gr\u00f6\u00dftes Skitourenteam startet in die Saison - Sportler<\/title>\n<meta name=\"robots\" content=\"index, follow, max-snippet:-1, max-image-preview:large, max-video-preview:-1\" \/>\n<link rel=\"canonical\" href=\"https:\/\/www.skimo.at\/sportler\/18887\/oesterreichs-groesstes-skitourenteam-startet-in-die-saison\/\" \/>\n<meta property=\"og:locale\" content=\"de_DE\" \/>\n<meta property=\"og:type\" content=\"article\" \/>\n<meta property=\"og:title\" content=\"\u00d6sterreichs gr\u00f6\u00dftes Skitourenteam startet in die Saison - Sportler\" \/>\n<meta property=\"og:description\" content=\"Das Halleiner La Sportiva Mountain Attack Team wurde, traditionsgem\u00e4\u00df Anfang November, im Sportzentrum Rif f\u00fcr die neue Saison ausgestattet. Athleten, Betreuer und Supporter erhielten von den Team Ausr\u00fcstern Bekleidung, Ski, Felle, Schuhe, St\u00f6cke, Brillen, Handschuhe, Helme und zahlreiche Accessoires. In der vergangenen Saison absolvierten die Teammitglieder im Winter an die 2,5 Millionen H\u00f6henmeter bei Rennen, [&hellip;]\" \/>\n<meta property=\"og:url\" content=\"https:\/\/www.skimo.at\/sportler\/18887\/oesterreichs-groesstes-skitourenteam-startet-in-die-saison\/\" \/>\n<meta property=\"og:site_name\" content=\"Sportler\" \/>\n<meta property=\"article:published_time\" content=\"2024-11-18T06:53:32+00:00\" \/>\n<meta property=\"og:image\" content=\"https:\/\/www.skimo.at\/sportler\/files\/2024\/11\/la-sportiva-mountain-attack-team-2025-bild-laspo-team-jpg.jpg\" \/>\n\t<meta property=\"og:image:width\" content=\"2428\" \/>\n\t<meta property=\"og:image:height\" content=\"1772\" \/>\n<meta name=\"twitter:card\" content=\"summary\" \/>\n<meta name=\"twitter:label1\" content=\"Gesch\u00e4tzte Lesezeit\">\n\t<meta name=\"twitter:data1\" content=\"2\u00a0Minuten\">\n<script type=\"application\/ld+json\" class=\"yoast-schema-graph\">{\"@context\":\"https:\/\/schema.org\",\"@graph\":[{\"@type\":\"WebSite\",\"@id\":\"https:\/\/skimo.73.jarolim.eu\/sportler\/#website\",\"url\":\"https:\/\/skimo.73.jarolim.eu\/sportler\/\",\"name\":\"Sportler\",\"description\":\"\",\"potentialAction\":[{\"@type\":\"SearchAction\",\"target\":\"https:\/\/skimo.73.jarolim.eu\/sportler\/?s={search_term_string}\",\"query-input\":\"required name=search_term_string\"}],\"inLanguage\":\"de\"},{\"@type\":\"ImageObject\",\"@id\":\"https:\/\/www.skimo.at\/sportler\/18887\/oesterreichs-groesstes-skitourenteam-startet-in-die-saison\/#primaryimage\",\"inLanguage\":\"de\",\"url\":\"https:\/\/www.skimo.at\/sportler\/files\/2024\/11\/la-sportiva-mountain-attack-team-2025-bild-laspo-team-jpg.jpg\",\"contentUrl\":\"https:\/\/www.skimo.at\/sportler\/files\/2024\/11\/la-sportiva-mountain-attack-team-2025-bild-laspo-team-jpg.jpg\",\"width\":2428,\"height\":1772,\"caption\":\"la sportiva mountain attack team 2025 bild laspo team jpg\"},{\"@type\":\"WebPage\",\"@id\":\"https:\/\/www.skimo.at\/sportler\/18887\/oesterreichs-groesstes-skitourenteam-startet-in-die-saison\/#webpage\",\"url\":\"https:\/\/www.skimo.at\/sportler\/18887\/oesterreichs-groesstes-skitourenteam-startet-in-die-saison\/\",\"name\":\"\\u00d6sterreichs gr\\u00f6\\u00dftes Skitourenteam startet in die Saison - Sportler\",\"isPartOf\":{\"@id\":\"https:\/\/skimo.73.jarolim.eu\/sportler\/#website\"},\"primaryImageOfPage\":{\"@id\":\"https:\/\/www.skimo.at\/sportler\/18887\/oesterreichs-groesstes-skitourenteam-startet-in-die-saison\/#primaryimage\"},\"datePublished\":\"2024-11-18T06:53:32+00:00\",\"dateModified\":\"2024-11-18T06:53:32+00:00\",\"author\":{\"@id\":\"https:\/\/skimo.73.jarolim.eu\/sportler\/#\/schema\/person\/796ecbce6796efca58bf848ca63ec12c\"},\"breadcrumb\":{\"@id\":\"https:\/\/www.skimo.at\/sportler\/18887\/oesterreichs-groesstes-skitourenteam-startet-in-die-saison\/#breadcrumb\"},\"inLanguage\":\"de\",\"potentialAction\":[{\"@type\":\"ReadAction\",\"target\":[\"https:\/\/www.skimo.at\/sportler\/18887\/oesterreichs-groesstes-skitourenteam-startet-in-die-saison\/\"]}]},{\"@type\":\"BreadcrumbList\",\"@id\":\"https:\/\/www.skimo.at\/sportler\/18887\/oesterreichs-groesstes-skitourenteam-startet-in-die-saison\/#breadcrumb\",\"itemListElement\":[{\"@type\":\"ListItem\",\"position\":1,\"item\":{\"@type\":\"WebPage\",\"@id\":\"https:\/\/skimo.73.jarolim.eu\/sportler\/\",\"url\":\"https:\/\/skimo.73.jarolim.eu\/sportler\/\",\"name\":\"Home\"}},{\"@type\":\"ListItem\",\"position\":2,\"item\":{\"@id\":\"https:\/\/www.skimo.at\/sportler\/18887\/oesterreichs-groesstes-skitourenteam-startet-in-die-saison\/#webpage\"}}]},{\"@type\":\"Person\",\"@id\":\"https:\/\/skimo.73.jarolim.eu\/sportler\/#\/schema\/person\/796ecbce6796efca58bf848ca63ec12c\",\"name\":\"kposch\",\"image\":{\"@type\":\"ImageObject\",\"@id\":\"https:\/\/skimo.73.jarolim.eu\/sportler\/#personlogo\",\"inLanguage\":\"de\",\"url\":\"https:\/\/secure.gravatar.com\/avatar\/e9f5f28da60e5e563d3f4d3cc0b9b425?s=96&r=g\",\"contentUrl\":\"https:\/\/secure.gravatar.com\/avatar\/e9f5f28da60e5e563d3f4d3cc0b9b425?s=96&r=g\",\"caption\":\"kposch\"},\"url\":\"https:\/\/www.skimo.at\/sportler\/author\/kposch\/\"}]}<\/script>\n<!-- \/ Yoast SEO plugin. -->","_links":{"self":[{"href":"https:\/\/www.skimo.at\/sportler\/wp-json\/wp\/v2\/posts\/18887"}],"collection":[{"href":"https:\/\/www.skimo.at\/sportler\/wp-json\/wp\/v2\/posts"}],"about":[{"href":"https:\/\/www.skimo.at\/sportler\/wp-json\/wp\/v2\/types\/post"}],"author":[{"embeddable":true,"href":"https:\/\/www.skimo.at\/sportler\/wp-json\/wp\/v2\/users\/3"}],"replies":[{"embeddable":true,"href":"https:\/\/www.skimo.at\/sportler\/wp-json\/wp\/v2\/comments?post=18887"}],"version-history":[{"count":1,"href":"https:\/\/www.skimo.at\/sportler\/wp-json\/wp\/v2\/posts\/18887\/revisions"}],"predecessor-version":[{"id":18889,"href":"https:\/\/www.skimo.at\/sportler\/wp-json\/wp\/v2\/posts\/18887\/revisions\/18889"}],"wp:featuredmedia":[{"embeddable":true,"href":"https:\/\/www.skimo.at\/sportler\/wp-json\/wp\/v2\/media\/18888"}],"wp:attachment":[{"href":"https:\/\/www.skimo.at\/sportler\/wp-json\/wp\/v2\/media?parent=18887"}],"wp:term":[{"taxonomy":"category","embeddable":true,"href":"https:\/\/www.skimo.at\/sportler\/wp-json\/wp\/v2\/categories?post=18887"},{"taxonomy":"post_tag","embeddable":true,"href":"https:\/\/www.skimo.at\/sportler\/wp-json\/wp\/v2\/tags?post=18887"}],"curies":[{"name":"wp","href":"https:\/\/api.w.org\/{rel}","templated":true}]}}