{"id":18883,"date":"2024-11-09T09:23:58","date_gmt":"2024-11-09T07:23:58","guid":{"rendered":"https:\/\/www.skimo.at\/sportler\/?p=18883"},"modified":"2024-11-09T09:23:58","modified_gmt":"2024-11-09T07:23:58","slug":"oesv-feinschliff-am-gletscher-fuer-die-wm-und-olympia-qualifikations-saison","status":"publish","type":"post","link":"https:\/\/www.skimo.at\/sportler\/18883\/oesv-feinschliff-am-gletscher-fuer-die-wm-und-olympia-qualifikations-saison\/","title":{"rendered":"\u00d6SV: Feinschliff am Gletscher f\u00fcr die WM- und Olympia-Qualifikations-Saison"},"content":{"rendered":"\n<p>Rund 5 Wochen vor dem Weltcupauftakt im franz\u00f6sischen Courchevel holen sich die \u00d6SV-Skibergsteiger:innen am Kitzsteinhorn-Gletscher den letzten Feinschliff. Vielversprechende Leistungstests lassen Nationaltrainer Matthias Gumpenberger positiv auf die ersten Sprint- und Verticalrennen in der Qualifikationssaison zur Olympiapremiere blicken. \u00a0<\/p>\n\n\n\n<!--more-->\n\n\n\n<p>Mit dem Schneefall im September hat f\u00fcr die \u00d6SV-Skibergsteiger:innen das Schneetraining auf den heimischen Gletscherskigebieten im Stubaital und auf dem Dachstein heuer bereits fr\u00fch begonnen. Das Trainingslager am Kitzsteinhorn Gletscher in der vergangenen Woche l\u00e4utete die hei\u00dfe Vorbereitungsphase f\u00fcr den Weltcupauftakt ein. In Corchevel (FRA) gehen am 14. und 15. Dezember die ersten Sprint- und Vertical-Rennen der neuen Wettkampfsaison \u00fcber die B\u00fchne und damit beginnt auch die Olympiaqualifikation f\u00fcr Milano-Cortina 2026. Mit den Weltmeisterschaften und dem Heimweltcup stehen zudem zwei gro\u00dfe Highlights auf dem Rennkalender. F\u00fcr das Ski Austria Team liegt der Fokus bis zum Saisonstart deshalb vor allem auf wettkampfspezifischem Training. Im BSFZ am Kitzsteinhorn auf 2450 Meter Seeh\u00f6he fand die Mannschaft letzte Woche perfekte Bedingungen dazu. Durch die Lage direkt am Gletscher konnten die Athlet:innen ein individuell zugeschnittenes Programm auf Schnee absolvieren, zumal auch die Wetterbedingungen optimal waren. Nationaltrainer Matthias Gumpenberger sammelte zudem wichtige Daten. Lag der Fokus beim ersten H\u00f6hentraining noch eher auf Adaption, so stehen in der kommenden Woche deutlich h\u00f6here Intensit\u00e4ten und Umf\u00e4nge auf dem Programm.<\/p>\n\n\n\n<blockquote class=\"wp-block-quote\"><p>\u201eW\u00e4hrend der Saison bewegen wir uns sehr oft in der H\u00f6he und so ist es von Vorteil, dass wir jetzt schon Daten gewinnen, wie jede:r einzelne Athlet:in darauf reagiert. Ich erwarte in der kommenden Woche eine deutlich schnellere Anpassung an die H\u00f6he, so dass wir recht schnell mit intensiveren Einheiten arbeiten k\u00f6nnen\u201c, <\/p><cite>Matthias Gumpenberger<\/cite><\/blockquote>\n\n\n\n<p>f\u00fchrt Nationaltrainer Matthias Gumpenberger aus.\u00a0 \u00a0 <\/p>\n\n\n\n<figure class=\"wp-block-image size-large\"><a href=\"https:\/\/www.skimo.at\/sportler\/files\/2024\/11\/gruppe-scaled.jpg\"><img loading=\"lazy\" width=\"1024\" height=\"681\" src=\"https:\/\/www.skimo.at\/sportler\/files\/2024\/11\/gruppe-1024x681.jpg\" alt=\"gruppe\" class=\"wp-image-18885\" srcset=\"https:\/\/www.skimo.at\/sportler\/files\/2024\/11\/gruppe-1024x681.jpg 1024w, https:\/\/www.skimo.at\/sportler\/files\/2024\/11\/gruppe-300x200.jpg 300w, https:\/\/www.skimo.at\/sportler\/files\/2024\/11\/gruppe-768x511.jpg 768w, https:\/\/www.skimo.at\/sportler\/files\/2024\/11\/gruppe-746x497.jpg 746w, https:\/\/www.skimo.at\/sportler\/files\/2024\/11\/gruppe-618x412.jpg 618w, https:\/\/www.skimo.at\/sportler\/files\/2024\/11\/gruppe-554x369.jpg 554w, https:\/\/www.skimo.at\/sportler\/files\/2024\/11\/gruppe-299x199.jpg 299w, https:\/\/www.skimo.at\/sportler\/files\/2024\/11\/gruppe-1224x814.jpg 1224w, https:\/\/www.skimo.at\/sportler\/files\/2024\/11\/gruppe-970x645.jpg 970w, https:\/\/www.skimo.at\/sportler\/files\/2024\/11\/gruppe-140x93.jpg 140w, https:\/\/www.skimo.at\/sportler\/files\/2024\/11\/gruppe-540x360.jpg 540w\" sizes=\"(max-width: 1024px) 100vw, 1024px\" \/><\/a><figcaption>Bild Ski Austria \/ Weigl: Die Ski Austria Skibergsteiger am Kitzsteinhorn<\/figcaption><\/figure>\n\n\n\n<h2>Leitungstests best\u00e4tigen starke Formkurve <\/h2>\n\n\n\n<p>Ehe am Sonntag die n\u00e4chste Gletschereinheit beginnt, absolvieren die Skibergsteiger diese Woche die Laufbandtests im nordischen Leistungszentrum in Hochfilzen. Die Ergebnisse best\u00e4tigen die aufsteigende Formkurve. Sowohl die aktuellen Leistungsdaten, als auch die Entwicklung bei den verschiedenen Wettk\u00e4mpfen und Testrennen \u00fcber den Sommer hinweg, stimmen den Nationaltrainer positiv: <\/p>\n\n\n\n<blockquote class=\"wp-block-quote\"><p>\u201eIch bin sehr zufrieden mit dem bisherigen Verlauf. Bis auf wenige, kurze Ausfallzeiten durch Infekte, sind wir bisher sehr gut durch die Vorbereitung gekommen\u201c<\/p><cite>Matthias Gumpenberger<\/cite><\/blockquote>\n\n\n\n<h2>Testrennen sollen Klarheit bringen\u00a0<\/h2>\n\n\n\n<p>Mit dem Weltcupauftakt in Frankreich beginnt f\u00fcr die Skibergsteiger erstmals die Qualifikation f\u00fcr die Olympischen Winterspiele. Umso wichtiger f\u00fcr die Ski Austria Mannschaft, f\u00fcr das erste Sprintrennen der Saison optimal vorbereitet zu sein. Neben zunehmend intensiverem Training am Gletscher, stehen in den kommenden Wochen deshalb verst\u00e4rkt Techniktrainings auf dem Plan. Zu einer Prognose l\u00e4sst sich der Nationaltrainer noch nicht hinrei\u00dfen. Sp\u00e4testens die abschlie\u00dfenden Testrennen am 30. November und 1. Dezember sollten aber eine Standortbestimmung erlauben.\u00a0<\/p>\n\n\n\n<p>Text und Bilder: Weigl\/\u00d6SV<\/p>\n","protected":false},"excerpt":{"rendered":"<p>Rund 5 Wochen vor dem Weltcupauftakt im franz\u00f6sischen Courchevel holen sich die \u00d6SV-Skibergsteiger:innen am Kitzsteinhorn-Gletscher den letzten Feinschliff. Vielversprechende Leistungstests lassen Nationaltrainer Matthias Gumpenberger positiv auf die ersten Sprint- und Verticalrennen in der Qualifikationssaison zur Olympiapremiere blicken. \u00a0<\/p>\n","protected":false},"author":3,"featured_media":18884,"comment_status":"closed","ping_status":"closed","sticky":false,"template":"","format":"standard","meta":[],"categories":[1,3],"tags":[],"yoast_head":"<!-- This site is optimized with the Yoast SEO plugin v16.3 - https:\/\/yoast.com\/wordpress\/plugins\/seo\/ -->\n<title>\u00d6SV: Feinschliff am Gletscher f\u00fcr die WM- und Olympia-Qualifikations-Saison - Sportler<\/title>\n<meta name=\"robots\" content=\"index, follow, max-snippet:-1, max-image-preview:large, max-video-preview:-1\" \/>\n<link rel=\"canonical\" href=\"https:\/\/www.skimo.at\/sportler\/18883\/oesv-feinschliff-am-gletscher-fuer-die-wm-und-olympia-qualifikations-saison\/\" \/>\n<meta property=\"og:locale\" content=\"de_DE\" \/>\n<meta property=\"og:type\" content=\"article\" \/>\n<meta property=\"og:title\" content=\"\u00d6SV: Feinschliff am Gletscher f\u00fcr die WM- und Olympia-Qualifikations-Saison - Sportler\" \/>\n<meta property=\"og:description\" content=\"Rund 5 Wochen vor dem Weltcupauftakt im franz\u00f6sischen Courchevel holen sich die \u00d6SV-Skibergsteiger:innen am Kitzsteinhorn-Gletscher den letzten Feinschliff. Vielversprechende Leistungstests lassen Nationaltrainer Matthias Gumpenberger positiv auf die ersten Sprint- und Verticalrennen in der Qualifikationssaison zur Olympiapremiere blicken. \u00a0\" \/>\n<meta property=\"og:url\" content=\"https:\/\/www.skimo.at\/sportler\/18883\/oesv-feinschliff-am-gletscher-fuer-die-wm-und-olympia-qualifikations-saison\/\" \/>\n<meta property=\"og:site_name\" content=\"Sportler\" \/>\n<meta property=\"article:published_time\" content=\"2024-11-09T07:23:58+00:00\" \/>\n<meta property=\"og:image\" content=\"https:\/\/www.skimo.at\/sportler\/files\/2024\/11\/dsc-6676.jpg\" \/>\n\t<meta property=\"og:image:width\" content=\"2500\" \/>\n\t<meta property=\"og:image:height\" content=\"1663\" \/>\n<meta name=\"twitter:card\" content=\"summary\" \/>\n<meta name=\"twitter:label1\" content=\"Gesch\u00e4tzte Lesezeit\">\n\t<meta name=\"twitter:data1\" content=\"3\u00a0Minuten\">\n<script type=\"application\/ld+json\" class=\"yoast-schema-graph\">{\"@context\":\"https:\/\/schema.org\",\"@graph\":[{\"@type\":\"WebSite\",\"@id\":\"https:\/\/skimo.73.jarolim.eu\/sportler\/#website\",\"url\":\"https:\/\/skimo.73.jarolim.eu\/sportler\/\",\"name\":\"Sportler\",\"description\":\"\",\"potentialAction\":[{\"@type\":\"SearchAction\",\"target\":\"https:\/\/skimo.73.jarolim.eu\/sportler\/?s={search_term_string}\",\"query-input\":\"required name=search_term_string\"}],\"inLanguage\":\"de\"},{\"@type\":\"ImageObject\",\"@id\":\"https:\/\/www.skimo.at\/sportler\/18883\/oesv-feinschliff-am-gletscher-fuer-die-wm-und-olympia-qualifikations-saison\/#primaryimage\",\"inLanguage\":\"de\",\"url\":\"https:\/\/www.skimo.at\/sportler\/files\/2024\/11\/dsc-6676.jpg\",\"contentUrl\":\"https:\/\/www.skimo.at\/sportler\/files\/2024\/11\/dsc-6676.jpg\",\"width\":2500,\"height\":1663,\"caption\":\"Bild Ski Austria \/ Weigl: Sarah Dreier, Johanna Hiemer und Paul Verbnjak beim Gletschertraing\"},{\"@type\":\"WebPage\",\"@id\":\"https:\/\/www.skimo.at\/sportler\/18883\/oesv-feinschliff-am-gletscher-fuer-die-wm-und-olympia-qualifikations-saison\/#webpage\",\"url\":\"https:\/\/www.skimo.at\/sportler\/18883\/oesv-feinschliff-am-gletscher-fuer-die-wm-und-olympia-qualifikations-saison\/\",\"name\":\"\\u00d6SV: Feinschliff am Gletscher f\\u00fcr die WM- und Olympia-Qualifikations-Saison - Sportler\",\"isPartOf\":{\"@id\":\"https:\/\/skimo.73.jarolim.eu\/sportler\/#website\"},\"primaryImageOfPage\":{\"@id\":\"https:\/\/www.skimo.at\/sportler\/18883\/oesv-feinschliff-am-gletscher-fuer-die-wm-und-olympia-qualifikations-saison\/#primaryimage\"},\"datePublished\":\"2024-11-09T07:23:58+00:00\",\"dateModified\":\"2024-11-09T07:23:58+00:00\",\"author\":{\"@id\":\"https:\/\/skimo.73.jarolim.eu\/sportler\/#\/schema\/person\/796ecbce6796efca58bf848ca63ec12c\"},\"breadcrumb\":{\"@id\":\"https:\/\/www.skimo.at\/sportler\/18883\/oesv-feinschliff-am-gletscher-fuer-die-wm-und-olympia-qualifikations-saison\/#breadcrumb\"},\"inLanguage\":\"de\",\"potentialAction\":[{\"@type\":\"ReadAction\",\"target\":[\"https:\/\/www.skimo.at\/sportler\/18883\/oesv-feinschliff-am-gletscher-fuer-die-wm-und-olympia-qualifikations-saison\/\"]}]},{\"@type\":\"BreadcrumbList\",\"@id\":\"https:\/\/www.skimo.at\/sportler\/18883\/oesv-feinschliff-am-gletscher-fuer-die-wm-und-olympia-qualifikations-saison\/#breadcrumb\",\"itemListElement\":[{\"@type\":\"ListItem\",\"position\":1,\"item\":{\"@type\":\"WebPage\",\"@id\":\"https:\/\/skimo.73.jarolim.eu\/sportler\/\",\"url\":\"https:\/\/skimo.73.jarolim.eu\/sportler\/\",\"name\":\"Home\"}},{\"@type\":\"ListItem\",\"position\":2,\"item\":{\"@id\":\"https:\/\/www.skimo.at\/sportler\/18883\/oesv-feinschliff-am-gletscher-fuer-die-wm-und-olympia-qualifikations-saison\/#webpage\"}}]},{\"@type\":\"Person\",\"@id\":\"https:\/\/skimo.73.jarolim.eu\/sportler\/#\/schema\/person\/796ecbce6796efca58bf848ca63ec12c\",\"name\":\"kposch\",\"image\":{\"@type\":\"ImageObject\",\"@id\":\"https:\/\/skimo.73.jarolim.eu\/sportler\/#personlogo\",\"inLanguage\":\"de\",\"url\":\"https:\/\/secure.gravatar.com\/avatar\/e9f5f28da60e5e563d3f4d3cc0b9b425?s=96&r=g\",\"contentUrl\":\"https:\/\/secure.gravatar.com\/avatar\/e9f5f28da60e5e563d3f4d3cc0b9b425?s=96&r=g\",\"caption\":\"kposch\"},\"url\":\"https:\/\/www.skimo.at\/sportler\/author\/kposch\/\"}]}<\/script>\n<!-- \/ Yoast SEO plugin. -->","_links":{"self":[{"href":"https:\/\/www.skimo.at\/sportler\/wp-json\/wp\/v2\/posts\/18883"}],"collection":[{"href":"https:\/\/www.skimo.at\/sportler\/wp-json\/wp\/v2\/posts"}],"about":[{"href":"https:\/\/www.skimo.at\/sportler\/wp-json\/wp\/v2\/types\/post"}],"author":[{"embeddable":true,"href":"https:\/\/www.skimo.at\/sportler\/wp-json\/wp\/v2\/users\/3"}],"replies":[{"embeddable":true,"href":"https:\/\/www.skimo.at\/sportler\/wp-json\/wp\/v2\/comments?post=18883"}],"version-history":[{"count":1,"href":"https:\/\/www.skimo.at\/sportler\/wp-json\/wp\/v2\/posts\/18883\/revisions"}],"predecessor-version":[{"id":18886,"href":"https:\/\/www.skimo.at\/sportler\/wp-json\/wp\/v2\/posts\/18883\/revisions\/18886"}],"wp:featuredmedia":[{"embeddable":true,"href":"https:\/\/www.skimo.at\/sportler\/wp-json\/wp\/v2\/media\/18884"}],"wp:attachment":[{"href":"https:\/\/www.skimo.at\/sportler\/wp-json\/wp\/v2\/media?parent=18883"}],"wp:term":[{"taxonomy":"category","embeddable":true,"href":"https:\/\/www.skimo.at\/sportler\/wp-json\/wp\/v2\/categories?post=18883"},{"taxonomy":"post_tag","embeddable":true,"href":"https:\/\/www.skimo.at\/sportler\/wp-json\/wp\/v2\/tags?post=18883"}],"curies":[{"name":"wp","href":"https:\/\/api.w.org\/{rel}","templated":true}]}}