{"id":1887,"date":"2014-02-08T16:44:35","date_gmt":"2014-02-08T14:44:35","guid":{"rendered":"http:\/\/www.skimo.at\/sportler\/?p=1887"},"modified":"2021-01-05T18:40:14","modified_gmt":"2021-01-05T16:40:14","slug":"weltcuprennen-la-pitturina-ita-tag-3-individualbewerb","status":"publish","type":"post","link":"https:\/\/www.skimo.at\/sportler\/1887\/weltcuprennen-la-pitturina-ita-tag-3-individualbewerb\/","title":{"rendered":"Weltcuprennen La Pitturina (ITA) Tag 3: Individualbewerb"},"content":{"rendered":"<p>Super Stimmung im Nationalteam heute Morgen schon in aller fr\u00fch: die guten Ergebnisse beim gestrigen Sprintbewerb haben heute bei unseren Sportlern die Emotionen sehr positiv ausfallen lassen. Passend dazu hat auch noch der Himmel aufgerissen, gute Sicht und warme temperaturen machten die Vorbereitungen zu einem Genuss. Die positive Grundeinstellung lie\u00df die Sportler vergessen, dass die Strecke wegen Lawinengefahr in den Wald gedr\u00fcckt werden w\u00fcrde und dass sie als sehr flach angek\u00fcndigt wurde.<\/p>\n<p>57 Herren, 27 Damen, 13 Junioren, 6 Juniorinnen und gut 200 Athleten der Amateurklasse starteten schlie\u00dflich in die tiefwinterliche Landschaft. Von den im Briefing beschworenen Ziehwegen war erstmal nichts zu sehen, die 2 Meter Schnee der vergangenen Woche hatten alles eingeebnet. Der erste Anstieg zeigte dann aber gleichmal sehr schnell, dass die Veranstalter nicht \u00fcbertrieben hatten: 500 H\u00f6henmeter auf schier unendlichen flachen Wegen, aber das war nicht das schwierigste: die Abfahrten waren extrem flach, viel musste geskatet und geschupft werden. Wer gut gewachst hatte, hatte einen Vorteil\u2026.unsere Sportler hatten sich am Vorabend l\u00e4nger im Wachskeller aufgehalten\u2026die Erfahrung von Alt-Fuchs Alex Lugger zahlte sich aus.<\/p>\n<p>Juniorin <b>Ina Forchthammer<\/b> (\u00d6AV Pongau) fand sich auf ihrem ca. 1.000 H\u00f6henmeter messenden Kurs gut zurecht, nach dem ersten Anstieg lag sie nur etwa 6 Minuten hinter der \u00fcberragend f\u00fchrenden Italienerin Giulia Compagnoni zur\u00fcck. Die Skatingpassagen in der Abfahrt lagen der 17-j\u00e4hrigen perfekt, sie konnte gut auf Zug gehen. Die Anstiege waren jedoch zu flach und langwierig, letztlich finishte Forchthammer wie auch schon gestern auf Platz 5 in 1:50:29 Stunden. Das Rennen wurde gewonnen von Giulia Compagnoni (ITA) in 1:34:20 vor Alba de Silvestre (ITA) und Sophie Mollard (FRA).<\/p>\n<blockquote><p><b>Forchthammer<\/b> zum heutigen Rennen: \u201eIch bin eigentlich zufrieden, ich habe meine Krankheitspause schon fast verdaut, wie es ausschaut. Die Spitzengruppe ist es aber leider noch ausser Reichweite.\u201c<\/p><\/blockquote>\n<p><b>Veronika Swidrak<\/b> (Sport Schweighofer) ging nach dem gestrigen Sprintbewerb mit viel Selbstvertrauen ins renne, wenngleich auch die verletzte Achillessehne \u2013 Swidrak musste zuletzt \u00fcber ein Jahr pausieren \u2013 schmerzte. Die Strecke kann der Radfelderin anfnangs durchaus entgegen, der extrem flache Mittelteil brachte aber unerwartete Nachteile. Swidrak konnte sich nur bedingt f\u00fcr einen Gleitschritt abdr\u00fccken, zu sehr schmerzte mittlerweile die Achillessehne. Mit Platz 11 und einer Zeit von 2:02:30 war das Ergebnis dann aber doch noch sehr gut. Den Sieg errang einmal mehr Laetitia Roux (FRA) in 1:46:57 vor Maude Mathis (SUI) und Sophie Dusautoir (AND).<\/p>\n<blockquote><p><b>Swidrak<\/b> zieht eine durchaus positive Bilanz: \u201eDas Rennen heute war vielleicht etwas ungl\u00fccklich. Den Schmerz konnte ich lange ausblenden, aber irgendwann in der Mitte wars dann echt arg. Insgesamt bin ich aber zufrieden, denn sowohl die Beine als auch die Pumpe arbeiten super\u2026da w\u00e4r schon noch was drin. Mein `Comeback-Wochenende`ist aber gelungen.\u201c<\/p><\/blockquote>\n<p><b>Philipp Brugger<\/b> (SV Sistrans) brachte heute ein ideales Rennen auf die Spur, wenngleich es auch eine Qual f\u00fcr ihn war\u2026eine hohe Qualit\u00e4t eines Athleten, sich so zu qu\u00e4len. Vom Start weg ging Brugger auf Anschlag und erwischte alles optimal. Am Ende ging er mit 2:03:15 \u00fcber die Ziellinie, was Gesamt Platz 29 und in seiner Klasse Espoir Platz 6 bedeutete. Erneut ein Top10-Ergebnis! Die Steigerung der Leistung ist nicht zu \u00fcbersehen, der erstmalige Vorsto\u00df in die Top30 der Weltrangliste und die beste Espoir-Klasse zeugen von einer positiven Entwicklung. Den Sieg der Klasse errang einmal mehr der deutsche \u00dcberflieger Toni Palzer in 1:52:05 vor Nadir Maguet (ITA) und Leo Viret (FRA).<\/p>\n<blockquote><p><b>Brugger<\/b> kommentierte sein Rennen so: \u201eIch habe mich noch nie so gequ\u00e4lt, es war Wahnsinn. Gleichzeitig habe ich aber gesehen, dass echt was weitergeht, es ist einfach perfekt gelaufen. Zu schaffen gemacht hat mir vor allem die rutschige Spur, in der es immer richtig anstrengend war.\u201c<\/p><\/blockquote>\n<p><b>Martin Wei\u00dfkopf<\/b> (Venediger Bergf\u00fchrer \u2013 Hoch Tirol) lieferte ebenfalls ein perfektes Rennen ab, seine steigende Form lie\u00df ihn wie ein Uhrwerk vorgehen. Bemerkenswert: in der zweiten Rennh\u00e4lfte verlor Wei\u00dfkopf keine Zeit mehr auf den F\u00fchrenden, sondern \u00fcberholte Konkurrent f\u00fcr Konkurrent. Die rutschige Spur war auch f\u00fcr Wei\u00dfkopf das Kriterium, immer wieder rutschte er wie alle anderen Athleten aus, das \u201ein den Armen h\u00e4ngen\u201c war extrem kr\u00e4ftezehrend. Mit 1:57: 07 errang er schlie\u00dflich Rang 17, seine 2.beste Platzierung in einem Single-Weltcup \u00fcberhaupt. Sieger nach fiulminanter Aufholjagd nach einem verlorenen Ski am Start wurde Kilian Jornet (ESP) in 1:48:56 vor Wiliam Bon Mardion (FRA) und Damiano Lenzi (ITA). Interessantes Detail: mit den 9 Minuten R\u00fcckstand von Wei\u00dfkopf wurden Athleten bei dieser Rennl\u00e4nge noch vor Zwei Jahren Top10- gereiht\u2026.<br \/>\n<b><\/b><\/p>\n<blockquote><p><b>Wei\u00dfkopf<\/b> ist deshalb auch sehr zufrieden mit seiner Leistung: \u201eJa, die Form steigt, und mir geht\u2019s immer besser. Heute hatte ich zwar mal eine Schrecksekunde, weil ich geglaubt habe, das sich in der Abfahrt die Strecke verfehlt habe. Insgesamt ist es mir aber blendend gegangen, je l\u00e4nger es ging, umso besser war ich drauf. Freu mich jetzt total auf die EM n\u00e4chste Woche in Andorra!\u201c<\/p><\/blockquote>\n<p>Das Res\u00fcmee dieses dritten Weltcup-Wochenendes ist ausgesprochen positiv. Auch wenn die Verschiebung durch den vielen Schnee nicht optimal war \u2013 viele Athletzen konnten wegen der morgen anstehenden \u00d6M nicht starten \u2013 ist das Ergebnis mit insgesamt 4 Top10 Pl\u00e4tzen und einem 11. Und 17. Platz bei Damen und Herren-Senioren durchaus beachtlich. Gut gemacht, Dirndln und Buam!<\/p>\n<p>Stichwort Andorra: bereits am Mittwoch reist der erste teil der voraussichtlich 13-k\u00f6pfigen (!) Delegation nach Andorra ab. Morgen hei\u00dft es in Bischofshofen nochmal gute zeiten zu bringen, dann wird endg\u00fcltig das Kontingent zusammengestellt. Gro\u00dfausr\u00fcckung n\u00e4chste Woche! Juhu!<\/p>\n","protected":false},"excerpt":{"rendered":"<p>Super Stimmung im Nationalteam heute Morgen schon in aller fr\u00fch: die guten Ergebnisse beim gestrigen Sprintbewerb haben heute bei unseren Sportlern die Emotionen sehr positiv ausfallen lassen. Passend dazu hat auch noch der Himmel aufgerissen, gute Sicht und warme temperaturen machten die Vorbereitungen zu einem Genuss. Die positive Grundeinstellung lie\u00df die Sportler vergessen, dass die [&hellip;]<\/p>\n","protected":false},"author":3,"featured_media":1901,"comment_status":"closed","ping_status":"closed","sticky":false,"template":"","format":"standard","meta":[],"categories":[1,11,9,3,7],"tags":[18,13,23,24,25,14],"yoast_head":"<!-- This site is optimized with the Yoast SEO plugin v16.3 - https:\/\/yoast.com\/wordpress\/plugins\/seo\/ -->\n<title>Weltcuprennen La Pitturina (ITA) Tag 3: Individualbewerb - Sportler<\/title>\n<meta name=\"robots\" content=\"index, follow, max-snippet:-1, max-image-preview:large, max-video-preview:-1\" \/>\n<link rel=\"canonical\" href=\"https:\/\/www.skimo.at\/sportler\/1887\/weltcuprennen-la-pitturina-ita-tag-3-individualbewerb\/\" \/>\n<meta property=\"og:locale\" content=\"de_DE\" \/>\n<meta property=\"og:type\" content=\"article\" \/>\n<meta property=\"og:title\" content=\"Weltcuprennen La Pitturina (ITA) Tag 3: Individualbewerb - Sportler\" \/>\n<meta property=\"og:description\" content=\"Super Stimmung im Nationalteam heute Morgen schon in aller fr\u00fch: die guten Ergebnisse beim gestrigen Sprintbewerb haben heute bei unseren Sportlern die Emotionen sehr positiv ausfallen lassen. Passend dazu hat auch noch der Himmel aufgerissen, gute Sicht und warme temperaturen machten die Vorbereitungen zu einem Genuss. Die positive Grundeinstellung lie\u00df die Sportler vergessen, dass die [&hellip;]\" \/>\n<meta property=\"og:url\" content=\"https:\/\/www.skimo.at\/sportler\/1887\/weltcuprennen-la-pitturina-ita-tag-3-individualbewerb\/\" \/>\n<meta property=\"og:site_name\" content=\"Sportler\" \/>\n<meta property=\"article:published_time\" content=\"2014-02-08T14:44:35+00:00\" \/>\n<meta property=\"article:modified_time\" content=\"2021-01-05T16:40:14+00:00\" \/>\n<meta property=\"og:image\" content=\"https:\/\/skimo.73.jarolim.eu\/sportler\/files\/2014\/02\/WC-Sappada-Individual-Martin-Wei\u00dfkopf-15-foto-werbegams.at-LR.jpg\" \/>\n\t<meta property=\"og:image:width\" content=\"1800\" \/>\n\t<meta property=\"og:image:height\" content=\"1198\" \/>\n<meta name=\"twitter:card\" content=\"summary\" \/>\n<meta name=\"twitter:label1\" content=\"Gesch\u00e4tzte Lesezeit\">\n\t<meta name=\"twitter:data1\" content=\"4\u00a0Minuten\">\n<script type=\"application\/ld+json\" class=\"yoast-schema-graph\">{\"@context\":\"https:\/\/schema.org\",\"@graph\":[{\"@type\":\"WebSite\",\"@id\":\"https:\/\/skimo.73.jarolim.eu\/sportler\/#website\",\"url\":\"https:\/\/skimo.73.jarolim.eu\/sportler\/\",\"name\":\"Sportler\",\"description\":\"\",\"potentialAction\":[{\"@type\":\"SearchAction\",\"target\":\"https:\/\/skimo.73.jarolim.eu\/sportler\/?s={search_term_string}\",\"query-input\":\"required name=search_term_string\"}],\"inLanguage\":\"de\"},{\"@type\":\"ImageObject\",\"@id\":\"https:\/\/www.skimo.at\/sportler\/1887\/weltcuprennen-la-pitturina-ita-tag-3-individualbewerb\/#primaryimage\",\"inLanguage\":\"de\",\"url\":\"https:\/\/www.skimo.at\/sportler\/files\/2014\/02\/WC-Sappada-Individual-Martin-Wei\\u00dfkopf-15-foto-werbegams.at-LR.jpg\",\"contentUrl\":\"https:\/\/www.skimo.at\/sportler\/files\/2014\/02\/WC-Sappada-Individual-Martin-Wei\\u00dfkopf-15-foto-werbegams.at-LR.jpg\",\"width\":1800,\"height\":1198},{\"@type\":\"WebPage\",\"@id\":\"https:\/\/www.skimo.at\/sportler\/1887\/weltcuprennen-la-pitturina-ita-tag-3-individualbewerb\/#webpage\",\"url\":\"https:\/\/www.skimo.at\/sportler\/1887\/weltcuprennen-la-pitturina-ita-tag-3-individualbewerb\/\",\"name\":\"Weltcuprennen La Pitturina (ITA) Tag 3: Individualbewerb - Sportler\",\"isPartOf\":{\"@id\":\"https:\/\/skimo.73.jarolim.eu\/sportler\/#website\"},\"primaryImageOfPage\":{\"@id\":\"https:\/\/www.skimo.at\/sportler\/1887\/weltcuprennen-la-pitturina-ita-tag-3-individualbewerb\/#primaryimage\"},\"datePublished\":\"2014-02-08T14:44:35+00:00\",\"dateModified\":\"2021-01-05T16:40:14+00:00\",\"author\":{\"@id\":\"https:\/\/skimo.73.jarolim.eu\/sportler\/#\/schema\/person\/796ecbce6796efca58bf848ca63ec12c\"},\"breadcrumb\":{\"@id\":\"https:\/\/www.skimo.at\/sportler\/1887\/weltcuprennen-la-pitturina-ita-tag-3-individualbewerb\/#breadcrumb\"},\"inLanguage\":\"de\",\"potentialAction\":[{\"@type\":\"ReadAction\",\"target\":[\"https:\/\/www.skimo.at\/sportler\/1887\/weltcuprennen-la-pitturina-ita-tag-3-individualbewerb\/\"]}]},{\"@type\":\"BreadcrumbList\",\"@id\":\"https:\/\/www.skimo.at\/sportler\/1887\/weltcuprennen-la-pitturina-ita-tag-3-individualbewerb\/#breadcrumb\",\"itemListElement\":[{\"@type\":\"ListItem\",\"position\":1,\"item\":{\"@type\":\"WebPage\",\"@id\":\"https:\/\/skimo.73.jarolim.eu\/sportler\/\",\"url\":\"https:\/\/skimo.73.jarolim.eu\/sportler\/\",\"name\":\"Home\"}},{\"@type\":\"ListItem\",\"position\":2,\"item\":{\"@id\":\"https:\/\/www.skimo.at\/sportler\/1887\/weltcuprennen-la-pitturina-ita-tag-3-individualbewerb\/#webpage\"}}]},{\"@type\":\"Person\",\"@id\":\"https:\/\/skimo.73.jarolim.eu\/sportler\/#\/schema\/person\/796ecbce6796efca58bf848ca63ec12c\",\"name\":\"kposch\",\"image\":{\"@type\":\"ImageObject\",\"@id\":\"https:\/\/skimo.73.jarolim.eu\/sportler\/#personlogo\",\"inLanguage\":\"de\",\"url\":\"https:\/\/secure.gravatar.com\/avatar\/e9f5f28da60e5e563d3f4d3cc0b9b425?s=96&r=g\",\"contentUrl\":\"https:\/\/secure.gravatar.com\/avatar\/e9f5f28da60e5e563d3f4d3cc0b9b425?s=96&r=g\",\"caption\":\"kposch\"},\"url\":\"https:\/\/www.skimo.at\/sportler\/author\/kposch\/\"}]}<\/script>\n<!-- \/ Yoast SEO plugin. -->","_links":{"self":[{"href":"https:\/\/www.skimo.at\/sportler\/wp-json\/wp\/v2\/posts\/1887"}],"collection":[{"href":"https:\/\/www.skimo.at\/sportler\/wp-json\/wp\/v2\/posts"}],"about":[{"href":"https:\/\/www.skimo.at\/sportler\/wp-json\/wp\/v2\/types\/post"}],"author":[{"embeddable":true,"href":"https:\/\/www.skimo.at\/sportler\/wp-json\/wp\/v2\/users\/3"}],"replies":[{"embeddable":true,"href":"https:\/\/www.skimo.at\/sportler\/wp-json\/wp\/v2\/comments?post=1887"}],"version-history":[{"count":2,"href":"https:\/\/www.skimo.at\/sportler\/wp-json\/wp\/v2\/posts\/1887\/revisions"}],"predecessor-version":[{"id":15616,"href":"https:\/\/www.skimo.at\/sportler\/wp-json\/wp\/v2\/posts\/1887\/revisions\/15616"}],"wp:featuredmedia":[{"embeddable":true,"href":"https:\/\/www.skimo.at\/sportler\/wp-json\/wp\/v2\/media\/1901"}],"wp:attachment":[{"href":"https:\/\/www.skimo.at\/sportler\/wp-json\/wp\/v2\/media?parent=1887"}],"wp:term":[{"taxonomy":"category","embeddable":true,"href":"https:\/\/www.skimo.at\/sportler\/wp-json\/wp\/v2\/categories?post=1887"},{"taxonomy":"post_tag","embeddable":true,"href":"https:\/\/www.skimo.at\/sportler\/wp-json\/wp\/v2\/tags?post=1887"}],"curies":[{"name":"wp","href":"https:\/\/api.w.org\/{rel}","templated":true}]}}