{"id":18869,"date":"2024-10-21T16:27:06","date_gmt":"2024-10-21T14:27:06","guid":{"rendered":"https:\/\/www.skimo.at\/sportler\/?p=18869"},"modified":"2024-10-21T16:27:07","modified_gmt":"2024-10-21T14:27:07","slug":"dynafit-verlaengert-vertrag-mit-profi-skibergsteiger-paul-verbnjak-bis-2027","status":"publish","type":"post","link":"https:\/\/www.skimo.at\/sportler\/18869\/dynafit-verlaengert-vertrag-mit-profi-skibergsteiger-paul-verbnjak-bis-2027\/","title":{"rendered":"DYNAFIT verl\u00e4ngert Vertrag mit Profi-Skibergsteiger Paul Verbnjak bis 2027"},"content":{"rendered":"\n<p>DYNAFIT freut sich, die Fortsetzung der erfolgreichen Zusammenarbeit mit dem Spitzen-Skibergsteiger <a href=\"https:\/\/www.instagram.com\/paulverbnjak\/?hl=de\">Paul Verbnjak<\/a> um weitere drei Jahre bekanntzugeben.<\/p>\n\n\n\n<!--more-->\n\n\n\n<p>Der 22-j\u00e4hrige \u00d6sterreicher, der seit Jahren die Skibergsteigerszene pr\u00e4gt, bleibt bis 2027 Teil des DYNAFIT Squads. Im kommenden Winter 2024\/25 stehen f\u00fcr den Skibergsteiger die Weltcups im Fokus, bei seiner Ausr\u00fcstung setzt Paul Verbnjak bei der Hartware von Kopf bis Ski auf Produkte von DYNAFIT.<\/p>\n\n\n\n<figure class=\"wp-block-image size-large\"><a href=\"https:\/\/www.skimo.at\/sportler\/files\/2024\/10\/c-philippreiter-dynafit-paul-verbnjak-67.jpg\"><img loading=\"lazy\" width=\"1024\" height=\"683\" src=\"https:\/\/www.skimo.at\/sportler\/files\/2024\/10\/c-philippreiter-dynafit-paul-verbnjak-67-1024x683.jpg\" alt=\"c philippreiter dynafit paul verbnjak 67\" class=\"wp-image-18870\" srcset=\"https:\/\/www.skimo.at\/sportler\/files\/2024\/10\/c-philippreiter-dynafit-paul-verbnjak-67-1024x683.jpg 1024w, https:\/\/www.skimo.at\/sportler\/files\/2024\/10\/c-philippreiter-dynafit-paul-verbnjak-67-300x200.jpg 300w, https:\/\/www.skimo.at\/sportler\/files\/2024\/10\/c-philippreiter-dynafit-paul-verbnjak-67-768x512.jpg 768w, https:\/\/www.skimo.at\/sportler\/files\/2024\/10\/c-philippreiter-dynafit-paul-verbnjak-67-746x497.jpg 746w, https:\/\/www.skimo.at\/sportler\/files\/2024\/10\/c-philippreiter-dynafit-paul-verbnjak-67-618x412.jpg 618w, https:\/\/www.skimo.at\/sportler\/files\/2024\/10\/c-philippreiter-dynafit-paul-verbnjak-67-554x369.jpg 554w, https:\/\/www.skimo.at\/sportler\/files\/2024\/10\/c-philippreiter-dynafit-paul-verbnjak-67-299x199.jpg 299w, https:\/\/www.skimo.at\/sportler\/files\/2024\/10\/c-philippreiter-dynafit-paul-verbnjak-67-1224x816.jpg 1224w, https:\/\/www.skimo.at\/sportler\/files\/2024\/10\/c-philippreiter-dynafit-paul-verbnjak-67-970x647.jpg 970w, https:\/\/www.skimo.at\/sportler\/files\/2024\/10\/c-philippreiter-dynafit-paul-verbnjak-67-140x93.jpg 140w, https:\/\/www.skimo.at\/sportler\/files\/2024\/10\/c-philippreiter-dynafit-paul-verbnjak-67-540x360.jpg 540w, https:\/\/www.skimo.at\/sportler\/files\/2024\/10\/c-philippreiter-dynafit-paul-verbnjak-67.jpg 1476w\" sizes=\"(max-width: 1024px) 100vw, 1024px\" \/><\/a><figcaption>Paul Verbnjak, c philippreiter dynafit <\/figcaption><\/figure>\n\n\n\n<blockquote class=\"wp-block-quote\"><p>\u201e<em>Das Wettkampf-Skibergsteigen ist fest in unserer Marken-DNA verankert, und Paul verk\u00f6rpert diese Leidenschaft f\u00fcr den Berg- und Ausdauersport perfekt<\/em>. <em>Wir freuen uns, Paul auf seinem Weg zu den Olympischen Winterspielen 2026 zu begleiten, bei denen Skibergsteigen erstmals Teil des offiziellen Programms ist<\/em>.\u201c<\/p><cite>Lukas Malgay, International Sports Marketing Manager bei DYNAFIT<\/cite><\/blockquote>\n","protected":false},"excerpt":{"rendered":"<p>DYNAFIT freut sich, die Fortsetzung der erfolgreichen Zusammenarbeit mit dem Spitzen-Skibergsteiger Paul Verbnjak um weitere drei Jahre bekanntzugeben.<\/p>\n","protected":false},"author":3,"featured_media":18872,"comment_status":"closed","ping_status":"closed","sticky":false,"template":"","format":"standard","meta":[],"categories":[1,3],"tags":[],"yoast_head":"<!-- This site is optimized with the Yoast SEO plugin v16.3 - https:\/\/yoast.com\/wordpress\/plugins\/seo\/ -->\n<title>DYNAFIT verl\u00e4ngert Vertrag mit Profi-Skibergsteiger Paul Verbnjak bis 2027 - Sportler<\/title>\n<meta name=\"robots\" content=\"index, follow, max-snippet:-1, max-image-preview:large, max-video-preview:-1\" \/>\n<link rel=\"canonical\" href=\"https:\/\/www.skimo.at\/sportler\/18869\/dynafit-verlaengert-vertrag-mit-profi-skibergsteiger-paul-verbnjak-bis-2027\/\" \/>\n<meta property=\"og:locale\" content=\"de_DE\" \/>\n<meta property=\"og:type\" content=\"article\" \/>\n<meta property=\"og:title\" content=\"DYNAFIT verl\u00e4ngert Vertrag mit Profi-Skibergsteiger Paul Verbnjak bis 2027 - Sportler\" \/>\n<meta property=\"og:description\" content=\"DYNAFIT freut sich, die Fortsetzung der erfolgreichen Zusammenarbeit mit dem Spitzen-Skibergsteiger Paul Verbnjak um weitere drei Jahre bekanntzugeben.\" \/>\n<meta property=\"og:url\" content=\"https:\/\/www.skimo.at\/sportler\/18869\/dynafit-verlaengert-vertrag-mit-profi-skibergsteiger-paul-verbnjak-bis-2027\/\" \/>\n<meta property=\"og:site_name\" content=\"Sportler\" \/>\n<meta property=\"article:published_time\" content=\"2024-10-21T14:27:06+00:00\" \/>\n<meta property=\"article:modified_time\" content=\"2024-10-21T14:27:07+00:00\" \/>\n<meta property=\"og:image\" content=\"https:\/\/www.skimo.at\/sportler\/files\/2024\/10\/paulverbnjak-lukasmalgay-102024-dynafit.jpg\" \/>\n\t<meta property=\"og:image:width\" content=\"1476\" \/>\n\t<meta property=\"og:image:height\" content=\"984\" \/>\n<meta name=\"twitter:card\" content=\"summary\" \/>\n<meta name=\"twitter:label1\" content=\"Gesch\u00e4tzte Lesezeit\">\n\t<meta name=\"twitter:data1\" content=\"1\u00a0Minute\">\n<script type=\"application\/ld+json\" class=\"yoast-schema-graph\">{\"@context\":\"https:\/\/schema.org\",\"@graph\":[{\"@type\":\"WebSite\",\"@id\":\"https:\/\/skimo.73.jarolim.eu\/sportler\/#website\",\"url\":\"https:\/\/skimo.73.jarolim.eu\/sportler\/\",\"name\":\"Sportler\",\"description\":\"\",\"potentialAction\":[{\"@type\":\"SearchAction\",\"target\":\"https:\/\/skimo.73.jarolim.eu\/sportler\/?s={search_term_string}\",\"query-input\":\"required name=search_term_string\"}],\"inLanguage\":\"de\"},{\"@type\":\"ImageObject\",\"@id\":\"https:\/\/www.skimo.at\/sportler\/18869\/dynafit-verlaengert-vertrag-mit-profi-skibergsteiger-paul-verbnjak-bis-2027\/#primaryimage\",\"inLanguage\":\"de\",\"url\":\"https:\/\/www.skimo.at\/sportler\/files\/2024\/10\/paulverbnjak-lukasmalgay-102024-dynafit.jpg\",\"contentUrl\":\"https:\/\/www.skimo.at\/sportler\/files\/2024\/10\/paulverbnjak-lukasmalgay-102024-dynafit.jpg\",\"width\":1476,\"height\":984,\"caption\":\"paulverbnjak lukasmalgay 102024 dynafit\"},{\"@type\":\"WebPage\",\"@id\":\"https:\/\/www.skimo.at\/sportler\/18869\/dynafit-verlaengert-vertrag-mit-profi-skibergsteiger-paul-verbnjak-bis-2027\/#webpage\",\"url\":\"https:\/\/www.skimo.at\/sportler\/18869\/dynafit-verlaengert-vertrag-mit-profi-skibergsteiger-paul-verbnjak-bis-2027\/\",\"name\":\"DYNAFIT verl\\u00e4ngert Vertrag mit Profi-Skibergsteiger Paul Verbnjak bis 2027 - Sportler\",\"isPartOf\":{\"@id\":\"https:\/\/skimo.73.jarolim.eu\/sportler\/#website\"},\"primaryImageOfPage\":{\"@id\":\"https:\/\/www.skimo.at\/sportler\/18869\/dynafit-verlaengert-vertrag-mit-profi-skibergsteiger-paul-verbnjak-bis-2027\/#primaryimage\"},\"datePublished\":\"2024-10-21T14:27:06+00:00\",\"dateModified\":\"2024-10-21T14:27:07+00:00\",\"author\":{\"@id\":\"https:\/\/skimo.73.jarolim.eu\/sportler\/#\/schema\/person\/796ecbce6796efca58bf848ca63ec12c\"},\"breadcrumb\":{\"@id\":\"https:\/\/www.skimo.at\/sportler\/18869\/dynafit-verlaengert-vertrag-mit-profi-skibergsteiger-paul-verbnjak-bis-2027\/#breadcrumb\"},\"inLanguage\":\"de\",\"potentialAction\":[{\"@type\":\"ReadAction\",\"target\":[\"https:\/\/www.skimo.at\/sportler\/18869\/dynafit-verlaengert-vertrag-mit-profi-skibergsteiger-paul-verbnjak-bis-2027\/\"]}]},{\"@type\":\"BreadcrumbList\",\"@id\":\"https:\/\/www.skimo.at\/sportler\/18869\/dynafit-verlaengert-vertrag-mit-profi-skibergsteiger-paul-verbnjak-bis-2027\/#breadcrumb\",\"itemListElement\":[{\"@type\":\"ListItem\",\"position\":1,\"item\":{\"@type\":\"WebPage\",\"@id\":\"https:\/\/skimo.73.jarolim.eu\/sportler\/\",\"url\":\"https:\/\/skimo.73.jarolim.eu\/sportler\/\",\"name\":\"Home\"}},{\"@type\":\"ListItem\",\"position\":2,\"item\":{\"@id\":\"https:\/\/www.skimo.at\/sportler\/18869\/dynafit-verlaengert-vertrag-mit-profi-skibergsteiger-paul-verbnjak-bis-2027\/#webpage\"}}]},{\"@type\":\"Person\",\"@id\":\"https:\/\/skimo.73.jarolim.eu\/sportler\/#\/schema\/person\/796ecbce6796efca58bf848ca63ec12c\",\"name\":\"kposch\",\"image\":{\"@type\":\"ImageObject\",\"@id\":\"https:\/\/skimo.73.jarolim.eu\/sportler\/#personlogo\",\"inLanguage\":\"de\",\"url\":\"https:\/\/secure.gravatar.com\/avatar\/e9f5f28da60e5e563d3f4d3cc0b9b425?s=96&r=g\",\"contentUrl\":\"https:\/\/secure.gravatar.com\/avatar\/e9f5f28da60e5e563d3f4d3cc0b9b425?s=96&r=g\",\"caption\":\"kposch\"},\"url\":\"https:\/\/www.skimo.at\/sportler\/author\/kposch\/\"}]}<\/script>\n<!-- \/ Yoast SEO plugin. -->","_links":{"self":[{"href":"https:\/\/www.skimo.at\/sportler\/wp-json\/wp\/v2\/posts\/18869"}],"collection":[{"href":"https:\/\/www.skimo.at\/sportler\/wp-json\/wp\/v2\/posts"}],"about":[{"href":"https:\/\/www.skimo.at\/sportler\/wp-json\/wp\/v2\/types\/post"}],"author":[{"embeddable":true,"href":"https:\/\/www.skimo.at\/sportler\/wp-json\/wp\/v2\/users\/3"}],"replies":[{"embeddable":true,"href":"https:\/\/www.skimo.at\/sportler\/wp-json\/wp\/v2\/comments?post=18869"}],"version-history":[{"count":1,"href":"https:\/\/www.skimo.at\/sportler\/wp-json\/wp\/v2\/posts\/18869\/revisions"}],"predecessor-version":[{"id":18871,"href":"https:\/\/www.skimo.at\/sportler\/wp-json\/wp\/v2\/posts\/18869\/revisions\/18871"}],"wp:featuredmedia":[{"embeddable":true,"href":"https:\/\/www.skimo.at\/sportler\/wp-json\/wp\/v2\/media\/18872"}],"wp:attachment":[{"href":"https:\/\/www.skimo.at\/sportler\/wp-json\/wp\/v2\/media?parent=18869"}],"wp:term":[{"taxonomy":"category","embeddable":true,"href":"https:\/\/www.skimo.at\/sportler\/wp-json\/wp\/v2\/categories?post=18869"},{"taxonomy":"post_tag","embeddable":true,"href":"https:\/\/www.skimo.at\/sportler\/wp-json\/wp\/v2\/tags?post=18869"}],"curies":[{"name":"wp","href":"https:\/\/api.w.org\/{rel}","templated":true}]}}