{"id":18413,"date":"2024-02-22T16:03:48","date_gmt":"2024-02-22T14:03:48","guid":{"rendered":"https:\/\/www.skimo.at\/sportler\/?p=18413"},"modified":"2024-02-22T23:12:39","modified_gmt":"2024-02-22T21:12:39","slug":"podest-fuer-johanna-hiemer-im-martelltal-sieg-fuer-das-franzoesische-paar-axelle-gachet-molleret-und-xavier-gachet","status":"publish","type":"post","link":"https:\/\/www.skimo.at\/sportler\/18413\/podest-fuer-johanna-hiemer-im-martelltal-sieg-fuer-das-franzoesische-paar-axelle-gachet-molleret-und-xavier-gachet\/","title":{"rendered":"Podest f\u00fcr Johanna Hiemer im Martelltal, Sieg f\u00fcr das franz\u00f6sische Paar Axelle Gachet Molleret und Xavier Gachet,"},"content":{"rendered":"\n<p>Ein harter Tag im B\u00fcro heute in Val Martello f\u00fcr das Einzelrennen des ISMF Weltcups endete damit, dass Xavier Gachet (FRA) den Siegeslauf von Remi Bonnet in dieser Saison beendete und den Sieg in einem der bisher anspruchsvollsten Rennen des Jahres errang. Auf der Frauenseite schaffte es Axelle Gachet Mollaret (FRA) nur wenige Monate nach der Geburt ihres Kindes wieder auf das oberste Treppchen. Die \u00d6sterreicherin Johanna Hiemer schaffte es erstmals aufs Podest.<\/p>\n\n\n\n<p>Der Morgen war am ersten Wettkampftag des Marmotta Troph\u00e4e hart, mit starken Winden in einigen Gebieten und Schneefall in den h\u00f6heren Teilen der Strecke. Der Schweizer Remi Bonnet f\u00fchrte auf weiten Teilen der Strecke, es sah ganz nach einem weiteren dominanten Sieg aus. In der letzten Abfahrt wurde er jedoch von 3 Konkurrenten \u00fcberholt und es wurde eng um die Podestpl\u00e4tze. Der Franzose Xavier Gachet \u00fcberquerte die Ziellinie nach \u00fcber 1500 H\u00f6henmetern mit f\u00fcnf Sekunden Vorsprung auf seinen Teamkollegen William Bon Mardion (FRA). Beide sind erfahrene Veteranen der Einzelrennen mit vielen Podestpl\u00e4tzen, sie haben bewiesen dass sie wissen, wie sie technische Abfahrten, verschiedene Schneetypen und harte Tage beim Aufstieg bew\u00e4ltigen k\u00f6nnen. Gachet stand bereits zweimal zuvor auf dem Podium in Val Martello, hatte aber noch nie zuvor eine Goldmedaille gewonnen.<\/p>\n\n\n\n<p>Die Bronzemedaille des Tages ging an einen weiteren Experten f\u00fcr Einzelrennen, Matteo Eydallin (ITA). Der lange f\u00fchrende Remi Bonnet \u00fcberquerte die Ziellinie mit 19 Sekunden R\u00fcckstand als 4., was das Ende des Sieglaufes des Schweizer Athleten markierte, der diese Rennen in den letzten zwei Jahren dominiert hat.<br>Bester \u00d6sterreicher: Daniel Ganahl auf Platz 13.<\/p>\n\n\n\n<p>Thibault Anselmet rundete die Top f\u00fcnf des Tages ab, genug, um ihn vorl\u00e4ufig an die Spitze der Gesamtwertung des ISMF-Rankings f\u00fcr die Saison zu bringen, mit mehr als 100 Punkten Vorsprung auf den Zweiten auf der Liste, Maximilien Drion du Chapois (BEL), der heute den 6. Platz belegte. Der dritte Platz in der Gesamtwertung geht an Remi Bonnet.<\/p>\n\n\n\n<p>Im Frauenrennen sah die Marmotta Trophy die mit Spannung erwartete R\u00fcckkehr von Axelle Gachet Mollaret (FRA) auf das oberste Treppchen, bei ihrem zweiten Rennen nach der Geburt bereits wieder in Topform. Sie schaffte es, einige der Stars der Disziplin in den technischen Teilen der Strecke zur\u00fcckzulassen, um den Sieg mit \u00fcber 40 Sekunden Vorsprung vor Alba de Silvestro (ITA) zu erringen. Die Bronzemedaille ging an Johanna Hiemer (AUT), was das erste Podium im ISMF Weltcup ihrer Karriere war, nach vielen vierten und f\u00fcnften Pl\u00e4tzen. &#8222;Mrs. 4th Place&#8220; schaffte es, mehr als 15 Sekunden vor einer der Spezialistinnen f\u00fcr Einzelrennen, Emily Harrop (FRA), zu bleiben, die auf dem vierten Platz landete, gefolgt von Giulia Murada auf dem f\u00fcnften Platz.<br>Sarah Dreier errang Platz 16.<\/p>\n\n\n\n<p>Obwohl sie es heute nicht auf das Podium geschafft hat, f\u00fchrt Harrop weiterhin die Gesamtwertung der Serie an, w\u00e4hrend Celia Perillat-Pessay (FRA) auf dem zweiten Platz und Alba de Silvestro (ITA) auf dem dritten Platz rangiert.<\/p>\n\n\n\n<div class=\"wp-block-file\"><a href=\"https:\/\/www.skimo.at\/sportler\/files\/2024\/02\/Ergebnisliste-WC-ValMartello-IND-22.2.2024.pdf\">Ergebnisliste WC-ValMartello-IND 22.2.2024<\/a><a href=\"https:\/\/www.skimo.at\/sportler\/files\/2024\/02\/Ergebnisliste-WC-ValMartello-IND-22.2.2024.pdf\" class=\"wp-block-file__button\" download>Herunterladen<\/a><\/div>\n\n\n\n<figure class=\"wp-block-gallery columns-3 is-cropped\"><ul class=\"blocks-gallery-grid\"><li class=\"blocks-gallery-item\"><figure><a href=\"https:\/\/www.skimo.at\/sportler\/?attachment_id=18416\"><img loading=\"lazy\" width=\"1024\" height=\"682\" src=\"https:\/\/www.skimo.at\/sportler\/files\/2024\/02\/whatsapp-image-2024-02-23-at-015808-2-1024x682.jpg\" alt=\"whatsapp image 2024 02 23 at 015808 2\" data-id=\"18416\" data-full-url=\"https:\/\/www.skimo.at\/sportler\/files\/2024\/02\/whatsapp-image-2024-02-23-at-015808-2.jpg\" data-link=\"https:\/\/www.skimo.at\/sportler\/?attachment_id=18416\" class=\"wp-image-18416\" srcset=\"https:\/\/www.skimo.at\/sportler\/files\/2024\/02\/whatsapp-image-2024-02-23-at-015808-2-1024x682.jpg 1024w, https:\/\/www.skimo.at\/sportler\/files\/2024\/02\/whatsapp-image-2024-02-23-at-015808-2-300x200.jpg 300w, https:\/\/www.skimo.at\/sportler\/files\/2024\/02\/whatsapp-image-2024-02-23-at-015808-2-768x512.jpg 768w, https:\/\/www.skimo.at\/sportler\/files\/2024\/02\/whatsapp-image-2024-02-23-at-015808-2-746x497.jpg 746w, https:\/\/www.skimo.at\/sportler\/files\/2024\/02\/whatsapp-image-2024-02-23-at-015808-2-618x412.jpg 618w, https:\/\/www.skimo.at\/sportler\/files\/2024\/02\/whatsapp-image-2024-02-23-at-015808-2-554x369.jpg 554w, https:\/\/www.skimo.at\/sportler\/files\/2024\/02\/whatsapp-image-2024-02-23-at-015808-2-299x199.jpg 299w, https:\/\/www.skimo.at\/sportler\/files\/2024\/02\/whatsapp-image-2024-02-23-at-015808-2-1224x816.jpg 1224w, https:\/\/www.skimo.at\/sportler\/files\/2024\/02\/whatsapp-image-2024-02-23-at-015808-2-970x646.jpg 970w, https:\/\/www.skimo.at\/sportler\/files\/2024\/02\/whatsapp-image-2024-02-23-at-015808-2-140x93.jpg 140w, https:\/\/www.skimo.at\/sportler\/files\/2024\/02\/whatsapp-image-2024-02-23-at-015808-2-540x360.jpg 540w, https:\/\/www.skimo.at\/sportler\/files\/2024\/02\/whatsapp-image-2024-02-23-at-015808-2.jpg 1280w\" sizes=\"(max-width: 1024px) 100vw, 1024px\" \/><\/a><figcaption class=\"blocks-gallery-item__caption\">whatsapp image 2024 02 23 at 015808 2<\/figcaption><\/figure><\/li><li class=\"blocks-gallery-item\"><figure><a href=\"https:\/\/www.skimo.at\/sportler\/?attachment_id=18417\"><img loading=\"lazy\" width=\"1024\" height=\"682\" src=\"https:\/\/www.skimo.at\/sportler\/files\/2024\/02\/whatsapp-image-2024-02-23-at-015812-1-1024x682.jpg\" alt=\"whatsapp image 2024 02 23 at 015812 1\" data-id=\"18417\" data-full-url=\"https:\/\/www.skimo.at\/sportler\/files\/2024\/02\/whatsapp-image-2024-02-23-at-015812-1.jpg\" data-link=\"https:\/\/www.skimo.at\/sportler\/?attachment_id=18417\" class=\"wp-image-18417\" srcset=\"https:\/\/www.skimo.at\/sportler\/files\/2024\/02\/whatsapp-image-2024-02-23-at-015812-1-1024x682.jpg 1024w, https:\/\/www.skimo.at\/sportler\/files\/2024\/02\/whatsapp-image-2024-02-23-at-015812-1-300x200.jpg 300w, https:\/\/www.skimo.at\/sportler\/files\/2024\/02\/whatsapp-image-2024-02-23-at-015812-1-768x512.jpg 768w, https:\/\/www.skimo.at\/sportler\/files\/2024\/02\/whatsapp-image-2024-02-23-at-015812-1-746x497.jpg 746w, https:\/\/www.skimo.at\/sportler\/files\/2024\/02\/whatsapp-image-2024-02-23-at-015812-1-618x412.jpg 618w, https:\/\/www.skimo.at\/sportler\/files\/2024\/02\/whatsapp-image-2024-02-23-at-015812-1-554x369.jpg 554w, https:\/\/www.skimo.at\/sportler\/files\/2024\/02\/whatsapp-image-2024-02-23-at-015812-1-299x199.jpg 299w, https:\/\/www.skimo.at\/sportler\/files\/2024\/02\/whatsapp-image-2024-02-23-at-015812-1-1224x816.jpg 1224w, https:\/\/www.skimo.at\/sportler\/files\/2024\/02\/whatsapp-image-2024-02-23-at-015812-1-970x646.jpg 970w, https:\/\/www.skimo.at\/sportler\/files\/2024\/02\/whatsapp-image-2024-02-23-at-015812-1-140x93.jpg 140w, https:\/\/www.skimo.at\/sportler\/files\/2024\/02\/whatsapp-image-2024-02-23-at-015812-1-540x360.jpg 540w, https:\/\/www.skimo.at\/sportler\/files\/2024\/02\/whatsapp-image-2024-02-23-at-015812-1.jpg 1280w\" sizes=\"(max-width: 1024px) 100vw, 1024px\" \/><\/a><figcaption class=\"blocks-gallery-item__caption\">whatsapp image 2024 02 23 at 015812 1<\/figcaption><\/figure><\/li><li class=\"blocks-gallery-item\"><figure><a href=\"https:\/\/www.skimo.at\/sportler\/?attachment_id=18418\"><img loading=\"lazy\" width=\"1024\" height=\"682\" src=\"https:\/\/www.skimo.at\/sportler\/files\/2024\/02\/whatsapp-image-2024-02-23-at-015812-1024x682.jpg\" alt=\"whatsapp image 2024 02 23 at 015812\" data-id=\"18418\" data-full-url=\"https:\/\/www.skimo.at\/sportler\/files\/2024\/02\/whatsapp-image-2024-02-23-at-015812.jpg\" data-link=\"https:\/\/www.skimo.at\/sportler\/?attachment_id=18418\" class=\"wp-image-18418\" srcset=\"https:\/\/www.skimo.at\/sportler\/files\/2024\/02\/whatsapp-image-2024-02-23-at-015812-1024x682.jpg 1024w, https:\/\/www.skimo.at\/sportler\/files\/2024\/02\/whatsapp-image-2024-02-23-at-015812-300x200.jpg 300w, https:\/\/www.skimo.at\/sportler\/files\/2024\/02\/whatsapp-image-2024-02-23-at-015812-768x512.jpg 768w, https:\/\/www.skimo.at\/sportler\/files\/2024\/02\/whatsapp-image-2024-02-23-at-015812-746x497.jpg 746w, https:\/\/www.skimo.at\/sportler\/files\/2024\/02\/whatsapp-image-2024-02-23-at-015812-618x412.jpg 618w, https:\/\/www.skimo.at\/sportler\/files\/2024\/02\/whatsapp-image-2024-02-23-at-015812-554x369.jpg 554w, https:\/\/www.skimo.at\/sportler\/files\/2024\/02\/whatsapp-image-2024-02-23-at-015812-299x199.jpg 299w, https:\/\/www.skimo.at\/sportler\/files\/2024\/02\/whatsapp-image-2024-02-23-at-015812-1224x816.jpg 1224w, https:\/\/www.skimo.at\/sportler\/files\/2024\/02\/whatsapp-image-2024-02-23-at-015812-970x646.jpg 970w, https:\/\/www.skimo.at\/sportler\/files\/2024\/02\/whatsapp-image-2024-02-23-at-015812-140x93.jpg 140w, https:\/\/www.skimo.at\/sportler\/files\/2024\/02\/whatsapp-image-2024-02-23-at-015812-540x360.jpg 540w, https:\/\/www.skimo.at\/sportler\/files\/2024\/02\/whatsapp-image-2024-02-23-at-015812.jpg 1280w\" sizes=\"(max-width: 1024px) 100vw, 1024px\" \/><\/a><figcaption class=\"blocks-gallery-item__caption\">whatsapp image 2024 02 23 at 015812<\/figcaption><\/figure><\/li><li class=\"blocks-gallery-item\"><figure><a href=\"https:\/\/www.skimo.at\/sportler\/?attachment_id=18419\"><img loading=\"lazy\" width=\"1024\" height=\"682\" src=\"https:\/\/www.skimo.at\/sportler\/files\/2024\/02\/whatsapp-image-2024-02-23-at-015813-1-1024x682.jpg\" alt=\"whatsapp image 2024 02 23 at 015813 1\" data-id=\"18419\" data-full-url=\"https:\/\/www.skimo.at\/sportler\/files\/2024\/02\/whatsapp-image-2024-02-23-at-015813-1.jpg\" data-link=\"https:\/\/www.skimo.at\/sportler\/?attachment_id=18419\" class=\"wp-image-18419\" srcset=\"https:\/\/www.skimo.at\/sportler\/files\/2024\/02\/whatsapp-image-2024-02-23-at-015813-1-1024x682.jpg 1024w, https:\/\/www.skimo.at\/sportler\/files\/2024\/02\/whatsapp-image-2024-02-23-at-015813-1-300x200.jpg 300w, https:\/\/www.skimo.at\/sportler\/files\/2024\/02\/whatsapp-image-2024-02-23-at-015813-1-768x512.jpg 768w, https:\/\/www.skimo.at\/sportler\/files\/2024\/02\/whatsapp-image-2024-02-23-at-015813-1-746x497.jpg 746w, https:\/\/www.skimo.at\/sportler\/files\/2024\/02\/whatsapp-image-2024-02-23-at-015813-1-618x412.jpg 618w, https:\/\/www.skimo.at\/sportler\/files\/2024\/02\/whatsapp-image-2024-02-23-at-015813-1-554x369.jpg 554w, https:\/\/www.skimo.at\/sportler\/files\/2024\/02\/whatsapp-image-2024-02-23-at-015813-1-299x199.jpg 299w, https:\/\/www.skimo.at\/sportler\/files\/2024\/02\/whatsapp-image-2024-02-23-at-015813-1-1224x816.jpg 1224w, https:\/\/www.skimo.at\/sportler\/files\/2024\/02\/whatsapp-image-2024-02-23-at-015813-1-970x646.jpg 970w, https:\/\/www.skimo.at\/sportler\/files\/2024\/02\/whatsapp-image-2024-02-23-at-015813-1-140x93.jpg 140w, https:\/\/www.skimo.at\/sportler\/files\/2024\/02\/whatsapp-image-2024-02-23-at-015813-1-540x360.jpg 540w, https:\/\/www.skimo.at\/sportler\/files\/2024\/02\/whatsapp-image-2024-02-23-at-015813-1.jpg 1280w\" sizes=\"(max-width: 1024px) 100vw, 1024px\" \/><\/a><figcaption class=\"blocks-gallery-item__caption\">whatsapp image 2024 02 23 at 015813 1<\/figcaption><\/figure><\/li><li class=\"blocks-gallery-item\"><figure><a href=\"https:\/\/www.skimo.at\/sportler\/?attachment_id=18420\"><img loading=\"lazy\" width=\"1024\" height=\"682\" src=\"https:\/\/www.skimo.at\/sportler\/files\/2024\/02\/whatsapp-image-2024-02-23-at-015813-2-1024x682.jpg\" alt=\"whatsapp image 2024 02 23 at 015813 2\" data-id=\"18420\" data-full-url=\"https:\/\/www.skimo.at\/sportler\/files\/2024\/02\/whatsapp-image-2024-02-23-at-015813-2.jpg\" data-link=\"https:\/\/www.skimo.at\/sportler\/?attachment_id=18420\" class=\"wp-image-18420\" srcset=\"https:\/\/www.skimo.at\/sportler\/files\/2024\/02\/whatsapp-image-2024-02-23-at-015813-2-1024x682.jpg 1024w, https:\/\/www.skimo.at\/sportler\/files\/2024\/02\/whatsapp-image-2024-02-23-at-015813-2-300x200.jpg 300w, https:\/\/www.skimo.at\/sportler\/files\/2024\/02\/whatsapp-image-2024-02-23-at-015813-2-768x512.jpg 768w, https:\/\/www.skimo.at\/sportler\/files\/2024\/02\/whatsapp-image-2024-02-23-at-015813-2-746x497.jpg 746w, https:\/\/www.skimo.at\/sportler\/files\/2024\/02\/whatsapp-image-2024-02-23-at-015813-2-618x412.jpg 618w, https:\/\/www.skimo.at\/sportler\/files\/2024\/02\/whatsapp-image-2024-02-23-at-015813-2-554x369.jpg 554w, https:\/\/www.skimo.at\/sportler\/files\/2024\/02\/whatsapp-image-2024-02-23-at-015813-2-299x199.jpg 299w, https:\/\/www.skimo.at\/sportler\/files\/2024\/02\/whatsapp-image-2024-02-23-at-015813-2-1224x816.jpg 1224w, https:\/\/www.skimo.at\/sportler\/files\/2024\/02\/whatsapp-image-2024-02-23-at-015813-2-970x646.jpg 970w, https:\/\/www.skimo.at\/sportler\/files\/2024\/02\/whatsapp-image-2024-02-23-at-015813-2-140x93.jpg 140w, https:\/\/www.skimo.at\/sportler\/files\/2024\/02\/whatsapp-image-2024-02-23-at-015813-2-540x360.jpg 540w, https:\/\/www.skimo.at\/sportler\/files\/2024\/02\/whatsapp-image-2024-02-23-at-015813-2.jpg 1280w\" sizes=\"(max-width: 1024px) 100vw, 1024px\" \/><\/a><figcaption class=\"blocks-gallery-item__caption\">whatsapp image 2024 02 23 at 015813 2<\/figcaption><\/figure><\/li><li class=\"blocks-gallery-item\"><figure><a href=\"https:\/\/www.skimo.at\/sportler\/?attachment_id=18421\"><img loading=\"lazy\" width=\"1024\" height=\"682\" src=\"https:\/\/www.skimo.at\/sportler\/files\/2024\/02\/whatsapp-image-2024-02-23-at-015813-3-1024x682.jpg\" alt=\"whatsapp image 2024 02 23 at 015813 3\" data-id=\"18421\" data-full-url=\"https:\/\/www.skimo.at\/sportler\/files\/2024\/02\/whatsapp-image-2024-02-23-at-015813-3.jpg\" data-link=\"https:\/\/www.skimo.at\/sportler\/?attachment_id=18421\" class=\"wp-image-18421\" srcset=\"https:\/\/www.skimo.at\/sportler\/files\/2024\/02\/whatsapp-image-2024-02-23-at-015813-3-1024x682.jpg 1024w, https:\/\/www.skimo.at\/sportler\/files\/2024\/02\/whatsapp-image-2024-02-23-at-015813-3-300x200.jpg 300w, https:\/\/www.skimo.at\/sportler\/files\/2024\/02\/whatsapp-image-2024-02-23-at-015813-3-768x512.jpg 768w, https:\/\/www.skimo.at\/sportler\/files\/2024\/02\/whatsapp-image-2024-02-23-at-015813-3-746x497.jpg 746w, https:\/\/www.skimo.at\/sportler\/files\/2024\/02\/whatsapp-image-2024-02-23-at-015813-3-618x412.jpg 618w, https:\/\/www.skimo.at\/sportler\/files\/2024\/02\/whatsapp-image-2024-02-23-at-015813-3-554x369.jpg 554w, https:\/\/www.skimo.at\/sportler\/files\/2024\/02\/whatsapp-image-2024-02-23-at-015813-3-299x199.jpg 299w, https:\/\/www.skimo.at\/sportler\/files\/2024\/02\/whatsapp-image-2024-02-23-at-015813-3-1224x816.jpg 1224w, https:\/\/www.skimo.at\/sportler\/files\/2024\/02\/whatsapp-image-2024-02-23-at-015813-3-970x646.jpg 970w, https:\/\/www.skimo.at\/sportler\/files\/2024\/02\/whatsapp-image-2024-02-23-at-015813-3-140x93.jpg 140w, https:\/\/www.skimo.at\/sportler\/files\/2024\/02\/whatsapp-image-2024-02-23-at-015813-3-540x360.jpg 540w, https:\/\/www.skimo.at\/sportler\/files\/2024\/02\/whatsapp-image-2024-02-23-at-015813-3.jpg 1280w\" sizes=\"(max-width: 1024px) 100vw, 1024px\" \/><\/a><figcaption class=\"blocks-gallery-item__caption\">whatsapp image 2024 02 23 at 015813 3<\/figcaption><\/figure><\/li><li class=\"blocks-gallery-item\"><figure><a href=\"https:\/\/www.skimo.at\/sportler\/?attachment_id=18422\"><img loading=\"lazy\" width=\"1024\" height=\"682\" src=\"https:\/\/www.skimo.at\/sportler\/files\/2024\/02\/whatsapp-image-2024-02-23-at-015814-1-1024x682.jpg\" alt=\"whatsapp image 2024 02 23 at 015814 1\" data-id=\"18422\" data-full-url=\"https:\/\/www.skimo.at\/sportler\/files\/2024\/02\/whatsapp-image-2024-02-23-at-015814-1.jpg\" data-link=\"https:\/\/www.skimo.at\/sportler\/?attachment_id=18422\" class=\"wp-image-18422\" srcset=\"https:\/\/www.skimo.at\/sportler\/files\/2024\/02\/whatsapp-image-2024-02-23-at-015814-1-1024x682.jpg 1024w, https:\/\/www.skimo.at\/sportler\/files\/2024\/02\/whatsapp-image-2024-02-23-at-015814-1-300x200.jpg 300w, https:\/\/www.skimo.at\/sportler\/files\/2024\/02\/whatsapp-image-2024-02-23-at-015814-1-768x512.jpg 768w, https:\/\/www.skimo.at\/sportler\/files\/2024\/02\/whatsapp-image-2024-02-23-at-015814-1-746x497.jpg 746w, https:\/\/www.skimo.at\/sportler\/files\/2024\/02\/whatsapp-image-2024-02-23-at-015814-1-618x412.jpg 618w, https:\/\/www.skimo.at\/sportler\/files\/2024\/02\/whatsapp-image-2024-02-23-at-015814-1-554x369.jpg 554w, https:\/\/www.skimo.at\/sportler\/files\/2024\/02\/whatsapp-image-2024-02-23-at-015814-1-299x199.jpg 299w, https:\/\/www.skimo.at\/sportler\/files\/2024\/02\/whatsapp-image-2024-02-23-at-015814-1-1224x816.jpg 1224w, https:\/\/www.skimo.at\/sportler\/files\/2024\/02\/whatsapp-image-2024-02-23-at-015814-1-970x646.jpg 970w, https:\/\/www.skimo.at\/sportler\/files\/2024\/02\/whatsapp-image-2024-02-23-at-015814-1-140x93.jpg 140w, https:\/\/www.skimo.at\/sportler\/files\/2024\/02\/whatsapp-image-2024-02-23-at-015814-1-540x360.jpg 540w, https:\/\/www.skimo.at\/sportler\/files\/2024\/02\/whatsapp-image-2024-02-23-at-015814-1.jpg 1280w\" sizes=\"(max-width: 1024px) 100vw, 1024px\" \/><\/a><figcaption class=\"blocks-gallery-item__caption\">whatsapp image 2024 02 23 at 015814 1<\/figcaption><\/figure><\/li><li class=\"blocks-gallery-item\"><figure><a href=\"https:\/\/www.skimo.at\/sportler\/?attachment_id=18423\"><img loading=\"lazy\" width=\"1024\" height=\"682\" src=\"https:\/\/www.skimo.at\/sportler\/files\/2024\/02\/whatsapp-image-2024-02-23-at-022243-1-1024x682.jpg\" alt=\"whatsapp image 2024 02 23 at 022243 1\" data-id=\"18423\" data-full-url=\"https:\/\/www.skimo.at\/sportler\/files\/2024\/02\/whatsapp-image-2024-02-23-at-022243-1.jpg\" data-link=\"https:\/\/www.skimo.at\/sportler\/?attachment_id=18423\" class=\"wp-image-18423\" srcset=\"https:\/\/www.skimo.at\/sportler\/files\/2024\/02\/whatsapp-image-2024-02-23-at-022243-1-1024x682.jpg 1024w, https:\/\/www.skimo.at\/sportler\/files\/2024\/02\/whatsapp-image-2024-02-23-at-022243-1-300x200.jpg 300w, https:\/\/www.skimo.at\/sportler\/files\/2024\/02\/whatsapp-image-2024-02-23-at-022243-1-768x512.jpg 768w, https:\/\/www.skimo.at\/sportler\/files\/2024\/02\/whatsapp-image-2024-02-23-at-022243-1-746x497.jpg 746w, https:\/\/www.skimo.at\/sportler\/files\/2024\/02\/whatsapp-image-2024-02-23-at-022243-1-618x412.jpg 618w, https:\/\/www.skimo.at\/sportler\/files\/2024\/02\/whatsapp-image-2024-02-23-at-022243-1-554x369.jpg 554w, https:\/\/www.skimo.at\/sportler\/files\/2024\/02\/whatsapp-image-2024-02-23-at-022243-1-299x199.jpg 299w, https:\/\/www.skimo.at\/sportler\/files\/2024\/02\/whatsapp-image-2024-02-23-at-022243-1-1224x816.jpg 1224w, https:\/\/www.skimo.at\/sportler\/files\/2024\/02\/whatsapp-image-2024-02-23-at-022243-1-970x646.jpg 970w, https:\/\/www.skimo.at\/sportler\/files\/2024\/02\/whatsapp-image-2024-02-23-at-022243-1-140x93.jpg 140w, https:\/\/www.skimo.at\/sportler\/files\/2024\/02\/whatsapp-image-2024-02-23-at-022243-1-540x360.jpg 540w, https:\/\/www.skimo.at\/sportler\/files\/2024\/02\/whatsapp-image-2024-02-23-at-022243-1.jpg 1280w\" sizes=\"(max-width: 1024px) 100vw, 1024px\" \/><\/a><figcaption class=\"blocks-gallery-item__caption\">whatsapp image 2024 02 23 at 022243 1<\/figcaption><\/figure><\/li><li class=\"blocks-gallery-item\"><figure><a href=\"https:\/\/www.skimo.at\/sportler\/?attachment_id=18424\"><img loading=\"lazy\" width=\"1024\" height=\"682\" src=\"https:\/\/www.skimo.at\/sportler\/files\/2024\/02\/whatsapp-image-2024-02-23-at-022243-1024x682.jpg\" alt=\"whatsapp image 2024 02 23 at 022243\" data-id=\"18424\" data-full-url=\"https:\/\/www.skimo.at\/sportler\/files\/2024\/02\/whatsapp-image-2024-02-23-at-022243.jpg\" data-link=\"https:\/\/www.skimo.at\/sportler\/?attachment_id=18424\" class=\"wp-image-18424\" srcset=\"https:\/\/www.skimo.at\/sportler\/files\/2024\/02\/whatsapp-image-2024-02-23-at-022243-1024x682.jpg 1024w, https:\/\/www.skimo.at\/sportler\/files\/2024\/02\/whatsapp-image-2024-02-23-at-022243-300x200.jpg 300w, https:\/\/www.skimo.at\/sportler\/files\/2024\/02\/whatsapp-image-2024-02-23-at-022243-768x512.jpg 768w, https:\/\/www.skimo.at\/sportler\/files\/2024\/02\/whatsapp-image-2024-02-23-at-022243-746x497.jpg 746w, https:\/\/www.skimo.at\/sportler\/files\/2024\/02\/whatsapp-image-2024-02-23-at-022243-618x412.jpg 618w, https:\/\/www.skimo.at\/sportler\/files\/2024\/02\/whatsapp-image-2024-02-23-at-022243-554x369.jpg 554w, https:\/\/www.skimo.at\/sportler\/files\/2024\/02\/whatsapp-image-2024-02-23-at-022243-299x199.jpg 299w, https:\/\/www.skimo.at\/sportler\/files\/2024\/02\/whatsapp-image-2024-02-23-at-022243-1224x816.jpg 1224w, https:\/\/www.skimo.at\/sportler\/files\/2024\/02\/whatsapp-image-2024-02-23-at-022243-970x646.jpg 970w, https:\/\/www.skimo.at\/sportler\/files\/2024\/02\/whatsapp-image-2024-02-23-at-022243-140x93.jpg 140w, https:\/\/www.skimo.at\/sportler\/files\/2024\/02\/whatsapp-image-2024-02-23-at-022243-540x360.jpg 540w, https:\/\/www.skimo.at\/sportler\/files\/2024\/02\/whatsapp-image-2024-02-23-at-022243.jpg 1280w\" sizes=\"(max-width: 1024px) 100vw, 1024px\" \/><\/a><figcaption class=\"blocks-gallery-item__caption\">whatsapp image 2024 02 23 at 022243<\/figcaption><\/figure><\/li><li class=\"blocks-gallery-item\"><figure><a href=\"https:\/\/www.skimo.at\/sportler\/?attachment_id=18425\"><img loading=\"lazy\" width=\"1024\" height=\"682\" src=\"https:\/\/www.skimo.at\/sportler\/files\/2024\/02\/whatsapp-image-2024-02-23-at-022244-1-1024x682.jpg\" alt=\"whatsapp image 2024 02 23 at 022244 1\" data-id=\"18425\" data-full-url=\"https:\/\/www.skimo.at\/sportler\/files\/2024\/02\/whatsapp-image-2024-02-23-at-022244-1.jpg\" data-link=\"https:\/\/www.skimo.at\/sportler\/?attachment_id=18425\" class=\"wp-image-18425\" srcset=\"https:\/\/www.skimo.at\/sportler\/files\/2024\/02\/whatsapp-image-2024-02-23-at-022244-1-1024x682.jpg 1024w, https:\/\/www.skimo.at\/sportler\/files\/2024\/02\/whatsapp-image-2024-02-23-at-022244-1-300x200.jpg 300w, https:\/\/www.skimo.at\/sportler\/files\/2024\/02\/whatsapp-image-2024-02-23-at-022244-1-768x512.jpg 768w, https:\/\/www.skimo.at\/sportler\/files\/2024\/02\/whatsapp-image-2024-02-23-at-022244-1-746x497.jpg 746w, https:\/\/www.skimo.at\/sportler\/files\/2024\/02\/whatsapp-image-2024-02-23-at-022244-1-618x412.jpg 618w, https:\/\/www.skimo.at\/sportler\/files\/2024\/02\/whatsapp-image-2024-02-23-at-022244-1-554x369.jpg 554w, https:\/\/www.skimo.at\/sportler\/files\/2024\/02\/whatsapp-image-2024-02-23-at-022244-1-299x199.jpg 299w, https:\/\/www.skimo.at\/sportler\/files\/2024\/02\/whatsapp-image-2024-02-23-at-022244-1-1224x816.jpg 1224w, https:\/\/www.skimo.at\/sportler\/files\/2024\/02\/whatsapp-image-2024-02-23-at-022244-1-970x646.jpg 970w, https:\/\/www.skimo.at\/sportler\/files\/2024\/02\/whatsapp-image-2024-02-23-at-022244-1-140x93.jpg 140w, https:\/\/www.skimo.at\/sportler\/files\/2024\/02\/whatsapp-image-2024-02-23-at-022244-1-540x360.jpg 540w, https:\/\/www.skimo.at\/sportler\/files\/2024\/02\/whatsapp-image-2024-02-23-at-022244-1.jpg 1280w\" sizes=\"(max-width: 1024px) 100vw, 1024px\" \/><\/a><figcaption class=\"blocks-gallery-item__caption\">whatsapp image 2024 02 23 at 022244 1<\/figcaption><\/figure><\/li><li class=\"blocks-gallery-item\"><figure><a href=\"https:\/\/www.skimo.at\/sportler\/?attachment_id=18426\"><img loading=\"lazy\" width=\"1024\" height=\"682\" src=\"https:\/\/www.skimo.at\/sportler\/files\/2024\/02\/whatsapp-image-2024-02-23-at-022244-1024x682.jpg\" alt=\"whatsapp image 2024 02 23 at 022244\" data-id=\"18426\" data-full-url=\"https:\/\/www.skimo.at\/sportler\/files\/2024\/02\/whatsapp-image-2024-02-23-at-022244.jpg\" data-link=\"https:\/\/www.skimo.at\/sportler\/?attachment_id=18426\" class=\"wp-image-18426\" srcset=\"https:\/\/www.skimo.at\/sportler\/files\/2024\/02\/whatsapp-image-2024-02-23-at-022244-1024x682.jpg 1024w, https:\/\/www.skimo.at\/sportler\/files\/2024\/02\/whatsapp-image-2024-02-23-at-022244-300x200.jpg 300w, https:\/\/www.skimo.at\/sportler\/files\/2024\/02\/whatsapp-image-2024-02-23-at-022244-768x512.jpg 768w, https:\/\/www.skimo.at\/sportler\/files\/2024\/02\/whatsapp-image-2024-02-23-at-022244-746x497.jpg 746w, https:\/\/www.skimo.at\/sportler\/files\/2024\/02\/whatsapp-image-2024-02-23-at-022244-618x412.jpg 618w, https:\/\/www.skimo.at\/sportler\/files\/2024\/02\/whatsapp-image-2024-02-23-at-022244-554x369.jpg 554w, https:\/\/www.skimo.at\/sportler\/files\/2024\/02\/whatsapp-image-2024-02-23-at-022244-299x199.jpg 299w, https:\/\/www.skimo.at\/sportler\/files\/2024\/02\/whatsapp-image-2024-02-23-at-022244-1224x816.jpg 1224w, https:\/\/www.skimo.at\/sportler\/files\/2024\/02\/whatsapp-image-2024-02-23-at-022244-970x646.jpg 970w, https:\/\/www.skimo.at\/sportler\/files\/2024\/02\/whatsapp-image-2024-02-23-at-022244-140x93.jpg 140w, https:\/\/www.skimo.at\/sportler\/files\/2024\/02\/whatsapp-image-2024-02-23-at-022244-540x360.jpg 540w, https:\/\/www.skimo.at\/sportler\/files\/2024\/02\/whatsapp-image-2024-02-23-at-022244.jpg 1280w\" sizes=\"(max-width: 1024px) 100vw, 1024px\" \/><\/a><figcaption class=\"blocks-gallery-item__caption\">whatsapp image 2024 02 23 at 022244<\/figcaption><\/figure><\/li><\/ul><figcaption class=\"blocks-gallery-caption\">Alle Bilder: ISMF<\/figcaption><\/figure>\n\n\n\n<h2>Hier haben wir noch eine weitere Bildergalerie unserer Partner von SkimoStats:<\/h2>\n\n\n\n<figure class=\"wp-block-gallery columns-3 is-cropped\"><ul class=\"blocks-gallery-grid\"><li class=\"blocks-gallery-item\"><figure><a href=\"https:\/\/www.skimo.at\/sportler\/18413\/podest-fuer-johanna-hiemer-im-martelltal-sieg-fuer-das-franzoesische-paar-axelle-gachet-molleret-und-xavier-gachet\/wc-2023-2024-val-martello-indi-men-1-2-1\/\"><img loading=\"lazy\" width=\"1024\" height=\"683\" src=\"https:\/\/www.skimo.at\/sportler\/files\/2024\/02\/wc-2023-2024-val-martello-indi-men-1-2-1-1024x683.jpg\" alt=\"wc 2023 2024 val martello indi men 1 2 1\" data-id=\"18469\" data-full-url=\"https:\/\/www.skimo.at\/sportler\/files\/2024\/02\/wc-2023-2024-val-martello-indi-men-1-2-1.jpg\" data-link=\"https:\/\/www.skimo.at\/sportler\/18413\/podest-fuer-johanna-hiemer-im-martelltal-sieg-fuer-das-franzoesische-paar-axelle-gachet-molleret-und-xavier-gachet\/wc-2023-2024-val-martello-indi-men-1-2-1\/\" class=\"wp-image-18469\" srcset=\"https:\/\/www.skimo.at\/sportler\/files\/2024\/02\/wc-2023-2024-val-martello-indi-men-1-2-1-1024x683.jpg 1024w, https:\/\/www.skimo.at\/sportler\/files\/2024\/02\/wc-2023-2024-val-martello-indi-men-1-2-1-300x200.jpg 300w, https:\/\/www.skimo.at\/sportler\/files\/2024\/02\/wc-2023-2024-val-martello-indi-men-1-2-1-768x513.jpg 768w, https:\/\/www.skimo.at\/sportler\/files\/2024\/02\/wc-2023-2024-val-martello-indi-men-1-2-1-746x497.jpg 746w, https:\/\/www.skimo.at\/sportler\/files\/2024\/02\/wc-2023-2024-val-martello-indi-men-1-2-1-618x412.jpg 618w, https:\/\/www.skimo.at\/sportler\/files\/2024\/02\/wc-2023-2024-val-martello-indi-men-1-2-1-554x370.jpg 554w, https:\/\/www.skimo.at\/sportler\/files\/2024\/02\/wc-2023-2024-val-martello-indi-men-1-2-1-299x199.jpg 299w, https:\/\/www.skimo.at\/sportler\/files\/2024\/02\/wc-2023-2024-val-martello-indi-men-1-2-1-1224x817.jpg 1224w, https:\/\/www.skimo.at\/sportler\/files\/2024\/02\/wc-2023-2024-val-martello-indi-men-1-2-1-970x647.jpg 970w, https:\/\/www.skimo.at\/sportler\/files\/2024\/02\/wc-2023-2024-val-martello-indi-men-1-2-1-139x93.jpg 139w, https:\/\/www.skimo.at\/sportler\/files\/2024\/02\/wc-2023-2024-val-martello-indi-men-1-2-1-540x360.jpg 540w, https:\/\/www.skimo.at\/sportler\/files\/2024\/02\/wc-2023-2024-val-martello-indi-men-1-2-1.jpg 2020w\" sizes=\"(max-width: 1024px) 100vw, 1024px\" \/><\/a><figcaption class=\"blocks-gallery-item__caption\">wc 2023 2024 val martello indi men 1 2 1<\/figcaption><\/figure><\/li><li class=\"blocks-gallery-item\"><figure><a href=\"https:\/\/www.skimo.at\/sportler\/18413\/podest-fuer-johanna-hiemer-im-martelltal-sieg-fuer-das-franzoesische-paar-axelle-gachet-molleret-und-xavier-gachet\/wc-2023-2024-val-martello-indi-men-1-8-1\/\"><img loading=\"lazy\" width=\"1024\" height=\"681\" src=\"https:\/\/www.skimo.at\/sportler\/files\/2024\/02\/wc-2023-2024-val-martello-indi-men-1-8-1-1024x681.jpg\" alt=\"wc 2023 2024 val martello indi men 1 8 1\" data-id=\"18470\" data-full-url=\"https:\/\/www.skimo.at\/sportler\/files\/2024\/02\/wc-2023-2024-val-martello-indi-men-1-8-1.jpg\" data-link=\"https:\/\/www.skimo.at\/sportler\/18413\/podest-fuer-johanna-hiemer-im-martelltal-sieg-fuer-das-franzoesische-paar-axelle-gachet-molleret-und-xavier-gachet\/wc-2023-2024-val-martello-indi-men-1-8-1\/\" class=\"wp-image-18470\" srcset=\"https:\/\/www.skimo.at\/sportler\/files\/2024\/02\/wc-2023-2024-val-martello-indi-men-1-8-1-1024x681.jpg 1024w, https:\/\/www.skimo.at\/sportler\/files\/2024\/02\/wc-2023-2024-val-martello-indi-men-1-8-1-300x200.jpg 300w, https:\/\/www.skimo.at\/sportler\/files\/2024\/02\/wc-2023-2024-val-martello-indi-men-1-8-1-768x511.jpg 768w, https:\/\/www.skimo.at\/sportler\/files\/2024\/02\/wc-2023-2024-val-martello-indi-men-1-8-1-746x497.jpg 746w, https:\/\/www.skimo.at\/sportler\/files\/2024\/02\/wc-2023-2024-val-martello-indi-men-1-8-1-618x412.jpg 618w, https:\/\/www.skimo.at\/sportler\/files\/2024\/02\/wc-2023-2024-val-martello-indi-men-1-8-1-554x369.jpg 554w, https:\/\/www.skimo.at\/sportler\/files\/2024\/02\/wc-2023-2024-val-martello-indi-men-1-8-1-299x199.jpg 299w, https:\/\/www.skimo.at\/sportler\/files\/2024\/02\/wc-2023-2024-val-martello-indi-men-1-8-1-1224x814.jpg 1224w, https:\/\/www.skimo.at\/sportler\/files\/2024\/02\/wc-2023-2024-val-martello-indi-men-1-8-1-970x645.jpg 970w, https:\/\/www.skimo.at\/sportler\/files\/2024\/02\/wc-2023-2024-val-martello-indi-men-1-8-1-140x93.jpg 140w, https:\/\/www.skimo.at\/sportler\/files\/2024\/02\/wc-2023-2024-val-martello-indi-men-1-8-1-540x360.jpg 540w, https:\/\/www.skimo.at\/sportler\/files\/2024\/02\/wc-2023-2024-val-martello-indi-men-1-8-1.jpg 2020w\" sizes=\"(max-width: 1024px) 100vw, 1024px\" \/><\/a><figcaption class=\"blocks-gallery-item__caption\">wc 2023 2024 val martello indi men 1 8 1<\/figcaption><\/figure><\/li><li class=\"blocks-gallery-item\"><figure><a href=\"https:\/\/www.skimo.at\/sportler\/18413\/podest-fuer-johanna-hiemer-im-martelltal-sieg-fuer-das-franzoesische-paar-axelle-gachet-molleret-und-xavier-gachet\/wc-2023-2024-val-martello-indi-men-1-9-1\/\"><img loading=\"lazy\" width=\"1024\" height=\"681\" src=\"https:\/\/www.skimo.at\/sportler\/files\/2024\/02\/wc-2023-2024-val-martello-indi-men-1-9-1-1024x681.jpg\" alt=\"wc 2023 2024 val martello indi men 1 9 1\" data-id=\"18471\" data-full-url=\"https:\/\/www.skimo.at\/sportler\/files\/2024\/02\/wc-2023-2024-val-martello-indi-men-1-9-1.jpg\" data-link=\"https:\/\/www.skimo.at\/sportler\/18413\/podest-fuer-johanna-hiemer-im-martelltal-sieg-fuer-das-franzoesische-paar-axelle-gachet-molleret-und-xavier-gachet\/wc-2023-2024-val-martello-indi-men-1-9-1\/\" class=\"wp-image-18471\" srcset=\"https:\/\/www.skimo.at\/sportler\/files\/2024\/02\/wc-2023-2024-val-martello-indi-men-1-9-1-1024x681.jpg 1024w, https:\/\/www.skimo.at\/sportler\/files\/2024\/02\/wc-2023-2024-val-martello-indi-men-1-9-1-300x200.jpg 300w, https:\/\/www.skimo.at\/sportler\/files\/2024\/02\/wc-2023-2024-val-martello-indi-men-1-9-1-768x511.jpg 768w, https:\/\/www.skimo.at\/sportler\/files\/2024\/02\/wc-2023-2024-val-martello-indi-men-1-9-1-746x497.jpg 746w, https:\/\/www.skimo.at\/sportler\/files\/2024\/02\/wc-2023-2024-val-martello-indi-men-1-9-1-618x412.jpg 618w, https:\/\/www.skimo.at\/sportler\/files\/2024\/02\/wc-2023-2024-val-martello-indi-men-1-9-1-554x369.jpg 554w, https:\/\/www.skimo.at\/sportler\/files\/2024\/02\/wc-2023-2024-val-martello-indi-men-1-9-1-299x199.jpg 299w, https:\/\/www.skimo.at\/sportler\/files\/2024\/02\/wc-2023-2024-val-martello-indi-men-1-9-1-1224x814.jpg 1224w, https:\/\/www.skimo.at\/sportler\/files\/2024\/02\/wc-2023-2024-val-martello-indi-men-1-9-1-970x645.jpg 970w, https:\/\/www.skimo.at\/sportler\/files\/2024\/02\/wc-2023-2024-val-martello-indi-men-1-9-1-140x93.jpg 140w, https:\/\/www.skimo.at\/sportler\/files\/2024\/02\/wc-2023-2024-val-martello-indi-men-1-9-1-540x360.jpg 540w, https:\/\/www.skimo.at\/sportler\/files\/2024\/02\/wc-2023-2024-val-martello-indi-men-1-9-1.jpg 2020w\" sizes=\"(max-width: 1024px) 100vw, 1024px\" \/><\/a><figcaption class=\"blocks-gallery-item__caption\">wc 2023 2024 val martello indi men 1 9 1<\/figcaption><\/figure><\/li><li class=\"blocks-gallery-item\"><figure><a href=\"https:\/\/www.skimo.at\/sportler\/18413\/podest-fuer-johanna-hiemer-im-martelltal-sieg-fuer-das-franzoesische-paar-axelle-gachet-molleret-und-xavier-gachet\/wc-2023-2024-val-martello-indi-men-1-36-1\/\"><img loading=\"lazy\" width=\"681\" height=\"1024\" src=\"https:\/\/www.skimo.at\/sportler\/files\/2024\/02\/wc-2023-2024-val-martello-indi-men-1-36-1-681x1024.jpg\" alt=\"wc 2023 2024 val martello indi men 1 36 1\" data-id=\"18472\" data-full-url=\"https:\/\/www.skimo.at\/sportler\/files\/2024\/02\/wc-2023-2024-val-martello-indi-men-1-36-1.jpg\" data-link=\"https:\/\/www.skimo.at\/sportler\/18413\/podest-fuer-johanna-hiemer-im-martelltal-sieg-fuer-das-franzoesische-paar-axelle-gachet-molleret-und-xavier-gachet\/wc-2023-2024-val-martello-indi-men-1-36-1\/\" class=\"wp-image-18472\" srcset=\"https:\/\/www.skimo.at\/sportler\/files\/2024\/02\/wc-2023-2024-val-martello-indi-men-1-36-1-681x1024.jpg 681w, https:\/\/www.skimo.at\/sportler\/files\/2024\/02\/wc-2023-2024-val-martello-indi-men-1-36-1-200x300.jpg 200w, https:\/\/www.skimo.at\/sportler\/files\/2024\/02\/wc-2023-2024-val-martello-indi-men-1-36-1-768x1154.jpg 768w, https:\/\/www.skimo.at\/sportler\/files\/2024\/02\/wc-2023-2024-val-martello-indi-men-1-36-1-1224x1840.jpg 1224w, https:\/\/www.skimo.at\/sportler\/files\/2024\/02\/wc-2023-2024-val-martello-indi-men-1-36-1-970x1458.jpg 970w, https:\/\/www.skimo.at\/sportler\/files\/2024\/02\/wc-2023-2024-val-martello-indi-men-1-36-1-554x833.jpg 554w, https:\/\/www.skimo.at\/sportler\/files\/2024\/02\/wc-2023-2024-val-martello-indi-men-1-36-1-62x93.jpg 62w, https:\/\/www.skimo.at\/sportler\/files\/2024\/02\/wc-2023-2024-val-martello-indi-men-1-36-1.jpg 1344w\" sizes=\"(max-width: 681px) 100vw, 681px\" \/><\/a><figcaption class=\"blocks-gallery-item__caption\">wc 2023 2024 val martello indi men 1 36 1<\/figcaption><\/figure><\/li><li class=\"blocks-gallery-item\"><figure><a href=\"https:\/\/www.skimo.at\/sportler\/18413\/podest-fuer-johanna-hiemer-im-martelltal-sieg-fuer-das-franzoesische-paar-axelle-gachet-molleret-und-xavier-gachet\/wc-2023-2024-val-martello-indi-men-1-38-1\/\"><img loading=\"lazy\" width=\"681\" height=\"1024\" src=\"https:\/\/www.skimo.at\/sportler\/files\/2024\/02\/wc-2023-2024-val-martello-indi-men-1-38-1-681x1024.jpg\" alt=\"wc 2023 2024 val martello indi men 1 38 1\" data-id=\"18473\" data-full-url=\"https:\/\/www.skimo.at\/sportler\/files\/2024\/02\/wc-2023-2024-val-martello-indi-men-1-38-1.jpg\" data-link=\"https:\/\/www.skimo.at\/sportler\/18413\/podest-fuer-johanna-hiemer-im-martelltal-sieg-fuer-das-franzoesische-paar-axelle-gachet-molleret-und-xavier-gachet\/wc-2023-2024-val-martello-indi-men-1-38-1\/\" class=\"wp-image-18473\" srcset=\"https:\/\/www.skimo.at\/sportler\/files\/2024\/02\/wc-2023-2024-val-martello-indi-men-1-38-1-681x1024.jpg 681w, https:\/\/www.skimo.at\/sportler\/files\/2024\/02\/wc-2023-2024-val-martello-indi-men-1-38-1-200x300.jpg 200w, https:\/\/www.skimo.at\/sportler\/files\/2024\/02\/wc-2023-2024-val-martello-indi-men-1-38-1-768x1154.jpg 768w, https:\/\/www.skimo.at\/sportler\/files\/2024\/02\/wc-2023-2024-val-martello-indi-men-1-38-1-1224x1840.jpg 1224w, https:\/\/www.skimo.at\/sportler\/files\/2024\/02\/wc-2023-2024-val-martello-indi-men-1-38-1-970x1458.jpg 970w, https:\/\/www.skimo.at\/sportler\/files\/2024\/02\/wc-2023-2024-val-martello-indi-men-1-38-1-554x833.jpg 554w, https:\/\/www.skimo.at\/sportler\/files\/2024\/02\/wc-2023-2024-val-martello-indi-men-1-38-1-62x93.jpg 62w, https:\/\/www.skimo.at\/sportler\/files\/2024\/02\/wc-2023-2024-val-martello-indi-men-1-38-1.jpg 1344w\" sizes=\"(max-width: 681px) 100vw, 681px\" \/><\/a><figcaption class=\"blocks-gallery-item__caption\">wc 2023 2024 val martello indi men 1 38 1<\/figcaption><\/figure><\/li><li class=\"blocks-gallery-item\"><figure><a href=\"https:\/\/www.skimo.at\/sportler\/18413\/podest-fuer-johanna-hiemer-im-martelltal-sieg-fuer-das-franzoesische-paar-axelle-gachet-molleret-und-xavier-gachet\/wc-2023-2024-val-martello-indi-men-1-39-1\/\"><img loading=\"lazy\" width=\"1024\" height=\"681\" src=\"https:\/\/www.skimo.at\/sportler\/files\/2024\/02\/wc-2023-2024-val-martello-indi-men-1-39-1-1024x681.jpg\" alt=\"wc 2023 2024 val martello indi men 1 39 1\" data-id=\"18474\" data-full-url=\"https:\/\/www.skimo.at\/sportler\/files\/2024\/02\/wc-2023-2024-val-martello-indi-men-1-39-1.jpg\" data-link=\"https:\/\/www.skimo.at\/sportler\/18413\/podest-fuer-johanna-hiemer-im-martelltal-sieg-fuer-das-franzoesische-paar-axelle-gachet-molleret-und-xavier-gachet\/wc-2023-2024-val-martello-indi-men-1-39-1\/\" class=\"wp-image-18474\" srcset=\"https:\/\/www.skimo.at\/sportler\/files\/2024\/02\/wc-2023-2024-val-martello-indi-men-1-39-1-1024x681.jpg 1024w, https:\/\/www.skimo.at\/sportler\/files\/2024\/02\/wc-2023-2024-val-martello-indi-men-1-39-1-300x200.jpg 300w, https:\/\/www.skimo.at\/sportler\/files\/2024\/02\/wc-2023-2024-val-martello-indi-men-1-39-1-768x511.jpg 768w, https:\/\/www.skimo.at\/sportler\/files\/2024\/02\/wc-2023-2024-val-martello-indi-men-1-39-1-746x497.jpg 746w, https:\/\/www.skimo.at\/sportler\/files\/2024\/02\/wc-2023-2024-val-martello-indi-men-1-39-1-618x412.jpg 618w, https:\/\/www.skimo.at\/sportler\/files\/2024\/02\/wc-2023-2024-val-martello-indi-men-1-39-1-554x369.jpg 554w, https:\/\/www.skimo.at\/sportler\/files\/2024\/02\/wc-2023-2024-val-martello-indi-men-1-39-1-299x199.jpg 299w, https:\/\/www.skimo.at\/sportler\/files\/2024\/02\/wc-2023-2024-val-martello-indi-men-1-39-1-1224x814.jpg 1224w, https:\/\/www.skimo.at\/sportler\/files\/2024\/02\/wc-2023-2024-val-martello-indi-men-1-39-1-970x645.jpg 970w, https:\/\/www.skimo.at\/sportler\/files\/2024\/02\/wc-2023-2024-val-martello-indi-men-1-39-1-140x93.jpg 140w, https:\/\/www.skimo.at\/sportler\/files\/2024\/02\/wc-2023-2024-val-martello-indi-men-1-39-1-540x360.jpg 540w, https:\/\/www.skimo.at\/sportler\/files\/2024\/02\/wc-2023-2024-val-martello-indi-men-1-39-1.jpg 2020w\" sizes=\"(max-width: 1024px) 100vw, 1024px\" \/><\/a><figcaption class=\"blocks-gallery-item__caption\">wc 2023 2024 val martello indi men 1 39 1<\/figcaption><\/figure><\/li><li class=\"blocks-gallery-item\"><figure><a href=\"https:\/\/www.skimo.at\/sportler\/18413\/podest-fuer-johanna-hiemer-im-martelltal-sieg-fuer-das-franzoesische-paar-axelle-gachet-molleret-und-xavier-gachet\/wc-2023-2024-val-martello-indi-men-1-64-1\/\"><img loading=\"lazy\" width=\"1024\" height=\"681\" src=\"https:\/\/www.skimo.at\/sportler\/files\/2024\/02\/wc-2023-2024-val-martello-indi-men-1-64-1-1024x681.jpg\" alt=\"wc 2023 2024 val martello indi men 1 64 1\" data-id=\"18475\" data-full-url=\"https:\/\/www.skimo.at\/sportler\/files\/2024\/02\/wc-2023-2024-val-martello-indi-men-1-64-1.jpg\" data-link=\"https:\/\/www.skimo.at\/sportler\/18413\/podest-fuer-johanna-hiemer-im-martelltal-sieg-fuer-das-franzoesische-paar-axelle-gachet-molleret-und-xavier-gachet\/wc-2023-2024-val-martello-indi-men-1-64-1\/\" class=\"wp-image-18475\" srcset=\"https:\/\/www.skimo.at\/sportler\/files\/2024\/02\/wc-2023-2024-val-martello-indi-men-1-64-1-1024x681.jpg 1024w, https:\/\/www.skimo.at\/sportler\/files\/2024\/02\/wc-2023-2024-val-martello-indi-men-1-64-1-300x200.jpg 300w, https:\/\/www.skimo.at\/sportler\/files\/2024\/02\/wc-2023-2024-val-martello-indi-men-1-64-1-768x511.jpg 768w, https:\/\/www.skimo.at\/sportler\/files\/2024\/02\/wc-2023-2024-val-martello-indi-men-1-64-1-746x497.jpg 746w, https:\/\/www.skimo.at\/sportler\/files\/2024\/02\/wc-2023-2024-val-martello-indi-men-1-64-1-618x412.jpg 618w, https:\/\/www.skimo.at\/sportler\/files\/2024\/02\/wc-2023-2024-val-martello-indi-men-1-64-1-554x369.jpg 554w, https:\/\/www.skimo.at\/sportler\/files\/2024\/02\/wc-2023-2024-val-martello-indi-men-1-64-1-299x199.jpg 299w, https:\/\/www.skimo.at\/sportler\/files\/2024\/02\/wc-2023-2024-val-martello-indi-men-1-64-1-1224x814.jpg 1224w, https:\/\/www.skimo.at\/sportler\/files\/2024\/02\/wc-2023-2024-val-martello-indi-men-1-64-1-970x645.jpg 970w, https:\/\/www.skimo.at\/sportler\/files\/2024\/02\/wc-2023-2024-val-martello-indi-men-1-64-1-140x93.jpg 140w, https:\/\/www.skimo.at\/sportler\/files\/2024\/02\/wc-2023-2024-val-martello-indi-men-1-64-1-540x360.jpg 540w, https:\/\/www.skimo.at\/sportler\/files\/2024\/02\/wc-2023-2024-val-martello-indi-men-1-64-1.jpg 2020w\" sizes=\"(max-width: 1024px) 100vw, 1024px\" \/><\/a><figcaption class=\"blocks-gallery-item__caption\">wc 2023 2024 val martello indi men 1 64 1<\/figcaption><\/figure><\/li><li class=\"blocks-gallery-item\"><figure><a href=\"https:\/\/www.skimo.at\/sportler\/18413\/podest-fuer-johanna-hiemer-im-martelltal-sieg-fuer-das-franzoesische-paar-axelle-gachet-molleret-und-xavier-gachet\/wc-2023-2024-val-martello-indi-men-1-66-1\/\"><img loading=\"lazy\" width=\"1024\" height=\"683\" src=\"https:\/\/www.skimo.at\/sportler\/files\/2024\/02\/wc-2023-2024-val-martello-indi-men-1-66-1-1024x683.jpg\" alt=\"wc 2023 2024 val martello indi men 1 66 1\" data-id=\"18476\" data-full-url=\"https:\/\/www.skimo.at\/sportler\/files\/2024\/02\/wc-2023-2024-val-martello-indi-men-1-66-1.jpg\" data-link=\"https:\/\/www.skimo.at\/sportler\/18413\/podest-fuer-johanna-hiemer-im-martelltal-sieg-fuer-das-franzoesische-paar-axelle-gachet-molleret-und-xavier-gachet\/wc-2023-2024-val-martello-indi-men-1-66-1\/\" class=\"wp-image-18476\" srcset=\"https:\/\/www.skimo.at\/sportler\/files\/2024\/02\/wc-2023-2024-val-martello-indi-men-1-66-1-1024x683.jpg 1024w, https:\/\/www.skimo.at\/sportler\/files\/2024\/02\/wc-2023-2024-val-martello-indi-men-1-66-1-300x200.jpg 300w, https:\/\/www.skimo.at\/sportler\/files\/2024\/02\/wc-2023-2024-val-martello-indi-men-1-66-1-768x513.jpg 768w, https:\/\/www.skimo.at\/sportler\/files\/2024\/02\/wc-2023-2024-val-martello-indi-men-1-66-1-746x497.jpg 746w, https:\/\/www.skimo.at\/sportler\/files\/2024\/02\/wc-2023-2024-val-martello-indi-men-1-66-1-618x412.jpg 618w, https:\/\/www.skimo.at\/sportler\/files\/2024\/02\/wc-2023-2024-val-martello-indi-men-1-66-1-554x370.jpg 554w, https:\/\/www.skimo.at\/sportler\/files\/2024\/02\/wc-2023-2024-val-martello-indi-men-1-66-1-299x199.jpg 299w, https:\/\/www.skimo.at\/sportler\/files\/2024\/02\/wc-2023-2024-val-martello-indi-men-1-66-1-1224x817.jpg 1224w, https:\/\/www.skimo.at\/sportler\/files\/2024\/02\/wc-2023-2024-val-martello-indi-men-1-66-1-970x647.jpg 970w, https:\/\/www.skimo.at\/sportler\/files\/2024\/02\/wc-2023-2024-val-martello-indi-men-1-66-1-139x93.jpg 139w, https:\/\/www.skimo.at\/sportler\/files\/2024\/02\/wc-2023-2024-val-martello-indi-men-1-66-1-540x360.jpg 540w, https:\/\/www.skimo.at\/sportler\/files\/2024\/02\/wc-2023-2024-val-martello-indi-men-1-66-1.jpg 2020w\" sizes=\"(max-width: 1024px) 100vw, 1024px\" \/><\/a><figcaption class=\"blocks-gallery-item__caption\">wc 2023 2024 val martello indi men 1 66 1<\/figcaption><\/figure><\/li><li class=\"blocks-gallery-item\"><figure><a href=\"https:\/\/www.skimo.at\/sportler\/18413\/podest-fuer-johanna-hiemer-im-martelltal-sieg-fuer-das-franzoesische-paar-axelle-gachet-molleret-und-xavier-gachet\/wc-2023-2024-val-martello-indi-men-1-68-1\/\"><img loading=\"lazy\" width=\"1024\" height=\"683\" src=\"https:\/\/www.skimo.at\/sportler\/files\/2024\/02\/wc-2023-2024-val-martello-indi-men-1-68-1-1024x683.jpg\" alt=\"wc 2023 2024 val martello indi men 1 68 1\" data-id=\"18478\" data-full-url=\"https:\/\/www.skimo.at\/sportler\/files\/2024\/02\/wc-2023-2024-val-martello-indi-men-1-68-1.jpg\" data-link=\"https:\/\/www.skimo.at\/sportler\/18413\/podest-fuer-johanna-hiemer-im-martelltal-sieg-fuer-das-franzoesische-paar-axelle-gachet-molleret-und-xavier-gachet\/wc-2023-2024-val-martello-indi-men-1-68-1\/\" class=\"wp-image-18478\" srcset=\"https:\/\/www.skimo.at\/sportler\/files\/2024\/02\/wc-2023-2024-val-martello-indi-men-1-68-1-1024x683.jpg 1024w, https:\/\/www.skimo.at\/sportler\/files\/2024\/02\/wc-2023-2024-val-martello-indi-men-1-68-1-300x200.jpg 300w, https:\/\/www.skimo.at\/sportler\/files\/2024\/02\/wc-2023-2024-val-martello-indi-men-1-68-1-768x513.jpg 768w, https:\/\/www.skimo.at\/sportler\/files\/2024\/02\/wc-2023-2024-val-martello-indi-men-1-68-1-746x497.jpg 746w, https:\/\/www.skimo.at\/sportler\/files\/2024\/02\/wc-2023-2024-val-martello-indi-men-1-68-1-618x412.jpg 618w, https:\/\/www.skimo.at\/sportler\/files\/2024\/02\/wc-2023-2024-val-martello-indi-men-1-68-1-554x370.jpg 554w, https:\/\/www.skimo.at\/sportler\/files\/2024\/02\/wc-2023-2024-val-martello-indi-men-1-68-1-299x199.jpg 299w, https:\/\/www.skimo.at\/sportler\/files\/2024\/02\/wc-2023-2024-val-martello-indi-men-1-68-1-1224x817.jpg 1224w, https:\/\/www.skimo.at\/sportler\/files\/2024\/02\/wc-2023-2024-val-martello-indi-men-1-68-1-970x647.jpg 970w, https:\/\/www.skimo.at\/sportler\/files\/2024\/02\/wc-2023-2024-val-martello-indi-men-1-68-1-139x93.jpg 139w, https:\/\/www.skimo.at\/sportler\/files\/2024\/02\/wc-2023-2024-val-martello-indi-men-1-68-1-540x360.jpg 540w, https:\/\/www.skimo.at\/sportler\/files\/2024\/02\/wc-2023-2024-val-martello-indi-men-1-68-1.jpg 2020w\" sizes=\"(max-width: 1024px) 100vw, 1024px\" \/><\/a><figcaption class=\"blocks-gallery-item__caption\">wc 2023 2024 val martello indi men 1 68 1<\/figcaption><\/figure><\/li><li class=\"blocks-gallery-item\"><figure><a href=\"https:\/\/www.skimo.at\/sportler\/18413\/podest-fuer-johanna-hiemer-im-martelltal-sieg-fuer-das-franzoesische-paar-axelle-gachet-molleret-und-xavier-gachet\/wc-2023-2024-val-martello-indi-men-1-69-1\/\"><img loading=\"lazy\" width=\"1024\" height=\"681\" src=\"https:\/\/www.skimo.at\/sportler\/files\/2024\/02\/wc-2023-2024-val-martello-indi-men-1-69-1-1024x681.jpg\" alt=\"wc 2023 2024 val martello indi men 1 69 1\" data-id=\"18479\" data-full-url=\"https:\/\/www.skimo.at\/sportler\/files\/2024\/02\/wc-2023-2024-val-martello-indi-men-1-69-1.jpg\" data-link=\"https:\/\/www.skimo.at\/sportler\/18413\/podest-fuer-johanna-hiemer-im-martelltal-sieg-fuer-das-franzoesische-paar-axelle-gachet-molleret-und-xavier-gachet\/wc-2023-2024-val-martello-indi-men-1-69-1\/\" class=\"wp-image-18479\" srcset=\"https:\/\/www.skimo.at\/sportler\/files\/2024\/02\/wc-2023-2024-val-martello-indi-men-1-69-1-1024x681.jpg 1024w, https:\/\/www.skimo.at\/sportler\/files\/2024\/02\/wc-2023-2024-val-martello-indi-men-1-69-1-300x200.jpg 300w, https:\/\/www.skimo.at\/sportler\/files\/2024\/02\/wc-2023-2024-val-martello-indi-men-1-69-1-768x511.jpg 768w, https:\/\/www.skimo.at\/sportler\/files\/2024\/02\/wc-2023-2024-val-martello-indi-men-1-69-1-746x497.jpg 746w, https:\/\/www.skimo.at\/sportler\/files\/2024\/02\/wc-2023-2024-val-martello-indi-men-1-69-1-618x412.jpg 618w, https:\/\/www.skimo.at\/sportler\/files\/2024\/02\/wc-2023-2024-val-martello-indi-men-1-69-1-554x369.jpg 554w, https:\/\/www.skimo.at\/sportler\/files\/2024\/02\/wc-2023-2024-val-martello-indi-men-1-69-1-299x199.jpg 299w, https:\/\/www.skimo.at\/sportler\/files\/2024\/02\/wc-2023-2024-val-martello-indi-men-1-69-1-1224x814.jpg 1224w, https:\/\/www.skimo.at\/sportler\/files\/2024\/02\/wc-2023-2024-val-martello-indi-men-1-69-1-970x645.jpg 970w, https:\/\/www.skimo.at\/sportler\/files\/2024\/02\/wc-2023-2024-val-martello-indi-men-1-69-1-140x93.jpg 140w, https:\/\/www.skimo.at\/sportler\/files\/2024\/02\/wc-2023-2024-val-martello-indi-men-1-69-1-540x360.jpg 540w, https:\/\/www.skimo.at\/sportler\/files\/2024\/02\/wc-2023-2024-val-martello-indi-men-1-69-1.jpg 2020w\" sizes=\"(max-width: 1024px) 100vw, 1024px\" \/><\/a><figcaption class=\"blocks-gallery-item__caption\">wc 2023 2024 val martello indi men 1 69 1<\/figcaption><\/figure><\/li><li class=\"blocks-gallery-item\"><figure><a href=\"https:\/\/www.skimo.at\/sportler\/18413\/podest-fuer-johanna-hiemer-im-martelltal-sieg-fuer-das-franzoesische-paar-axelle-gachet-molleret-und-xavier-gachet\/wc-2023-2024-val-martello-indi-men-1-71-1\/\"><img loading=\"lazy\" width=\"1024\" height=\"683\" src=\"https:\/\/www.skimo.at\/sportler\/files\/2024\/02\/wc-2023-2024-val-martello-indi-men-1-71-1-1024x683.jpg\" alt=\"wc 2023 2024 val martello indi men 1 71 1\" data-id=\"18480\" data-full-url=\"https:\/\/www.skimo.at\/sportler\/files\/2024\/02\/wc-2023-2024-val-martello-indi-men-1-71-1.jpg\" data-link=\"https:\/\/www.skimo.at\/sportler\/18413\/podest-fuer-johanna-hiemer-im-martelltal-sieg-fuer-das-franzoesische-paar-axelle-gachet-molleret-und-xavier-gachet\/wc-2023-2024-val-martello-indi-men-1-71-1\/\" class=\"wp-image-18480\" srcset=\"https:\/\/www.skimo.at\/sportler\/files\/2024\/02\/wc-2023-2024-val-martello-indi-men-1-71-1-1024x683.jpg 1024w, https:\/\/www.skimo.at\/sportler\/files\/2024\/02\/wc-2023-2024-val-martello-indi-men-1-71-1-300x200.jpg 300w, https:\/\/www.skimo.at\/sportler\/files\/2024\/02\/wc-2023-2024-val-martello-indi-men-1-71-1-768x513.jpg 768w, https:\/\/www.skimo.at\/sportler\/files\/2024\/02\/wc-2023-2024-val-martello-indi-men-1-71-1-746x497.jpg 746w, https:\/\/www.skimo.at\/sportler\/files\/2024\/02\/wc-2023-2024-val-martello-indi-men-1-71-1-618x412.jpg 618w, https:\/\/www.skimo.at\/sportler\/files\/2024\/02\/wc-2023-2024-val-martello-indi-men-1-71-1-554x370.jpg 554w, https:\/\/www.skimo.at\/sportler\/files\/2024\/02\/wc-2023-2024-val-martello-indi-men-1-71-1-299x199.jpg 299w, https:\/\/www.skimo.at\/sportler\/files\/2024\/02\/wc-2023-2024-val-martello-indi-men-1-71-1-1224x817.jpg 1224w, https:\/\/www.skimo.at\/sportler\/files\/2024\/02\/wc-2023-2024-val-martello-indi-men-1-71-1-970x647.jpg 970w, https:\/\/www.skimo.at\/sportler\/files\/2024\/02\/wc-2023-2024-val-martello-indi-men-1-71-1-139x93.jpg 139w, https:\/\/www.skimo.at\/sportler\/files\/2024\/02\/wc-2023-2024-val-martello-indi-men-1-71-1-540x360.jpg 540w, https:\/\/www.skimo.at\/sportler\/files\/2024\/02\/wc-2023-2024-val-martello-indi-men-1-71-1.jpg 2020w\" sizes=\"(max-width: 1024px) 100vw, 1024px\" \/><\/a><figcaption class=\"blocks-gallery-item__caption\">wc 2023 2024 val martello indi men 1 71 1<\/figcaption><\/figure><\/li><li class=\"blocks-gallery-item\"><figure><a href=\"https:\/\/www.skimo.at\/sportler\/18413\/podest-fuer-johanna-hiemer-im-martelltal-sieg-fuer-das-franzoesische-paar-axelle-gachet-molleret-und-xavier-gachet\/wc-2023-2024-val-martello-indi-men-1-74-1\/\"><img loading=\"lazy\" width=\"1024\" height=\"683\" src=\"https:\/\/www.skimo.at\/sportler\/files\/2024\/02\/wc-2023-2024-val-martello-indi-men-1-74-1-1024x683.jpg\" alt=\"wc 2023 2024 val martello indi men 1 74 1\" data-id=\"18481\" data-full-url=\"https:\/\/www.skimo.at\/sportler\/files\/2024\/02\/wc-2023-2024-val-martello-indi-men-1-74-1.jpg\" data-link=\"https:\/\/www.skimo.at\/sportler\/18413\/podest-fuer-johanna-hiemer-im-martelltal-sieg-fuer-das-franzoesische-paar-axelle-gachet-molleret-und-xavier-gachet\/wc-2023-2024-val-martello-indi-men-1-74-1\/\" class=\"wp-image-18481\" srcset=\"https:\/\/www.skimo.at\/sportler\/files\/2024\/02\/wc-2023-2024-val-martello-indi-men-1-74-1-1024x683.jpg 1024w, https:\/\/www.skimo.at\/sportler\/files\/2024\/02\/wc-2023-2024-val-martello-indi-men-1-74-1-300x200.jpg 300w, https:\/\/www.skimo.at\/sportler\/files\/2024\/02\/wc-2023-2024-val-martello-indi-men-1-74-1-768x513.jpg 768w, https:\/\/www.skimo.at\/sportler\/files\/2024\/02\/wc-2023-2024-val-martello-indi-men-1-74-1-746x497.jpg 746w, https:\/\/www.skimo.at\/sportler\/files\/2024\/02\/wc-2023-2024-val-martello-indi-men-1-74-1-618x412.jpg 618w, https:\/\/www.skimo.at\/sportler\/files\/2024\/02\/wc-2023-2024-val-martello-indi-men-1-74-1-554x370.jpg 554w, https:\/\/www.skimo.at\/sportler\/files\/2024\/02\/wc-2023-2024-val-martello-indi-men-1-74-1-299x199.jpg 299w, https:\/\/www.skimo.at\/sportler\/files\/2024\/02\/wc-2023-2024-val-martello-indi-men-1-74-1-1224x817.jpg 1224w, https:\/\/www.skimo.at\/sportler\/files\/2024\/02\/wc-2023-2024-val-martello-indi-men-1-74-1-970x647.jpg 970w, https:\/\/www.skimo.at\/sportler\/files\/2024\/02\/wc-2023-2024-val-martello-indi-men-1-74-1-139x93.jpg 139w, https:\/\/www.skimo.at\/sportler\/files\/2024\/02\/wc-2023-2024-val-martello-indi-men-1-74-1-540x360.jpg 540w, https:\/\/www.skimo.at\/sportler\/files\/2024\/02\/wc-2023-2024-val-martello-indi-men-1-74-1.jpg 2020w\" sizes=\"(max-width: 1024px) 100vw, 1024px\" \/><\/a><figcaption class=\"blocks-gallery-item__caption\">wc 2023 2024 val martello indi men 1 74 1<\/figcaption><\/figure><\/li><li class=\"blocks-gallery-item\"><figure><a href=\"https:\/\/www.skimo.at\/sportler\/18413\/podest-fuer-johanna-hiemer-im-martelltal-sieg-fuer-das-franzoesische-paar-axelle-gachet-molleret-und-xavier-gachet\/wc-2023-2024-val-martello-indi-men-1-85-1\/\"><img loading=\"lazy\" width=\"1024\" height=\"681\" src=\"https:\/\/www.skimo.at\/sportler\/files\/2024\/02\/wc-2023-2024-val-martello-indi-men-1-85-1-1024x681.jpg\" alt=\"wc 2023 2024 val martello indi men 1 85 1\" data-id=\"18482\" data-full-url=\"https:\/\/www.skimo.at\/sportler\/files\/2024\/02\/wc-2023-2024-val-martello-indi-men-1-85-1.jpg\" data-link=\"https:\/\/www.skimo.at\/sportler\/18413\/podest-fuer-johanna-hiemer-im-martelltal-sieg-fuer-das-franzoesische-paar-axelle-gachet-molleret-und-xavier-gachet\/wc-2023-2024-val-martello-indi-men-1-85-1\/\" class=\"wp-image-18482\" srcset=\"https:\/\/www.skimo.at\/sportler\/files\/2024\/02\/wc-2023-2024-val-martello-indi-men-1-85-1-1024x681.jpg 1024w, https:\/\/www.skimo.at\/sportler\/files\/2024\/02\/wc-2023-2024-val-martello-indi-men-1-85-1-300x200.jpg 300w, https:\/\/www.skimo.at\/sportler\/files\/2024\/02\/wc-2023-2024-val-martello-indi-men-1-85-1-768x511.jpg 768w, https:\/\/www.skimo.at\/sportler\/files\/2024\/02\/wc-2023-2024-val-martello-indi-men-1-85-1-746x497.jpg 746w, https:\/\/www.skimo.at\/sportler\/files\/2024\/02\/wc-2023-2024-val-martello-indi-men-1-85-1-618x412.jpg 618w, https:\/\/www.skimo.at\/sportler\/files\/2024\/02\/wc-2023-2024-val-martello-indi-men-1-85-1-554x369.jpg 554w, https:\/\/www.skimo.at\/sportler\/files\/2024\/02\/wc-2023-2024-val-martello-indi-men-1-85-1-299x199.jpg 299w, https:\/\/www.skimo.at\/sportler\/files\/2024\/02\/wc-2023-2024-val-martello-indi-men-1-85-1-1224x814.jpg 1224w, https:\/\/www.skimo.at\/sportler\/files\/2024\/02\/wc-2023-2024-val-martello-indi-men-1-85-1-970x645.jpg 970w, https:\/\/www.skimo.at\/sportler\/files\/2024\/02\/wc-2023-2024-val-martello-indi-men-1-85-1-140x93.jpg 140w, https:\/\/www.skimo.at\/sportler\/files\/2024\/02\/wc-2023-2024-val-martello-indi-men-1-85-1-540x360.jpg 540w, https:\/\/www.skimo.at\/sportler\/files\/2024\/02\/wc-2023-2024-val-martello-indi-men-1-85-1.jpg 2020w\" sizes=\"(max-width: 1024px) 100vw, 1024px\" \/><\/a><figcaption class=\"blocks-gallery-item__caption\">wc 2023 2024 val martello indi men 1 85 1<\/figcaption><\/figure><\/li><li class=\"blocks-gallery-item\"><figure><a href=\"https:\/\/www.skimo.at\/sportler\/18413\/podest-fuer-johanna-hiemer-im-martelltal-sieg-fuer-das-franzoesische-paar-axelle-gachet-molleret-und-xavier-gachet\/wc-2023-2024-val-martello-indi-men-1-104-1\/\"><img loading=\"lazy\" width=\"1024\" height=\"683\" src=\"https:\/\/www.skimo.at\/sportler\/files\/2024\/02\/wc-2023-2024-val-martello-indi-men-1-104-1-1024x683.jpg\" alt=\"wc 2023 2024 val martello indi men 1 104 1\" data-id=\"18483\" data-full-url=\"https:\/\/www.skimo.at\/sportler\/files\/2024\/02\/wc-2023-2024-val-martello-indi-men-1-104-1.jpg\" data-link=\"https:\/\/www.skimo.at\/sportler\/18413\/podest-fuer-johanna-hiemer-im-martelltal-sieg-fuer-das-franzoesische-paar-axelle-gachet-molleret-und-xavier-gachet\/wc-2023-2024-val-martello-indi-men-1-104-1\/\" class=\"wp-image-18483\" srcset=\"https:\/\/www.skimo.at\/sportler\/files\/2024\/02\/wc-2023-2024-val-martello-indi-men-1-104-1-1024x683.jpg 1024w, https:\/\/www.skimo.at\/sportler\/files\/2024\/02\/wc-2023-2024-val-martello-indi-men-1-104-1-300x200.jpg 300w, https:\/\/www.skimo.at\/sportler\/files\/2024\/02\/wc-2023-2024-val-martello-indi-men-1-104-1-768x513.jpg 768w, https:\/\/www.skimo.at\/sportler\/files\/2024\/02\/wc-2023-2024-val-martello-indi-men-1-104-1-746x497.jpg 746w, https:\/\/www.skimo.at\/sportler\/files\/2024\/02\/wc-2023-2024-val-martello-indi-men-1-104-1-618x412.jpg 618w, https:\/\/www.skimo.at\/sportler\/files\/2024\/02\/wc-2023-2024-val-martello-indi-men-1-104-1-554x370.jpg 554w, https:\/\/www.skimo.at\/sportler\/files\/2024\/02\/wc-2023-2024-val-martello-indi-men-1-104-1-299x199.jpg 299w, https:\/\/www.skimo.at\/sportler\/files\/2024\/02\/wc-2023-2024-val-martello-indi-men-1-104-1-1224x817.jpg 1224w, https:\/\/www.skimo.at\/sportler\/files\/2024\/02\/wc-2023-2024-val-martello-indi-men-1-104-1-970x647.jpg 970w, https:\/\/www.skimo.at\/sportler\/files\/2024\/02\/wc-2023-2024-val-martello-indi-men-1-104-1-139x93.jpg 139w, https:\/\/www.skimo.at\/sportler\/files\/2024\/02\/wc-2023-2024-val-martello-indi-men-1-104-1-540x360.jpg 540w, https:\/\/www.skimo.at\/sportler\/files\/2024\/02\/wc-2023-2024-val-martello-indi-men-1-104-1.jpg 2020w\" sizes=\"(max-width: 1024px) 100vw, 1024px\" \/><\/a><figcaption class=\"blocks-gallery-item__caption\">wc 2023 2024 val martello indi men 1 104 1<\/figcaption><\/figure><\/li><li class=\"blocks-gallery-item\"><figure><a href=\"https:\/\/www.skimo.at\/sportler\/18413\/podest-fuer-johanna-hiemer-im-martelltal-sieg-fuer-das-franzoesische-paar-axelle-gachet-molleret-und-xavier-gachet\/wc-2023-2024-val-martello-indi-men-1-119-1\/\"><img loading=\"lazy\" width=\"1024\" height=\"683\" src=\"https:\/\/www.skimo.at\/sportler\/files\/2024\/02\/wc-2023-2024-val-martello-indi-men-1-119-1-1024x683.jpg\" alt=\"wc 2023 2024 val martello indi men 1 119 1\" data-id=\"18484\" data-full-url=\"https:\/\/www.skimo.at\/sportler\/files\/2024\/02\/wc-2023-2024-val-martello-indi-men-1-119-1.jpg\" data-link=\"https:\/\/www.skimo.at\/sportler\/18413\/podest-fuer-johanna-hiemer-im-martelltal-sieg-fuer-das-franzoesische-paar-axelle-gachet-molleret-und-xavier-gachet\/wc-2023-2024-val-martello-indi-men-1-119-1\/\" class=\"wp-image-18484\" srcset=\"https:\/\/www.skimo.at\/sportler\/files\/2024\/02\/wc-2023-2024-val-martello-indi-men-1-119-1-1024x683.jpg 1024w, https:\/\/www.skimo.at\/sportler\/files\/2024\/02\/wc-2023-2024-val-martello-indi-men-1-119-1-300x200.jpg 300w, https:\/\/www.skimo.at\/sportler\/files\/2024\/02\/wc-2023-2024-val-martello-indi-men-1-119-1-768x513.jpg 768w, https:\/\/www.skimo.at\/sportler\/files\/2024\/02\/wc-2023-2024-val-martello-indi-men-1-119-1-746x497.jpg 746w, https:\/\/www.skimo.at\/sportler\/files\/2024\/02\/wc-2023-2024-val-martello-indi-men-1-119-1-618x412.jpg 618w, https:\/\/www.skimo.at\/sportler\/files\/2024\/02\/wc-2023-2024-val-martello-indi-men-1-119-1-554x370.jpg 554w, https:\/\/www.skimo.at\/sportler\/files\/2024\/02\/wc-2023-2024-val-martello-indi-men-1-119-1-299x199.jpg 299w, https:\/\/www.skimo.at\/sportler\/files\/2024\/02\/wc-2023-2024-val-martello-indi-men-1-119-1-1224x817.jpg 1224w, https:\/\/www.skimo.at\/sportler\/files\/2024\/02\/wc-2023-2024-val-martello-indi-men-1-119-1-970x647.jpg 970w, https:\/\/www.skimo.at\/sportler\/files\/2024\/02\/wc-2023-2024-val-martello-indi-men-1-119-1-139x93.jpg 139w, https:\/\/www.skimo.at\/sportler\/files\/2024\/02\/wc-2023-2024-val-martello-indi-men-1-119-1-540x360.jpg 540w, https:\/\/www.skimo.at\/sportler\/files\/2024\/02\/wc-2023-2024-val-martello-indi-men-1-119-1.jpg 2020w\" sizes=\"(max-width: 1024px) 100vw, 1024px\" \/><\/a><figcaption class=\"blocks-gallery-item__caption\">wc 2023 2024 val martello indi men 1 119 1<\/figcaption><\/figure><\/li><li class=\"blocks-gallery-item\"><figure><a href=\"https:\/\/www.skimo.at\/sportler\/18413\/podest-fuer-johanna-hiemer-im-martelltal-sieg-fuer-das-franzoesische-paar-axelle-gachet-molleret-und-xavier-gachet\/wc-2023-2024-val-martello-indi-men-1-135-1\/\"><img loading=\"lazy\" width=\"1024\" height=\"681\" src=\"https:\/\/www.skimo.at\/sportler\/files\/2024\/02\/wc-2023-2024-val-martello-indi-men-1-135-1-1024x681.jpg\" alt=\"wc 2023 2024 val martello indi men 1 135 1\" data-id=\"18485\" data-full-url=\"https:\/\/www.skimo.at\/sportler\/files\/2024\/02\/wc-2023-2024-val-martello-indi-men-1-135-1.jpg\" data-link=\"https:\/\/www.skimo.at\/sportler\/18413\/podest-fuer-johanna-hiemer-im-martelltal-sieg-fuer-das-franzoesische-paar-axelle-gachet-molleret-und-xavier-gachet\/wc-2023-2024-val-martello-indi-men-1-135-1\/\" class=\"wp-image-18485\" srcset=\"https:\/\/www.skimo.at\/sportler\/files\/2024\/02\/wc-2023-2024-val-martello-indi-men-1-135-1-1024x681.jpg 1024w, https:\/\/www.skimo.at\/sportler\/files\/2024\/02\/wc-2023-2024-val-martello-indi-men-1-135-1-300x200.jpg 300w, https:\/\/www.skimo.at\/sportler\/files\/2024\/02\/wc-2023-2024-val-martello-indi-men-1-135-1-768x511.jpg 768w, https:\/\/www.skimo.at\/sportler\/files\/2024\/02\/wc-2023-2024-val-martello-indi-men-1-135-1-746x497.jpg 746w, https:\/\/www.skimo.at\/sportler\/files\/2024\/02\/wc-2023-2024-val-martello-indi-men-1-135-1-618x412.jpg 618w, https:\/\/www.skimo.at\/sportler\/files\/2024\/02\/wc-2023-2024-val-martello-indi-men-1-135-1-554x369.jpg 554w, https:\/\/www.skimo.at\/sportler\/files\/2024\/02\/wc-2023-2024-val-martello-indi-men-1-135-1-299x199.jpg 299w, https:\/\/www.skimo.at\/sportler\/files\/2024\/02\/wc-2023-2024-val-martello-indi-men-1-135-1-1224x814.jpg 1224w, https:\/\/www.skimo.at\/sportler\/files\/2024\/02\/wc-2023-2024-val-martello-indi-men-1-135-1-970x645.jpg 970w, https:\/\/www.skimo.at\/sportler\/files\/2024\/02\/wc-2023-2024-val-martello-indi-men-1-135-1-140x93.jpg 140w, https:\/\/www.skimo.at\/sportler\/files\/2024\/02\/wc-2023-2024-val-martello-indi-men-1-135-1-540x360.jpg 540w, https:\/\/www.skimo.at\/sportler\/files\/2024\/02\/wc-2023-2024-val-martello-indi-men-1-135-1.jpg 2020w\" sizes=\"(max-width: 1024px) 100vw, 1024px\" \/><\/a><figcaption class=\"blocks-gallery-item__caption\">wc 2023 2024 val martello indi men 1 135 1<\/figcaption><\/figure><\/li><li class=\"blocks-gallery-item\"><figure><a href=\"https:\/\/www.skimo.at\/sportler\/18413\/podest-fuer-johanna-hiemer-im-martelltal-sieg-fuer-das-franzoesische-paar-axelle-gachet-molleret-und-xavier-gachet\/wc-2023-2024-val-martello-indi-men-1-142-1\/\"><img loading=\"lazy\" width=\"1024\" height=\"681\" src=\"https:\/\/www.skimo.at\/sportler\/files\/2024\/02\/wc-2023-2024-val-martello-indi-men-1-142-1-1024x681.jpg\" alt=\"wc 2023 2024 val martello indi men 1 142 1\" data-id=\"18486\" data-full-url=\"https:\/\/www.skimo.at\/sportler\/files\/2024\/02\/wc-2023-2024-val-martello-indi-men-1-142-1.jpg\" data-link=\"https:\/\/www.skimo.at\/sportler\/18413\/podest-fuer-johanna-hiemer-im-martelltal-sieg-fuer-das-franzoesische-paar-axelle-gachet-molleret-und-xavier-gachet\/wc-2023-2024-val-martello-indi-men-1-142-1\/\" class=\"wp-image-18486\" srcset=\"https:\/\/www.skimo.at\/sportler\/files\/2024\/02\/wc-2023-2024-val-martello-indi-men-1-142-1-1024x681.jpg 1024w, https:\/\/www.skimo.at\/sportler\/files\/2024\/02\/wc-2023-2024-val-martello-indi-men-1-142-1-300x200.jpg 300w, https:\/\/www.skimo.at\/sportler\/files\/2024\/02\/wc-2023-2024-val-martello-indi-men-1-142-1-768x511.jpg 768w, https:\/\/www.skimo.at\/sportler\/files\/2024\/02\/wc-2023-2024-val-martello-indi-men-1-142-1-746x497.jpg 746w, https:\/\/www.skimo.at\/sportler\/files\/2024\/02\/wc-2023-2024-val-martello-indi-men-1-142-1-618x412.jpg 618w, https:\/\/www.skimo.at\/sportler\/files\/2024\/02\/wc-2023-2024-val-martello-indi-men-1-142-1-554x369.jpg 554w, https:\/\/www.skimo.at\/sportler\/files\/2024\/02\/wc-2023-2024-val-martello-indi-men-1-142-1-299x199.jpg 299w, https:\/\/www.skimo.at\/sportler\/files\/2024\/02\/wc-2023-2024-val-martello-indi-men-1-142-1-1224x814.jpg 1224w, https:\/\/www.skimo.at\/sportler\/files\/2024\/02\/wc-2023-2024-val-martello-indi-men-1-142-1-970x645.jpg 970w, https:\/\/www.skimo.at\/sportler\/files\/2024\/02\/wc-2023-2024-val-martello-indi-men-1-142-1-140x93.jpg 140w, https:\/\/www.skimo.at\/sportler\/files\/2024\/02\/wc-2023-2024-val-martello-indi-men-1-142-1-540x360.jpg 540w, https:\/\/www.skimo.at\/sportler\/files\/2024\/02\/wc-2023-2024-val-martello-indi-men-1-142-1.jpg 2020w\" sizes=\"(max-width: 1024px) 100vw, 1024px\" \/><\/a><figcaption class=\"blocks-gallery-item__caption\">wc 2023 2024 val martello indi men 1 142 1<\/figcaption><\/figure><\/li><li class=\"blocks-gallery-item\"><figure><a href=\"https:\/\/www.skimo.at\/sportler\/18413\/podest-fuer-johanna-hiemer-im-martelltal-sieg-fuer-das-franzoesische-paar-axelle-gachet-molleret-und-xavier-gachet\/wc-2023-2024-val-martello-indi-women-1-1-1\/\"><img loading=\"lazy\" width=\"1024\" height=\"681\" src=\"https:\/\/www.skimo.at\/sportler\/files\/2024\/02\/wc-2023-2024-val-martello-indi-women-1-1-1-1024x681.jpg\" alt=\"wc 2023 2024 val martello indi women 1 1 1\" data-id=\"18487\" data-full-url=\"https:\/\/www.skimo.at\/sportler\/files\/2024\/02\/wc-2023-2024-val-martello-indi-women-1-1-1.jpg\" data-link=\"https:\/\/www.skimo.at\/sportler\/18413\/podest-fuer-johanna-hiemer-im-martelltal-sieg-fuer-das-franzoesische-paar-axelle-gachet-molleret-und-xavier-gachet\/wc-2023-2024-val-martello-indi-women-1-1-1\/\" class=\"wp-image-18487\" srcset=\"https:\/\/www.skimo.at\/sportler\/files\/2024\/02\/wc-2023-2024-val-martello-indi-women-1-1-1-1024x681.jpg 1024w, https:\/\/www.skimo.at\/sportler\/files\/2024\/02\/wc-2023-2024-val-martello-indi-women-1-1-1-300x200.jpg 300w, https:\/\/www.skimo.at\/sportler\/files\/2024\/02\/wc-2023-2024-val-martello-indi-women-1-1-1-768x511.jpg 768w, https:\/\/www.skimo.at\/sportler\/files\/2024\/02\/wc-2023-2024-val-martello-indi-women-1-1-1-746x497.jpg 746w, https:\/\/www.skimo.at\/sportler\/files\/2024\/02\/wc-2023-2024-val-martello-indi-women-1-1-1-618x412.jpg 618w, https:\/\/www.skimo.at\/sportler\/files\/2024\/02\/wc-2023-2024-val-martello-indi-women-1-1-1-554x369.jpg 554w, https:\/\/www.skimo.at\/sportler\/files\/2024\/02\/wc-2023-2024-val-martello-indi-women-1-1-1-299x199.jpg 299w, https:\/\/www.skimo.at\/sportler\/files\/2024\/02\/wc-2023-2024-val-martello-indi-women-1-1-1-1224x814.jpg 1224w, https:\/\/www.skimo.at\/sportler\/files\/2024\/02\/wc-2023-2024-val-martello-indi-women-1-1-1-970x645.jpg 970w, https:\/\/www.skimo.at\/sportler\/files\/2024\/02\/wc-2023-2024-val-martello-indi-women-1-1-1-140x93.jpg 140w, https:\/\/www.skimo.at\/sportler\/files\/2024\/02\/wc-2023-2024-val-martello-indi-women-1-1-1-540x360.jpg 540w, https:\/\/www.skimo.at\/sportler\/files\/2024\/02\/wc-2023-2024-val-martello-indi-women-1-1-1.jpg 2020w\" sizes=\"(max-width: 1024px) 100vw, 1024px\" \/><\/a><figcaption class=\"blocks-gallery-item__caption\">wc 2023 2024 val martello indi women 1 1 1<\/figcaption><\/figure><\/li><li class=\"blocks-gallery-item\"><figure><a href=\"https:\/\/www.skimo.at\/sportler\/18413\/podest-fuer-johanna-hiemer-im-martelltal-sieg-fuer-das-franzoesische-paar-axelle-gachet-molleret-und-xavier-gachet\/wc-2023-2024-val-martello-indi-women-1-5-1\/\"><img loading=\"lazy\" width=\"1024\" height=\"681\" src=\"https:\/\/www.skimo.at\/sportler\/files\/2024\/02\/wc-2023-2024-val-martello-indi-women-1-5-1-1024x681.jpg\" alt=\"wc 2023 2024 val martello indi women 1 5 1\" data-id=\"18488\" data-full-url=\"https:\/\/www.skimo.at\/sportler\/files\/2024\/02\/wc-2023-2024-val-martello-indi-women-1-5-1.jpg\" data-link=\"https:\/\/www.skimo.at\/sportler\/18413\/podest-fuer-johanna-hiemer-im-martelltal-sieg-fuer-das-franzoesische-paar-axelle-gachet-molleret-und-xavier-gachet\/wc-2023-2024-val-martello-indi-women-1-5-1\/\" class=\"wp-image-18488\" srcset=\"https:\/\/www.skimo.at\/sportler\/files\/2024\/02\/wc-2023-2024-val-martello-indi-women-1-5-1-1024x681.jpg 1024w, https:\/\/www.skimo.at\/sportler\/files\/2024\/02\/wc-2023-2024-val-martello-indi-women-1-5-1-300x200.jpg 300w, https:\/\/www.skimo.at\/sportler\/files\/2024\/02\/wc-2023-2024-val-martello-indi-women-1-5-1-768x511.jpg 768w, https:\/\/www.skimo.at\/sportler\/files\/2024\/02\/wc-2023-2024-val-martello-indi-women-1-5-1-746x497.jpg 746w, https:\/\/www.skimo.at\/sportler\/files\/2024\/02\/wc-2023-2024-val-martello-indi-women-1-5-1-618x412.jpg 618w, https:\/\/www.skimo.at\/sportler\/files\/2024\/02\/wc-2023-2024-val-martello-indi-women-1-5-1-554x369.jpg 554w, https:\/\/www.skimo.at\/sportler\/files\/2024\/02\/wc-2023-2024-val-martello-indi-women-1-5-1-299x199.jpg 299w, https:\/\/www.skimo.at\/sportler\/files\/2024\/02\/wc-2023-2024-val-martello-indi-women-1-5-1-1224x814.jpg 1224w, https:\/\/www.skimo.at\/sportler\/files\/2024\/02\/wc-2023-2024-val-martello-indi-women-1-5-1-970x645.jpg 970w, https:\/\/www.skimo.at\/sportler\/files\/2024\/02\/wc-2023-2024-val-martello-indi-women-1-5-1-140x93.jpg 140w, https:\/\/www.skimo.at\/sportler\/files\/2024\/02\/wc-2023-2024-val-martello-indi-women-1-5-1-540x360.jpg 540w, https:\/\/www.skimo.at\/sportler\/files\/2024\/02\/wc-2023-2024-val-martello-indi-women-1-5-1.jpg 2020w\" sizes=\"(max-width: 1024px) 100vw, 1024px\" \/><\/a><figcaption class=\"blocks-gallery-item__caption\">wc 2023 2024 val martello indi women 1 5 1<\/figcaption><\/figure><\/li><li class=\"blocks-gallery-item\"><figure><a href=\"https:\/\/www.skimo.at\/sportler\/18413\/podest-fuer-johanna-hiemer-im-martelltal-sieg-fuer-das-franzoesische-paar-axelle-gachet-molleret-und-xavier-gachet\/wc-2023-2024-val-martello-indi-women-1-10-1\/\"><img loading=\"lazy\" width=\"1024\" height=\"683\" src=\"https:\/\/www.skimo.at\/sportler\/files\/2024\/02\/wc-2023-2024-val-martello-indi-women-1-10-1-1024x683.jpg\" alt=\"wc 2023 2024 val martello indi women 1 10 1\" data-id=\"18489\" data-full-url=\"https:\/\/www.skimo.at\/sportler\/files\/2024\/02\/wc-2023-2024-val-martello-indi-women-1-10-1.jpg\" data-link=\"https:\/\/www.skimo.at\/sportler\/18413\/podest-fuer-johanna-hiemer-im-martelltal-sieg-fuer-das-franzoesische-paar-axelle-gachet-molleret-und-xavier-gachet\/wc-2023-2024-val-martello-indi-women-1-10-1\/\" class=\"wp-image-18489\" srcset=\"https:\/\/www.skimo.at\/sportler\/files\/2024\/02\/wc-2023-2024-val-martello-indi-women-1-10-1-1024x683.jpg 1024w, https:\/\/www.skimo.at\/sportler\/files\/2024\/02\/wc-2023-2024-val-martello-indi-women-1-10-1-300x200.jpg 300w, https:\/\/www.skimo.at\/sportler\/files\/2024\/02\/wc-2023-2024-val-martello-indi-women-1-10-1-768x513.jpg 768w, https:\/\/www.skimo.at\/sportler\/files\/2024\/02\/wc-2023-2024-val-martello-indi-women-1-10-1-746x497.jpg 746w, https:\/\/www.skimo.at\/sportler\/files\/2024\/02\/wc-2023-2024-val-martello-indi-women-1-10-1-618x412.jpg 618w, https:\/\/www.skimo.at\/sportler\/files\/2024\/02\/wc-2023-2024-val-martello-indi-women-1-10-1-554x370.jpg 554w, https:\/\/www.skimo.at\/sportler\/files\/2024\/02\/wc-2023-2024-val-martello-indi-women-1-10-1-299x199.jpg 299w, https:\/\/www.skimo.at\/sportler\/files\/2024\/02\/wc-2023-2024-val-martello-indi-women-1-10-1-1224x817.jpg 1224w, https:\/\/www.skimo.at\/sportler\/files\/2024\/02\/wc-2023-2024-val-martello-indi-women-1-10-1-970x647.jpg 970w, https:\/\/www.skimo.at\/sportler\/files\/2024\/02\/wc-2023-2024-val-martello-indi-women-1-10-1-139x93.jpg 139w, https:\/\/www.skimo.at\/sportler\/files\/2024\/02\/wc-2023-2024-val-martello-indi-women-1-10-1-540x360.jpg 540w, https:\/\/www.skimo.at\/sportler\/files\/2024\/02\/wc-2023-2024-val-martello-indi-women-1-10-1.jpg 2020w\" sizes=\"(max-width: 1024px) 100vw, 1024px\" \/><\/a><figcaption class=\"blocks-gallery-item__caption\">wc 2023 2024 val martello indi women 1 10 1<\/figcaption><\/figure><\/li><li class=\"blocks-gallery-item\"><figure><a href=\"https:\/\/www.skimo.at\/sportler\/18413\/podest-fuer-johanna-hiemer-im-martelltal-sieg-fuer-das-franzoesische-paar-axelle-gachet-molleret-und-xavier-gachet\/wc-2023-2024-val-martello-indi-women-1-13-1\/\"><img loading=\"lazy\" width=\"681\" height=\"1024\" src=\"https:\/\/www.skimo.at\/sportler\/files\/2024\/02\/wc-2023-2024-val-martello-indi-women-1-13-1-681x1024.jpg\" alt=\"wc 2023 2024 val martello indi women 1 13 1\" data-id=\"18490\" data-full-url=\"https:\/\/www.skimo.at\/sportler\/files\/2024\/02\/wc-2023-2024-val-martello-indi-women-1-13-1.jpg\" data-link=\"https:\/\/www.skimo.at\/sportler\/18413\/podest-fuer-johanna-hiemer-im-martelltal-sieg-fuer-das-franzoesische-paar-axelle-gachet-molleret-und-xavier-gachet\/wc-2023-2024-val-martello-indi-women-1-13-1\/\" class=\"wp-image-18490\" srcset=\"https:\/\/www.skimo.at\/sportler\/files\/2024\/02\/wc-2023-2024-val-martello-indi-women-1-13-1-681x1024.jpg 681w, https:\/\/www.skimo.at\/sportler\/files\/2024\/02\/wc-2023-2024-val-martello-indi-women-1-13-1-200x300.jpg 200w, https:\/\/www.skimo.at\/sportler\/files\/2024\/02\/wc-2023-2024-val-martello-indi-women-1-13-1-768x1154.jpg 768w, https:\/\/www.skimo.at\/sportler\/files\/2024\/02\/wc-2023-2024-val-martello-indi-women-1-13-1-1224x1840.jpg 1224w, https:\/\/www.skimo.at\/sportler\/files\/2024\/02\/wc-2023-2024-val-martello-indi-women-1-13-1-970x1458.jpg 970w, https:\/\/www.skimo.at\/sportler\/files\/2024\/02\/wc-2023-2024-val-martello-indi-women-1-13-1-554x833.jpg 554w, https:\/\/www.skimo.at\/sportler\/files\/2024\/02\/wc-2023-2024-val-martello-indi-women-1-13-1-62x93.jpg 62w, https:\/\/www.skimo.at\/sportler\/files\/2024\/02\/wc-2023-2024-val-martello-indi-women-1-13-1.jpg 1344w\" sizes=\"(max-width: 681px) 100vw, 681px\" \/><\/a><figcaption class=\"blocks-gallery-item__caption\">wc 2023 2024 val martello indi women 1 13 1<\/figcaption><\/figure><\/li><li class=\"blocks-gallery-item\"><figure><a href=\"https:\/\/www.skimo.at\/sportler\/18413\/podest-fuer-johanna-hiemer-im-martelltal-sieg-fuer-das-franzoesische-paar-axelle-gachet-molleret-und-xavier-gachet\/wc-2023-2024-val-martello-indi-women-1-21-1\/\"><img loading=\"lazy\" width=\"681\" height=\"1024\" src=\"https:\/\/www.skimo.at\/sportler\/files\/2024\/02\/wc-2023-2024-val-martello-indi-women-1-21-1-681x1024.jpg\" alt=\"wc 2023 2024 val martello indi women 1 21 1\" data-id=\"18491\" data-full-url=\"https:\/\/www.skimo.at\/sportler\/files\/2024\/02\/wc-2023-2024-val-martello-indi-women-1-21-1.jpg\" data-link=\"https:\/\/www.skimo.at\/sportler\/18413\/podest-fuer-johanna-hiemer-im-martelltal-sieg-fuer-das-franzoesische-paar-axelle-gachet-molleret-und-xavier-gachet\/wc-2023-2024-val-martello-indi-women-1-21-1\/\" class=\"wp-image-18491\" srcset=\"https:\/\/www.skimo.at\/sportler\/files\/2024\/02\/wc-2023-2024-val-martello-indi-women-1-21-1-681x1024.jpg 681w, https:\/\/www.skimo.at\/sportler\/files\/2024\/02\/wc-2023-2024-val-martello-indi-women-1-21-1-200x300.jpg 200w, https:\/\/www.skimo.at\/sportler\/files\/2024\/02\/wc-2023-2024-val-martello-indi-women-1-21-1-768x1154.jpg 768w, https:\/\/www.skimo.at\/sportler\/files\/2024\/02\/wc-2023-2024-val-martello-indi-women-1-21-1-1224x1840.jpg 1224w, https:\/\/www.skimo.at\/sportler\/files\/2024\/02\/wc-2023-2024-val-martello-indi-women-1-21-1-970x1458.jpg 970w, https:\/\/www.skimo.at\/sportler\/files\/2024\/02\/wc-2023-2024-val-martello-indi-women-1-21-1-554x833.jpg 554w, https:\/\/www.skimo.at\/sportler\/files\/2024\/02\/wc-2023-2024-val-martello-indi-women-1-21-1-62x93.jpg 62w, https:\/\/www.skimo.at\/sportler\/files\/2024\/02\/wc-2023-2024-val-martello-indi-women-1-21-1.jpg 1344w\" sizes=\"(max-width: 681px) 100vw, 681px\" \/><\/a><figcaption class=\"blocks-gallery-item__caption\">wc 2023 2024 val martello indi women 1 21 1<\/figcaption><\/figure><\/li><li class=\"blocks-gallery-item\"><figure><a href=\"https:\/\/www.skimo.at\/sportler\/18413\/podest-fuer-johanna-hiemer-im-martelltal-sieg-fuer-das-franzoesische-paar-axelle-gachet-molleret-und-xavier-gachet\/wc-2023-2024-val-martello-indi-women-1-25-1\/\"><img loading=\"lazy\" width=\"1024\" height=\"681\" src=\"https:\/\/www.skimo.at\/sportler\/files\/2024\/02\/wc-2023-2024-val-martello-indi-women-1-25-1-1024x681.jpg\" alt=\"wc 2023 2024 val martello indi women 1 25 1\" data-id=\"18492\" data-full-url=\"https:\/\/www.skimo.at\/sportler\/files\/2024\/02\/wc-2023-2024-val-martello-indi-women-1-25-1.jpg\" data-link=\"https:\/\/www.skimo.at\/sportler\/18413\/podest-fuer-johanna-hiemer-im-martelltal-sieg-fuer-das-franzoesische-paar-axelle-gachet-molleret-und-xavier-gachet\/wc-2023-2024-val-martello-indi-women-1-25-1\/\" class=\"wp-image-18492\" srcset=\"https:\/\/www.skimo.at\/sportler\/files\/2024\/02\/wc-2023-2024-val-martello-indi-women-1-25-1-1024x681.jpg 1024w, https:\/\/www.skimo.at\/sportler\/files\/2024\/02\/wc-2023-2024-val-martello-indi-women-1-25-1-300x200.jpg 300w, https:\/\/www.skimo.at\/sportler\/files\/2024\/02\/wc-2023-2024-val-martello-indi-women-1-25-1-768x511.jpg 768w, https:\/\/www.skimo.at\/sportler\/files\/2024\/02\/wc-2023-2024-val-martello-indi-women-1-25-1-746x497.jpg 746w, https:\/\/www.skimo.at\/sportler\/files\/2024\/02\/wc-2023-2024-val-martello-indi-women-1-25-1-618x412.jpg 618w, https:\/\/www.skimo.at\/sportler\/files\/2024\/02\/wc-2023-2024-val-martello-indi-women-1-25-1-554x369.jpg 554w, https:\/\/www.skimo.at\/sportler\/files\/2024\/02\/wc-2023-2024-val-martello-indi-women-1-25-1-299x199.jpg 299w, https:\/\/www.skimo.at\/sportler\/files\/2024\/02\/wc-2023-2024-val-martello-indi-women-1-25-1-1224x814.jpg 1224w, https:\/\/www.skimo.at\/sportler\/files\/2024\/02\/wc-2023-2024-val-martello-indi-women-1-25-1-970x645.jpg 970w, https:\/\/www.skimo.at\/sportler\/files\/2024\/02\/wc-2023-2024-val-martello-indi-women-1-25-1-140x93.jpg 140w, https:\/\/www.skimo.at\/sportler\/files\/2024\/02\/wc-2023-2024-val-martello-indi-women-1-25-1-540x360.jpg 540w, https:\/\/www.skimo.at\/sportler\/files\/2024\/02\/wc-2023-2024-val-martello-indi-women-1-25-1.jpg 2020w\" sizes=\"(max-width: 1024px) 100vw, 1024px\" \/><\/a><figcaption class=\"blocks-gallery-item__caption\">wc 2023 2024 val martello indi women 1 25 1<\/figcaption><\/figure><\/li><li class=\"blocks-gallery-item\"><figure><a href=\"https:\/\/www.skimo.at\/sportler\/18413\/podest-fuer-johanna-hiemer-im-martelltal-sieg-fuer-das-franzoesische-paar-axelle-gachet-molleret-und-xavier-gachet\/wc-2023-2024-val-martello-indi-women-1-46-1\/\"><img loading=\"lazy\" width=\"1024\" height=\"681\" src=\"https:\/\/www.skimo.at\/sportler\/files\/2024\/02\/wc-2023-2024-val-martello-indi-women-1-46-1-1024x681.jpg\" alt=\"wc 2023 2024 val martello indi women 1 46 1\" data-id=\"18493\" data-full-url=\"https:\/\/www.skimo.at\/sportler\/files\/2024\/02\/wc-2023-2024-val-martello-indi-women-1-46-1.jpg\" data-link=\"https:\/\/www.skimo.at\/sportler\/18413\/podest-fuer-johanna-hiemer-im-martelltal-sieg-fuer-das-franzoesische-paar-axelle-gachet-molleret-und-xavier-gachet\/wc-2023-2024-val-martello-indi-women-1-46-1\/\" class=\"wp-image-18493\" srcset=\"https:\/\/www.skimo.at\/sportler\/files\/2024\/02\/wc-2023-2024-val-martello-indi-women-1-46-1-1024x681.jpg 1024w, https:\/\/www.skimo.at\/sportler\/files\/2024\/02\/wc-2023-2024-val-martello-indi-women-1-46-1-300x200.jpg 300w, https:\/\/www.skimo.at\/sportler\/files\/2024\/02\/wc-2023-2024-val-martello-indi-women-1-46-1-768x511.jpg 768w, https:\/\/www.skimo.at\/sportler\/files\/2024\/02\/wc-2023-2024-val-martello-indi-women-1-46-1-746x497.jpg 746w, https:\/\/www.skimo.at\/sportler\/files\/2024\/02\/wc-2023-2024-val-martello-indi-women-1-46-1-618x412.jpg 618w, https:\/\/www.skimo.at\/sportler\/files\/2024\/02\/wc-2023-2024-val-martello-indi-women-1-46-1-554x369.jpg 554w, https:\/\/www.skimo.at\/sportler\/files\/2024\/02\/wc-2023-2024-val-martello-indi-women-1-46-1-299x199.jpg 299w, https:\/\/www.skimo.at\/sportler\/files\/2024\/02\/wc-2023-2024-val-martello-indi-women-1-46-1-1224x814.jpg 1224w, https:\/\/www.skimo.at\/sportler\/files\/2024\/02\/wc-2023-2024-val-martello-indi-women-1-46-1-970x645.jpg 970w, https:\/\/www.skimo.at\/sportler\/files\/2024\/02\/wc-2023-2024-val-martello-indi-women-1-46-1-140x93.jpg 140w, https:\/\/www.skimo.at\/sportler\/files\/2024\/02\/wc-2023-2024-val-martello-indi-women-1-46-1-540x360.jpg 540w, https:\/\/www.skimo.at\/sportler\/files\/2024\/02\/wc-2023-2024-val-martello-indi-women-1-46-1.jpg 2020w\" sizes=\"(max-width: 1024px) 100vw, 1024px\" \/><\/a><figcaption class=\"blocks-gallery-item__caption\">wc 2023 2024 val martello indi women 1 46 1<\/figcaption><\/figure><\/li><li class=\"blocks-gallery-item\"><figure><a href=\"https:\/\/www.skimo.at\/sportler\/18413\/podest-fuer-johanna-hiemer-im-martelltal-sieg-fuer-das-franzoesische-paar-axelle-gachet-molleret-und-xavier-gachet\/wc-2023-2024-val-martello-indi-women-1-54-1\/\"><img loading=\"lazy\" width=\"681\" height=\"1024\" src=\"https:\/\/www.skimo.at\/sportler\/files\/2024\/02\/wc-2023-2024-val-martello-indi-women-1-54-1-681x1024.jpg\" alt=\"wc 2023 2024 val martello indi women 1 54 1\" data-id=\"18494\" data-full-url=\"https:\/\/www.skimo.at\/sportler\/files\/2024\/02\/wc-2023-2024-val-martello-indi-women-1-54-1.jpg\" data-link=\"https:\/\/www.skimo.at\/sportler\/18413\/podest-fuer-johanna-hiemer-im-martelltal-sieg-fuer-das-franzoesische-paar-axelle-gachet-molleret-und-xavier-gachet\/wc-2023-2024-val-martello-indi-women-1-54-1\/\" class=\"wp-image-18494\" srcset=\"https:\/\/www.skimo.at\/sportler\/files\/2024\/02\/wc-2023-2024-val-martello-indi-women-1-54-1-681x1024.jpg 681w, https:\/\/www.skimo.at\/sportler\/files\/2024\/02\/wc-2023-2024-val-martello-indi-women-1-54-1-200x300.jpg 200w, https:\/\/www.skimo.at\/sportler\/files\/2024\/02\/wc-2023-2024-val-martello-indi-women-1-54-1-768x1154.jpg 768w, https:\/\/www.skimo.at\/sportler\/files\/2024\/02\/wc-2023-2024-val-martello-indi-women-1-54-1-1224x1840.jpg 1224w, https:\/\/www.skimo.at\/sportler\/files\/2024\/02\/wc-2023-2024-val-martello-indi-women-1-54-1-970x1458.jpg 970w, https:\/\/www.skimo.at\/sportler\/files\/2024\/02\/wc-2023-2024-val-martello-indi-women-1-54-1-554x833.jpg 554w, https:\/\/www.skimo.at\/sportler\/files\/2024\/02\/wc-2023-2024-val-martello-indi-women-1-54-1-62x93.jpg 62w, https:\/\/www.skimo.at\/sportler\/files\/2024\/02\/wc-2023-2024-val-martello-indi-women-1-54-1.jpg 1344w\" sizes=\"(max-width: 681px) 100vw, 681px\" \/><\/a><figcaption class=\"blocks-gallery-item__caption\">wc 2023 2024 val martello indi women 1 54 1<\/figcaption><\/figure><\/li><li class=\"blocks-gallery-item\"><figure><a href=\"https:\/\/www.skimo.at\/sportler\/18413\/podest-fuer-johanna-hiemer-im-martelltal-sieg-fuer-das-franzoesische-paar-axelle-gachet-molleret-und-xavier-gachet\/wc-2023-2024-val-martello-indi-women-1-62-1\/\"><img loading=\"lazy\" width=\"1024\" height=\"681\" src=\"https:\/\/www.skimo.at\/sportler\/files\/2024\/02\/wc-2023-2024-val-martello-indi-women-1-62-1-1024x681.jpg\" alt=\"wc 2023 2024 val martello indi women 1 62 1\" data-id=\"18495\" data-full-url=\"https:\/\/www.skimo.at\/sportler\/files\/2024\/02\/wc-2023-2024-val-martello-indi-women-1-62-1.jpg\" data-link=\"https:\/\/www.skimo.at\/sportler\/18413\/podest-fuer-johanna-hiemer-im-martelltal-sieg-fuer-das-franzoesische-paar-axelle-gachet-molleret-und-xavier-gachet\/wc-2023-2024-val-martello-indi-women-1-62-1\/\" class=\"wp-image-18495\" srcset=\"https:\/\/www.skimo.at\/sportler\/files\/2024\/02\/wc-2023-2024-val-martello-indi-women-1-62-1-1024x681.jpg 1024w, https:\/\/www.skimo.at\/sportler\/files\/2024\/02\/wc-2023-2024-val-martello-indi-women-1-62-1-300x200.jpg 300w, https:\/\/www.skimo.at\/sportler\/files\/2024\/02\/wc-2023-2024-val-martello-indi-women-1-62-1-768x511.jpg 768w, https:\/\/www.skimo.at\/sportler\/files\/2024\/02\/wc-2023-2024-val-martello-indi-women-1-62-1-746x497.jpg 746w, https:\/\/www.skimo.at\/sportler\/files\/2024\/02\/wc-2023-2024-val-martello-indi-women-1-62-1-618x412.jpg 618w, https:\/\/www.skimo.at\/sportler\/files\/2024\/02\/wc-2023-2024-val-martello-indi-women-1-62-1-554x369.jpg 554w, https:\/\/www.skimo.at\/sportler\/files\/2024\/02\/wc-2023-2024-val-martello-indi-women-1-62-1-299x199.jpg 299w, https:\/\/www.skimo.at\/sportler\/files\/2024\/02\/wc-2023-2024-val-martello-indi-women-1-62-1-1224x814.jpg 1224w, https:\/\/www.skimo.at\/sportler\/files\/2024\/02\/wc-2023-2024-val-martello-indi-women-1-62-1-970x645.jpg 970w, https:\/\/www.skimo.at\/sportler\/files\/2024\/02\/wc-2023-2024-val-martello-indi-women-1-62-1-140x93.jpg 140w, https:\/\/www.skimo.at\/sportler\/files\/2024\/02\/wc-2023-2024-val-martello-indi-women-1-62-1-540x360.jpg 540w, https:\/\/www.skimo.at\/sportler\/files\/2024\/02\/wc-2023-2024-val-martello-indi-women-1-62-1.jpg 2020w\" sizes=\"(max-width: 1024px) 100vw, 1024px\" \/><\/a><figcaption class=\"blocks-gallery-item__caption\">wc 2023 2024 val martello indi women 1 62 1<\/figcaption><\/figure><\/li><li class=\"blocks-gallery-item\"><figure><a href=\"https:\/\/www.skimo.at\/sportler\/18413\/podest-fuer-johanna-hiemer-im-martelltal-sieg-fuer-das-franzoesische-paar-axelle-gachet-molleret-und-xavier-gachet\/wc-2023-2024-val-martello-indi-women-1-68-1\/\"><img loading=\"lazy\" width=\"681\" height=\"1024\" src=\"https:\/\/www.skimo.at\/sportler\/files\/2024\/02\/wc-2023-2024-val-martello-indi-women-1-68-1-681x1024.jpg\" alt=\"wc 2023 2024 val martello indi women 1 68 1\" data-id=\"18496\" data-full-url=\"https:\/\/www.skimo.at\/sportler\/files\/2024\/02\/wc-2023-2024-val-martello-indi-women-1-68-1.jpg\" data-link=\"https:\/\/www.skimo.at\/sportler\/18413\/podest-fuer-johanna-hiemer-im-martelltal-sieg-fuer-das-franzoesische-paar-axelle-gachet-molleret-und-xavier-gachet\/wc-2023-2024-val-martello-indi-women-1-68-1\/\" class=\"wp-image-18496\" srcset=\"https:\/\/www.skimo.at\/sportler\/files\/2024\/02\/wc-2023-2024-val-martello-indi-women-1-68-1-681x1024.jpg 681w, https:\/\/www.skimo.at\/sportler\/files\/2024\/02\/wc-2023-2024-val-martello-indi-women-1-68-1-200x300.jpg 200w, https:\/\/www.skimo.at\/sportler\/files\/2024\/02\/wc-2023-2024-val-martello-indi-women-1-68-1-768x1154.jpg 768w, https:\/\/www.skimo.at\/sportler\/files\/2024\/02\/wc-2023-2024-val-martello-indi-women-1-68-1-1224x1840.jpg 1224w, https:\/\/www.skimo.at\/sportler\/files\/2024\/02\/wc-2023-2024-val-martello-indi-women-1-68-1-970x1458.jpg 970w, https:\/\/www.skimo.at\/sportler\/files\/2024\/02\/wc-2023-2024-val-martello-indi-women-1-68-1-554x833.jpg 554w, https:\/\/www.skimo.at\/sportler\/files\/2024\/02\/wc-2023-2024-val-martello-indi-women-1-68-1-62x93.jpg 62w, https:\/\/www.skimo.at\/sportler\/files\/2024\/02\/wc-2023-2024-val-martello-indi-women-1-68-1.jpg 1344w\" sizes=\"(max-width: 681px) 100vw, 681px\" \/><\/a><figcaption class=\"blocks-gallery-item__caption\">wc 2023 2024 val martello indi women 1 68 1<\/figcaption><\/figure><\/li><li class=\"blocks-gallery-item\"><figure><a href=\"https:\/\/www.skimo.at\/sportler\/18413\/podest-fuer-johanna-hiemer-im-martelltal-sieg-fuer-das-franzoesische-paar-axelle-gachet-molleret-und-xavier-gachet\/wc-2023-2024-val-martello-indi-women-1-79-1\/\"><img loading=\"lazy\" width=\"1024\" height=\"683\" src=\"https:\/\/www.skimo.at\/sportler\/files\/2024\/02\/wc-2023-2024-val-martello-indi-women-1-79-1-1024x683.jpg\" alt=\"wc 2023 2024 val martello indi women 1 79 1\" data-id=\"18497\" data-full-url=\"https:\/\/www.skimo.at\/sportler\/files\/2024\/02\/wc-2023-2024-val-martello-indi-women-1-79-1.jpg\" data-link=\"https:\/\/www.skimo.at\/sportler\/18413\/podest-fuer-johanna-hiemer-im-martelltal-sieg-fuer-das-franzoesische-paar-axelle-gachet-molleret-und-xavier-gachet\/wc-2023-2024-val-martello-indi-women-1-79-1\/\" class=\"wp-image-18497\" srcset=\"https:\/\/www.skimo.at\/sportler\/files\/2024\/02\/wc-2023-2024-val-martello-indi-women-1-79-1-1024x683.jpg 1024w, https:\/\/www.skimo.at\/sportler\/files\/2024\/02\/wc-2023-2024-val-martello-indi-women-1-79-1-300x200.jpg 300w, https:\/\/www.skimo.at\/sportler\/files\/2024\/02\/wc-2023-2024-val-martello-indi-women-1-79-1-768x513.jpg 768w, https:\/\/www.skimo.at\/sportler\/files\/2024\/02\/wc-2023-2024-val-martello-indi-women-1-79-1-746x497.jpg 746w, https:\/\/www.skimo.at\/sportler\/files\/2024\/02\/wc-2023-2024-val-martello-indi-women-1-79-1-618x412.jpg 618w, https:\/\/www.skimo.at\/sportler\/files\/2024\/02\/wc-2023-2024-val-martello-indi-women-1-79-1-554x370.jpg 554w, https:\/\/www.skimo.at\/sportler\/files\/2024\/02\/wc-2023-2024-val-martello-indi-women-1-79-1-299x199.jpg 299w, https:\/\/www.skimo.at\/sportler\/files\/2024\/02\/wc-2023-2024-val-martello-indi-women-1-79-1-1224x817.jpg 1224w, https:\/\/www.skimo.at\/sportler\/files\/2024\/02\/wc-2023-2024-val-martello-indi-women-1-79-1-970x647.jpg 970w, https:\/\/www.skimo.at\/sportler\/files\/2024\/02\/wc-2023-2024-val-martello-indi-women-1-79-1-139x93.jpg 139w, https:\/\/www.skimo.at\/sportler\/files\/2024\/02\/wc-2023-2024-val-martello-indi-women-1-79-1-540x360.jpg 540w, https:\/\/www.skimo.at\/sportler\/files\/2024\/02\/wc-2023-2024-val-martello-indi-women-1-79-1.jpg 2020w\" sizes=\"(max-width: 1024px) 100vw, 1024px\" \/><\/a><figcaption class=\"blocks-gallery-item__caption\">wc 2023 2024 val martello indi women 1 79 1<\/figcaption><\/figure><\/li><li class=\"blocks-gallery-item\"><figure><a href=\"https:\/\/www.skimo.at\/sportler\/18413\/podest-fuer-johanna-hiemer-im-martelltal-sieg-fuer-das-franzoesische-paar-axelle-gachet-molleret-und-xavier-gachet\/wc-2023-2024-val-martello-indi-women-1-92-1\/\"><img loading=\"lazy\" width=\"1024\" height=\"683\" src=\"https:\/\/www.skimo.at\/sportler\/files\/2024\/02\/wc-2023-2024-val-martello-indi-women-1-92-1-1024x683.jpg\" alt=\"wc 2023 2024 val martello indi women 1 92 1\" data-id=\"18498\" data-full-url=\"https:\/\/www.skimo.at\/sportler\/files\/2024\/02\/wc-2023-2024-val-martello-indi-women-1-92-1.jpg\" data-link=\"https:\/\/www.skimo.at\/sportler\/18413\/podest-fuer-johanna-hiemer-im-martelltal-sieg-fuer-das-franzoesische-paar-axelle-gachet-molleret-und-xavier-gachet\/wc-2023-2024-val-martello-indi-women-1-92-1\/\" class=\"wp-image-18498\" srcset=\"https:\/\/www.skimo.at\/sportler\/files\/2024\/02\/wc-2023-2024-val-martello-indi-women-1-92-1-1024x683.jpg 1024w, https:\/\/www.skimo.at\/sportler\/files\/2024\/02\/wc-2023-2024-val-martello-indi-women-1-92-1-300x200.jpg 300w, https:\/\/www.skimo.at\/sportler\/files\/2024\/02\/wc-2023-2024-val-martello-indi-women-1-92-1-768x513.jpg 768w, https:\/\/www.skimo.at\/sportler\/files\/2024\/02\/wc-2023-2024-val-martello-indi-women-1-92-1-746x497.jpg 746w, https:\/\/www.skimo.at\/sportler\/files\/2024\/02\/wc-2023-2024-val-martello-indi-women-1-92-1-618x412.jpg 618w, https:\/\/www.skimo.at\/sportler\/files\/2024\/02\/wc-2023-2024-val-martello-indi-women-1-92-1-554x370.jpg 554w, https:\/\/www.skimo.at\/sportler\/files\/2024\/02\/wc-2023-2024-val-martello-indi-women-1-92-1-299x199.jpg 299w, https:\/\/www.skimo.at\/sportler\/files\/2024\/02\/wc-2023-2024-val-martello-indi-women-1-92-1-1224x817.jpg 1224w, https:\/\/www.skimo.at\/sportler\/files\/2024\/02\/wc-2023-2024-val-martello-indi-women-1-92-1-970x647.jpg 970w, https:\/\/www.skimo.at\/sportler\/files\/2024\/02\/wc-2023-2024-val-martello-indi-women-1-92-1-139x93.jpg 139w, https:\/\/www.skimo.at\/sportler\/files\/2024\/02\/wc-2023-2024-val-martello-indi-women-1-92-1-540x360.jpg 540w, https:\/\/www.skimo.at\/sportler\/files\/2024\/02\/wc-2023-2024-val-martello-indi-women-1-92-1.jpg 2020w\" sizes=\"(max-width: 1024px) 100vw, 1024px\" \/><\/a><figcaption class=\"blocks-gallery-item__caption\">wc 2023 2024 val martello indi women 1 92 1<\/figcaption><\/figure><\/li><li class=\"blocks-gallery-item\"><figure><a href=\"https:\/\/www.skimo.at\/sportler\/18413\/podest-fuer-johanna-hiemer-im-martelltal-sieg-fuer-das-franzoesische-paar-axelle-gachet-molleret-und-xavier-gachet\/wc-2023-2024-val-martello-indi-women-1-105-1\/\"><img loading=\"lazy\" width=\"1024\" height=\"683\" src=\"https:\/\/www.skimo.at\/sportler\/files\/2024\/02\/wc-2023-2024-val-martello-indi-women-1-105-1-1024x683.jpg\" alt=\"wc 2023 2024 val martello indi women 1 105 1\" data-id=\"18499\" data-full-url=\"https:\/\/www.skimo.at\/sportler\/files\/2024\/02\/wc-2023-2024-val-martello-indi-women-1-105-1.jpg\" data-link=\"https:\/\/www.skimo.at\/sportler\/18413\/podest-fuer-johanna-hiemer-im-martelltal-sieg-fuer-das-franzoesische-paar-axelle-gachet-molleret-und-xavier-gachet\/wc-2023-2024-val-martello-indi-women-1-105-1\/\" class=\"wp-image-18499\" srcset=\"https:\/\/www.skimo.at\/sportler\/files\/2024\/02\/wc-2023-2024-val-martello-indi-women-1-105-1-1024x683.jpg 1024w, https:\/\/www.skimo.at\/sportler\/files\/2024\/02\/wc-2023-2024-val-martello-indi-women-1-105-1-300x200.jpg 300w, https:\/\/www.skimo.at\/sportler\/files\/2024\/02\/wc-2023-2024-val-martello-indi-women-1-105-1-768x513.jpg 768w, https:\/\/www.skimo.at\/sportler\/files\/2024\/02\/wc-2023-2024-val-martello-indi-women-1-105-1-746x497.jpg 746w, https:\/\/www.skimo.at\/sportler\/files\/2024\/02\/wc-2023-2024-val-martello-indi-women-1-105-1-618x412.jpg 618w, https:\/\/www.skimo.at\/sportler\/files\/2024\/02\/wc-2023-2024-val-martello-indi-women-1-105-1-554x370.jpg 554w, https:\/\/www.skimo.at\/sportler\/files\/2024\/02\/wc-2023-2024-val-martello-indi-women-1-105-1-299x199.jpg 299w, https:\/\/www.skimo.at\/sportler\/files\/2024\/02\/wc-2023-2024-val-martello-indi-women-1-105-1-1224x817.jpg 1224w, https:\/\/www.skimo.at\/sportler\/files\/2024\/02\/wc-2023-2024-val-martello-indi-women-1-105-1-970x647.jpg 970w, https:\/\/www.skimo.at\/sportler\/files\/2024\/02\/wc-2023-2024-val-martello-indi-women-1-105-1-139x93.jpg 139w, https:\/\/www.skimo.at\/sportler\/files\/2024\/02\/wc-2023-2024-val-martello-indi-women-1-105-1-540x360.jpg 540w, https:\/\/www.skimo.at\/sportler\/files\/2024\/02\/wc-2023-2024-val-martello-indi-women-1-105-1.jpg 2020w\" sizes=\"(max-width: 1024px) 100vw, 1024px\" \/><\/a><figcaption class=\"blocks-gallery-item__caption\">wc 2023 2024 val martello indi women 1 105 1<\/figcaption><\/figure><\/li><li class=\"blocks-gallery-item\"><figure><a href=\"https:\/\/www.skimo.at\/sportler\/18413\/podest-fuer-johanna-hiemer-im-martelltal-sieg-fuer-das-franzoesische-paar-axelle-gachet-molleret-und-xavier-gachet\/wc-2023-2024-val-martello-indi-women-1-125-1\/\"><img loading=\"lazy\" width=\"1024\" height=\"683\" src=\"https:\/\/www.skimo.at\/sportler\/files\/2024\/02\/wc-2023-2024-val-martello-indi-women-1-125-1-1024x683.jpg\" alt=\"wc 2023 2024 val martello indi women 1 125 1\" data-id=\"18500\" data-full-url=\"https:\/\/www.skimo.at\/sportler\/files\/2024\/02\/wc-2023-2024-val-martello-indi-women-1-125-1.jpg\" data-link=\"https:\/\/www.skimo.at\/sportler\/18413\/podest-fuer-johanna-hiemer-im-martelltal-sieg-fuer-das-franzoesische-paar-axelle-gachet-molleret-und-xavier-gachet\/wc-2023-2024-val-martello-indi-women-1-125-1\/\" class=\"wp-image-18500\" srcset=\"https:\/\/www.skimo.at\/sportler\/files\/2024\/02\/wc-2023-2024-val-martello-indi-women-1-125-1-1024x683.jpg 1024w, https:\/\/www.skimo.at\/sportler\/files\/2024\/02\/wc-2023-2024-val-martello-indi-women-1-125-1-300x200.jpg 300w, https:\/\/www.skimo.at\/sportler\/files\/2024\/02\/wc-2023-2024-val-martello-indi-women-1-125-1-768x513.jpg 768w, https:\/\/www.skimo.at\/sportler\/files\/2024\/02\/wc-2023-2024-val-martello-indi-women-1-125-1-746x497.jpg 746w, https:\/\/www.skimo.at\/sportler\/files\/2024\/02\/wc-2023-2024-val-martello-indi-women-1-125-1-618x412.jpg 618w, https:\/\/www.skimo.at\/sportler\/files\/2024\/02\/wc-2023-2024-val-martello-indi-women-1-125-1-554x370.jpg 554w, https:\/\/www.skimo.at\/sportler\/files\/2024\/02\/wc-2023-2024-val-martello-indi-women-1-125-1-299x199.jpg 299w, https:\/\/www.skimo.at\/sportler\/files\/2024\/02\/wc-2023-2024-val-martello-indi-women-1-125-1-1224x817.jpg 1224w, https:\/\/www.skimo.at\/sportler\/files\/2024\/02\/wc-2023-2024-val-martello-indi-women-1-125-1-970x647.jpg 970w, https:\/\/www.skimo.at\/sportler\/files\/2024\/02\/wc-2023-2024-val-martello-indi-women-1-125-1-139x93.jpg 139w, https:\/\/www.skimo.at\/sportler\/files\/2024\/02\/wc-2023-2024-val-martello-indi-women-1-125-1-540x360.jpg 540w, https:\/\/www.skimo.at\/sportler\/files\/2024\/02\/wc-2023-2024-val-martello-indi-women-1-125-1.jpg 2020w\" sizes=\"(max-width: 1024px) 100vw, 1024px\" \/><\/a><figcaption class=\"blocks-gallery-item__caption\">wc 2023 2024 val martello indi women 1 125 1<\/figcaption><\/figure><\/li><li class=\"blocks-gallery-item\"><figure><a href=\"https:\/\/www.skimo.at\/sportler\/18413\/podest-fuer-johanna-hiemer-im-martelltal-sieg-fuer-das-franzoesische-paar-axelle-gachet-molleret-und-xavier-gachet\/wc-2023-2024-val-martello-indi-women-1-130-1\/\"><img loading=\"lazy\" width=\"1024\" height=\"681\" src=\"https:\/\/www.skimo.at\/sportler\/files\/2024\/02\/wc-2023-2024-val-martello-indi-women-1-130-1-1024x681.jpg\" alt=\"wc 2023 2024 val martello indi women 1 130 1\" data-id=\"18501\" data-full-url=\"https:\/\/www.skimo.at\/sportler\/files\/2024\/02\/wc-2023-2024-val-martello-indi-women-1-130-1.jpg\" data-link=\"https:\/\/www.skimo.at\/sportler\/18413\/podest-fuer-johanna-hiemer-im-martelltal-sieg-fuer-das-franzoesische-paar-axelle-gachet-molleret-und-xavier-gachet\/wc-2023-2024-val-martello-indi-women-1-130-1\/\" class=\"wp-image-18501\" srcset=\"https:\/\/www.skimo.at\/sportler\/files\/2024\/02\/wc-2023-2024-val-martello-indi-women-1-130-1-1024x681.jpg 1024w, https:\/\/www.skimo.at\/sportler\/files\/2024\/02\/wc-2023-2024-val-martello-indi-women-1-130-1-300x200.jpg 300w, https:\/\/www.skimo.at\/sportler\/files\/2024\/02\/wc-2023-2024-val-martello-indi-women-1-130-1-768x511.jpg 768w, https:\/\/www.skimo.at\/sportler\/files\/2024\/02\/wc-2023-2024-val-martello-indi-women-1-130-1-746x497.jpg 746w, https:\/\/www.skimo.at\/sportler\/files\/2024\/02\/wc-2023-2024-val-martello-indi-women-1-130-1-618x412.jpg 618w, https:\/\/www.skimo.at\/sportler\/files\/2024\/02\/wc-2023-2024-val-martello-indi-women-1-130-1-554x369.jpg 554w, https:\/\/www.skimo.at\/sportler\/files\/2024\/02\/wc-2023-2024-val-martello-indi-women-1-130-1-299x199.jpg 299w, https:\/\/www.skimo.at\/sportler\/files\/2024\/02\/wc-2023-2024-val-martello-indi-women-1-130-1-1224x814.jpg 1224w, https:\/\/www.skimo.at\/sportler\/files\/2024\/02\/wc-2023-2024-val-martello-indi-women-1-130-1-970x645.jpg 970w, https:\/\/www.skimo.at\/sportler\/files\/2024\/02\/wc-2023-2024-val-martello-indi-women-1-130-1-140x93.jpg 140w, https:\/\/www.skimo.at\/sportler\/files\/2024\/02\/wc-2023-2024-val-martello-indi-women-1-130-1-540x360.jpg 540w, https:\/\/www.skimo.at\/sportler\/files\/2024\/02\/wc-2023-2024-val-martello-indi-women-1-130-1.jpg 2020w\" sizes=\"(max-width: 1024px) 100vw, 1024px\" \/><\/a><figcaption class=\"blocks-gallery-item__caption\">wc 2023 2024 val martello indi women 1 130 1<\/figcaption><\/figure><\/li><li class=\"blocks-gallery-item\"><figure><a href=\"https:\/\/www.skimo.at\/sportler\/18413\/podest-fuer-johanna-hiemer-im-martelltal-sieg-fuer-das-franzoesische-paar-axelle-gachet-molleret-und-xavier-gachet\/wc-2023-2024-val-martello-indi-women-1-136-1\/\"><img loading=\"lazy\" width=\"1024\" height=\"681\" src=\"https:\/\/www.skimo.at\/sportler\/files\/2024\/02\/wc-2023-2024-val-martello-indi-women-1-136-1-1024x681.jpg\" alt=\"wc 2023 2024 val martello indi women 1 136 1\" data-id=\"18502\" data-full-url=\"https:\/\/www.skimo.at\/sportler\/files\/2024\/02\/wc-2023-2024-val-martello-indi-women-1-136-1.jpg\" data-link=\"https:\/\/www.skimo.at\/sportler\/18413\/podest-fuer-johanna-hiemer-im-martelltal-sieg-fuer-das-franzoesische-paar-axelle-gachet-molleret-und-xavier-gachet\/wc-2023-2024-val-martello-indi-women-1-136-1\/\" class=\"wp-image-18502\" srcset=\"https:\/\/www.skimo.at\/sportler\/files\/2024\/02\/wc-2023-2024-val-martello-indi-women-1-136-1-1024x681.jpg 1024w, https:\/\/www.skimo.at\/sportler\/files\/2024\/02\/wc-2023-2024-val-martello-indi-women-1-136-1-300x200.jpg 300w, https:\/\/www.skimo.at\/sportler\/files\/2024\/02\/wc-2023-2024-val-martello-indi-women-1-136-1-768x511.jpg 768w, https:\/\/www.skimo.at\/sportler\/files\/2024\/02\/wc-2023-2024-val-martello-indi-women-1-136-1-746x497.jpg 746w, https:\/\/www.skimo.at\/sportler\/files\/2024\/02\/wc-2023-2024-val-martello-indi-women-1-136-1-618x412.jpg 618w, https:\/\/www.skimo.at\/sportler\/files\/2024\/02\/wc-2023-2024-val-martello-indi-women-1-136-1-554x369.jpg 554w, https:\/\/www.skimo.at\/sportler\/files\/2024\/02\/wc-2023-2024-val-martello-indi-women-1-136-1-299x199.jpg 299w, https:\/\/www.skimo.at\/sportler\/files\/2024\/02\/wc-2023-2024-val-martello-indi-women-1-136-1-1224x814.jpg 1224w, https:\/\/www.skimo.at\/sportler\/files\/2024\/02\/wc-2023-2024-val-martello-indi-women-1-136-1-970x645.jpg 970w, https:\/\/www.skimo.at\/sportler\/files\/2024\/02\/wc-2023-2024-val-martello-indi-women-1-136-1-140x93.jpg 140w, https:\/\/www.skimo.at\/sportler\/files\/2024\/02\/wc-2023-2024-val-martello-indi-women-1-136-1-540x360.jpg 540w, https:\/\/www.skimo.at\/sportler\/files\/2024\/02\/wc-2023-2024-val-martello-indi-women-1-136-1.jpg 2020w\" sizes=\"(max-width: 1024px) 100vw, 1024px\" \/><\/a><figcaption class=\"blocks-gallery-item__caption\">wc 2023 2024 val martello indi women 1 136 1<\/figcaption><\/figure><\/li><li class=\"blocks-gallery-item\"><figure><a href=\"https:\/\/www.skimo.at\/sportler\/18413\/podest-fuer-johanna-hiemer-im-martelltal-sieg-fuer-das-franzoesische-paar-axelle-gachet-molleret-und-xavier-gachet\/wc-2023-2024-val-martello-indi-women-1-146-1\/\"><img loading=\"lazy\" width=\"1024\" height=\"681\" src=\"https:\/\/www.skimo.at\/sportler\/files\/2024\/02\/wc-2023-2024-val-martello-indi-women-1-146-1-1024x681.jpg\" alt=\"wc 2023 2024 val martello indi women 1 146 1\" data-id=\"18503\" data-full-url=\"https:\/\/www.skimo.at\/sportler\/files\/2024\/02\/wc-2023-2024-val-martello-indi-women-1-146-1.jpg\" data-link=\"https:\/\/www.skimo.at\/sportler\/18413\/podest-fuer-johanna-hiemer-im-martelltal-sieg-fuer-das-franzoesische-paar-axelle-gachet-molleret-und-xavier-gachet\/wc-2023-2024-val-martello-indi-women-1-146-1\/\" class=\"wp-image-18503\" srcset=\"https:\/\/www.skimo.at\/sportler\/files\/2024\/02\/wc-2023-2024-val-martello-indi-women-1-146-1-1024x681.jpg 1024w, https:\/\/www.skimo.at\/sportler\/files\/2024\/02\/wc-2023-2024-val-martello-indi-women-1-146-1-300x200.jpg 300w, https:\/\/www.skimo.at\/sportler\/files\/2024\/02\/wc-2023-2024-val-martello-indi-women-1-146-1-768x511.jpg 768w, https:\/\/www.skimo.at\/sportler\/files\/2024\/02\/wc-2023-2024-val-martello-indi-women-1-146-1-746x497.jpg 746w, https:\/\/www.skimo.at\/sportler\/files\/2024\/02\/wc-2023-2024-val-martello-indi-women-1-146-1-618x412.jpg 618w, https:\/\/www.skimo.at\/sportler\/files\/2024\/02\/wc-2023-2024-val-martello-indi-women-1-146-1-554x369.jpg 554w, https:\/\/www.skimo.at\/sportler\/files\/2024\/02\/wc-2023-2024-val-martello-indi-women-1-146-1-299x199.jpg 299w, https:\/\/www.skimo.at\/sportler\/files\/2024\/02\/wc-2023-2024-val-martello-indi-women-1-146-1-1224x814.jpg 1224w, https:\/\/www.skimo.at\/sportler\/files\/2024\/02\/wc-2023-2024-val-martello-indi-women-1-146-1-970x645.jpg 970w, https:\/\/www.skimo.at\/sportler\/files\/2024\/02\/wc-2023-2024-val-martello-indi-women-1-146-1-140x93.jpg 140w, https:\/\/www.skimo.at\/sportler\/files\/2024\/02\/wc-2023-2024-val-martello-indi-women-1-146-1-540x360.jpg 540w, https:\/\/www.skimo.at\/sportler\/files\/2024\/02\/wc-2023-2024-val-martello-indi-women-1-146-1.jpg 2020w\" sizes=\"(max-width: 1024px) 100vw, 1024px\" \/><\/a><figcaption class=\"blocks-gallery-item__caption\">wc 2023 2024 val martello indi women 1 146 1<\/figcaption><\/figure><\/li><li class=\"blocks-gallery-item\"><figure><a href=\"https:\/\/www.skimo.at\/sportler\/18413\/podest-fuer-johanna-hiemer-im-martelltal-sieg-fuer-das-franzoesische-paar-axelle-gachet-molleret-und-xavier-gachet\/wc-2023-2024-val-martello-indi-women-1-153-1\/\"><img loading=\"lazy\" width=\"1024\" height=\"681\" src=\"https:\/\/www.skimo.at\/sportler\/files\/2024\/02\/wc-2023-2024-val-martello-indi-women-1-153-1-1024x681.jpg\" alt=\"wc 2023 2024 val martello indi women 1 153 1\" data-id=\"18504\" data-full-url=\"https:\/\/www.skimo.at\/sportler\/files\/2024\/02\/wc-2023-2024-val-martello-indi-women-1-153-1.jpg\" data-link=\"https:\/\/www.skimo.at\/sportler\/18413\/podest-fuer-johanna-hiemer-im-martelltal-sieg-fuer-das-franzoesische-paar-axelle-gachet-molleret-und-xavier-gachet\/wc-2023-2024-val-martello-indi-women-1-153-1\/\" class=\"wp-image-18504\" srcset=\"https:\/\/www.skimo.at\/sportler\/files\/2024\/02\/wc-2023-2024-val-martello-indi-women-1-153-1-1024x681.jpg 1024w, https:\/\/www.skimo.at\/sportler\/files\/2024\/02\/wc-2023-2024-val-martello-indi-women-1-153-1-300x200.jpg 300w, https:\/\/www.skimo.at\/sportler\/files\/2024\/02\/wc-2023-2024-val-martello-indi-women-1-153-1-768x511.jpg 768w, https:\/\/www.skimo.at\/sportler\/files\/2024\/02\/wc-2023-2024-val-martello-indi-women-1-153-1-746x497.jpg 746w, https:\/\/www.skimo.at\/sportler\/files\/2024\/02\/wc-2023-2024-val-martello-indi-women-1-153-1-618x412.jpg 618w, https:\/\/www.skimo.at\/sportler\/files\/2024\/02\/wc-2023-2024-val-martello-indi-women-1-153-1-554x369.jpg 554w, https:\/\/www.skimo.at\/sportler\/files\/2024\/02\/wc-2023-2024-val-martello-indi-women-1-153-1-299x199.jpg 299w, https:\/\/www.skimo.at\/sportler\/files\/2024\/02\/wc-2023-2024-val-martello-indi-women-1-153-1-1224x814.jpg 1224w, https:\/\/www.skimo.at\/sportler\/files\/2024\/02\/wc-2023-2024-val-martello-indi-women-1-153-1-970x645.jpg 970w, https:\/\/www.skimo.at\/sportler\/files\/2024\/02\/wc-2023-2024-val-martello-indi-women-1-153-1-140x93.jpg 140w, https:\/\/www.skimo.at\/sportler\/files\/2024\/02\/wc-2023-2024-val-martello-indi-women-1-153-1-540x360.jpg 540w, https:\/\/www.skimo.at\/sportler\/files\/2024\/02\/wc-2023-2024-val-martello-indi-women-1-153-1.jpg 2020w\" sizes=\"(max-width: 1024px) 100vw, 1024px\" \/><\/a><figcaption class=\"blocks-gallery-item__caption\">wc 2023 2024 val martello indi women 1 153 1<\/figcaption><\/figure><\/li><li class=\"blocks-gallery-item\"><figure><a href=\"https:\/\/www.skimo.at\/sportler\/18413\/podest-fuer-johanna-hiemer-im-martelltal-sieg-fuer-das-franzoesische-paar-axelle-gachet-molleret-und-xavier-gachet\/wc-2023-2024-val-martello-indi-women-1-167-1\/\"><img loading=\"lazy\" width=\"1024\" height=\"681\" src=\"https:\/\/www.skimo.at\/sportler\/files\/2024\/02\/wc-2023-2024-val-martello-indi-women-1-167-1-1024x681.jpg\" alt=\"wc 2023 2024 val martello indi women 1 167 1\" data-id=\"18505\" data-full-url=\"https:\/\/www.skimo.at\/sportler\/files\/2024\/02\/wc-2023-2024-val-martello-indi-women-1-167-1.jpg\" data-link=\"https:\/\/www.skimo.at\/sportler\/18413\/podest-fuer-johanna-hiemer-im-martelltal-sieg-fuer-das-franzoesische-paar-axelle-gachet-molleret-und-xavier-gachet\/wc-2023-2024-val-martello-indi-women-1-167-1\/\" class=\"wp-image-18505\" srcset=\"https:\/\/www.skimo.at\/sportler\/files\/2024\/02\/wc-2023-2024-val-martello-indi-women-1-167-1-1024x681.jpg 1024w, https:\/\/www.skimo.at\/sportler\/files\/2024\/02\/wc-2023-2024-val-martello-indi-women-1-167-1-300x200.jpg 300w, https:\/\/www.skimo.at\/sportler\/files\/2024\/02\/wc-2023-2024-val-martello-indi-women-1-167-1-768x511.jpg 768w, https:\/\/www.skimo.at\/sportler\/files\/2024\/02\/wc-2023-2024-val-martello-indi-women-1-167-1-746x497.jpg 746w, https:\/\/www.skimo.at\/sportler\/files\/2024\/02\/wc-2023-2024-val-martello-indi-women-1-167-1-618x412.jpg 618w, https:\/\/www.skimo.at\/sportler\/files\/2024\/02\/wc-2023-2024-val-martello-indi-women-1-167-1-554x369.jpg 554w, https:\/\/www.skimo.at\/sportler\/files\/2024\/02\/wc-2023-2024-val-martello-indi-women-1-167-1-299x199.jpg 299w, https:\/\/www.skimo.at\/sportler\/files\/2024\/02\/wc-2023-2024-val-martello-indi-women-1-167-1-1224x814.jpg 1224w, https:\/\/www.skimo.at\/sportler\/files\/2024\/02\/wc-2023-2024-val-martello-indi-women-1-167-1-970x645.jpg 970w, https:\/\/www.skimo.at\/sportler\/files\/2024\/02\/wc-2023-2024-val-martello-indi-women-1-167-1-140x93.jpg 140w, https:\/\/www.skimo.at\/sportler\/files\/2024\/02\/wc-2023-2024-val-martello-indi-women-1-167-1-540x360.jpg 540w, https:\/\/www.skimo.at\/sportler\/files\/2024\/02\/wc-2023-2024-val-martello-indi-women-1-167-1.jpg 2020w\" sizes=\"(max-width: 1024px) 100vw, 1024px\" \/><\/a><figcaption class=\"blocks-gallery-item__caption\">wc 2023 2024 val martello indi women 1 167 1<\/figcaption><\/figure><\/li><\/ul><\/figure>\n","protected":false},"excerpt":{"rendered":"<p>Ein harter Tag im B\u00fcro heute in Val Martello f\u00fcr das Einzelrennen des ISMF Weltcups endete damit, dass Xavier Gachet (FRA) den Siegeslauf von Remi Bonnet in dieser Saison beendete und den Sieg in einem der bisher anspruchsvollsten Rennen des Jahres errang. Auf der Frauenseite schaffte es Axelle Gachet Mollaret (FRA) nur wenige Monate nach [&hellip;]<\/p>\n","protected":false},"author":3,"featured_media":18418,"comment_status":"closed","ping_status":"closed","sticky":false,"template":"","format":"standard","meta":[],"categories":[1,9,3],"tags":[],"yoast_head":"<!-- This site is optimized with the Yoast SEO plugin v16.3 - https:\/\/yoast.com\/wordpress\/plugins\/seo\/ -->\n<title>Podest f\u00fcr Johanna Hiemer im Martelltal, Sieg f\u00fcr das franz\u00f6sische Paar Axelle Gachet Molleret und Xavier Gachet, - Sportler<\/title>\n<meta name=\"robots\" content=\"index, follow, max-snippet:-1, max-image-preview:large, max-video-preview:-1\" \/>\n<link rel=\"canonical\" href=\"https:\/\/www.skimo.at\/sportler\/18413\/podest-fuer-johanna-hiemer-im-martelltal-sieg-fuer-das-franzoesische-paar-axelle-gachet-molleret-und-xavier-gachet\/\" \/>\n<meta property=\"og:locale\" content=\"de_DE\" \/>\n<meta property=\"og:type\" content=\"article\" \/>\n<meta property=\"og:title\" content=\"Podest f\u00fcr Johanna Hiemer im Martelltal, Sieg f\u00fcr das franz\u00f6sische Paar Axelle Gachet Molleret und Xavier Gachet, - Sportler\" \/>\n<meta property=\"og:description\" content=\"Ein harter Tag im B\u00fcro heute in Val Martello f\u00fcr das Einzelrennen des ISMF Weltcups endete damit, dass Xavier Gachet (FRA) den Siegeslauf von Remi Bonnet in dieser Saison beendete und den Sieg in einem der bisher anspruchsvollsten Rennen des Jahres errang. Auf der Frauenseite schaffte es Axelle Gachet Mollaret (FRA) nur wenige Monate nach [&hellip;]\" \/>\n<meta property=\"og:url\" content=\"https:\/\/www.skimo.at\/sportler\/18413\/podest-fuer-johanna-hiemer-im-martelltal-sieg-fuer-das-franzoesische-paar-axelle-gachet-molleret-und-xavier-gachet\/\" \/>\n<meta property=\"og:site_name\" content=\"Sportler\" \/>\n<meta property=\"article:published_time\" content=\"2024-02-22T14:03:48+00:00\" \/>\n<meta property=\"article:modified_time\" content=\"2024-02-22T21:12:39+00:00\" \/>\n<meta property=\"og:image\" content=\"https:\/\/www.skimo.at\/sportler\/files\/2024\/02\/whatsapp-image-2024-02-23-at-015812.jpg\" \/>\n\t<meta property=\"og:image:width\" content=\"1280\" \/>\n\t<meta property=\"og:image:height\" content=\"853\" \/>\n<meta name=\"twitter:card\" content=\"summary\" \/>\n<meta name=\"twitter:label1\" content=\"Gesch\u00e4tzte Lesezeit\">\n\t<meta name=\"twitter:data1\" content=\"14\u00a0Minuten\">\n<script type=\"application\/ld+json\" class=\"yoast-schema-graph\">{\"@context\":\"https:\/\/schema.org\",\"@graph\":[{\"@type\":\"WebSite\",\"@id\":\"https:\/\/skimo.73.jarolim.eu\/sportler\/#website\",\"url\":\"https:\/\/skimo.73.jarolim.eu\/sportler\/\",\"name\":\"Sportler\",\"description\":\"\",\"potentialAction\":[{\"@type\":\"SearchAction\",\"target\":\"https:\/\/skimo.73.jarolim.eu\/sportler\/?s={search_term_string}\",\"query-input\":\"required name=search_term_string\"}],\"inLanguage\":\"de\"},{\"@type\":\"ImageObject\",\"@id\":\"https:\/\/www.skimo.at\/sportler\/18413\/podest-fuer-johanna-hiemer-im-martelltal-sieg-fuer-das-franzoesische-paar-axelle-gachet-molleret-und-xavier-gachet\/#primaryimage\",\"inLanguage\":\"de\",\"url\":\"https:\/\/www.skimo.at\/sportler\/files\/2024\/02\/whatsapp-image-2024-02-23-at-015812.jpg\",\"contentUrl\":\"https:\/\/www.skimo.at\/sportler\/files\/2024\/02\/whatsapp-image-2024-02-23-at-015812.jpg\",\"width\":1280,\"height\":853,\"caption\":\"whatsapp image 2024 02 23 at 015812\"},{\"@type\":\"WebPage\",\"@id\":\"https:\/\/www.skimo.at\/sportler\/18413\/podest-fuer-johanna-hiemer-im-martelltal-sieg-fuer-das-franzoesische-paar-axelle-gachet-molleret-und-xavier-gachet\/#webpage\",\"url\":\"https:\/\/www.skimo.at\/sportler\/18413\/podest-fuer-johanna-hiemer-im-martelltal-sieg-fuer-das-franzoesische-paar-axelle-gachet-molleret-und-xavier-gachet\/\",\"name\":\"Podest f\\u00fcr Johanna Hiemer im Martelltal, Sieg f\\u00fcr das franz\\u00f6sische Paar Axelle Gachet Molleret und Xavier Gachet, - Sportler\",\"isPartOf\":{\"@id\":\"https:\/\/skimo.73.jarolim.eu\/sportler\/#website\"},\"primaryImageOfPage\":{\"@id\":\"https:\/\/www.skimo.at\/sportler\/18413\/podest-fuer-johanna-hiemer-im-martelltal-sieg-fuer-das-franzoesische-paar-axelle-gachet-molleret-und-xavier-gachet\/#primaryimage\"},\"datePublished\":\"2024-02-22T14:03:48+00:00\",\"dateModified\":\"2024-02-22T21:12:39+00:00\",\"author\":{\"@id\":\"https:\/\/skimo.73.jarolim.eu\/sportler\/#\/schema\/person\/796ecbce6796efca58bf848ca63ec12c\"},\"breadcrumb\":{\"@id\":\"https:\/\/www.skimo.at\/sportler\/18413\/podest-fuer-johanna-hiemer-im-martelltal-sieg-fuer-das-franzoesische-paar-axelle-gachet-molleret-und-xavier-gachet\/#breadcrumb\"},\"inLanguage\":\"de\",\"potentialAction\":[{\"@type\":\"ReadAction\",\"target\":[\"https:\/\/www.skimo.at\/sportler\/18413\/podest-fuer-johanna-hiemer-im-martelltal-sieg-fuer-das-franzoesische-paar-axelle-gachet-molleret-und-xavier-gachet\/\"]}]},{\"@type\":\"BreadcrumbList\",\"@id\":\"https:\/\/www.skimo.at\/sportler\/18413\/podest-fuer-johanna-hiemer-im-martelltal-sieg-fuer-das-franzoesische-paar-axelle-gachet-molleret-und-xavier-gachet\/#breadcrumb\",\"itemListElement\":[{\"@type\":\"ListItem\",\"position\":1,\"item\":{\"@type\":\"WebPage\",\"@id\":\"https:\/\/skimo.73.jarolim.eu\/sportler\/\",\"url\":\"https:\/\/skimo.73.jarolim.eu\/sportler\/\",\"name\":\"Home\"}},{\"@type\":\"ListItem\",\"position\":2,\"item\":{\"@id\":\"https:\/\/www.skimo.at\/sportler\/18413\/podest-fuer-johanna-hiemer-im-martelltal-sieg-fuer-das-franzoesische-paar-axelle-gachet-molleret-und-xavier-gachet\/#webpage\"}}]},{\"@type\":\"Person\",\"@id\":\"https:\/\/skimo.73.jarolim.eu\/sportler\/#\/schema\/person\/796ecbce6796efca58bf848ca63ec12c\",\"name\":\"kposch\",\"image\":{\"@type\":\"ImageObject\",\"@id\":\"https:\/\/skimo.73.jarolim.eu\/sportler\/#personlogo\",\"inLanguage\":\"de\",\"url\":\"https:\/\/secure.gravatar.com\/avatar\/e9f5f28da60e5e563d3f4d3cc0b9b425?s=96&r=g\",\"contentUrl\":\"https:\/\/secure.gravatar.com\/avatar\/e9f5f28da60e5e563d3f4d3cc0b9b425?s=96&r=g\",\"caption\":\"kposch\"},\"url\":\"https:\/\/www.skimo.at\/sportler\/author\/kposch\/\"}]}<\/script>\n<!-- \/ Yoast SEO plugin. -->","_links":{"self":[{"href":"https:\/\/www.skimo.at\/sportler\/wp-json\/wp\/v2\/posts\/18413"}],"collection":[{"href":"https:\/\/www.skimo.at\/sportler\/wp-json\/wp\/v2\/posts"}],"about":[{"href":"https:\/\/www.skimo.at\/sportler\/wp-json\/wp\/v2\/types\/post"}],"author":[{"embeddable":true,"href":"https:\/\/www.skimo.at\/sportler\/wp-json\/wp\/v2\/users\/3"}],"replies":[{"embeddable":true,"href":"https:\/\/www.skimo.at\/sportler\/wp-json\/wp\/v2\/comments?post=18413"}],"version-history":[{"count":9,"href":"https:\/\/www.skimo.at\/sportler\/wp-json\/wp\/v2\/posts\/18413\/revisions"}],"predecessor-version":[{"id":18509,"href":"https:\/\/www.skimo.at\/sportler\/wp-json\/wp\/v2\/posts\/18413\/revisions\/18509"}],"wp:featuredmedia":[{"embeddable":true,"href":"https:\/\/www.skimo.at\/sportler\/wp-json\/wp\/v2\/media\/18418"}],"wp:attachment":[{"href":"https:\/\/www.skimo.at\/sportler\/wp-json\/wp\/v2\/media?parent=18413"}],"wp:term":[{"taxonomy":"category","embeddable":true,"href":"https:\/\/www.skimo.at\/sportler\/wp-json\/wp\/v2\/categories?post=18413"},{"taxonomy":"post_tag","embeddable":true,"href":"https:\/\/www.skimo.at\/sportler\/wp-json\/wp\/v2\/tags?post=18413"}],"curies":[{"name":"wp","href":"https:\/\/api.w.org\/{rel}","templated":true}]}}