{"id":1825,"date":"2014-02-07T18:41:46","date_gmt":"2014-02-07T16:41:46","guid":{"rendered":"http:\/\/www.skimo.at\/sportler\/?p=1825"},"modified":"2021-01-05T18:38:47","modified_gmt":"2021-01-05T16:38:47","slug":"weltcuprennen-la-pitturina-ita-tag-2-sprintbewerb","status":"publish","type":"post","link":"https:\/\/www.skimo.at\/sportler\/1825\/weltcuprennen-la-pitturina-ita-tag-2-sprintbewerb\/","title":{"rendered":"Weltcuprennen La Pitturina (ITA) Tag 2: Sprintbewerb"},"content":{"rendered":"<p>Schon um 9:00 Uhr morgens fiel heute der Startschuss zum ersten Bewerb dieses Weltcup-Wochenendes in Sappada, Italien. Der Sprintbewerb als Auftakt wurde bestens organisiert.<\/p>\n<blockquote><p>\u201eDas war heute wahrscheinlich der beste Sprintwettkampf bisher. Nach einigem Trouble gestern beim Briefing ist heute alles wie am Schn\u00fcrchen gelaufen. Strecke, Ablauf, Zeitnehmung\u2026.alles perfekt.\u201c<\/p>\n<p>Alex Lugger<\/p><\/blockquote>\n<p>Das Ergebnis: 3 Top10 Platzierungen f\u00fcr \u00d6sterreich!<\/p>\n<p>F\u00fcr \u00d6sterreich war heute die gesamte nach Italien gereiste Abordnung am Start: Ina Forchthammer (\u00d6AV Pongau) aus St. Johann\/Salzburg, Veronika Swidrak (Team Sport Schweighofer) aus Radfeld\/Tirol, Martin Wei\u00dfkopf (Venediger Bergf\u00fchrer \u2013 Hoch Tirol) aus Pr\u00e4graten\/Tirol und Philipp Brugger (SV Sistrans) aus Sistrans\/Tirol. Der Sprint wurde per Livestream ins Internet \u00fcbertragen, und so konnten Zuschauer in der ganzen Welt dabei sein, als um 9:00 Uhr die Junioren Damen auf die Strecke gingen.<\/p>\n<p>Ina Forchthammer konnte sich im 2. ca. 5 Minuten dauernden Lauf zun\u00e4chst auf Platz 3 einreihen und bis zur Tragepassage den Medaillenplatz halten. Nach Ihrer Erkrankung war es f\u00fcr sie heute eine schwierige Sache, sich neu einzuordnen. Die taktisch nicht ideale Auswahl des Wechselplatzes und eine schlechte Tragepassage kosteten aber die n\u00f6tigen Sekunden, und so konnten noch 2 Athletinnen an Forchthammer vorbeiziehen. Schlie\u00dflich platzierte sich Forchthammer auf Platz 5 von 6 angetretenen Athletinnen. Der Klassensieg ging an Giulia Compagnoni (ITA) vor Alba de Silvestro (ITA) und Sophie Bolard (SUI).<\/p>\n<blockquote><p>Zum Ihrem Ergebnis sagt Forchthammer: \u201eEin cooles Rennen! Die Abfahrt war recht schwierig, aber das soll eh so sein. Bei der Gehleistung wird\u2019s jetzt wieder besser, aber mit den Spitzenl\u00e4uferinnen kann ich noch nicht mithalten.\u201c<\/p><\/blockquote>\n<p>Als n\u00e4chster ging Philipp Brugger an den Start seines ersten Vorlaufs. Gut eingereiht in seine aus 6 Athleten bestehende Gruppe war f\u00fcr ihn allerdings schnell Schluss. Ein abgerissener Ski-Halteb\u00fcgel machte es unm\u00f6glich, die Tragepassage Regelkonform zu passieren. Entnervt musste Brugger aufgeben.<\/p>\n<p>F\u00fcr Veronika Swidrak war es der erste Weltcupstart seit \u00fcber einem Jahr. Eine schwere Verletzung an der Achillessehne hatte die routinierte Radfelderin zu einer langen Pause gezwungen. Dem entsprechend gro\u00df war der Respekt heute. Gottseidank aber unbegr\u00fcndet! Swidrak lief munter drauflos und erwischte in der Quali einen idealen Lauf, konnte schnurstracks ins Halbfinale einziehen. Dort war zwar nach einem verpatzten Wechsel \u2013 der Ski blieb hinten, Bindung war nicht richtig geschlossen \u2013Ende, doch im Endergebnis reichte es f\u00fcr Platz 8. Siegerin wurde Laetitia Roux (FRA) vor Maude Mathis (SUI) und Melanie Bernier (CAN).<\/p>\n<blockquote><p>Swidrak zu Ihrem Comeback-Rennen: \u201eEin super toller Einstieg zur\u00fcck im Weltcup! Ich hatte gute Beine, nur der Patzer beim Wechsel \u00e4rgert mich. Ich bin aber super zufrieden und motiviert f\u00fcr morgen, muss nur meine Achillessehne a bissl pflegen, die ist n\u00e4mlich nicht ganz so motiviert wie ich.\u201c<\/p><\/blockquote>\n<p>Die beste Tagesleistung brachte heute sicher Martin Wei\u00dfkopf. Auch er katapultierte sich mit einem 2. Rang im Viertelfinale direkt ins Semifinale. Alleine wie er diesen Viertelfinalplatz im direkten Zweikampf mit dem Spanier Marc Pinsach erk\u00e4mpfte, war schon sehenswert. Auch f\u00fcr ihn war leider im Halbfinale Ende, er reihte sich aber zu guter Letzt auf den hervorragenden 9. Platz ein. eine steigende Formkurve und wachsendes Selbstvertrauen bringen Weisskopf immer weiter an die Weltspitze heran. Sieger im Sprint wurde Weltmeister Sepp Rottmoser (GER) vor Teamkollege Toni Palzer (GER) und Wiliam Bon Mardion (FRA).<\/p>\n<blockquote><p>Wei\u00dfkopf zum heutigen Tag: \u201eTop10 ist immer gut! Es war ein verh\u00e4ltnism\u00e4\u00dfig langes Rennen, Stehverm\u00f6gen und Biss waren gefragt. Dass es so gut gelaufen ist, dar\u00fcber freue ich mich total, ich bin voll motiviert f\u00fcr morgen!\u201c<\/p><\/blockquote>\n<h3>Der morgige Tag<\/h3>\n<p>Morgen steht das Individualrennen am Programm. Folgende Details wissen wir schon:<\/p>\n<p><span style=\"text-decoration: underline\">Herren<\/span><\/p>\n<ul>\n<li>1.700 H\u00f6henmeter Auf- und Abstieg<\/li>\n<li>4 Anstiege, 1 Tragepassage<\/li>\n<\/ul>\n<p><span style=\"text-decoration: underline\">Damen und Junioren:<\/span><\/p>\n<ul>\n<li>1.000 H\u00f6henmeter Auf- und Abstieg<\/li>\n<li>3 Anstiege<\/li>\n<\/ul>\n<p>Der Start findet bereits um 9:00 Uhr statt, die Strecke ist im Wesentlichen auf der Originalstrecke geplant, allerdings nur im unteren Bereich. Nach \u00d6sterreich in Kartitsch wird also nicht gegangen! Generell wird\u2019s eher flach sein, aus dem Wald wird wegen der Lawinengefahr nicht hinausgegangen.<br \/>\nDas Wetter ist relativ schlecht mit Schneefall angesagt.<\/p>\n<p>Die Bitte an alle: Daumen halten f\u00fcr unsere Athleten morgen!<\/p>\n","protected":false},"excerpt":{"rendered":"<p>Schon um 9:00 Uhr morgens fiel heute der Startschuss zum ersten Bewerb dieses Weltcup-Wochenendes in Sappada, Italien. Der Sprintbewerb als Auftakt wurde bestens organisiert. \u201eDas war heute wahrscheinlich der beste Sprintwettkampf bisher. Nach einigem Trouble gestern beim Briefing ist heute alles wie am Schn\u00fcrchen gelaufen. Strecke, Ablauf, Zeitnehmung\u2026.alles perfekt.\u201c Alex Lugger Das Ergebnis: 3 Top10 [&hellip;]<\/p>\n","protected":false},"author":3,"featured_media":1849,"comment_status":"closed","ping_status":"closed","sticky":false,"template":"","format":"standard","meta":[],"categories":[1,11,9,3,7],"tags":[],"yoast_head":"<!-- This site is optimized with the Yoast SEO plugin v16.3 - https:\/\/yoast.com\/wordpress\/plugins\/seo\/ -->\n<title>Weltcuprennen La Pitturina (ITA) Tag 2: Sprintbewerb - Sportler<\/title>\n<meta name=\"robots\" content=\"index, follow, max-snippet:-1, max-image-preview:large, max-video-preview:-1\" \/>\n<link rel=\"canonical\" href=\"https:\/\/www.skimo.at\/sportler\/1825\/weltcuprennen-la-pitturina-ita-tag-2-sprintbewerb\/\" \/>\n<meta property=\"og:locale\" content=\"de_DE\" \/>\n<meta property=\"og:type\" content=\"article\" \/>\n<meta property=\"og:title\" content=\"Weltcuprennen La Pitturina (ITA) Tag 2: Sprintbewerb - Sportler\" \/>\n<meta property=\"og:description\" content=\"Schon um 9:00 Uhr morgens fiel heute der Startschuss zum ersten Bewerb dieses Weltcup-Wochenendes in Sappada, Italien. Der Sprintbewerb als Auftakt wurde bestens organisiert. \u201eDas war heute wahrscheinlich der beste Sprintwettkampf bisher. Nach einigem Trouble gestern beim Briefing ist heute alles wie am Schn\u00fcrchen gelaufen. Strecke, Ablauf, Zeitnehmung\u2026.alles perfekt.\u201c Alex Lugger Das Ergebnis: 3 Top10 [&hellip;]\" \/>\n<meta property=\"og:url\" content=\"https:\/\/www.skimo.at\/sportler\/1825\/weltcuprennen-la-pitturina-ita-tag-2-sprintbewerb\/\" \/>\n<meta property=\"og:site_name\" content=\"Sportler\" \/>\n<meta property=\"article:published_time\" content=\"2014-02-07T16:41:46+00:00\" \/>\n<meta property=\"article:modified_time\" content=\"2021-01-05T16:38:47+00:00\" \/>\n<meta property=\"og:image\" content=\"https:\/\/skimo.73.jarolim.eu\/sportler\/files\/2014\/02\/WC-Sappada-Sprint-Ina-Forchthammer-Veronika-Svidrak-134-foto-Alexander-Lugger-LR.jpg\" \/>\n\t<meta property=\"og:image:width\" content=\"1800\" \/>\n\t<meta property=\"og:image:height\" content=\"1200\" \/>\n<meta name=\"twitter:card\" content=\"summary\" \/>\n<meta name=\"twitter:label1\" content=\"Gesch\u00e4tzte Lesezeit\">\n\t<meta name=\"twitter:data1\" content=\"3\u00a0Minuten\">\n<script type=\"application\/ld+json\" class=\"yoast-schema-graph\">{\"@context\":\"https:\/\/schema.org\",\"@graph\":[{\"@type\":\"WebSite\",\"@id\":\"https:\/\/skimo.73.jarolim.eu\/sportler\/#website\",\"url\":\"https:\/\/skimo.73.jarolim.eu\/sportler\/\",\"name\":\"Sportler\",\"description\":\"\",\"potentialAction\":[{\"@type\":\"SearchAction\",\"target\":\"https:\/\/skimo.73.jarolim.eu\/sportler\/?s={search_term_string}\",\"query-input\":\"required name=search_term_string\"}],\"inLanguage\":\"de\"},{\"@type\":\"ImageObject\",\"@id\":\"https:\/\/www.skimo.at\/sportler\/1825\/weltcuprennen-la-pitturina-ita-tag-2-sprintbewerb\/#primaryimage\",\"inLanguage\":\"de\",\"url\":\"https:\/\/www.skimo.at\/sportler\/files\/2014\/02\/WC-Sappada-Sprint-Ina-Forchthammer-Veronika-Svidrak-134-foto-Alexander-Lugger-LR.jpg\",\"contentUrl\":\"https:\/\/www.skimo.at\/sportler\/files\/2014\/02\/WC-Sappada-Sprint-Ina-Forchthammer-Veronika-Svidrak-134-foto-Alexander-Lugger-LR.jpg\",\"width\":1800,\"height\":1200},{\"@type\":\"WebPage\",\"@id\":\"https:\/\/www.skimo.at\/sportler\/1825\/weltcuprennen-la-pitturina-ita-tag-2-sprintbewerb\/#webpage\",\"url\":\"https:\/\/www.skimo.at\/sportler\/1825\/weltcuprennen-la-pitturina-ita-tag-2-sprintbewerb\/\",\"name\":\"Weltcuprennen La Pitturina (ITA) Tag 2: Sprintbewerb - Sportler\",\"isPartOf\":{\"@id\":\"https:\/\/skimo.73.jarolim.eu\/sportler\/#website\"},\"primaryImageOfPage\":{\"@id\":\"https:\/\/www.skimo.at\/sportler\/1825\/weltcuprennen-la-pitturina-ita-tag-2-sprintbewerb\/#primaryimage\"},\"datePublished\":\"2014-02-07T16:41:46+00:00\",\"dateModified\":\"2021-01-05T16:38:47+00:00\",\"author\":{\"@id\":\"https:\/\/skimo.73.jarolim.eu\/sportler\/#\/schema\/person\/796ecbce6796efca58bf848ca63ec12c\"},\"breadcrumb\":{\"@id\":\"https:\/\/www.skimo.at\/sportler\/1825\/weltcuprennen-la-pitturina-ita-tag-2-sprintbewerb\/#breadcrumb\"},\"inLanguage\":\"de\",\"potentialAction\":[{\"@type\":\"ReadAction\",\"target\":[\"https:\/\/www.skimo.at\/sportler\/1825\/weltcuprennen-la-pitturina-ita-tag-2-sprintbewerb\/\"]}]},{\"@type\":\"BreadcrumbList\",\"@id\":\"https:\/\/www.skimo.at\/sportler\/1825\/weltcuprennen-la-pitturina-ita-tag-2-sprintbewerb\/#breadcrumb\",\"itemListElement\":[{\"@type\":\"ListItem\",\"position\":1,\"item\":{\"@type\":\"WebPage\",\"@id\":\"https:\/\/skimo.73.jarolim.eu\/sportler\/\",\"url\":\"https:\/\/skimo.73.jarolim.eu\/sportler\/\",\"name\":\"Home\"}},{\"@type\":\"ListItem\",\"position\":2,\"item\":{\"@id\":\"https:\/\/www.skimo.at\/sportler\/1825\/weltcuprennen-la-pitturina-ita-tag-2-sprintbewerb\/#webpage\"}}]},{\"@type\":\"Person\",\"@id\":\"https:\/\/skimo.73.jarolim.eu\/sportler\/#\/schema\/person\/796ecbce6796efca58bf848ca63ec12c\",\"name\":\"kposch\",\"image\":{\"@type\":\"ImageObject\",\"@id\":\"https:\/\/skimo.73.jarolim.eu\/sportler\/#personlogo\",\"inLanguage\":\"de\",\"url\":\"https:\/\/secure.gravatar.com\/avatar\/e9f5f28da60e5e563d3f4d3cc0b9b425?s=96&r=g\",\"contentUrl\":\"https:\/\/secure.gravatar.com\/avatar\/e9f5f28da60e5e563d3f4d3cc0b9b425?s=96&r=g\",\"caption\":\"kposch\"},\"url\":\"https:\/\/www.skimo.at\/sportler\/author\/kposch\/\"}]}<\/script>\n<!-- \/ Yoast SEO plugin. -->","_links":{"self":[{"href":"https:\/\/www.skimo.at\/sportler\/wp-json\/wp\/v2\/posts\/1825"}],"collection":[{"href":"https:\/\/www.skimo.at\/sportler\/wp-json\/wp\/v2\/posts"}],"about":[{"href":"https:\/\/www.skimo.at\/sportler\/wp-json\/wp\/v2\/types\/post"}],"author":[{"embeddable":true,"href":"https:\/\/www.skimo.at\/sportler\/wp-json\/wp\/v2\/users\/3"}],"replies":[{"embeddable":true,"href":"https:\/\/www.skimo.at\/sportler\/wp-json\/wp\/v2\/comments?post=1825"}],"version-history":[{"count":4,"href":"https:\/\/www.skimo.at\/sportler\/wp-json\/wp\/v2\/posts\/1825\/revisions"}],"predecessor-version":[{"id":15614,"href":"https:\/\/www.skimo.at\/sportler\/wp-json\/wp\/v2\/posts\/1825\/revisions\/15614"}],"wp:featuredmedia":[{"embeddable":true,"href":"https:\/\/www.skimo.at\/sportler\/wp-json\/wp\/v2\/media\/1849"}],"wp:attachment":[{"href":"https:\/\/www.skimo.at\/sportler\/wp-json\/wp\/v2\/media?parent=1825"}],"wp:term":[{"taxonomy":"category","embeddable":true,"href":"https:\/\/www.skimo.at\/sportler\/wp-json\/wp\/v2\/categories?post=1825"},{"taxonomy":"post_tag","embeddable":true,"href":"https:\/\/www.skimo.at\/sportler\/wp-json\/wp\/v2\/tags?post=1825"}],"curies":[{"name":"wp","href":"https:\/\/api.w.org\/{rel}","templated":true}]}}