{"id":1817,"date":"2014-02-06T23:01:11","date_gmt":"2014-02-06T21:01:11","guid":{"rendered":"http:\/\/www.skimo.at\/sportler\/?p=1817"},"modified":"2014-02-06T23:01:28","modified_gmt":"2014-02-06T21:01:28","slug":"weltcuprennen-la-pitturina-ita-tag-1-anreise-briefing","status":"publish","type":"post","link":"https:\/\/www.skimo.at\/sportler\/1817\/weltcuprennen-la-pitturina-ita-tag-1-anreise-briefing\/","title":{"rendered":"Weltcuprennen La Pitturina (ITA) Tag 1: Anreise &amp; Briefing"},"content":{"rendered":"<p>F\u00fcr das \u00d6sterreichische Nationalteam im Wettkampf-Skibergsteigen steht der dritte Weltcupeinsatz bevor. Am kommenden Wochenende trifft sich die internationale Elite in Sappada\/Val Comelico (ITA) zur dritten Station des ISMF Weltcups 2014.<\/p>\n<p>Der ISMF Weltcup Zirkus im Skibergsteigen macht das erste Mal hier Halt. Eigentlich war das Weltcupwochenende bereits letzte Woche eingeplant, aufgrund der enorm starken Schneef\u00e4lle und mehreren Stra\u00dfensperren, musste das Organisationsteam die Veranstaltung um eine Woche verschieben. Von 7. bis 8.2.2014 steht den zwei Weltcupbewerben aber nichts mehr im Wege, das Programm kann wie geplant durchgef\u00fchrt werden. Die Organisatoren in Sappada haben bewiesen, dass sie auch unter extremen Bedingungen hervorragende Arbeit leisten. Besonders wichtig ist diese Tatsache deshalb, weil Beobachter des IOC mit Argusaugen \u00fcber die Veranstaltung wachen\u2026.noch in Sochi soll ja \u00fcber die Aufnahme der ISMF als \u201eOlympic Federation\u201c entschieden werden.<\/p>\n<p>Das Sprint Race wird am Freitag, 7.2.2014 ausgetragen, das Individual Race (Aufstieg und Abfahrt im freien Gel\u00e4nde) findet am Samstag, 8.2.2014 statt. In gro\u00dfen Schritten geht es nun bereits in Richtung Europameisterschaft, welche nur eine Woche sp\u00e4ter in Andorra stattfindet. Der Weltcup in Italien ist die letzte gro\u00dfe Leistungs\u00fcberpr\u00fcfung vor dem Gro\u00dfevent.<\/p>\n<p>Am Start des Sprint und Individual Rennens werden vier Athleten der \u00f6sterreichischen Nationalmannschaft sein: die Tiroler Martin Wei\u00dfkopf (Pr\u00e4graten), Philipp Brugger (Sistrans) und Veronika Swidrak (Reith i. Alpbachtal), sowie die Salzburgerin Ina Forchthammer (St. Johann\/Pg.) in der Juniorenklasse.<\/p>\n<p>Topathlet Martin Wei\u00dfkopf zur Situation vor Ort: \u201eDie Verschiebung um eine Woche ist f\u00fcr uns \u00d6sterreicher nicht optimal gewesen, denn daheim w\u00fcrde gerade die \u00d6sterreichische Meisterschaft stattfinden, bei der wir nat\u00fcrlich auch gerne mit dabei gewesen w\u00e4ren. Aber im Hinblick auf eine gute Gesamtplatzierung im Weltcup hei\u00dft es f\u00fcr uns hier ordentlich Gas geben. Es werden sicher spannende und interessante Rennen, vor allem auch, weil die Gegend nun wirklich sehr, sehr schneereich ist\u201c, spricht Wei\u00dfkopf seinen Teamkollegen aus der Seele. Ein Teil der Individualstrecke f\u00fchrt die Weltcupathleten sogar \u00fcber die \u00f6sterreichische Grenze nach Kartitsch\/Osttirol, somit betreten seit dem Weltcuprennen 2009 am Dachstein erstmals wieder internationalen Skibergsteiger gesammelt \u00f6sterreichischen Boden.<\/p>\n<p>\u00dcbrigens: das verlassen des \u00d6sterreichischen Bodens war heute gar nicht so einfach f\u00fcr unsere Athleten. Durch diverse Stra\u00dfensperren mussten mit dem vom \u00d6SV zur Verf\u00fcgung gestellten Teambus riesige Umwege gefahren werden. Von der Landschaft kann man momentan in der Gegend sowieso sehr wenig sehen, zu hoch sind die seitlichen Schneew\u00e4nde J. In Sappada selbst liegen derzeit rund 1,5 Meter, nachdem es die 2 Meter etwas zusammengeregnet hat. Insgesamt ist es eher warm und nass.<\/p>\n<p>&nbsp;<\/p>\n<p>Die heutige Er\u00f6ffnungszeremonie mit Startnummernvergabe war gut organisiert. Nicht hoch genug kann man den gro\u00dfen Einsatz des OK vor Ort einsch\u00e4tzen: trotz nun bereits 2w\u00f6chigem Dauerkampf gegen die Schneemassen sind immer noch alle fr\u00f6hlich und voller Energie. Morgen startet um 9:00 Uhr der Sprintbewerb mit Ina Forchthammer, sie startet mit weiteren 5 Junior-Damen direkt ins Finale\u2026und da ist alles m\u00f6glich.<\/p>\n<p>Um 10:30 beginnen die Qualirennen von Damen und Herren. Bei den Damen treten 22 Athletinnen an, bei den Herren sind es 53. W\u00e4hrend damti f\u00fcr Veronika Swidrak ein Halbfinaleplatz schon gesichert ist, ist bei so vielen Top-Startern erstes Ziel, die Quali zu \u00fcberstehen. Die Startzeiten der \u00d6sterreichischen Seniors: Philipp Brugger 10:07 Uhr, Martin Wei\u00dfkopf 10:17 Uhr, Veronika Swidrak 10:23 Uhr. Um 11:55 werden die Finall\u00e4ufe \u00fcber die B\u00fchne gehen, danach wissen wir mehr.<\/p>\n<p>&nbsp;<\/p>\n<p>Die in \u00d6sterreich verbliebenen Nationalteammitglieder sind am Sonntag, 9.2.2014 gesammelt in Salzburg zu finden. Im Zuge der Erztrophy Bischofshofen wird der\/die \u00d6sterreichische Meister\/in ermittelt.<\/p>\n<p>Es verspricht auf jeden Fall ein spannendes Rennwochenende zu werden. In K\u00fcrze werden wir mehr dar\u00fcber wissen, wie sich die \u00f6sterreichischen Athleten im internationalen Konkurrenzkampf schlagen werden bzw. wer sich bald \u00d6sterreichische\/r Meister\/in nennen darf. Auf der Facebook-Seite des ASKIMO gibt\u2019s nat\u00fcrlich wie immer laufende Berichte.<\/p>\n","protected":false},"excerpt":{"rendered":"<p>F\u00fcr das \u00d6sterreichische Nationalteam im Wettkampf-Skibergsteigen steht der dritte Weltcupeinsatz bevor. Am kommenden Wochenende trifft sich die internationale Elite in Sappada\/Val Comelico (ITA) zur dritten Station des ISMF Weltcups 2014. Der ISMF Weltcup Zirkus im Skibergsteigen macht das erste Mal hier Halt. Eigentlich war das Weltcupwochenende bereits letzte Woche eingeplant, aufgrund der enorm starken Schneef\u00e4lle [&hellip;]<\/p>\n","protected":false},"author":3,"featured_media":1820,"comment_status":"closed","ping_status":"closed","sticky":false,"template":"","format":"standard","meta":[],"categories":[1,11,3,7],"tags":[21,20,18,13,19,22,23,17,16,15,14],"yoast_head":"<!-- This site is optimized with the Yoast SEO plugin v16.3 - https:\/\/yoast.com\/wordpress\/plugins\/seo\/ -->\n<title>Weltcuprennen La Pitturina (ITA) Tag 1: Anreise &amp; Briefing - Sportler<\/title>\n<meta name=\"robots\" content=\"index, follow, max-snippet:-1, max-image-preview:large, max-video-preview:-1\" \/>\n<link rel=\"canonical\" href=\"https:\/\/www.skimo.at\/sportler\/1817\/weltcuprennen-la-pitturina-ita-tag-1-anreise-briefing\/\" \/>\n<meta property=\"og:locale\" content=\"de_DE\" \/>\n<meta property=\"og:type\" content=\"article\" \/>\n<meta property=\"og:title\" content=\"Weltcuprennen La Pitturina (ITA) Tag 1: Anreise &amp; Briefing - Sportler\" \/>\n<meta property=\"og:description\" content=\"F\u00fcr das \u00d6sterreichische Nationalteam im Wettkampf-Skibergsteigen steht der dritte Weltcupeinsatz bevor. Am kommenden Wochenende trifft sich die internationale Elite in Sappada\/Val Comelico (ITA) zur dritten Station des ISMF Weltcups 2014. Der ISMF Weltcup Zirkus im Skibergsteigen macht das erste Mal hier Halt. Eigentlich war das Weltcupwochenende bereits letzte Woche eingeplant, aufgrund der enorm starken Schneef\u00e4lle [&hellip;]\" \/>\n<meta property=\"og:url\" content=\"https:\/\/www.skimo.at\/sportler\/1817\/weltcuprennen-la-pitturina-ita-tag-1-anreise-briefing\/\" \/>\n<meta property=\"og:site_name\" content=\"Sportler\" \/>\n<meta property=\"article:published_time\" content=\"2014-02-06T21:01:11+00:00\" \/>\n<meta property=\"article:modified_time\" content=\"2014-02-06T21:01:28+00:00\" \/>\n<meta property=\"og:image\" content=\"https:\/\/skimo.73.jarolim.eu\/sportler\/files\/2014\/02\/WCSappada-_-Anreise-1-_-Bild-Alexander-Lugger-_-LR.jpg\" \/>\n\t<meta property=\"og:image:width\" content=\"640\" \/>\n\t<meta property=\"og:image:height\" content=\"428\" \/>\n<meta name=\"twitter:card\" content=\"summary\" \/>\n<meta name=\"twitter:label1\" content=\"Gesch\u00e4tzte Lesezeit\">\n\t<meta name=\"twitter:data1\" content=\"3\u00a0Minuten\">\n<script type=\"application\/ld+json\" class=\"yoast-schema-graph\">{\"@context\":\"https:\/\/schema.org\",\"@graph\":[{\"@type\":\"WebSite\",\"@id\":\"https:\/\/skimo.73.jarolim.eu\/sportler\/#website\",\"url\":\"https:\/\/skimo.73.jarolim.eu\/sportler\/\",\"name\":\"Sportler\",\"description\":\"\",\"potentialAction\":[{\"@type\":\"SearchAction\",\"target\":\"https:\/\/skimo.73.jarolim.eu\/sportler\/?s={search_term_string}\",\"query-input\":\"required name=search_term_string\"}],\"inLanguage\":\"de\"},{\"@type\":\"ImageObject\",\"@id\":\"https:\/\/www.skimo.at\/sportler\/1817\/weltcuprennen-la-pitturina-ita-tag-1-anreise-briefing\/#primaryimage\",\"inLanguage\":\"de\",\"url\":\"https:\/\/www.skimo.at\/sportler\/files\/2014\/02\/WCSappada-_-Anreise-1-_-Bild-Alexander-Lugger-_-LR.jpg\",\"contentUrl\":\"https:\/\/www.skimo.at\/sportler\/files\/2014\/02\/WCSappada-_-Anreise-1-_-Bild-Alexander-Lugger-_-LR.jpg\",\"width\":640,\"height\":428},{\"@type\":\"WebPage\",\"@id\":\"https:\/\/www.skimo.at\/sportler\/1817\/weltcuprennen-la-pitturina-ita-tag-1-anreise-briefing\/#webpage\",\"url\":\"https:\/\/www.skimo.at\/sportler\/1817\/weltcuprennen-la-pitturina-ita-tag-1-anreise-briefing\/\",\"name\":\"Weltcuprennen La Pitturina (ITA) Tag 1: Anreise &amp; Briefing - Sportler\",\"isPartOf\":{\"@id\":\"https:\/\/skimo.73.jarolim.eu\/sportler\/#website\"},\"primaryImageOfPage\":{\"@id\":\"https:\/\/www.skimo.at\/sportler\/1817\/weltcuprennen-la-pitturina-ita-tag-1-anreise-briefing\/#primaryimage\"},\"datePublished\":\"2014-02-06T21:01:11+00:00\",\"dateModified\":\"2014-02-06T21:01:28+00:00\",\"author\":{\"@id\":\"https:\/\/skimo.73.jarolim.eu\/sportler\/#\/schema\/person\/796ecbce6796efca58bf848ca63ec12c\"},\"breadcrumb\":{\"@id\":\"https:\/\/www.skimo.at\/sportler\/1817\/weltcuprennen-la-pitturina-ita-tag-1-anreise-briefing\/#breadcrumb\"},\"inLanguage\":\"de\",\"potentialAction\":[{\"@type\":\"ReadAction\",\"target\":[\"https:\/\/www.skimo.at\/sportler\/1817\/weltcuprennen-la-pitturina-ita-tag-1-anreise-briefing\/\"]}]},{\"@type\":\"BreadcrumbList\",\"@id\":\"https:\/\/www.skimo.at\/sportler\/1817\/weltcuprennen-la-pitturina-ita-tag-1-anreise-briefing\/#breadcrumb\",\"itemListElement\":[{\"@type\":\"ListItem\",\"position\":1,\"item\":{\"@type\":\"WebPage\",\"@id\":\"https:\/\/skimo.73.jarolim.eu\/sportler\/\",\"url\":\"https:\/\/skimo.73.jarolim.eu\/sportler\/\",\"name\":\"Home\"}},{\"@type\":\"ListItem\",\"position\":2,\"item\":{\"@id\":\"https:\/\/www.skimo.at\/sportler\/1817\/weltcuprennen-la-pitturina-ita-tag-1-anreise-briefing\/#webpage\"}}]},{\"@type\":\"Person\",\"@id\":\"https:\/\/skimo.73.jarolim.eu\/sportler\/#\/schema\/person\/796ecbce6796efca58bf848ca63ec12c\",\"name\":\"kposch\",\"image\":{\"@type\":\"ImageObject\",\"@id\":\"https:\/\/skimo.73.jarolim.eu\/sportler\/#personlogo\",\"inLanguage\":\"de\",\"url\":\"https:\/\/secure.gravatar.com\/avatar\/e9f5f28da60e5e563d3f4d3cc0b9b425?s=96&r=g\",\"contentUrl\":\"https:\/\/secure.gravatar.com\/avatar\/e9f5f28da60e5e563d3f4d3cc0b9b425?s=96&r=g\",\"caption\":\"kposch\"},\"url\":\"https:\/\/www.skimo.at\/sportler\/author\/kposch\/\"}]}<\/script>\n<!-- \/ Yoast SEO plugin. -->","_links":{"self":[{"href":"https:\/\/www.skimo.at\/sportler\/wp-json\/wp\/v2\/posts\/1817"}],"collection":[{"href":"https:\/\/www.skimo.at\/sportler\/wp-json\/wp\/v2\/posts"}],"about":[{"href":"https:\/\/www.skimo.at\/sportler\/wp-json\/wp\/v2\/types\/post"}],"author":[{"embeddable":true,"href":"https:\/\/www.skimo.at\/sportler\/wp-json\/wp\/v2\/users\/3"}],"replies":[{"embeddable":true,"href":"https:\/\/www.skimo.at\/sportler\/wp-json\/wp\/v2\/comments?post=1817"}],"version-history":[{"count":3,"href":"https:\/\/www.skimo.at\/sportler\/wp-json\/wp\/v2\/posts\/1817\/revisions"}],"predecessor-version":[{"id":1824,"href":"https:\/\/www.skimo.at\/sportler\/wp-json\/wp\/v2\/posts\/1817\/revisions\/1824"}],"wp:featuredmedia":[{"embeddable":true,"href":"https:\/\/www.skimo.at\/sportler\/wp-json\/wp\/v2\/media\/1820"}],"wp:attachment":[{"href":"https:\/\/www.skimo.at\/sportler\/wp-json\/wp\/v2\/media?parent=1817"}],"wp:term":[{"taxonomy":"category","embeddable":true,"href":"https:\/\/www.skimo.at\/sportler\/wp-json\/wp\/v2\/categories?post=1817"},{"taxonomy":"post_tag","embeddable":true,"href":"https:\/\/www.skimo.at\/sportler\/wp-json\/wp\/v2\/tags?post=1817"}],"curies":[{"name":"wp","href":"https:\/\/api.w.org\/{rel}","templated":true}]}}