{"id":1812,"date":"2014-01-29T21:38:19","date_gmt":"2014-01-29T19:38:19","guid":{"rendered":"http:\/\/www.skimo.at\/sportler\/?p=1812"},"modified":"2014-01-29T22:15:11","modified_gmt":"2014-01-29T20:15:11","slug":"ismf-weltcuprennen-la-pitturina-verschoben","status":"publish","type":"post","link":"https:\/\/www.skimo.at\/sportler\/1812\/ismf-weltcuprennen-la-pitturina-verschoben\/","title":{"rendered":"ISMF Weltcuprennen La Pitturina verschoben"},"content":{"rendered":"<p>Schlechte Nachrichten erreichen uns soeben aus Italien. Das &#8222;La Pitturina&#8220; \u00a0Weltcuprennen, das f\u00fcr kommendes Wochenende unmittelbar inter der \u00d6sterreichischen Grenze in Kartitsch geplant war, muss verschoben werden. Die \u00f6rtliche Verwaltung in Sappada hat aufgrund der vorhergesagten schweren Schneef\u00e4lle (mit einer Lawinenwarnstufe 5) angek\u00fcndigt, auch Stra\u00dfen zu sperren. Die Durchf\u00fchrung des Rennens ist damit nicht nur aus Sicherheitsgr\u00fcnden riskant, sondern auch aus logistischen Gr\u00fcnden unm\u00f6glich.<\/p>\n<p>Die Rennen in Sprint (geplant f\u00fcr Freitag) und Individual (geplant f\u00fcr Sonntag) werden um eine Woche verschoben (7. &#8211; 9.2.2014). Wie wir im \u00d6sterreichischen Nationalteam damit umgehen ist noch nicht klar, denn am 9.2.2014 ist die \u00d6M Individual in Bischofshofen (Erztrophy) geplant.<\/p>\n<p>Details folgen!<\/p>\n<p>Hier <a href=\"http:\/\/www.lapitturina.it\/\">der Link zur Webseite des Veranstalters.<\/a><\/p>\n","protected":false},"excerpt":{"rendered":"<p>Schlechte Nachrichten erreichen uns soeben aus Italien. Das &#8222;La Pitturina&#8220; \u00a0Weltcuprennen, das f\u00fcr kommendes Wochenende unmittelbar inter der \u00d6sterreichischen Grenze in Kartitsch geplant war, muss verschoben werden. Die \u00f6rtliche Verwaltung in Sappada hat aufgrund der vorhergesagten schweren Schneef\u00e4lle (mit einer Lawinenwarnstufe 5) angek\u00fcndigt, auch Stra\u00dfen zu sperren. Die Durchf\u00fchrung des Rennens ist damit nicht nur [&hellip;]<\/p>\n","protected":false},"author":3,"featured_media":0,"comment_status":"closed","ping_status":"closed","sticky":false,"template":"","format":"standard","meta":[],"categories":[1,11,3,7],"tags":[],"yoast_head":"<!-- This site is optimized with the Yoast SEO plugin v16.3 - https:\/\/yoast.com\/wordpress\/plugins\/seo\/ -->\n<title>ISMF Weltcuprennen La Pitturina verschoben - Sportler<\/title>\n<meta name=\"robots\" content=\"index, follow, max-snippet:-1, max-image-preview:large, max-video-preview:-1\" \/>\n<link rel=\"canonical\" href=\"https:\/\/www.skimo.at\/sportler\/1812\/ismf-weltcuprennen-la-pitturina-verschoben\/\" \/>\n<meta property=\"og:locale\" content=\"de_DE\" \/>\n<meta property=\"og:type\" content=\"article\" \/>\n<meta property=\"og:title\" content=\"ISMF Weltcuprennen La Pitturina verschoben - Sportler\" \/>\n<meta property=\"og:description\" content=\"Schlechte Nachrichten erreichen uns soeben aus Italien. Das &#8222;La Pitturina&#8220; \u00a0Weltcuprennen, das f\u00fcr kommendes Wochenende unmittelbar inter der \u00d6sterreichischen Grenze in Kartitsch geplant war, muss verschoben werden. Die \u00f6rtliche Verwaltung in Sappada hat aufgrund der vorhergesagten schweren Schneef\u00e4lle (mit einer Lawinenwarnstufe 5) angek\u00fcndigt, auch Stra\u00dfen zu sperren. Die Durchf\u00fchrung des Rennens ist damit nicht nur [&hellip;]\" \/>\n<meta property=\"og:url\" content=\"https:\/\/www.skimo.at\/sportler\/1812\/ismf-weltcuprennen-la-pitturina-verschoben\/\" \/>\n<meta property=\"og:site_name\" content=\"Sportler\" \/>\n<meta property=\"article:published_time\" content=\"2014-01-29T19:38:19+00:00\" \/>\n<meta property=\"article:modified_time\" content=\"2014-01-29T20:15:11+00:00\" \/>\n<meta name=\"twitter:card\" content=\"summary\" \/>\n<meta name=\"twitter:label1\" content=\"Gesch\u00e4tzte Lesezeit\">\n\t<meta name=\"twitter:data1\" content=\"1\u00a0Minute\">\n<script type=\"application\/ld+json\" class=\"yoast-schema-graph\">{\"@context\":\"https:\/\/schema.org\",\"@graph\":[{\"@type\":\"WebSite\",\"@id\":\"https:\/\/skimo.73.jarolim.eu\/sportler\/#website\",\"url\":\"https:\/\/skimo.73.jarolim.eu\/sportler\/\",\"name\":\"Sportler\",\"description\":\"\",\"potentialAction\":[{\"@type\":\"SearchAction\",\"target\":\"https:\/\/skimo.73.jarolim.eu\/sportler\/?s={search_term_string}\",\"query-input\":\"required name=search_term_string\"}],\"inLanguage\":\"de\"},{\"@type\":\"WebPage\",\"@id\":\"https:\/\/www.skimo.at\/sportler\/1812\/ismf-weltcuprennen-la-pitturina-verschoben\/#webpage\",\"url\":\"https:\/\/www.skimo.at\/sportler\/1812\/ismf-weltcuprennen-la-pitturina-verschoben\/\",\"name\":\"ISMF Weltcuprennen La Pitturina verschoben - Sportler\",\"isPartOf\":{\"@id\":\"https:\/\/skimo.73.jarolim.eu\/sportler\/#website\"},\"datePublished\":\"2014-01-29T19:38:19+00:00\",\"dateModified\":\"2014-01-29T20:15:11+00:00\",\"author\":{\"@id\":\"https:\/\/skimo.73.jarolim.eu\/sportler\/#\/schema\/person\/796ecbce6796efca58bf848ca63ec12c\"},\"breadcrumb\":{\"@id\":\"https:\/\/www.skimo.at\/sportler\/1812\/ismf-weltcuprennen-la-pitturina-verschoben\/#breadcrumb\"},\"inLanguage\":\"de\",\"potentialAction\":[{\"@type\":\"ReadAction\",\"target\":[\"https:\/\/www.skimo.at\/sportler\/1812\/ismf-weltcuprennen-la-pitturina-verschoben\/\"]}]},{\"@type\":\"BreadcrumbList\",\"@id\":\"https:\/\/www.skimo.at\/sportler\/1812\/ismf-weltcuprennen-la-pitturina-verschoben\/#breadcrumb\",\"itemListElement\":[{\"@type\":\"ListItem\",\"position\":1,\"item\":{\"@type\":\"WebPage\",\"@id\":\"https:\/\/skimo.73.jarolim.eu\/sportler\/\",\"url\":\"https:\/\/skimo.73.jarolim.eu\/sportler\/\",\"name\":\"Home\"}},{\"@type\":\"ListItem\",\"position\":2,\"item\":{\"@id\":\"https:\/\/www.skimo.at\/sportler\/1812\/ismf-weltcuprennen-la-pitturina-verschoben\/#webpage\"}}]},{\"@type\":\"Person\",\"@id\":\"https:\/\/skimo.73.jarolim.eu\/sportler\/#\/schema\/person\/796ecbce6796efca58bf848ca63ec12c\",\"name\":\"kposch\",\"image\":{\"@type\":\"ImageObject\",\"@id\":\"https:\/\/skimo.73.jarolim.eu\/sportler\/#personlogo\",\"inLanguage\":\"de\",\"url\":\"https:\/\/secure.gravatar.com\/avatar\/e9f5f28da60e5e563d3f4d3cc0b9b425?s=96&r=g\",\"contentUrl\":\"https:\/\/secure.gravatar.com\/avatar\/e9f5f28da60e5e563d3f4d3cc0b9b425?s=96&r=g\",\"caption\":\"kposch\"},\"url\":\"https:\/\/www.skimo.at\/sportler\/author\/kposch\/\"}]}<\/script>\n<!-- \/ Yoast SEO plugin. -->","_links":{"self":[{"href":"https:\/\/www.skimo.at\/sportler\/wp-json\/wp\/v2\/posts\/1812"}],"collection":[{"href":"https:\/\/www.skimo.at\/sportler\/wp-json\/wp\/v2\/posts"}],"about":[{"href":"https:\/\/www.skimo.at\/sportler\/wp-json\/wp\/v2\/types\/post"}],"author":[{"embeddable":true,"href":"https:\/\/www.skimo.at\/sportler\/wp-json\/wp\/v2\/users\/3"}],"replies":[{"embeddable":true,"href":"https:\/\/www.skimo.at\/sportler\/wp-json\/wp\/v2\/comments?post=1812"}],"version-history":[{"count":2,"href":"https:\/\/www.skimo.at\/sportler\/wp-json\/wp\/v2\/posts\/1812\/revisions"}],"predecessor-version":[{"id":1815,"href":"https:\/\/www.skimo.at\/sportler\/wp-json\/wp\/v2\/posts\/1812\/revisions\/1815"}],"wp:attachment":[{"href":"https:\/\/www.skimo.at\/sportler\/wp-json\/wp\/v2\/media?parent=1812"}],"wp:term":[{"taxonomy":"category","embeddable":true,"href":"https:\/\/www.skimo.at\/sportler\/wp-json\/wp\/v2\/categories?post=1812"},{"taxonomy":"post_tag","embeddable":true,"href":"https:\/\/www.skimo.at\/sportler\/wp-json\/wp\/v2\/tags?post=1812"}],"curies":[{"name":"wp","href":"https:\/\/api.w.org\/{rel}","templated":true}]}}