{"id":1787,"date":"2014-01-26T19:04:35","date_gmt":"2014-01-26T17:04:35","guid":{"rendered":"http:\/\/www.skimo.at\/sportler\/?p=1787"},"modified":"2021-01-05T18:36:35","modified_gmt":"2021-01-05T16:36:35","slug":"weltcup-courchevel-tag-3-vertical-race-sekundenkrimi-und-spitzenplatz-fuer-oesterreich","status":"publish","type":"post","link":"https:\/\/www.skimo.at\/sportler\/1787\/weltcup-courchevel-tag-3-vertical-race-sekundenkrimi-und-spitzenplatz-fuer-oesterreich\/","title":{"rendered":"Weltcup Courchevel Tag 3, Vertical Race: Sekundenkrimi und Spitzenplatz f\u00fcr \u00d6sterreich"},"content":{"rendered":"<p>Im \u201eSekundenkrimi\u201c des Weltcup Vertical Races in Courchevel (FRA) konnte sich der 20-j\u00e4hrige Vorarlberger Daniel Zugg erfolgreich gegen seine Konkurrenz durchsetzen. Er lieferte ein sensationelles Rennen und beendete die Espoirklasse als F\u00fcnfter, mit nur 48 Sekunden R\u00fcckstand auf den dritten Rang.<br \/>\nNach dem gestrigen Individual Race, in dem sich f\u00fcr Daniel Zugg zwar ein 10. Rang in der Espoirklasse ausging, er selber aber mit seiner Leistung nicht ganz zufrieden war, hie\u00df es heute: neuer Tag und neues Rennen. Und das ist dem jungen Vorarlberger perfekt aufgegangen!<\/p>\n<p>Das heutige Vertical Race war mit 500 zu bew\u00e4ltigenden H\u00f6henmetern ein kurzes und schnelles Rennen mit sehr geringen Zeitabst\u00e4nden zwischen den Athleten. Die Zeitdifferenz zwischen den drei Erstplatzierten bei den Herren betrug lediglich 9 (!) Sekunden (Gleich wie beim Achensee Rofanaufstieg! J). Der Sieg im heutigen Rennen ging an den Italiener Damiano Lenzi vor seinem Landsmann und Gewinner von gestern, Robert Antonioli, und auf Rang 3 finishte Matheo Jacquemoud (FRA). Auf Rang 4 bereits Toni Palzer (GER), der damit nicht nur bei den Herren allgemein eine gewaltige Zeit mit nur 16 Sekunden R\u00fcckstand erreichte, sondern sich damit nat\u00fcrlich auch wieder den Sieg in der Espoirklasse wie bereits gestern haushoch sicherte.<br \/>\nAls f\u00fcnfter der Espoirklasse und dementsprechend gut gelaunt zeigt sich der St. Gallenkircher Daniel Zugg nach dem Rennen:<\/p>\n<blockquote><p>\u201eIn meinem ersten Vertical Race im Weltcup einen TopFive Rang zu erreichen ist nat\u00fcrlich gewaltig. Ich habe heute einfach alles gegeben, mit einem solchen Ergebnis belohnt zu werden freut mich wirklich sehr.\u201c<\/p><\/blockquote>\n<p>Martin Wei\u00dfkopf, der zweite \u00d6sterreicher vor Ort konnte sich heute auf Rang 33 einreihen. Josef Rottmoser (GER) darf mit einem 17. Rang im sehr stark besetzten Feld mit knappen Abst\u00e4nden heute auch recht zufrieden sein.<\/p>\n<p>Bei den Damen ging der Sieg einmal mehr an Laetitia Roux (FRA) vor Maude Mathys (SUI) und Sophie Dusautoir Bertrand (AND).<\/p>\n<p>Nach diesem erfolgreichen Weltcup Deb\u00fct hofft Daniel Zugg nat\u00fcrlich bei den weiteren Rennen ebenso gut abzuschneiden. Der Saisonh\u00f6hepunkt findet Mitte Februar mit der Europameisterschaft in Andorra statt. Wer wei\u00df, vielleicht sehen wir Daniel Zugg hier auf dem Podium der Espoirklasse?<\/p>\n","protected":false},"excerpt":{"rendered":"<p>Im \u201eSekundenkrimi\u201c des Weltcup Vertical Races in Courchevel (FRA) konnte sich der 20-j\u00e4hrige Vorarlberger Daniel Zugg erfolgreich gegen seine Konkurrenz durchsetzen. Er lieferte ein sensationelles Rennen und beendete die Espoirklasse als F\u00fcnfter, mit nur 48 Sekunden R\u00fcckstand auf den dritten Rang. Nach dem gestrigen Individual Race, in dem sich f\u00fcr Daniel Zugg zwar ein 10. [&hellip;]<\/p>\n","protected":false},"author":4,"featured_media":1798,"comment_status":"closed","ping_status":"closed","sticky":false,"template":"","format":"standard","meta":[],"categories":[1,9,3,7],"tags":[],"yoast_head":"<!-- This site is optimized with the Yoast SEO plugin v16.3 - https:\/\/yoast.com\/wordpress\/plugins\/seo\/ -->\n<title>Weltcup Courchevel Tag 3, Vertical Race: Sekundenkrimi und Spitzenplatz f\u00fcr \u00d6sterreich - Sportler<\/title>\n<meta name=\"robots\" content=\"index, follow, max-snippet:-1, max-image-preview:large, max-video-preview:-1\" \/>\n<link rel=\"canonical\" href=\"https:\/\/www.skimo.at\/sportler\/1787\/weltcup-courchevel-tag-3-vertical-race-sekundenkrimi-und-spitzenplatz-fuer-oesterreich\/\" \/>\n<meta property=\"og:locale\" content=\"de_DE\" \/>\n<meta property=\"og:type\" content=\"article\" \/>\n<meta property=\"og:title\" content=\"Weltcup Courchevel Tag 3, Vertical Race: Sekundenkrimi und Spitzenplatz f\u00fcr \u00d6sterreich - Sportler\" \/>\n<meta property=\"og:description\" content=\"Im \u201eSekundenkrimi\u201c des Weltcup Vertical Races in Courchevel (FRA) konnte sich der 20-j\u00e4hrige Vorarlberger Daniel Zugg erfolgreich gegen seine Konkurrenz durchsetzen. Er lieferte ein sensationelles Rennen und beendete die Espoirklasse als F\u00fcnfter, mit nur 48 Sekunden R\u00fcckstand auf den dritten Rang. Nach dem gestrigen Individual Race, in dem sich f\u00fcr Daniel Zugg zwar ein 10. [&hellip;]\" \/>\n<meta property=\"og:url\" content=\"https:\/\/www.skimo.at\/sportler\/1787\/weltcup-courchevel-tag-3-vertical-race-sekundenkrimi-und-spitzenplatz-fuer-oesterreich\/\" \/>\n<meta property=\"og:site_name\" content=\"Sportler\" \/>\n<meta property=\"article:published_time\" content=\"2014-01-26T17:04:35+00:00\" \/>\n<meta property=\"article:modified_time\" content=\"2021-01-05T16:36:35+00:00\" \/>\n<meta property=\"og:image\" content=\"https:\/\/skimo.73.jarolim.eu\/sportler\/files\/2014\/01\/WC-Courchevel-Vertical-Daniel-Zugg-26-foto-werbegams.at-LR.jpg\" \/>\n\t<meta property=\"og:image:width\" content=\"1800\" \/>\n\t<meta property=\"og:image:height\" content=\"1200\" \/>\n<meta name=\"twitter:card\" content=\"summary\" \/>\n<meta name=\"twitter:label1\" content=\"Gesch\u00e4tzte Lesezeit\">\n\t<meta name=\"twitter:data1\" content=\"2\u00a0Minuten\">\n<script type=\"application\/ld+json\" class=\"yoast-schema-graph\">{\"@context\":\"https:\/\/schema.org\",\"@graph\":[{\"@type\":\"WebSite\",\"@id\":\"https:\/\/skimo.73.jarolim.eu\/sportler\/#website\",\"url\":\"https:\/\/skimo.73.jarolim.eu\/sportler\/\",\"name\":\"Sportler\",\"description\":\"\",\"potentialAction\":[{\"@type\":\"SearchAction\",\"target\":\"https:\/\/skimo.73.jarolim.eu\/sportler\/?s={search_term_string}\",\"query-input\":\"required name=search_term_string\"}],\"inLanguage\":\"de\"},{\"@type\":\"ImageObject\",\"@id\":\"https:\/\/www.skimo.at\/sportler\/1787\/weltcup-courchevel-tag-3-vertical-race-sekundenkrimi-und-spitzenplatz-fuer-oesterreich\/#primaryimage\",\"inLanguage\":\"de\",\"url\":\"https:\/\/www.skimo.at\/sportler\/files\/2014\/01\/WC-Courchevel-Vertical-Daniel-Zugg-26-foto-werbegams.at-LR.jpg\",\"contentUrl\":\"https:\/\/www.skimo.at\/sportler\/files\/2014\/01\/WC-Courchevel-Vertical-Daniel-Zugg-26-foto-werbegams.at-LR.jpg\",\"width\":1800,\"height\":1200},{\"@type\":\"WebPage\",\"@id\":\"https:\/\/www.skimo.at\/sportler\/1787\/weltcup-courchevel-tag-3-vertical-race-sekundenkrimi-und-spitzenplatz-fuer-oesterreich\/#webpage\",\"url\":\"https:\/\/www.skimo.at\/sportler\/1787\/weltcup-courchevel-tag-3-vertical-race-sekundenkrimi-und-spitzenplatz-fuer-oesterreich\/\",\"name\":\"Weltcup Courchevel Tag 3, Vertical Race: Sekundenkrimi und Spitzenplatz f\\u00fcr \\u00d6sterreich - Sportler\",\"isPartOf\":{\"@id\":\"https:\/\/skimo.73.jarolim.eu\/sportler\/#website\"},\"primaryImageOfPage\":{\"@id\":\"https:\/\/www.skimo.at\/sportler\/1787\/weltcup-courchevel-tag-3-vertical-race-sekundenkrimi-und-spitzenplatz-fuer-oesterreich\/#primaryimage\"},\"datePublished\":\"2014-01-26T17:04:35+00:00\",\"dateModified\":\"2021-01-05T16:36:35+00:00\",\"author\":{\"@id\":\"https:\/\/skimo.73.jarolim.eu\/sportler\/#\/schema\/person\/89e18f4c3d09b5434dbc2dc0cefbcd30\"},\"breadcrumb\":{\"@id\":\"https:\/\/www.skimo.at\/sportler\/1787\/weltcup-courchevel-tag-3-vertical-race-sekundenkrimi-und-spitzenplatz-fuer-oesterreich\/#breadcrumb\"},\"inLanguage\":\"de\",\"potentialAction\":[{\"@type\":\"ReadAction\",\"target\":[\"https:\/\/www.skimo.at\/sportler\/1787\/weltcup-courchevel-tag-3-vertical-race-sekundenkrimi-und-spitzenplatz-fuer-oesterreich\/\"]}]},{\"@type\":\"BreadcrumbList\",\"@id\":\"https:\/\/www.skimo.at\/sportler\/1787\/weltcup-courchevel-tag-3-vertical-race-sekundenkrimi-und-spitzenplatz-fuer-oesterreich\/#breadcrumb\",\"itemListElement\":[{\"@type\":\"ListItem\",\"position\":1,\"item\":{\"@type\":\"WebPage\",\"@id\":\"https:\/\/skimo.73.jarolim.eu\/sportler\/\",\"url\":\"https:\/\/skimo.73.jarolim.eu\/sportler\/\",\"name\":\"Home\"}},{\"@type\":\"ListItem\",\"position\":2,\"item\":{\"@id\":\"https:\/\/www.skimo.at\/sportler\/1787\/weltcup-courchevel-tag-3-vertical-race-sekundenkrimi-und-spitzenplatz-fuer-oesterreich\/#webpage\"}}]},{\"@type\":\"Person\",\"@id\":\"https:\/\/skimo.73.jarolim.eu\/sportler\/#\/schema\/person\/89e18f4c3d09b5434dbc2dc0cefbcd30\",\"name\":\"aspielbuechler\",\"image\":{\"@type\":\"ImageObject\",\"@id\":\"https:\/\/skimo.73.jarolim.eu\/sportler\/#personlogo\",\"inLanguage\":\"de\",\"url\":\"https:\/\/secure.gravatar.com\/avatar\/1220d25619b41a33e4710c8b968dc56e?s=96&r=g\",\"contentUrl\":\"https:\/\/secure.gravatar.com\/avatar\/1220d25619b41a33e4710c8b968dc56e?s=96&r=g\",\"caption\":\"aspielbuechler\"},\"url\":\"https:\/\/www.skimo.at\/sportler\/author\/aspielbuechler\/\"}]}<\/script>\n<!-- \/ Yoast SEO plugin. -->","_links":{"self":[{"href":"https:\/\/www.skimo.at\/sportler\/wp-json\/wp\/v2\/posts\/1787"}],"collection":[{"href":"https:\/\/www.skimo.at\/sportler\/wp-json\/wp\/v2\/posts"}],"about":[{"href":"https:\/\/www.skimo.at\/sportler\/wp-json\/wp\/v2\/types\/post"}],"author":[{"embeddable":true,"href":"https:\/\/www.skimo.at\/sportler\/wp-json\/wp\/v2\/users\/4"}],"replies":[{"embeddable":true,"href":"https:\/\/www.skimo.at\/sportler\/wp-json\/wp\/v2\/comments?post=1787"}],"version-history":[{"count":2,"href":"https:\/\/www.skimo.at\/sportler\/wp-json\/wp\/v2\/posts\/1787\/revisions"}],"predecessor-version":[{"id":15612,"href":"https:\/\/www.skimo.at\/sportler\/wp-json\/wp\/v2\/posts\/1787\/revisions\/15612"}],"wp:featuredmedia":[{"embeddable":true,"href":"https:\/\/www.skimo.at\/sportler\/wp-json\/wp\/v2\/media\/1798"}],"wp:attachment":[{"href":"https:\/\/www.skimo.at\/sportler\/wp-json\/wp\/v2\/media?parent=1787"}],"wp:term":[{"taxonomy":"category","embeddable":true,"href":"https:\/\/www.skimo.at\/sportler\/wp-json\/wp\/v2\/categories?post=1787"},{"taxonomy":"post_tag","embeddable":true,"href":"https:\/\/www.skimo.at\/sportler\/wp-json\/wp\/v2\/tags?post=1787"}],"curies":[{"name":"wp","href":"https:\/\/api.w.org\/{rel}","templated":true}]}}