{"id":1712,"date":"2014-01-25T15:47:03","date_gmt":"2014-01-25T13:47:03","guid":{"rendered":"http:\/\/www.skimo.at\/sportler\/?p=1712"},"modified":"2021-01-05T18:35:23","modified_gmt":"2021-01-05T16:35:23","slug":"weltcup-courchevel-tag-2-das-individual-race","status":"publish","type":"post","link":"https:\/\/www.skimo.at\/sportler\/1712\/weltcup-courchevel-tag-2-das-individual-race\/","title":{"rendered":"Update mit offiziellen Ergebnissen: Weltcup Courchevel Tag 2, das Individual Race"},"content":{"rendered":"<p>Das zweite \u201eSuper-Rennwochenende\u201c im Skibergsteigen ist in vollem Gange. Heute wurde es mit einem Weltcup Individual Race in Courchevel (FRA) gestartet und Martin Wei\u00dfkopf und Daniel Zugg sind mit erfreulichen Ergebnissen mitten drin.<\/p>\n<p>Durch den Schneefall der letzten Tage mussten die Veranstalter die Stecke f\u00fcr das Weltcuprennen kurzfristig leicht um\u00e4ndern. Der Start fand ganz zentral gelegen inmitten des Skigebietes statt. Aus den urspr\u00fcnglich geplanten f\u00fcnf Anstiegen und f\u00fcnf Abfahrten wurden sieben, dazwischen noch drei Tragepassagen. Die Athleten konnten sich auf ein technisch schwieriges und vor allem hektisches Rennen, aufgrund der vielen Wechsel, einstellen. Die alpine Rennstrecke war f\u00fcr unsere zwei \u00d6sterreicher auf jeden Fall ein Vorteil, sie konnten ihre bergsteigerischen F\u00e4higkeiten gut ausn\u00fctzen.<\/p>\n<p>P\u00fcnktlich um 9.00 Uhr starteten die Athleten bei minus 12\u00b0C ins Rennen, nach nur 100 Hm kam bereits der erste Wechsel. Durch den oftmaligen Schneekontakt beim Auf- und Abfellen wurden die Finger bzw. Handschuhe relativ bald nass, klamm und kalt, das Einh\u00e4ngen in den Tragepassagen am Seil wurde zur Tortur.<br \/>\nKritik kam von den Coaches vor bzw. nach dem Rennen: die Athleten der offenen Klasse befanden sich auf der gleichen Strecke. In der zweiten Runde trafen daher wie bereits erwartet und bef\u00fcrchtet die Weltcup Teilnehmer auf die langsameren Starter der offenen Klasse, schwierige \u00dcberholman\u00f6ver, die den Weltcup Athleten wertvolle Zeit und Nerven kosteten, waren die Folge. Ein Umstand, der bei einem Weltcup Bewerb eigentlich nicht passieren d\u00fcrfte.<\/p>\n<p>Das Rennen, welches letztlich l\u00e4nger gedauert hat als urspr\u00fcnglich erwartet, konnte der Italiener Robert Antonioli in einer Zeit von 1:39:45,3 f\u00fcr sich entscheiden, mit einem deutlichen Vorsprung von \u00fcber einer Minute auf Alexis Sevennec (FRA) und den Drittplatzierten Manfred Reichegger (ITA). Betrachtet man die Zeiten in der Ergebnisliste, so ist mehr als deutlich erkennbar, wie knapp die Abst\u00e4nde auch beim zweiten Individual Race in dieser Saison geworden sind. Mit 10 Minuten R\u00fcckstand ist Martin Wei\u00dfkopf auf Rang 22 zu finden. In den letzten Jahren w\u00e4re damit noch ohne weiteres ein TopTen Rang m\u00f6glich gewesen. Dementsprechend hoch darf die Leistung bewertet werden, mit der auch er selber zufrieden ist.<\/p>\n<blockquote><p>\u201eMeine Formkurve steigt von Rennen zu Rennen. Das heutige Individual war l\u00e4nger als jenes der letzten Woche in Verbier, prozentuell betrachtet hat sich mein R\u00fcckstand somit deutlich verringert. Wenn meine Leistungsentwicklung so weiter geht, stehen die Chancen gut, am Saisonh\u00f6hepunkt Europameisterschaft im vorderen Feld mit dabei sein zu k\u00f6nnen\u201c, so der 23-j\u00e4hrige Osttiroler.<\/p><\/blockquote>\n<p>Morgen hei\u00dft es f\u00fcr ihn noch einmal Vollgas geben und das Beste im Vertical Race herausholen.<br \/>\nF\u00fcr den Vorarlberger Daniel Zugg war es heute der erste Weltcupeinsatz. Ganz zufrieden zeigte sich der 20-j\u00e4hrige Athlet der Espoirklasse nicht mit seinem Ergebnis:<\/p>\n<blockquote><p>\u201eIch konnte meine gew\u00fcnschte Leistung nicht voll abrufen, es h\u00e4tte eigentlich mehr drinnen sein k\u00f6nnen. Bei den vielen Wechseln ist mir sehr kalt auf die Finger gewesen, das hat Zeit gekostet\u2026 Die Abfahrten haben mir wieder sehr getaugt, da konnte ich wieder Zeit gut machen, wenngleich die Oberschenkel dann schon ordentlich gebrannt haben!\u201c<\/p><\/blockquote>\n<p>F\u00fcr Daniel Zugg ist sich letztlich ein guter 10. Platz in der Espoirklasse ausgegangen, im ersten Weltcup Rennen ein durchaus respektables Ergebnis. Morgen hei\u00dft es f\u00fcr ihn \u201eneuer Tag &#8211; neues Rennen\u201c und alles herausholen.<br \/>\nGut geschlagen haben sich einmal mehr unsere deutschen Nachbarn. Toni Palzer gewann die Espoirklasse mit einem mehr als deutlichen Vorsprung von 5 Minuten (!), in der Seniorklasse w\u00e4re er mit dieser Zeit auf dem hervorragenden 6. Rang zu finden. Gut lief es auch f\u00fcr Seppi Rottmoser, der das Rennen mit Rang 13. beenden konnte.<br \/>\nDer Sieger der letzten Woche, Kilian Jornet, hat das Rennen aufgrund gesundheitlicher Probleme gleich nach dem Start abgebrochen.<\/p>\n<p>Bei den Damen hie\u00df die Siegerin Laetitia Roux vor Sophie Dusautoir Bertrand (AND) Axelle Mollaret (FRA).<\/p>\n<p>Das morgige Vertical Race wird mit den 500 zu bew\u00e4ltigenden H\u00f6henmetern ein kurzes und schnelles Rennen mit sicher sehr geringen Zeitabst\u00e4nden zwischen den Athleten. Prognosen, wo sich unsere beiden \u00d6sterreicher einreihen werden, sind dementsprechend schwer zu stellen, alles wird m\u00f6glich sein.<\/p>\n<p>Die anderen Nationalteammitglieder sind morgen Sonntag, 26.1.2014 gesammelt in Tirol zu finden. Im Zuge des Achensee Rofanaufstieges wird der\/die \u00d6sterreichische Meister\/in Vertical ermittelt.<\/p>\n<p>Es verspricht auf jeden Fall ein spannender Wettkampf-Sonntag zu werden!<\/p>\n<p>Die offizielle und komplette Ergebnisliste folgt, sobald vorhanden!<\/p>\n","protected":false},"excerpt":{"rendered":"<p>Das zweite \u201eSuper-Rennwochenende\u201c im Skibergsteigen ist in vollem Gange. Heute wurde es mit einem Weltcup Individual Race in Courchevel (FRA) gestartet und Martin Wei\u00dfkopf und Daniel Zugg sind mit erfreulichen Ergebnissen mitten drin. Durch den Schneefall der letzten Tage mussten die Veranstalter die Stecke f\u00fcr das Weltcuprennen kurzfristig leicht um\u00e4ndern. Der Start fand ganz zentral [&hellip;]<\/p>\n","protected":false},"author":4,"featured_media":1727,"comment_status":"closed","ping_status":"closed","sticky":false,"template":"","format":"standard","meta":[],"categories":[1,9,3],"tags":[],"yoast_head":"<!-- This site is optimized with the Yoast SEO plugin v16.3 - https:\/\/yoast.com\/wordpress\/plugins\/seo\/ -->\n<title>Update mit offiziellen Ergebnissen: Weltcup Courchevel Tag 2, das Individual Race - Sportler<\/title>\n<meta name=\"robots\" content=\"index, follow, max-snippet:-1, max-image-preview:large, max-video-preview:-1\" \/>\n<link rel=\"canonical\" href=\"https:\/\/www.skimo.at\/sportler\/1712\/weltcup-courchevel-tag-2-das-individual-race\/\" \/>\n<meta property=\"og:locale\" content=\"de_DE\" \/>\n<meta property=\"og:type\" content=\"article\" \/>\n<meta property=\"og:title\" content=\"Update mit offiziellen Ergebnissen: Weltcup Courchevel Tag 2, das Individual Race - Sportler\" \/>\n<meta property=\"og:description\" content=\"Das zweite \u201eSuper-Rennwochenende\u201c im Skibergsteigen ist in vollem Gange. Heute wurde es mit einem Weltcup Individual Race in Courchevel (FRA) gestartet und Martin Wei\u00dfkopf und Daniel Zugg sind mit erfreulichen Ergebnissen mitten drin. Durch den Schneefall der letzten Tage mussten die Veranstalter die Stecke f\u00fcr das Weltcuprennen kurzfristig leicht um\u00e4ndern. Der Start fand ganz zentral [&hellip;]\" \/>\n<meta property=\"og:url\" content=\"https:\/\/www.skimo.at\/sportler\/1712\/weltcup-courchevel-tag-2-das-individual-race\/\" \/>\n<meta property=\"og:site_name\" content=\"Sportler\" \/>\n<meta property=\"article:published_time\" content=\"2014-01-25T13:47:03+00:00\" \/>\n<meta property=\"article:modified_time\" content=\"2021-01-05T16:35:23+00:00\" \/>\n<meta property=\"og:image\" content=\"https:\/\/skimo.73.jarolim.eu\/sportler\/files\/2014\/01\/WC-Courchevel-Individual-Daniel-Zugg-44-foto-werbegams.at-LR.jpg\" \/>\n\t<meta property=\"og:image:width\" content=\"1800\" \/>\n\t<meta property=\"og:image:height\" content=\"1200\" \/>\n<meta name=\"twitter:card\" content=\"summary\" \/>\n<meta name=\"twitter:label1\" content=\"Gesch\u00e4tzte Lesezeit\">\n\t<meta name=\"twitter:data1\" content=\"4\u00a0Minuten\">\n<script type=\"application\/ld+json\" class=\"yoast-schema-graph\">{\"@context\":\"https:\/\/schema.org\",\"@graph\":[{\"@type\":\"WebSite\",\"@id\":\"https:\/\/skimo.73.jarolim.eu\/sportler\/#website\",\"url\":\"https:\/\/skimo.73.jarolim.eu\/sportler\/\",\"name\":\"Sportler\",\"description\":\"\",\"potentialAction\":[{\"@type\":\"SearchAction\",\"target\":\"https:\/\/skimo.73.jarolim.eu\/sportler\/?s={search_term_string}\",\"query-input\":\"required name=search_term_string\"}],\"inLanguage\":\"de\"},{\"@type\":\"ImageObject\",\"@id\":\"https:\/\/www.skimo.at\/sportler\/1712\/weltcup-courchevel-tag-2-das-individual-race\/#primaryimage\",\"inLanguage\":\"de\",\"url\":\"https:\/\/www.skimo.at\/sportler\/files\/2014\/01\/WC-Courchevel-Individual-Daniel-Zugg-44-foto-werbegams.at-LR.jpg\",\"contentUrl\":\"https:\/\/www.skimo.at\/sportler\/files\/2014\/01\/WC-Courchevel-Individual-Daniel-Zugg-44-foto-werbegams.at-LR.jpg\",\"width\":1800,\"height\":1200},{\"@type\":\"WebPage\",\"@id\":\"https:\/\/www.skimo.at\/sportler\/1712\/weltcup-courchevel-tag-2-das-individual-race\/#webpage\",\"url\":\"https:\/\/www.skimo.at\/sportler\/1712\/weltcup-courchevel-tag-2-das-individual-race\/\",\"name\":\"Update mit offiziellen Ergebnissen: Weltcup Courchevel Tag 2, das Individual Race - Sportler\",\"isPartOf\":{\"@id\":\"https:\/\/skimo.73.jarolim.eu\/sportler\/#website\"},\"primaryImageOfPage\":{\"@id\":\"https:\/\/www.skimo.at\/sportler\/1712\/weltcup-courchevel-tag-2-das-individual-race\/#primaryimage\"},\"datePublished\":\"2014-01-25T13:47:03+00:00\",\"dateModified\":\"2021-01-05T16:35:23+00:00\",\"author\":{\"@id\":\"https:\/\/skimo.73.jarolim.eu\/sportler\/#\/schema\/person\/89e18f4c3d09b5434dbc2dc0cefbcd30\"},\"breadcrumb\":{\"@id\":\"https:\/\/www.skimo.at\/sportler\/1712\/weltcup-courchevel-tag-2-das-individual-race\/#breadcrumb\"},\"inLanguage\":\"de\",\"potentialAction\":[{\"@type\":\"ReadAction\",\"target\":[\"https:\/\/www.skimo.at\/sportler\/1712\/weltcup-courchevel-tag-2-das-individual-race\/\"]}]},{\"@type\":\"BreadcrumbList\",\"@id\":\"https:\/\/www.skimo.at\/sportler\/1712\/weltcup-courchevel-tag-2-das-individual-race\/#breadcrumb\",\"itemListElement\":[{\"@type\":\"ListItem\",\"position\":1,\"item\":{\"@type\":\"WebPage\",\"@id\":\"https:\/\/skimo.73.jarolim.eu\/sportler\/\",\"url\":\"https:\/\/skimo.73.jarolim.eu\/sportler\/\",\"name\":\"Home\"}},{\"@type\":\"ListItem\",\"position\":2,\"item\":{\"@id\":\"https:\/\/www.skimo.at\/sportler\/1712\/weltcup-courchevel-tag-2-das-individual-race\/#webpage\"}}]},{\"@type\":\"Person\",\"@id\":\"https:\/\/skimo.73.jarolim.eu\/sportler\/#\/schema\/person\/89e18f4c3d09b5434dbc2dc0cefbcd30\",\"name\":\"aspielbuechler\",\"image\":{\"@type\":\"ImageObject\",\"@id\":\"https:\/\/skimo.73.jarolim.eu\/sportler\/#personlogo\",\"inLanguage\":\"de\",\"url\":\"https:\/\/secure.gravatar.com\/avatar\/1220d25619b41a33e4710c8b968dc56e?s=96&r=g\",\"contentUrl\":\"https:\/\/secure.gravatar.com\/avatar\/1220d25619b41a33e4710c8b968dc56e?s=96&r=g\",\"caption\":\"aspielbuechler\"},\"url\":\"https:\/\/www.skimo.at\/sportler\/author\/aspielbuechler\/\"}]}<\/script>\n<!-- \/ Yoast SEO plugin. -->","_links":{"self":[{"href":"https:\/\/www.skimo.at\/sportler\/wp-json\/wp\/v2\/posts\/1712"}],"collection":[{"href":"https:\/\/www.skimo.at\/sportler\/wp-json\/wp\/v2\/posts"}],"about":[{"href":"https:\/\/www.skimo.at\/sportler\/wp-json\/wp\/v2\/types\/post"}],"author":[{"embeddable":true,"href":"https:\/\/www.skimo.at\/sportler\/wp-json\/wp\/v2\/users\/4"}],"replies":[{"embeddable":true,"href":"https:\/\/www.skimo.at\/sportler\/wp-json\/wp\/v2\/comments?post=1712"}],"version-history":[{"count":5,"href":"https:\/\/www.skimo.at\/sportler\/wp-json\/wp\/v2\/posts\/1712\/revisions"}],"predecessor-version":[{"id":15611,"href":"https:\/\/www.skimo.at\/sportler\/wp-json\/wp\/v2\/posts\/1712\/revisions\/15611"}],"wp:featuredmedia":[{"embeddable":true,"href":"https:\/\/www.skimo.at\/sportler\/wp-json\/wp\/v2\/media\/1727"}],"wp:attachment":[{"href":"https:\/\/www.skimo.at\/sportler\/wp-json\/wp\/v2\/media?parent=1712"}],"wp:term":[{"taxonomy":"category","embeddable":true,"href":"https:\/\/www.skimo.at\/sportler\/wp-json\/wp\/v2\/categories?post=1712"},{"taxonomy":"post_tag","embeddable":true,"href":"https:\/\/www.skimo.at\/sportler\/wp-json\/wp\/v2\/tags?post=1712"}],"curies":[{"name":"wp","href":"https:\/\/api.w.org\/{rel}","templated":true}]}}