{"id":1680,"date":"2014-01-24T20:36:52","date_gmt":"2014-01-24T18:36:52","guid":{"rendered":"http:\/\/www.skimo.at\/sportler\/?p=1680"},"modified":"2014-01-24T20:36:52","modified_gmt":"2014-01-24T18:36:52","slug":"weltcup-courchevel-tag-1-streckenbesichtigung-und-eroeffnung","status":"publish","type":"post","link":"https:\/\/www.skimo.at\/sportler\/1680\/weltcup-courchevel-tag-1-streckenbesichtigung-und-eroeffnung\/","title":{"rendered":"Weltcup Courchevel Tag 1: Streckenbesichtigung und Er\u00f6ffnung"},"content":{"rendered":"<p>Durch die Anreise zum n\u00e4chsten Weltcup Rennen bemerkt man erst wie weitl\u00e4ufig die Alpen eigentlich sind! Nach 13 -st\u00fcndiger Fahrt ist eine kleine Abordnung unserer Nationalmannschaft, bestehend aus Martin Wei\u00dfkopf und Daniel Zugg, sowie Alex Lugger und Chris Gamsj\u00e4ger als Betreuer, endlich am n\u00e4chsten Weltcup Ort in Courchevel (FRA) angekommen.\u00a0Das noble Bergdorf inmitten der franz\u00f6sischen Alpen ist bekannt f\u00fcr seine au\u00dfergew\u00f6hnlichen Sportveranstaltungen. Der ISMF Weltcup Zirkus im Skibergsteigen macht heuer das erste Mal hier Halt.<\/p>\n<p>In Courchevel herrschen &#8211; anders als in \u00d6sterreich &#8211; tief winterliche Bedingungen, ca. 30 cm Neuschnee ist soeben frisch gefallen. Die Streckenbesichtigung durfte heute erst ab 10.00 Uhr gestartet werden, da aus Sicherheitsgr\u00fcnden vorerst noch Lawinensprengungen durchgef\u00fchrt werden mussten. Das morgige Individual wird zwar recht zentral inmitten des Skigebietes, aber in einem sehr alpinen Gel\u00e4nde ausgetragen,\u00a0gespickt mit Tragepassagen in steilen Rinnen. Insgesamt haben die Athleten\u00a05 Anstiege und insgesamt 1.700 Hm zu bew\u00e4ltigen.<\/p>\n<p>Heute fand f\u00fcr die Athleten noch die Er\u00f6ffnung statt. Morgen startet das Individual Race um 9.00 Uhr, am Sonntag folgt das Vertical Race (Start 10.00 Uhr, 500 Hm).<\/p>\n<p>Der Weltcup in Courchevel ist die vorletzte gro\u00dfe Leistungs\u00fcberpr\u00fcfung vor der EM und wird zeigen, auf welchem Niveau sich unsere Athleten, im Vergleich zur internationalen Konkurrenz, befinden. Die Zeitabst\u00e4nde unter den Athleten sind in dieser Saison sehr gering, das hat man letzte Woche im Weltcup Rennen in Verbier (SUI) deutlich gesehen. Von einem TopTen Rang bis hin zu einem Platz unter den ersten 20 wird f\u00fcr den 23-j\u00e4hrigen Osttiroler Martin Wei\u00dfkopf bei einem guten Lauf daher wieder alles m\u00f6glich sein.\u00a0Spannend wird es in den n\u00e4chsten Tagen f\u00fcr den Vorarlberger Daniel Zugg, denn f\u00fcr ihn ist es der erste Weltcupeinsatz. In \u00d6sterreich z\u00e4hlt der 20-j\u00e4hrige St. Gallenkircher zu den absoluten Top Athleten, am kommenden Wochenende wird er bei seiner Premiere im internationalen Rennzirkus in der Espoirklasse sein Bestes geben.<\/p>\n<p>Interessantes Detail am Rande: wenn die Skibergsteiger das franz\u00f6sische Skiresort wieder verlassen, wechselt man vor Ort die \u201eSportger\u00e4te\u201c komplett und steigt auf Pferde um. Denn am Wochenende darauf findet ein internationales <a href=\"http:\/\/www.courchevel.com\/winter\/en\/bmw-polo-masters-courchevel-n163-ev20.html\" target=\"_blank\">Polo Turnier<\/a> statt, auf 2.000 m H\u00f6he ausgetragen das somit h\u00f6chstgelegenste Winter-Polo Turnier weltweit.<\/p>\n","protected":false},"excerpt":{"rendered":"<p>Durch die Anreise zum n\u00e4chsten Weltcup Rennen bemerkt man erst wie weitl\u00e4ufig die Alpen eigentlich sind! Nach 13 -st\u00fcndiger Fahrt ist eine kleine Abordnung unserer Nationalmannschaft, bestehend aus Martin Wei\u00dfkopf und Daniel Zugg, sowie Alex Lugger und Chris Gamsj\u00e4ger als Betreuer, endlich am n\u00e4chsten Weltcup Ort in Courchevel (FRA) angekommen.\u00a0Das noble Bergdorf inmitten der franz\u00f6sischen [&hellip;]<\/p>\n","protected":false},"author":4,"featured_media":1704,"comment_status":"closed","ping_status":"closed","sticky":false,"template":"","format":"standard","meta":[],"categories":[1,3],"tags":[],"yoast_head":"<!-- This site is optimized with the Yoast SEO plugin v16.3 - https:\/\/yoast.com\/wordpress\/plugins\/seo\/ -->\n<title>Weltcup Courchevel Tag 1: Streckenbesichtigung und Er\u00f6ffnung - Sportler<\/title>\n<meta name=\"robots\" content=\"index, follow, max-snippet:-1, max-image-preview:large, max-video-preview:-1\" \/>\n<link rel=\"canonical\" href=\"https:\/\/www.skimo.at\/sportler\/1680\/weltcup-courchevel-tag-1-streckenbesichtigung-und-eroeffnung\/\" \/>\n<meta property=\"og:locale\" content=\"de_DE\" \/>\n<meta property=\"og:type\" content=\"article\" \/>\n<meta property=\"og:title\" content=\"Weltcup Courchevel Tag 1: Streckenbesichtigung und Er\u00f6ffnung - Sportler\" \/>\n<meta property=\"og:description\" content=\"Durch die Anreise zum n\u00e4chsten Weltcup Rennen bemerkt man erst wie weitl\u00e4ufig die Alpen eigentlich sind! Nach 13 -st\u00fcndiger Fahrt ist eine kleine Abordnung unserer Nationalmannschaft, bestehend aus Martin Wei\u00dfkopf und Daniel Zugg, sowie Alex Lugger und Chris Gamsj\u00e4ger als Betreuer, endlich am n\u00e4chsten Weltcup Ort in Courchevel (FRA) angekommen.\u00a0Das noble Bergdorf inmitten der franz\u00f6sischen [&hellip;]\" \/>\n<meta property=\"og:url\" content=\"https:\/\/www.skimo.at\/sportler\/1680\/weltcup-courchevel-tag-1-streckenbesichtigung-und-eroeffnung\/\" \/>\n<meta property=\"og:site_name\" content=\"Sportler\" \/>\n<meta property=\"article:published_time\" content=\"2014-01-24T18:36:52+00:00\" \/>\n<meta property=\"og:image\" content=\"https:\/\/skimo.73.jarolim.eu\/sportler\/files\/2014\/01\/WC-Courchevel-Er\u00f6ffnung-11-foto-werbegams.at-LR.jpg\" \/>\n\t<meta property=\"og:image:width\" content=\"1800\" \/>\n\t<meta property=\"og:image:height\" content=\"1198\" \/>\n<meta name=\"twitter:card\" content=\"summary\" \/>\n<meta name=\"twitter:label1\" content=\"Gesch\u00e4tzte Lesezeit\">\n\t<meta name=\"twitter:data1\" content=\"2\u00a0Minuten\">\n<script type=\"application\/ld+json\" class=\"yoast-schema-graph\">{\"@context\":\"https:\/\/schema.org\",\"@graph\":[{\"@type\":\"WebSite\",\"@id\":\"https:\/\/skimo.73.jarolim.eu\/sportler\/#website\",\"url\":\"https:\/\/skimo.73.jarolim.eu\/sportler\/\",\"name\":\"Sportler\",\"description\":\"\",\"potentialAction\":[{\"@type\":\"SearchAction\",\"target\":\"https:\/\/skimo.73.jarolim.eu\/sportler\/?s={search_term_string}\",\"query-input\":\"required name=search_term_string\"}],\"inLanguage\":\"de\"},{\"@type\":\"ImageObject\",\"@id\":\"https:\/\/www.skimo.at\/sportler\/1680\/weltcup-courchevel-tag-1-streckenbesichtigung-und-eroeffnung\/#primaryimage\",\"inLanguage\":\"de\",\"url\":\"https:\/\/www.skimo.at\/sportler\/files\/2014\/01\/WC-Courchevel-Er\\u00f6ffnung-11-foto-werbegams.at-LR.jpg\",\"contentUrl\":\"https:\/\/www.skimo.at\/sportler\/files\/2014\/01\/WC-Courchevel-Er\\u00f6ffnung-11-foto-werbegams.at-LR.jpg\",\"width\":1800,\"height\":1198},{\"@type\":\"WebPage\",\"@id\":\"https:\/\/www.skimo.at\/sportler\/1680\/weltcup-courchevel-tag-1-streckenbesichtigung-und-eroeffnung\/#webpage\",\"url\":\"https:\/\/www.skimo.at\/sportler\/1680\/weltcup-courchevel-tag-1-streckenbesichtigung-und-eroeffnung\/\",\"name\":\"Weltcup Courchevel Tag 1: Streckenbesichtigung und Er\\u00f6ffnung - Sportler\",\"isPartOf\":{\"@id\":\"https:\/\/skimo.73.jarolim.eu\/sportler\/#website\"},\"primaryImageOfPage\":{\"@id\":\"https:\/\/www.skimo.at\/sportler\/1680\/weltcup-courchevel-tag-1-streckenbesichtigung-und-eroeffnung\/#primaryimage\"},\"datePublished\":\"2014-01-24T18:36:52+00:00\",\"dateModified\":\"2014-01-24T18:36:52+00:00\",\"author\":{\"@id\":\"https:\/\/skimo.73.jarolim.eu\/sportler\/#\/schema\/person\/89e18f4c3d09b5434dbc2dc0cefbcd30\"},\"breadcrumb\":{\"@id\":\"https:\/\/www.skimo.at\/sportler\/1680\/weltcup-courchevel-tag-1-streckenbesichtigung-und-eroeffnung\/#breadcrumb\"},\"inLanguage\":\"de\",\"potentialAction\":[{\"@type\":\"ReadAction\",\"target\":[\"https:\/\/www.skimo.at\/sportler\/1680\/weltcup-courchevel-tag-1-streckenbesichtigung-und-eroeffnung\/\"]}]},{\"@type\":\"BreadcrumbList\",\"@id\":\"https:\/\/www.skimo.at\/sportler\/1680\/weltcup-courchevel-tag-1-streckenbesichtigung-und-eroeffnung\/#breadcrumb\",\"itemListElement\":[{\"@type\":\"ListItem\",\"position\":1,\"item\":{\"@type\":\"WebPage\",\"@id\":\"https:\/\/skimo.73.jarolim.eu\/sportler\/\",\"url\":\"https:\/\/skimo.73.jarolim.eu\/sportler\/\",\"name\":\"Home\"}},{\"@type\":\"ListItem\",\"position\":2,\"item\":{\"@id\":\"https:\/\/www.skimo.at\/sportler\/1680\/weltcup-courchevel-tag-1-streckenbesichtigung-und-eroeffnung\/#webpage\"}}]},{\"@type\":\"Person\",\"@id\":\"https:\/\/skimo.73.jarolim.eu\/sportler\/#\/schema\/person\/89e18f4c3d09b5434dbc2dc0cefbcd30\",\"name\":\"aspielbuechler\",\"image\":{\"@type\":\"ImageObject\",\"@id\":\"https:\/\/skimo.73.jarolim.eu\/sportler\/#personlogo\",\"inLanguage\":\"de\",\"url\":\"https:\/\/secure.gravatar.com\/avatar\/1220d25619b41a33e4710c8b968dc56e?s=96&r=g\",\"contentUrl\":\"https:\/\/secure.gravatar.com\/avatar\/1220d25619b41a33e4710c8b968dc56e?s=96&r=g\",\"caption\":\"aspielbuechler\"},\"url\":\"https:\/\/www.skimo.at\/sportler\/author\/aspielbuechler\/\"}]}<\/script>\n<!-- \/ Yoast SEO plugin. -->","_links":{"self":[{"href":"https:\/\/www.skimo.at\/sportler\/wp-json\/wp\/v2\/posts\/1680"}],"collection":[{"href":"https:\/\/www.skimo.at\/sportler\/wp-json\/wp\/v2\/posts"}],"about":[{"href":"https:\/\/www.skimo.at\/sportler\/wp-json\/wp\/v2\/types\/post"}],"author":[{"embeddable":true,"href":"https:\/\/www.skimo.at\/sportler\/wp-json\/wp\/v2\/users\/4"}],"replies":[{"embeddable":true,"href":"https:\/\/www.skimo.at\/sportler\/wp-json\/wp\/v2\/comments?post=1680"}],"version-history":[{"count":3,"href":"https:\/\/www.skimo.at\/sportler\/wp-json\/wp\/v2\/posts\/1680\/revisions"}],"predecessor-version":[{"id":1706,"href":"https:\/\/www.skimo.at\/sportler\/wp-json\/wp\/v2\/posts\/1680\/revisions\/1706"}],"wp:featuredmedia":[{"embeddable":true,"href":"https:\/\/www.skimo.at\/sportler\/wp-json\/wp\/v2\/media\/1704"}],"wp:attachment":[{"href":"https:\/\/www.skimo.at\/sportler\/wp-json\/wp\/v2\/media?parent=1680"}],"wp:term":[{"taxonomy":"category","embeddable":true,"href":"https:\/\/www.skimo.at\/sportler\/wp-json\/wp\/v2\/categories?post=1680"},{"taxonomy":"post_tag","embeddable":true,"href":"https:\/\/www.skimo.at\/sportler\/wp-json\/wp\/v2\/tags?post=1680"}],"curies":[{"name":"wp","href":"https:\/\/api.w.org\/{rel}","templated":true}]}}