{"id":16789,"date":"2023-03-05T14:23:13","date_gmt":"2023-03-05T12:23:13","guid":{"rendered":"https:\/\/www.skimo.at\/sportler\/?p=16789"},"modified":"2023-03-05T14:25:35","modified_gmt":"2023-03-05T12:25:35","slug":"das-schweizer-paar-deseyn-und-kistler-holt-gold-in-der-gemischten-jugendstaffel","status":"publish","type":"post","link":"https:\/\/www.skimo.at\/sportler\/16789\/das-schweizer-paar-deseyn-und-kistler-holt-gold-in-der-gemischten-jugendstaffel\/","title":{"rendered":"WM Spanien: das Schweizer Paar Deseyn und Kistler holt Gold in der gemischten Jugendstaffel"},"content":{"rendered":"\n<p>Der letzte Tag der W\u00dcRTH MODYF ISMF Weltmeisterschaften 2023 begann am Vormittag mit der Qualifikation f\u00fcr beide L\u00e4ufe \u2013 Jugend-Mixed-Staffel und Senioren-Mixed-Staffel.<\/p>\n\n\n\n<!--more-->\n\n\n\n<p>Der erste Kampf um die Medaillen des Tages begann um 11:00 Uhr. 12 Teams aus sieben verschiedenen L\u00e4ndern trafen im Finale des Jugendrennens aufeinander. Jeweils ein Junge und ein M\u00e4dchen drehten zwei Runden, bestehend aus zwei Anstiegen und zwei Abfahrten.<\/p>\n\n\n\n<p>Beide Chinesinnen starteten sehr gut und erarbeiteten sich einen Vorsprung f\u00fcr ihre Teamkollegen. In der ersten Runde setzten sich jedoch die Schweizer und die Franzosen durch. Von diesem Punkt an war es ein Kampf zwischen diesen beiden Teams. Am Ende gewannen Thibe Deseyn und Jon Kistler aus der Schweiz vor Louise Trincaz und Jeremy Anselmet aus Frankreich. Als Dritte \u00fcberquerte das Team aus Andorra &#8211; Lea Ancion Havet und Oriol Olm Rouppert &#8211; die Ziellinie.<\/p>\n\n\n\n<blockquote class=\"wp-block-quote\"><p>&#8222;Es f\u00fchlt sich gro\u00dfartig an, die Meisterschaften so zu beenden. Ich wusste, dass chinesische M\u00e4dchen superstark sind, aber die Jungs sind nicht auf dem gleichen Niveau. Ich hatte eine L\u00fccke, ich habe sie sehr schnell geschlossen, und dann habe ich versucht, so viel L\u00fccke aufzubauen wie m\u00f6glich. In der zweiten Runde habe ich versucht, mich an die Spitze zu steigern und im letzten Teil die Abfahrt zu kontrollieren und Fehler zu vermeiden.&#8220;.<\/p><cite>Jon Kistler<\/cite><\/blockquote>\n\n\n\n<p>Thibe Deseyn beendete die Weltmeisterschaft mit zwei Weltmeistertiteln und einer Medaille in allen vier Starts. Louise Trincaz gewann einen Titel und zwei Silbermedaillen. Beide M\u00e4dchen geh\u00f6ren zu den erfolgreichsten Jugendsportlerinnen der Meisterschaft.<\/p>\n\n\n\n<figure class=\"wp-block-gallery columns-3 is-cropped\"><ul class=\"blocks-gallery-grid\"><li class=\"blocks-gallery-item\"><figure><a href=\"https:\/\/www.skimo.at\/sportler\/files\/2023\/03\/youth-mixed-press-1.jpeg\"><img loading=\"lazy\" width=\"1024\" height=\"681\" src=\"https:\/\/www.skimo.at\/sportler\/files\/2023\/03\/youth-mixed-press-1-1024x681.jpeg\" alt=\"youth mixed press 1\" data-id=\"16790\" data-full-url=\"https:\/\/www.skimo.at\/sportler\/files\/2023\/03\/youth-mixed-press-1.jpeg\" data-link=\"https:\/\/www.skimo.at\/sportler\/?attachment_id=16790\" class=\"wp-image-16790\" srcset=\"https:\/\/www.skimo.at\/sportler\/files\/2023\/03\/youth-mixed-press-1-1024x681.jpeg 1024w, https:\/\/www.skimo.at\/sportler\/files\/2023\/03\/youth-mixed-press-1-300x200.jpeg 300w, https:\/\/www.skimo.at\/sportler\/files\/2023\/03\/youth-mixed-press-1-768x511.jpeg 768w, https:\/\/www.skimo.at\/sportler\/files\/2023\/03\/youth-mixed-press-1-746x497.jpeg 746w, https:\/\/www.skimo.at\/sportler\/files\/2023\/03\/youth-mixed-press-1-618x412.jpeg 618w, https:\/\/www.skimo.at\/sportler\/files\/2023\/03\/youth-mixed-press-1-554x368.jpeg 554w, https:\/\/www.skimo.at\/sportler\/files\/2023\/03\/youth-mixed-press-1-299x199.jpeg 299w, https:\/\/www.skimo.at\/sportler\/files\/2023\/03\/youth-mixed-press-1-1224x814.jpeg 1224w, https:\/\/www.skimo.at\/sportler\/files\/2023\/03\/youth-mixed-press-1-970x645.jpeg 970w, https:\/\/www.skimo.at\/sportler\/files\/2023\/03\/youth-mixed-press-1-140x93.jpeg 140w, https:\/\/www.skimo.at\/sportler\/files\/2023\/03\/youth-mixed-press-1-540x360.jpeg 540w, https:\/\/www.skimo.at\/sportler\/files\/2023\/03\/youth-mixed-press-1.jpeg 1600w\" sizes=\"(max-width: 1024px) 100vw, 1024px\" \/><\/a><figcaption class=\"blocks-gallery-item__caption\">youth mixed press 1<\/figcaption><\/figure><\/li><li class=\"blocks-gallery-item\"><figure><a href=\"https:\/\/www.skimo.at\/sportler\/files\/2023\/03\/youth-mixed-press-2.jpeg\"><img loading=\"lazy\" width=\"1024\" height=\"681\" src=\"https:\/\/www.skimo.at\/sportler\/files\/2023\/03\/youth-mixed-press-2-1024x681.jpeg\" alt=\"youth mixed press 2\" data-id=\"16791\" data-full-url=\"https:\/\/www.skimo.at\/sportler\/files\/2023\/03\/youth-mixed-press-2.jpeg\" data-link=\"https:\/\/www.skimo.at\/sportler\/?attachment_id=16791\" class=\"wp-image-16791\" srcset=\"https:\/\/www.skimo.at\/sportler\/files\/2023\/03\/youth-mixed-press-2-1024x681.jpeg 1024w, https:\/\/www.skimo.at\/sportler\/files\/2023\/03\/youth-mixed-press-2-300x200.jpeg 300w, https:\/\/www.skimo.at\/sportler\/files\/2023\/03\/youth-mixed-press-2-768x511.jpeg 768w, https:\/\/www.skimo.at\/sportler\/files\/2023\/03\/youth-mixed-press-2-746x497.jpeg 746w, https:\/\/www.skimo.at\/sportler\/files\/2023\/03\/youth-mixed-press-2-618x412.jpeg 618w, https:\/\/www.skimo.at\/sportler\/files\/2023\/03\/youth-mixed-press-2-554x368.jpeg 554w, https:\/\/www.skimo.at\/sportler\/files\/2023\/03\/youth-mixed-press-2-299x199.jpeg 299w, https:\/\/www.skimo.at\/sportler\/files\/2023\/03\/youth-mixed-press-2-1224x814.jpeg 1224w, https:\/\/www.skimo.at\/sportler\/files\/2023\/03\/youth-mixed-press-2-970x645.jpeg 970w, https:\/\/www.skimo.at\/sportler\/files\/2023\/03\/youth-mixed-press-2-140x93.jpeg 140w, https:\/\/www.skimo.at\/sportler\/files\/2023\/03\/youth-mixed-press-2-540x360.jpeg 540w, https:\/\/www.skimo.at\/sportler\/files\/2023\/03\/youth-mixed-press-2.jpeg 1600w\" sizes=\"(max-width: 1024px) 100vw, 1024px\" \/><\/a><figcaption class=\"blocks-gallery-item__caption\">youth mixed press 2<\/figcaption><\/figure><\/li><li class=\"blocks-gallery-item\"><figure><a href=\"https:\/\/www.skimo.at\/sportler\/files\/2023\/03\/youth-mixed-press-3.jpeg\"><img loading=\"lazy\" width=\"1024\" height=\"681\" src=\"https:\/\/www.skimo.at\/sportler\/files\/2023\/03\/youth-mixed-press-3-1024x681.jpeg\" alt=\"youth mixed press 3\" data-id=\"16792\" data-full-url=\"https:\/\/www.skimo.at\/sportler\/files\/2023\/03\/youth-mixed-press-3.jpeg\" data-link=\"https:\/\/www.skimo.at\/sportler\/?attachment_id=16792\" class=\"wp-image-16792\" srcset=\"https:\/\/www.skimo.at\/sportler\/files\/2023\/03\/youth-mixed-press-3-1024x681.jpeg 1024w, https:\/\/www.skimo.at\/sportler\/files\/2023\/03\/youth-mixed-press-3-300x200.jpeg 300w, https:\/\/www.skimo.at\/sportler\/files\/2023\/03\/youth-mixed-press-3-768x511.jpeg 768w, https:\/\/www.skimo.at\/sportler\/files\/2023\/03\/youth-mixed-press-3-746x497.jpeg 746w, https:\/\/www.skimo.at\/sportler\/files\/2023\/03\/youth-mixed-press-3-618x412.jpeg 618w, https:\/\/www.skimo.at\/sportler\/files\/2023\/03\/youth-mixed-press-3-554x368.jpeg 554w, https:\/\/www.skimo.at\/sportler\/files\/2023\/03\/youth-mixed-press-3-299x199.jpeg 299w, https:\/\/www.skimo.at\/sportler\/files\/2023\/03\/youth-mixed-press-3-1224x814.jpeg 1224w, https:\/\/www.skimo.at\/sportler\/files\/2023\/03\/youth-mixed-press-3-970x645.jpeg 970w, https:\/\/www.skimo.at\/sportler\/files\/2023\/03\/youth-mixed-press-3-140x93.jpeg 140w, https:\/\/www.skimo.at\/sportler\/files\/2023\/03\/youth-mixed-press-3-540x360.jpeg 540w, https:\/\/www.skimo.at\/sportler\/files\/2023\/03\/youth-mixed-press-3.jpeg 1600w\" sizes=\"(max-width: 1024px) 100vw, 1024px\" \/><\/a><figcaption class=\"blocks-gallery-item__caption\">youth mixed press 3<\/figcaption><\/figure><\/li><li class=\"blocks-gallery-item\"><figure><a href=\"https:\/\/www.skimo.at\/sportler\/files\/2023\/03\/youth-mixed-press-4.jpeg\"><img loading=\"lazy\" width=\"1024\" height=\"683\" src=\"https:\/\/www.skimo.at\/sportler\/files\/2023\/03\/youth-mixed-press-4-1024x683.jpeg\" alt=\"youth mixed press 4\" data-id=\"16793\" data-full-url=\"https:\/\/www.skimo.at\/sportler\/files\/2023\/03\/youth-mixed-press-4.jpeg\" data-link=\"https:\/\/www.skimo.at\/sportler\/?attachment_id=16793\" class=\"wp-image-16793\" srcset=\"https:\/\/www.skimo.at\/sportler\/files\/2023\/03\/youth-mixed-press-4-1024x683.jpeg 1024w, https:\/\/www.skimo.at\/sportler\/files\/2023\/03\/youth-mixed-press-4-300x200.jpeg 300w, https:\/\/www.skimo.at\/sportler\/files\/2023\/03\/youth-mixed-press-4-768x512.jpeg 768w, https:\/\/www.skimo.at\/sportler\/files\/2023\/03\/youth-mixed-press-4-746x497.jpeg 746w, https:\/\/www.skimo.at\/sportler\/files\/2023\/03\/youth-mixed-press-4-618x412.jpeg 618w, https:\/\/www.skimo.at\/sportler\/files\/2023\/03\/youth-mixed-press-4-554x369.jpeg 554w, https:\/\/www.skimo.at\/sportler\/files\/2023\/03\/youth-mixed-press-4-299x199.jpeg 299w, https:\/\/www.skimo.at\/sportler\/files\/2023\/03\/youth-mixed-press-4-1224x816.jpeg 1224w, https:\/\/www.skimo.at\/sportler\/files\/2023\/03\/youth-mixed-press-4-970x647.jpeg 970w, https:\/\/www.skimo.at\/sportler\/files\/2023\/03\/youth-mixed-press-4-139x93.jpeg 139w, https:\/\/www.skimo.at\/sportler\/files\/2023\/03\/youth-mixed-press-4-540x360.jpeg 540w, https:\/\/www.skimo.at\/sportler\/files\/2023\/03\/youth-mixed-press-4.jpeg 1600w\" sizes=\"(max-width: 1024px) 100vw, 1024px\" \/><\/a><figcaption class=\"blocks-gallery-item__caption\">youth mixed press 4<\/figcaption><\/figure><\/li><li class=\"blocks-gallery-item\"><figure><a href=\"https:\/\/www.skimo.at\/sportler\/files\/2023\/03\/youth-mixed-press-5.jpeg\"><img loading=\"lazy\" width=\"1024\" height=\"768\" src=\"https:\/\/www.skimo.at\/sportler\/files\/2023\/03\/youth-mixed-press-5-1024x768.jpeg\" alt=\"youth mixed press 5\" data-id=\"16794\" data-full-url=\"https:\/\/www.skimo.at\/sportler\/files\/2023\/03\/youth-mixed-press-5.jpeg\" data-link=\"https:\/\/www.skimo.at\/sportler\/?attachment_id=16794\" class=\"wp-image-16794\" srcset=\"https:\/\/www.skimo.at\/sportler\/files\/2023\/03\/youth-mixed-press-5-1024x768.jpeg 1024w, https:\/\/www.skimo.at\/sportler\/files\/2023\/03\/youth-mixed-press-5-300x225.jpeg 300w, https:\/\/www.skimo.at\/sportler\/files\/2023\/03\/youth-mixed-press-5-768x576.jpeg 768w, https:\/\/www.skimo.at\/sportler\/files\/2023\/03\/youth-mixed-press-5-1224x918.jpeg 1224w, https:\/\/www.skimo.at\/sportler\/files\/2023\/03\/youth-mixed-press-5-970x728.jpeg 970w, https:\/\/www.skimo.at\/sportler\/files\/2023\/03\/youth-mixed-press-5-554x416.jpeg 554w, https:\/\/www.skimo.at\/sportler\/files\/2023\/03\/youth-mixed-press-5-124x93.jpeg 124w, https:\/\/www.skimo.at\/sportler\/files\/2023\/03\/youth-mixed-press-5.jpeg 1600w\" sizes=\"(max-width: 1024px) 100vw, 1024px\" \/><\/a><figcaption class=\"blocks-gallery-item__caption\">youth mixed press 5<\/figcaption><\/figure><\/li><\/ul><\/figure>\n","protected":false},"excerpt":{"rendered":"<p>Der letzte Tag der W\u00dcRTH MODYF ISMF Weltmeisterschaften 2023 begann am Vormittag mit der Qualifikation f\u00fcr beide L\u00e4ufe \u2013 Jugend-Mixed-Staffel und Senioren-Mixed-Staffel.<\/p>\n","protected":false},"author":3,"featured_media":16792,"comment_status":"closed","ping_status":"closed","sticky":false,"template":"","format":"standard","meta":[],"categories":[1,3],"tags":[],"yoast_head":"<!-- This site is optimized with the Yoast SEO plugin v16.3 - https:\/\/yoast.com\/wordpress\/plugins\/seo\/ -->\n<title>WM Spanien: das Schweizer Paar Deseyn und Kistler holt Gold in der gemischten Jugendstaffel - Sportler<\/title>\n<meta name=\"robots\" content=\"index, follow, max-snippet:-1, max-image-preview:large, max-video-preview:-1\" \/>\n<link rel=\"canonical\" href=\"https:\/\/www.skimo.at\/sportler\/16789\/das-schweizer-paar-deseyn-und-kistler-holt-gold-in-der-gemischten-jugendstaffel\/\" \/>\n<meta property=\"og:locale\" content=\"de_DE\" \/>\n<meta property=\"og:type\" content=\"article\" \/>\n<meta property=\"og:title\" content=\"WM Spanien: das Schweizer Paar Deseyn und Kistler holt Gold in der gemischten Jugendstaffel - Sportler\" \/>\n<meta property=\"og:description\" content=\"Der letzte Tag der W\u00dcRTH MODYF ISMF Weltmeisterschaften 2023 begann am Vormittag mit der Qualifikation f\u00fcr beide L\u00e4ufe \u2013 Jugend-Mixed-Staffel und Senioren-Mixed-Staffel.\" \/>\n<meta property=\"og:url\" content=\"https:\/\/www.skimo.at\/sportler\/16789\/das-schweizer-paar-deseyn-und-kistler-holt-gold-in-der-gemischten-jugendstaffel\/\" \/>\n<meta property=\"og:site_name\" content=\"Sportler\" \/>\n<meta property=\"article:published_time\" content=\"2023-03-05T12:23:13+00:00\" \/>\n<meta property=\"article:modified_time\" content=\"2023-03-05T12:25:35+00:00\" \/>\n<meta property=\"og:image\" content=\"https:\/\/www.skimo.at\/sportler\/files\/2023\/03\/youth-mixed-press-3.jpeg\" \/>\n\t<meta property=\"og:image:width\" content=\"1600\" \/>\n\t<meta property=\"og:image:height\" content=\"1064\" \/>\n<meta name=\"twitter:card\" content=\"summary\" \/>\n<meta name=\"twitter:label1\" content=\"Gesch\u00e4tzte Lesezeit\">\n\t<meta name=\"twitter:data1\" content=\"3\u00a0Minuten\">\n<script type=\"application\/ld+json\" class=\"yoast-schema-graph\">{\"@context\":\"https:\/\/schema.org\",\"@graph\":[{\"@type\":\"WebSite\",\"@id\":\"https:\/\/skimo.73.jarolim.eu\/sportler\/#website\",\"url\":\"https:\/\/skimo.73.jarolim.eu\/sportler\/\",\"name\":\"Sportler\",\"description\":\"\",\"potentialAction\":[{\"@type\":\"SearchAction\",\"target\":\"https:\/\/skimo.73.jarolim.eu\/sportler\/?s={search_term_string}\",\"query-input\":\"required name=search_term_string\"}],\"inLanguage\":\"de\"},{\"@type\":\"ImageObject\",\"@id\":\"https:\/\/www.skimo.at\/sportler\/16789\/das-schweizer-paar-deseyn-und-kistler-holt-gold-in-der-gemischten-jugendstaffel\/#primaryimage\",\"inLanguage\":\"de\",\"url\":\"https:\/\/www.skimo.at\/sportler\/files\/2023\/03\/youth-mixed-press-3.jpeg\",\"contentUrl\":\"https:\/\/www.skimo.at\/sportler\/files\/2023\/03\/youth-mixed-press-3.jpeg\",\"width\":1600,\"height\":1064,\"caption\":\"youth mixed press 3\"},{\"@type\":\"WebPage\",\"@id\":\"https:\/\/www.skimo.at\/sportler\/16789\/das-schweizer-paar-deseyn-und-kistler-holt-gold-in-der-gemischten-jugendstaffel\/#webpage\",\"url\":\"https:\/\/www.skimo.at\/sportler\/16789\/das-schweizer-paar-deseyn-und-kistler-holt-gold-in-der-gemischten-jugendstaffel\/\",\"name\":\"WM Spanien: das Schweizer Paar Deseyn und Kistler holt Gold in der gemischten Jugendstaffel - Sportler\",\"isPartOf\":{\"@id\":\"https:\/\/skimo.73.jarolim.eu\/sportler\/#website\"},\"primaryImageOfPage\":{\"@id\":\"https:\/\/www.skimo.at\/sportler\/16789\/das-schweizer-paar-deseyn-und-kistler-holt-gold-in-der-gemischten-jugendstaffel\/#primaryimage\"},\"datePublished\":\"2023-03-05T12:23:13+00:00\",\"dateModified\":\"2023-03-05T12:25:35+00:00\",\"author\":{\"@id\":\"https:\/\/skimo.73.jarolim.eu\/sportler\/#\/schema\/person\/796ecbce6796efca58bf848ca63ec12c\"},\"breadcrumb\":{\"@id\":\"https:\/\/www.skimo.at\/sportler\/16789\/das-schweizer-paar-deseyn-und-kistler-holt-gold-in-der-gemischten-jugendstaffel\/#breadcrumb\"},\"inLanguage\":\"de\",\"potentialAction\":[{\"@type\":\"ReadAction\",\"target\":[\"https:\/\/www.skimo.at\/sportler\/16789\/das-schweizer-paar-deseyn-und-kistler-holt-gold-in-der-gemischten-jugendstaffel\/\"]}]},{\"@type\":\"BreadcrumbList\",\"@id\":\"https:\/\/www.skimo.at\/sportler\/16789\/das-schweizer-paar-deseyn-und-kistler-holt-gold-in-der-gemischten-jugendstaffel\/#breadcrumb\",\"itemListElement\":[{\"@type\":\"ListItem\",\"position\":1,\"item\":{\"@type\":\"WebPage\",\"@id\":\"https:\/\/skimo.73.jarolim.eu\/sportler\/\",\"url\":\"https:\/\/skimo.73.jarolim.eu\/sportler\/\",\"name\":\"Home\"}},{\"@type\":\"ListItem\",\"position\":2,\"item\":{\"@id\":\"https:\/\/www.skimo.at\/sportler\/16789\/das-schweizer-paar-deseyn-und-kistler-holt-gold-in-der-gemischten-jugendstaffel\/#webpage\"}}]},{\"@type\":\"Person\",\"@id\":\"https:\/\/skimo.73.jarolim.eu\/sportler\/#\/schema\/person\/796ecbce6796efca58bf848ca63ec12c\",\"name\":\"kposch\",\"image\":{\"@type\":\"ImageObject\",\"@id\":\"https:\/\/skimo.73.jarolim.eu\/sportler\/#personlogo\",\"inLanguage\":\"de\",\"url\":\"https:\/\/secure.gravatar.com\/avatar\/e9f5f28da60e5e563d3f4d3cc0b9b425?s=96&r=g\",\"contentUrl\":\"https:\/\/secure.gravatar.com\/avatar\/e9f5f28da60e5e563d3f4d3cc0b9b425?s=96&r=g\",\"caption\":\"kposch\"},\"url\":\"https:\/\/www.skimo.at\/sportler\/author\/kposch\/\"}]}<\/script>\n<!-- \/ Yoast SEO plugin. -->","_links":{"self":[{"href":"https:\/\/www.skimo.at\/sportler\/wp-json\/wp\/v2\/posts\/16789"}],"collection":[{"href":"https:\/\/www.skimo.at\/sportler\/wp-json\/wp\/v2\/posts"}],"about":[{"href":"https:\/\/www.skimo.at\/sportler\/wp-json\/wp\/v2\/types\/post"}],"author":[{"embeddable":true,"href":"https:\/\/www.skimo.at\/sportler\/wp-json\/wp\/v2\/users\/3"}],"replies":[{"embeddable":true,"href":"https:\/\/www.skimo.at\/sportler\/wp-json\/wp\/v2\/comments?post=16789"}],"version-history":[{"count":2,"href":"https:\/\/www.skimo.at\/sportler\/wp-json\/wp\/v2\/posts\/16789\/revisions"}],"predecessor-version":[{"id":16796,"href":"https:\/\/www.skimo.at\/sportler\/wp-json\/wp\/v2\/posts\/16789\/revisions\/16796"}],"wp:featuredmedia":[{"embeddable":true,"href":"https:\/\/www.skimo.at\/sportler\/wp-json\/wp\/v2\/media\/16792"}],"wp:attachment":[{"href":"https:\/\/www.skimo.at\/sportler\/wp-json\/wp\/v2\/media?parent=16789"}],"wp:term":[{"taxonomy":"category","embeddable":true,"href":"https:\/\/www.skimo.at\/sportler\/wp-json\/wp\/v2\/categories?post=16789"},{"taxonomy":"post_tag","embeddable":true,"href":"https:\/\/www.skimo.at\/sportler\/wp-json\/wp\/v2\/tags?post=16789"}],"curies":[{"name":"wp","href":"https:\/\/api.w.org\/{rel}","templated":true}]}}