{"id":16624,"date":"2023-02-13T22:51:00","date_gmt":"2023-02-13T20:51:00","guid":{"rendered":"https:\/\/www.skimo.at\/sportler\/?p=16624"},"modified":"2023-02-13T18:20:30","modified_gmt":"2023-02-13T16:20:30","slug":"letzte-station-vor-wm-und-heimweltcup","status":"publish","type":"post","link":"https:\/\/www.skimo.at\/sportler\/16624\/letzte-station-vor-wm-und-heimweltcup\/","title":{"rendered":"Letzte Station vor WM und Heimweltcup"},"content":{"rendered":"\n<p>Die \u00d6SV Skibergsteiger starten am Donnerstag mit dem Individual im Martelltal (ITA) in die letzte Weltcupstation vor den Weltmeisterschaften und den Heimrennen in Schladming. Mit einem gro\u00dfen Aufgebot will sich das \u00d6SV-Team den letzten Feinschliff f\u00fcr die Saisonhighlights holen.<\/p>\n\n\n\n<!--more-->\n\n\n\n<p>F\u00fcr die \u00d6SV Skibergsteiger geht es jetzt Schlag auf Schlag. Von Donnerstag bis Sonntag steht zun\u00e4chst der Weltcup im Martelltal auf dem Programm. Die Marmotta Trophy z\u00e4hlt zu den Klassikern im Kalender. Mit Individual, Sprint und Mixed Relay wird Martell die perfekten Bedingungen f\u00fcr die letzten Vorbereitungen zur anstehenden WM und dem kurz darauf folgenden Heimweltcup in Schladming bieten. Entsprechend gro\u00df f\u00e4llt auch das Aufgebot der \u00d6SV-Mannschaft aus. Bei den Damen wird, neben der im Vertical Bewerb zweitplatzierten Sarah Dreier und Top-Ten L\u00e4uferin Johanna Hiemer, auch Lisa Rettensteiner erstmals ins Weltcupgeschehen eingreifen. Armin H\u00f6fl und Daniel Ganahl, die das Weltcupwochenende in Morgins (SUI) krankheitsbedingt abbrechen mussten, sind wieder wohlauf, so dass der Herrenkader geschlossen nach Italien anreisen wird. Nach ihren ausgezeichneten Leistungen bei der Premiere des Youth World Cups am vergangenen Wochenende, werden zudem der Sieger des Vertical Bewerbes, Nils Oberauer, sowie Hannes Lohfeyer die Mannschaft verst\u00e4rken.\u00a0\u00a0\u00a0\u00a0<\/p>\n\n\n\n<h2>Programm und Aufstellung ISMF Weltcup Martell (ITA)<\/h2>\n\n\n\n<p><strong>16.02.2023: Individual Rennen\u00a0<\/strong><br>Dreier Sarah, Hiemer Johanna\u00a0\u00a0\u00a0<br>Ganahl Daniel, H\u00f6fl Armin, Lohfeyer Hannes, Mayer Andreas, Oberauer Nils, Verbnjak Paul\u00a0\u00a0\u00a0\u00a0\u00a0\u00a0\u00a0<\/p>\n\n\n\n<p><strong>18.02.2023: Sprint Rennen<\/strong><br>Dreier Sarah, Hiemer Johanna, Rettensteiner Lisa<br>H\u00f6fl Armin, Mayer Andreas, Verbnjak Paul, Zugg Daniel \u00a0\u00a0\u00a0\u00a0\u00a0\u00a0\u00a0\u00a0\u00a0\u00a0\u00a0<\/p>\n\n\n\n<p><strong>19.02.2023: Mixed Relay<br><\/strong>Dreier Sarah, Hiemer Johanna, Rettensteiner Lisa<br>Mayer Andreas, Verbnjak Paul, Zugg Daniel\u00a0\u00a0\u00a0\u00a0\u00a0\u00a0<\/p>\n\n\n\n<h2>Weiterer Fahrplan zu den Saisonhighlights<\/h2>\n\n\n\n<p>Nur rund eine Woche nach dem Weltcup in Italien hei\u00dft es f\u00fcr das \u00d6SV-Team bereits wieder Koffer packen f\u00fcr die Weltmeisterschaften, die von 28.2. bis 5.3. im spanischen Boi Ta\u00fcll auf dem Programm stehen. Aus rot-wei\u00df-roter Sicht steht dann nach der WM noch ein zweites Saisonhighlight an: Der Heimweltcup in Schladming, der am 17. und 18. M\u00e4rz mit einem Sprint und einem Vertical Rennen \u00fcber die B\u00fchne geht. \u00a0\u00a0\u00a0\u00a0\u00a0\u00a0\u00a0\u00a0\u00a0\u00a0\u00a0<\/p>\n\n\n\n<p>Text &amp; Bild: Martin Weigl \/ \u00d6SV<\/p>\n","protected":false},"excerpt":{"rendered":"<p>Die \u00d6SV Skibergsteiger starten am Donnerstag mit dem Individual im Martelltal (ITA) in die letzte Weltcupstation vor den Weltmeisterschaften und den Heimrennen in Schladming. Mit einem gro\u00dfen Aufgebot will sich das \u00d6SV-Team den letzten Feinschliff f\u00fcr die Saisonhighlights holen.<\/p>\n","protected":false},"author":3,"featured_media":16625,"comment_status":"closed","ping_status":"closed","sticky":false,"template":"","format":"standard","meta":[],"categories":[1,3],"tags":[],"yoast_head":"<!-- This site is optimized with the Yoast SEO plugin v16.3 - https:\/\/yoast.com\/wordpress\/plugins\/seo\/ -->\n<title>Letzte Station vor WM und Heimweltcup - Sportler<\/title>\n<meta name=\"robots\" content=\"index, follow, max-snippet:-1, max-image-preview:large, max-video-preview:-1\" \/>\n<link rel=\"canonical\" href=\"https:\/\/www.skimo.at\/sportler\/16624\/letzte-station-vor-wm-und-heimweltcup\/\" \/>\n<meta property=\"og:locale\" content=\"de_DE\" \/>\n<meta property=\"og:type\" content=\"article\" \/>\n<meta property=\"og:title\" content=\"Letzte Station vor WM und Heimweltcup - Sportler\" \/>\n<meta property=\"og:description\" content=\"Die \u00d6SV Skibergsteiger starten am Donnerstag mit dem Individual im Martelltal (ITA) in die letzte Weltcupstation vor den Weltmeisterschaften und den Heimrennen in Schladming. Mit einem gro\u00dfen Aufgebot will sich das \u00d6SV-Team den letzten Feinschliff f\u00fcr die Saisonhighlights holen.\" \/>\n<meta property=\"og:url\" content=\"https:\/\/www.skimo.at\/sportler\/16624\/letzte-station-vor-wm-und-heimweltcup\/\" \/>\n<meta property=\"og:site_name\" content=\"Sportler\" \/>\n<meta property=\"article:published_time\" content=\"2023-02-13T20:51:00+00:00\" \/>\n<meta property=\"article:modified_time\" content=\"2023-02-13T16:20:30+00:00\" \/>\n<meta property=\"og:image\" content=\"https:\/\/www.skimo.at\/sportler\/files\/2023\/02\/d5c9269ddec129ee.jpg\" \/>\n\t<meta property=\"og:image:width\" content=\"1799\" \/>\n\t<meta property=\"og:image:height\" content=\"1200\" \/>\n<meta name=\"twitter:card\" content=\"summary\" \/>\n<meta name=\"twitter:label1\" content=\"Gesch\u00e4tzte Lesezeit\">\n\t<meta name=\"twitter:data1\" content=\"2\u00a0Minuten\">\n<script type=\"application\/ld+json\" class=\"yoast-schema-graph\">{\"@context\":\"https:\/\/schema.org\",\"@graph\":[{\"@type\":\"WebSite\",\"@id\":\"https:\/\/skimo.73.jarolim.eu\/sportler\/#website\",\"url\":\"https:\/\/skimo.73.jarolim.eu\/sportler\/\",\"name\":\"Sportler\",\"description\":\"\",\"potentialAction\":[{\"@type\":\"SearchAction\",\"target\":\"https:\/\/skimo.73.jarolim.eu\/sportler\/?s={search_term_string}\",\"query-input\":\"required name=search_term_string\"}],\"inLanguage\":\"de\"},{\"@type\":\"ImageObject\",\"@id\":\"https:\/\/www.skimo.at\/sportler\/16624\/letzte-station-vor-wm-und-heimweltcup\/#primaryimage\",\"inLanguage\":\"de\",\"url\":\"https:\/\/www.skimo.at\/sportler\/files\/2023\/02\/d5c9269ddec129ee.jpg\",\"contentUrl\":\"https:\/\/www.skimo.at\/sportler\/files\/2023\/02\/d5c9269ddec129ee.jpg\",\"width\":1799,\"height\":1200,\"caption\":\"d5c9269ddec129ee\"},{\"@type\":\"WebPage\",\"@id\":\"https:\/\/www.skimo.at\/sportler\/16624\/letzte-station-vor-wm-und-heimweltcup\/#webpage\",\"url\":\"https:\/\/www.skimo.at\/sportler\/16624\/letzte-station-vor-wm-und-heimweltcup\/\",\"name\":\"Letzte Station vor WM und Heimweltcup - Sportler\",\"isPartOf\":{\"@id\":\"https:\/\/skimo.73.jarolim.eu\/sportler\/#website\"},\"primaryImageOfPage\":{\"@id\":\"https:\/\/www.skimo.at\/sportler\/16624\/letzte-station-vor-wm-und-heimweltcup\/#primaryimage\"},\"datePublished\":\"2023-02-13T20:51:00+00:00\",\"dateModified\":\"2023-02-13T16:20:30+00:00\",\"author\":{\"@id\":\"https:\/\/skimo.73.jarolim.eu\/sportler\/#\/schema\/person\/796ecbce6796efca58bf848ca63ec12c\"},\"breadcrumb\":{\"@id\":\"https:\/\/www.skimo.at\/sportler\/16624\/letzte-station-vor-wm-und-heimweltcup\/#breadcrumb\"},\"inLanguage\":\"de\",\"potentialAction\":[{\"@type\":\"ReadAction\",\"target\":[\"https:\/\/www.skimo.at\/sportler\/16624\/letzte-station-vor-wm-und-heimweltcup\/\"]}]},{\"@type\":\"BreadcrumbList\",\"@id\":\"https:\/\/www.skimo.at\/sportler\/16624\/letzte-station-vor-wm-und-heimweltcup\/#breadcrumb\",\"itemListElement\":[{\"@type\":\"ListItem\",\"position\":1,\"item\":{\"@type\":\"WebPage\",\"@id\":\"https:\/\/skimo.73.jarolim.eu\/sportler\/\",\"url\":\"https:\/\/skimo.73.jarolim.eu\/sportler\/\",\"name\":\"Home\"}},{\"@type\":\"ListItem\",\"position\":2,\"item\":{\"@id\":\"https:\/\/www.skimo.at\/sportler\/16624\/letzte-station-vor-wm-und-heimweltcup\/#webpage\"}}]},{\"@type\":\"Person\",\"@id\":\"https:\/\/skimo.73.jarolim.eu\/sportler\/#\/schema\/person\/796ecbce6796efca58bf848ca63ec12c\",\"name\":\"kposch\",\"image\":{\"@type\":\"ImageObject\",\"@id\":\"https:\/\/skimo.73.jarolim.eu\/sportler\/#personlogo\",\"inLanguage\":\"de\",\"url\":\"https:\/\/secure.gravatar.com\/avatar\/e9f5f28da60e5e563d3f4d3cc0b9b425?s=96&r=g\",\"contentUrl\":\"https:\/\/secure.gravatar.com\/avatar\/e9f5f28da60e5e563d3f4d3cc0b9b425?s=96&r=g\",\"caption\":\"kposch\"},\"url\":\"https:\/\/www.skimo.at\/sportler\/author\/kposch\/\"}]}<\/script>\n<!-- \/ Yoast SEO plugin. -->","_links":{"self":[{"href":"https:\/\/www.skimo.at\/sportler\/wp-json\/wp\/v2\/posts\/16624"}],"collection":[{"href":"https:\/\/www.skimo.at\/sportler\/wp-json\/wp\/v2\/posts"}],"about":[{"href":"https:\/\/www.skimo.at\/sportler\/wp-json\/wp\/v2\/types\/post"}],"author":[{"embeddable":true,"href":"https:\/\/www.skimo.at\/sportler\/wp-json\/wp\/v2\/users\/3"}],"replies":[{"embeddable":true,"href":"https:\/\/www.skimo.at\/sportler\/wp-json\/wp\/v2\/comments?post=16624"}],"version-history":[{"count":1,"href":"https:\/\/www.skimo.at\/sportler\/wp-json\/wp\/v2\/posts\/16624\/revisions"}],"predecessor-version":[{"id":16626,"href":"https:\/\/www.skimo.at\/sportler\/wp-json\/wp\/v2\/posts\/16624\/revisions\/16626"}],"wp:featuredmedia":[{"embeddable":true,"href":"https:\/\/www.skimo.at\/sportler\/wp-json\/wp\/v2\/media\/16625"}],"wp:attachment":[{"href":"https:\/\/www.skimo.at\/sportler\/wp-json\/wp\/v2\/media?parent=16624"}],"wp:term":[{"taxonomy":"category","embeddable":true,"href":"https:\/\/www.skimo.at\/sportler\/wp-json\/wp\/v2\/categories?post=16624"},{"taxonomy":"post_tag","embeddable":true,"href":"https:\/\/www.skimo.at\/sportler\/wp-json\/wp\/v2\/tags?post=16624"}],"curies":[{"name":"wp","href":"https:\/\/api.w.org\/{rel}","templated":true}]}}