{"id":1650,"date":"2014-01-19T17:34:53","date_gmt":"2014-01-19T15:34:53","guid":{"rendered":"http:\/\/www.skimo.at\/sportler\/?p=1650"},"modified":"2014-01-19T17:38:32","modified_gmt":"2014-01-19T15:38:32","slug":"weltcup-verbier-sui-tag-3-verticalrennen-wieder-top-10-platz-fuer-oesterreich","status":"publish","type":"post","link":"https:\/\/www.skimo.at\/sportler\/1650\/weltcup-verbier-sui-tag-3-verticalrennen-wieder-top-10-platz-fuer-oesterreich\/","title":{"rendered":"Weltcup Verbier (SUI) Tag 3 \u2013 Verticalrennen \u2013 wieder Top 10-Platz f\u00fcr \u00d6sterreich"},"content":{"rendered":"<p>Abschlussbewerb des 1. Weltcups! Ein sch\u00f6n angelegtes Verticalrennen stand heute in Verbier am Programm. Nicht nur eine \u201enormale\u201c Wettkampfstrecke, nein die Tourenski-begeisterten Schweizer bauten gleich den Durchlauf durch das kleine St\u00e4dtchen ein. Die Stra\u00dfen eingeschaufelt und los geht\u2019s!<\/p>\n<p>F\u00fcr \u00d6sterreich waren wieder alle drei in die Schweiz gereisten Athleten am Start, n\u00e4mlich Ina Forchthammer (St. Johann\/SALZBURG), Martin Wei\u00dfkopf (Pr\u00e4graten\/TIROL) und Philipp Brugger (Sistrans\/TIROL). Schon die Streckenbesichtigung war im vollen Ortszentrum eine Gaudi\u2026und dann ging\u2018s richtig zur Sache. Wie von der Tarantel gestochen fetzten die Herren um 10:00 Uhr auf die 848 H\u00f6henmeter messende Rennstrecke.<\/p>\n<p>Unseren beiden Herren lief es gut: der 23j\u00e4hrige Wei\u00dfkopf konnte heute perfekt wegkommen, reihte sich in der ersten H\u00e4lfte in die Verfolgergruppe ein. Im Mittelteil konnte er auf flachen Streckenteilen laufend R\u00e4nge gutmachen und landete schlie\u00dflich mit einer Zeit von 42:01 auf Rang 23. Der geringe R\u00fcckstand von 2:40 Minuten auf den Sieger Matheo Jaquemoud lie\u00df Wei\u00dfkopf zwar l\u00e4cheln, aber auch nachdenken: \u201eJa, es ist mir super gelaufen heute, h\u00e4tte kaum besser sein k\u00f6nnen. Wahnsinn aber, dass ich mit einem R\u00fcckstand von 2:40 Minuten nicht mehr unter den Top20 bin. Vor 2 Jahren hie\u00df so ein R\u00fcckstand noch garantiert Top10.\u201c<br \/>\nDer 22j\u00e4hrige Philipp Brugger war vom gestrigen Sturz im Individualrennen noch angeschlagen. Seine Leistung war dennoch sehr gut, er finshte in 44:21 Minuten als 8. Und fuhr damti erneut einen Top10 Platz ein. Vom eigenen Rennen war Brugger hingegen nicht begeistert: \u201eIm Mittleteil kam es mir vor als ob ich stehe, insgesamt w\u00e4r wohl noch\u00a0 mehr dringewesen. N\u00fctzt aber nichts, schade.\u201c<\/p>\n<p>Die erst 17-j\u00e4hrige Ina Forchthammer hingegen ereilte ihr Schicksal sehr rasch. Noch leer vom gestrigen langen Rennen konnte sie von Anfang an das Tempo der Weltcupl\u00e4uferinnen nicht mithalten. Auch hier, bei der Juniorenklasse, hat sich n\u00e4mlich vom letzten Jahr zu heuer viel getan. F\u00fcr Ina leider zu viel: sie stellte ab und beendete das Rennen als letzte von 9 Athletinnen. Forchthammer entt\u00e4uscht zum Wettkampf: \u201eDas Tempo war mir einfach zu hoch heute. Die gestrige Gewalttour hab ich noch in den Muskeln, es ging garnichts.\u201c<\/p>\n<p>Gewaltig wie immer unsere Deutschen Freunde unterwegs: Toni Palzer lief in der Espoir-Klasse mit einer Zeit von 39:52 Minuten nur 30 Sekunden langsamer als der Herrensieger Matheo Jaquemoud und Sprintweltmeister Seppi Rottmoser errang mit 41:25 Minuten Rang 19 in der allgemeinen Klasse. Toni Lautenbacher startete heute nicht.<\/p>\n<p>Die gr\u00f6\u00dfte Diskussion heute verursachte aber zweifellos der Zielsprint zwischen Matheo Jaquemoud (FRA) und Kilian Jornet (ESP). Jaquemoud f\u00fchrte bis wenige Meter vor dem Ziel, als hinter ihm pl\u00f6tzlich Jornet die Ski auszog, in die H\u00e4nde nahm und zu laufen begann. Im Zielsprint warf sich Jonet \u00fcber die Zeitlinie und gewann das Rennen. Allerdings nicht lange, denn die Proteste lie\u00dfen nur Sekundenbruchteile auf sich warten. Die Ski zu tragen ist nur in ausgewiesenen Tragepassagen erlaubt, zudem nur am Rucksack. Jornet erkl\u00e4rte zun\u00e4chst, er h\u00e4tte ein Fell verloren, was definitiv nicht stimmte. Die IMSF Judges brummten dem Spanier sofort 15 Strafsekunden auf. Die Erkl\u00e4rung von Jornet zum Vorfall: durch den vom Kamera-Hubschrauber aufgewirbelten Schnee haben die Felle nicht mehr am Schnee gehalten\u2026weshalb er einfach die Ski auszog. Sympathien brachte das bei seinen Rennkollegen keine ein, die Diskussion wurde hitzig gef\u00fchrt. Inkl. der Strafzeit fiel Jornet schlie\u00dflich auf den 3. Rang zur\u00fcck.<\/p>\n<p>Nachwehen gibt\u2019s f\u00fcr die IMSF wohl nach dieser ersten Station des Weltcups in Protestform aus dem Trainerlager. Nicht nur, dass die Wettkampfstrecken f\u00fcr die Junioren viel zu lang waren (die Junioren Herren mussten heute im Vertical 848 hm laufen, dieselbe Strecke wie die Seniors), gibt\u2019s auch eine Ausr\u00fcstungsdiskussion. Erstmals durften heuer n\u00e4mlich wieder Ausr\u00fcstungsgegenst\u00e4nde vom Veranstalter ausgeklammert werden. Prompt wurde das heutige Rennen ohne Helm und Notfallausr\u00fcstung gelaufen\u2026vor den Kameras weltweiter TV-Stationen. Das ist kein Renommee!<\/p>\n<p>N\u00e4chste Woche geht\u2019s weiter mit dem Rennfieber: die 2. Station des ISMF SCARPA Weltcups steht in Couchevel (FRA) an. Zeitgleich findet am 26.1.2014 in Maurach am Achensee im Rahmen des AUSTRIA SKITOUR CUP der \u201eAchensee Rofanaufstieg\u201c statt, bei dem auch die \u00d6M Vertical ausgetragen wird.<\/p>\n<p>&nbsp;<\/p>\n<p>&nbsp;<\/p>\n","protected":false},"excerpt":{"rendered":"<p>Abschlussbewerb des 1. Weltcups! Ein sch\u00f6n angelegtes Verticalrennen stand heute in Verbier am Programm. Nicht nur eine \u201enormale\u201c Wettkampfstrecke, nein die Tourenski-begeisterten Schweizer bauten gleich den Durchlauf durch das kleine St\u00e4dtchen ein. Die Stra\u00dfen eingeschaufelt und los geht\u2019s! F\u00fcr \u00d6sterreich waren wieder alle drei in die Schweiz gereisten Athleten am Start, n\u00e4mlich Ina Forchthammer (St. [&hellip;]<\/p>\n","protected":false},"author":3,"featured_media":1671,"comment_status":"closed","ping_status":"closed","sticky":false,"template":"","format":"standard","meta":[],"categories":[1,11,9,3,7],"tags":[],"yoast_head":"<!-- This site is optimized with the Yoast SEO plugin v16.3 - https:\/\/yoast.com\/wordpress\/plugins\/seo\/ -->\n<title>Weltcup Verbier (SUI) Tag 3 \u2013 Verticalrennen \u2013 wieder Top 10-Platz f\u00fcr \u00d6sterreich - Sportler<\/title>\n<meta name=\"robots\" content=\"index, follow, max-snippet:-1, max-image-preview:large, max-video-preview:-1\" \/>\n<link rel=\"canonical\" href=\"https:\/\/www.skimo.at\/sportler\/1650\/weltcup-verbier-sui-tag-3-verticalrennen-wieder-top-10-platz-fuer-oesterreich\/\" \/>\n<meta property=\"og:locale\" content=\"de_DE\" \/>\n<meta property=\"og:type\" content=\"article\" \/>\n<meta property=\"og:title\" content=\"Weltcup Verbier (SUI) Tag 3 \u2013 Verticalrennen \u2013 wieder Top 10-Platz f\u00fcr \u00d6sterreich - Sportler\" \/>\n<meta property=\"og:description\" content=\"Abschlussbewerb des 1. Weltcups! Ein sch\u00f6n angelegtes Verticalrennen stand heute in Verbier am Programm. Nicht nur eine \u201enormale\u201c Wettkampfstrecke, nein die Tourenski-begeisterten Schweizer bauten gleich den Durchlauf durch das kleine St\u00e4dtchen ein. Die Stra\u00dfen eingeschaufelt und los geht\u2019s! F\u00fcr \u00d6sterreich waren wieder alle drei in die Schweiz gereisten Athleten am Start, n\u00e4mlich Ina Forchthammer (St. [&hellip;]\" \/>\n<meta property=\"og:url\" content=\"https:\/\/www.skimo.at\/sportler\/1650\/weltcup-verbier-sui-tag-3-verticalrennen-wieder-top-10-platz-fuer-oesterreich\/\" \/>\n<meta property=\"og:site_name\" content=\"Sportler\" \/>\n<meta property=\"article:published_time\" content=\"2014-01-19T15:34:53+00:00\" \/>\n<meta property=\"article:modified_time\" content=\"2014-01-19T15:38:32+00:00\" \/>\n<meta property=\"og:image\" content=\"https:\/\/skimo.73.jarolim.eu\/sportler\/files\/2014\/01\/WC-Verbier-Vertical-Kilian-Jornet-38-foto-werbegams.at-LR.jpg\" \/>\n\t<meta property=\"og:image:width\" content=\"1800\" \/>\n\t<meta property=\"og:image:height\" content=\"1198\" \/>\n<meta name=\"twitter:card\" content=\"summary\" \/>\n<meta name=\"twitter:label1\" content=\"Gesch\u00e4tzte Lesezeit\">\n\t<meta name=\"twitter:data1\" content=\"3\u00a0Minuten\">\n<script type=\"application\/ld+json\" class=\"yoast-schema-graph\">{\"@context\":\"https:\/\/schema.org\",\"@graph\":[{\"@type\":\"WebSite\",\"@id\":\"https:\/\/skimo.73.jarolim.eu\/sportler\/#website\",\"url\":\"https:\/\/skimo.73.jarolim.eu\/sportler\/\",\"name\":\"Sportler\",\"description\":\"\",\"potentialAction\":[{\"@type\":\"SearchAction\",\"target\":\"https:\/\/skimo.73.jarolim.eu\/sportler\/?s={search_term_string}\",\"query-input\":\"required name=search_term_string\"}],\"inLanguage\":\"de\"},{\"@type\":\"ImageObject\",\"@id\":\"https:\/\/www.skimo.at\/sportler\/1650\/weltcup-verbier-sui-tag-3-verticalrennen-wieder-top-10-platz-fuer-oesterreich\/#primaryimage\",\"inLanguage\":\"de\",\"url\":\"https:\/\/www.skimo.at\/sportler\/files\/2014\/01\/WC-Verbier-Vertical-Kilian-Jornet-38-foto-werbegams.at-LR.jpg\",\"contentUrl\":\"https:\/\/www.skimo.at\/sportler\/files\/2014\/01\/WC-Verbier-Vertical-Kilian-Jornet-38-foto-werbegams.at-LR.jpg\",\"width\":1800,\"height\":1198},{\"@type\":\"WebPage\",\"@id\":\"https:\/\/www.skimo.at\/sportler\/1650\/weltcup-verbier-sui-tag-3-verticalrennen-wieder-top-10-platz-fuer-oesterreich\/#webpage\",\"url\":\"https:\/\/www.skimo.at\/sportler\/1650\/weltcup-verbier-sui-tag-3-verticalrennen-wieder-top-10-platz-fuer-oesterreich\/\",\"name\":\"Weltcup Verbier (SUI) Tag 3 \\u2013 Verticalrennen \\u2013 wieder Top 10-Platz f\\u00fcr \\u00d6sterreich - Sportler\",\"isPartOf\":{\"@id\":\"https:\/\/skimo.73.jarolim.eu\/sportler\/#website\"},\"primaryImageOfPage\":{\"@id\":\"https:\/\/www.skimo.at\/sportler\/1650\/weltcup-verbier-sui-tag-3-verticalrennen-wieder-top-10-platz-fuer-oesterreich\/#primaryimage\"},\"datePublished\":\"2014-01-19T15:34:53+00:00\",\"dateModified\":\"2014-01-19T15:38:32+00:00\",\"author\":{\"@id\":\"https:\/\/skimo.73.jarolim.eu\/sportler\/#\/schema\/person\/796ecbce6796efca58bf848ca63ec12c\"},\"breadcrumb\":{\"@id\":\"https:\/\/www.skimo.at\/sportler\/1650\/weltcup-verbier-sui-tag-3-verticalrennen-wieder-top-10-platz-fuer-oesterreich\/#breadcrumb\"},\"inLanguage\":\"de\",\"potentialAction\":[{\"@type\":\"ReadAction\",\"target\":[\"https:\/\/www.skimo.at\/sportler\/1650\/weltcup-verbier-sui-tag-3-verticalrennen-wieder-top-10-platz-fuer-oesterreich\/\"]}]},{\"@type\":\"BreadcrumbList\",\"@id\":\"https:\/\/www.skimo.at\/sportler\/1650\/weltcup-verbier-sui-tag-3-verticalrennen-wieder-top-10-platz-fuer-oesterreich\/#breadcrumb\",\"itemListElement\":[{\"@type\":\"ListItem\",\"position\":1,\"item\":{\"@type\":\"WebPage\",\"@id\":\"https:\/\/skimo.73.jarolim.eu\/sportler\/\",\"url\":\"https:\/\/skimo.73.jarolim.eu\/sportler\/\",\"name\":\"Home\"}},{\"@type\":\"ListItem\",\"position\":2,\"item\":{\"@id\":\"https:\/\/www.skimo.at\/sportler\/1650\/weltcup-verbier-sui-tag-3-verticalrennen-wieder-top-10-platz-fuer-oesterreich\/#webpage\"}}]},{\"@type\":\"Person\",\"@id\":\"https:\/\/skimo.73.jarolim.eu\/sportler\/#\/schema\/person\/796ecbce6796efca58bf848ca63ec12c\",\"name\":\"kposch\",\"image\":{\"@type\":\"ImageObject\",\"@id\":\"https:\/\/skimo.73.jarolim.eu\/sportler\/#personlogo\",\"inLanguage\":\"de\",\"url\":\"https:\/\/secure.gravatar.com\/avatar\/e9f5f28da60e5e563d3f4d3cc0b9b425?s=96&r=g\",\"contentUrl\":\"https:\/\/secure.gravatar.com\/avatar\/e9f5f28da60e5e563d3f4d3cc0b9b425?s=96&r=g\",\"caption\":\"kposch\"},\"url\":\"https:\/\/www.skimo.at\/sportler\/author\/kposch\/\"}]}<\/script>\n<!-- \/ Yoast SEO plugin. -->","_links":{"self":[{"href":"https:\/\/www.skimo.at\/sportler\/wp-json\/wp\/v2\/posts\/1650"}],"collection":[{"href":"https:\/\/www.skimo.at\/sportler\/wp-json\/wp\/v2\/posts"}],"about":[{"href":"https:\/\/www.skimo.at\/sportler\/wp-json\/wp\/v2\/types\/post"}],"author":[{"embeddable":true,"href":"https:\/\/www.skimo.at\/sportler\/wp-json\/wp\/v2\/users\/3"}],"replies":[{"embeddable":true,"href":"https:\/\/www.skimo.at\/sportler\/wp-json\/wp\/v2\/comments?post=1650"}],"version-history":[{"count":6,"href":"https:\/\/www.skimo.at\/sportler\/wp-json\/wp\/v2\/posts\/1650\/revisions"}],"predecessor-version":[{"id":1676,"href":"https:\/\/www.skimo.at\/sportler\/wp-json\/wp\/v2\/posts\/1650\/revisions\/1676"}],"wp:featuredmedia":[{"embeddable":true,"href":"https:\/\/www.skimo.at\/sportler\/wp-json\/wp\/v2\/media\/1671"}],"wp:attachment":[{"href":"https:\/\/www.skimo.at\/sportler\/wp-json\/wp\/v2\/media?parent=1650"}],"wp:term":[{"taxonomy":"category","embeddable":true,"href":"https:\/\/www.skimo.at\/sportler\/wp-json\/wp\/v2\/categories?post=1650"},{"taxonomy":"post_tag","embeddable":true,"href":"https:\/\/www.skimo.at\/sportler\/wp-json\/wp\/v2\/tags?post=1650"}],"curies":[{"name":"wp","href":"https:\/\/api.w.org\/{rel}","templated":true}]}}