{"id":1647,"date":"2014-01-19T14:46:18","date_gmt":"2014-01-19T12:46:18","guid":{"rendered":"http:\/\/www.skimo.at\/sportler\/?p=1647"},"modified":"2014-01-19T17:26:41","modified_gmt":"2014-01-19T15:26:41","slug":"ergebnisliste-wc-verbier-vertical-online","status":"publish","type":"post","link":"https:\/\/www.skimo.at\/sportler\/1647\/ergebnisliste-wc-verbier-vertical-online\/","title":{"rendered":"Ergebnisliste WC Verbier Vertical online"},"content":{"rendered":"<p>Vorab hier zum schm\u00f6kern die Ergebnisliste des heutigen Weltcup-Verticalbewerbs in Verbier (SUI)<\/p>\n<p>Bericht und Bilder folgen sp\u00e4ter!<\/p>\n<p>Update 16:20 Uhr:<br \/>\nIn der urspr\u00fcnglichen Ergebnisliste der ISMF waren einige Fehler drin, wir haben deswegen nun die Ergebisliste des Veranstalters raufgeladen, siehe Link unter dem Beitrag.<\/p>\n","protected":false},"excerpt":{"rendered":"<p>Vorab hier zum schm\u00f6kern die Ergebnisliste des heutigen Weltcup-Verticalbewerbs in Verbier (SUI) Bericht und Bilder folgen sp\u00e4ter! Update 16:20 Uhr: In der urspr\u00fcnglichen Ergebnisliste der ISMF waren einige Fehler drin, wir haben deswegen nun die Ergebisliste des Veranstalters raufgeladen, siehe Link unter dem Beitrag.<\/p>\n","protected":false},"author":3,"featured_media":0,"comment_status":"closed","ping_status":"closed","sticky":false,"template":"","format":"standard","meta":[],"categories":[1,11,3],"tags":[],"yoast_head":"<!-- This site is optimized with the Yoast SEO plugin v16.3 - https:\/\/yoast.com\/wordpress\/plugins\/seo\/ -->\n<title>Ergebnisliste WC Verbier Vertical online - Sportler<\/title>\n<meta name=\"robots\" content=\"index, follow, max-snippet:-1, max-image-preview:large, max-video-preview:-1\" \/>\n<link rel=\"canonical\" href=\"https:\/\/www.skimo.at\/sportler\/1647\/ergebnisliste-wc-verbier-vertical-online\/\" \/>\n<meta property=\"og:locale\" content=\"de_DE\" \/>\n<meta property=\"og:type\" content=\"article\" \/>\n<meta property=\"og:title\" content=\"Ergebnisliste WC Verbier Vertical online - Sportler\" \/>\n<meta property=\"og:description\" content=\"Vorab hier zum schm\u00f6kern die Ergebnisliste des heutigen Weltcup-Verticalbewerbs in Verbier (SUI) Bericht und Bilder folgen sp\u00e4ter! Update 16:20 Uhr: In der urspr\u00fcnglichen Ergebnisliste der ISMF waren einige Fehler drin, wir haben deswegen nun die Ergebisliste des Veranstalters raufgeladen, siehe Link unter dem Beitrag.\" \/>\n<meta property=\"og:url\" content=\"https:\/\/www.skimo.at\/sportler\/1647\/ergebnisliste-wc-verbier-vertical-online\/\" \/>\n<meta property=\"og:site_name\" content=\"Sportler\" \/>\n<meta property=\"article:published_time\" content=\"2014-01-19T12:46:18+00:00\" \/>\n<meta property=\"article:modified_time\" content=\"2014-01-19T15:26:41+00:00\" \/>\n<meta name=\"twitter:card\" content=\"summary\" \/>\n<script type=\"application\/ld+json\" class=\"yoast-schema-graph\">{\"@context\":\"https:\/\/schema.org\",\"@graph\":[{\"@type\":\"WebSite\",\"@id\":\"https:\/\/skimo.73.jarolim.eu\/sportler\/#website\",\"url\":\"https:\/\/skimo.73.jarolim.eu\/sportler\/\",\"name\":\"Sportler\",\"description\":\"\",\"potentialAction\":[{\"@type\":\"SearchAction\",\"target\":\"https:\/\/skimo.73.jarolim.eu\/sportler\/?s={search_term_string}\",\"query-input\":\"required name=search_term_string\"}],\"inLanguage\":\"de\"},{\"@type\":\"WebPage\",\"@id\":\"https:\/\/www.skimo.at\/sportler\/1647\/ergebnisliste-wc-verbier-vertical-online\/#webpage\",\"url\":\"https:\/\/www.skimo.at\/sportler\/1647\/ergebnisliste-wc-verbier-vertical-online\/\",\"name\":\"Ergebnisliste WC Verbier Vertical online - Sportler\",\"isPartOf\":{\"@id\":\"https:\/\/skimo.73.jarolim.eu\/sportler\/#website\"},\"datePublished\":\"2014-01-19T12:46:18+00:00\",\"dateModified\":\"2014-01-19T15:26:41+00:00\",\"author\":{\"@id\":\"https:\/\/skimo.73.jarolim.eu\/sportler\/#\/schema\/person\/796ecbce6796efca58bf848ca63ec12c\"},\"breadcrumb\":{\"@id\":\"https:\/\/www.skimo.at\/sportler\/1647\/ergebnisliste-wc-verbier-vertical-online\/#breadcrumb\"},\"inLanguage\":\"de\",\"potentialAction\":[{\"@type\":\"ReadAction\",\"target\":[\"https:\/\/www.skimo.at\/sportler\/1647\/ergebnisliste-wc-verbier-vertical-online\/\"]}]},{\"@type\":\"BreadcrumbList\",\"@id\":\"https:\/\/www.skimo.at\/sportler\/1647\/ergebnisliste-wc-verbier-vertical-online\/#breadcrumb\",\"itemListElement\":[{\"@type\":\"ListItem\",\"position\":1,\"item\":{\"@type\":\"WebPage\",\"@id\":\"https:\/\/skimo.73.jarolim.eu\/sportler\/\",\"url\":\"https:\/\/skimo.73.jarolim.eu\/sportler\/\",\"name\":\"Home\"}},{\"@type\":\"ListItem\",\"position\":2,\"item\":{\"@id\":\"https:\/\/www.skimo.at\/sportler\/1647\/ergebnisliste-wc-verbier-vertical-online\/#webpage\"}}]},{\"@type\":\"Person\",\"@id\":\"https:\/\/skimo.73.jarolim.eu\/sportler\/#\/schema\/person\/796ecbce6796efca58bf848ca63ec12c\",\"name\":\"kposch\",\"image\":{\"@type\":\"ImageObject\",\"@id\":\"https:\/\/skimo.73.jarolim.eu\/sportler\/#personlogo\",\"inLanguage\":\"de\",\"url\":\"https:\/\/secure.gravatar.com\/avatar\/e9f5f28da60e5e563d3f4d3cc0b9b425?s=96&r=g\",\"contentUrl\":\"https:\/\/secure.gravatar.com\/avatar\/e9f5f28da60e5e563d3f4d3cc0b9b425?s=96&r=g\",\"caption\":\"kposch\"},\"url\":\"https:\/\/www.skimo.at\/sportler\/author\/kposch\/\"}]}<\/script>\n<!-- \/ Yoast SEO plugin. -->","_links":{"self":[{"href":"https:\/\/www.skimo.at\/sportler\/wp-json\/wp\/v2\/posts\/1647"}],"collection":[{"href":"https:\/\/www.skimo.at\/sportler\/wp-json\/wp\/v2\/posts"}],"about":[{"href":"https:\/\/www.skimo.at\/sportler\/wp-json\/wp\/v2\/types\/post"}],"author":[{"embeddable":true,"href":"https:\/\/www.skimo.at\/sportler\/wp-json\/wp\/v2\/users\/3"}],"replies":[{"embeddable":true,"href":"https:\/\/www.skimo.at\/sportler\/wp-json\/wp\/v2\/comments?post=1647"}],"version-history":[{"count":3,"href":"https:\/\/www.skimo.at\/sportler\/wp-json\/wp\/v2\/posts\/1647\/revisions"}],"predecessor-version":[{"id":1655,"href":"https:\/\/www.skimo.at\/sportler\/wp-json\/wp\/v2\/posts\/1647\/revisions\/1655"}],"wp:attachment":[{"href":"https:\/\/www.skimo.at\/sportler\/wp-json\/wp\/v2\/media?parent=1647"}],"wp:term":[{"taxonomy":"category","embeddable":true,"href":"https:\/\/www.skimo.at\/sportler\/wp-json\/wp\/v2\/categories?post=1647"},{"taxonomy":"post_tag","embeddable":true,"href":"https:\/\/www.skimo.at\/sportler\/wp-json\/wp\/v2\/tags?post=1647"}],"curies":[{"name":"wp","href":"https:\/\/api.w.org\/{rel}","templated":true}]}}