{"id":16465,"date":"2022-11-22T07:17:47","date_gmt":"2022-11-22T05:17:47","guid":{"rendered":"https:\/\/www.skimo.at\/sportler\/?p=16465"},"modified":"2022-11-22T07:18:24","modified_gmt":"2022-11-22T05:18:24","slug":"rundum-neu-das-skimoteamgermany-startet-in-die-wettkampfsaison-22-23","status":"publish","type":"post","link":"https:\/\/www.skimo.at\/sportler\/16465\/rundum-neu-das-skimoteamgermany-startet-in-die-wettkampfsaison-22-23\/","title":{"rendered":"Rundum neu: Das SkimoTeamGermany startet in die Wettkampfsaison 22\/23"},"content":{"rendered":"\n<p>Am Freitag, 25. November, f\u00e4llt der Startschuss f\u00fcr die bevorstehende Wettkampfsaison im Skibergsteigen. Die internationale Elite reist ins franz\u00f6sische Val Thorens und k\u00e4mpft dort um die ersten Weltcup-Punkte. Das SkimoTeamGermany ist mit einer Athletin und drei Athleten am Start &#8211; und mit dem neuen Bundestrainer Florian Steirer. Das ist noch lange nicht das einzige Novum der kommenden Saison.<\/p>\n\n\n\n<p><\/p>\n\n\n\n<figure class=\"wp-block-image size-large\"><a href=\"https:\/\/www.skimo.at\/sportler\/files\/2022\/11\/skimoteamger-einkleidung-ganzesteam-nilslang-hr-180-1200px.jpg\"><img loading=\"lazy\" width=\"1024\" height=\"683\" src=\"https:\/\/www.skimo.at\/sportler\/files\/2022\/11\/skimoteamger-einkleidung-ganzesteam-nilslang-hr-180-1200px-1024x683.jpg\" alt=\"skimoteamger einkleidung ganzesteam nilslang hr 180 1200px\" class=\"wp-image-16466\" srcset=\"https:\/\/www.skimo.at\/sportler\/files\/2022\/11\/skimoteamger-einkleidung-ganzesteam-nilslang-hr-180-1200px-1024x683.jpg 1024w, https:\/\/www.skimo.at\/sportler\/files\/2022\/11\/skimoteamger-einkleidung-ganzesteam-nilslang-hr-180-1200px-300x200.jpg 300w, https:\/\/www.skimo.at\/sportler\/files\/2022\/11\/skimoteamger-einkleidung-ganzesteam-nilslang-hr-180-1200px-768x512.jpg 768w, https:\/\/www.skimo.at\/sportler\/files\/2022\/11\/skimoteamger-einkleidung-ganzesteam-nilslang-hr-180-1200px-746x497.jpg 746w, https:\/\/www.skimo.at\/sportler\/files\/2022\/11\/skimoteamger-einkleidung-ganzesteam-nilslang-hr-180-1200px-618x412.jpg 618w, https:\/\/www.skimo.at\/sportler\/files\/2022\/11\/skimoteamger-einkleidung-ganzesteam-nilslang-hr-180-1200px-554x369.jpg 554w, https:\/\/www.skimo.at\/sportler\/files\/2022\/11\/skimoteamger-einkleidung-ganzesteam-nilslang-hr-180-1200px-299x199.jpg 299w, https:\/\/www.skimo.at\/sportler\/files\/2022\/11\/skimoteamger-einkleidung-ganzesteam-nilslang-hr-180-1200px-970x647.jpg 970w, https:\/\/www.skimo.at\/sportler\/files\/2022\/11\/skimoteamger-einkleidung-ganzesteam-nilslang-hr-180-1200px-140x93.jpg 140w, https:\/\/www.skimo.at\/sportler\/files\/2022\/11\/skimoteamger-einkleidung-ganzesteam-nilslang-hr-180-1200px-540x360.jpg 540w, https:\/\/www.skimo.at\/sportler\/files\/2022\/11\/skimoteamger-einkleidung-ganzesteam-nilslang-hr-180-1200px.jpg 1200w\" sizes=\"(max-width: 1024px) 100vw, 1024px\" \/><\/a><figcaption>skimoteamger einkleidung ganzesteam nilslang hr 180 1200px<\/figcaption><\/figure>\n\n\n\n<h2>Kompaktere Wettk\u00e4mpfe und Wertungen<\/h2>\n\n\n\n<p>Vom 25. &#8211; 27. November trifft sich die&nbsp;internationale Skimo-Elite f\u00fcr das&nbsp;erste&nbsp;Kr\u00e4ftem\u00e4ssen der Saison: Die&nbsp;Weltcup-Reihe startet diesmal im&nbsp;franz\u00f6sischen&nbsp;<strong>Val Thorens<\/strong>&nbsp;mit den Disziplinen&nbsp;<strong>Sprint<\/strong>&nbsp;und&nbsp;<strong>Mixed Relay<\/strong>. Vom&nbsp;<strong>SkimoTeamGermany<\/strong>&nbsp;gehen&nbsp;<strong>Tatjana Paller (DAV T\u00f6lz)<\/strong>,&nbsp;<strong>Finn H\u00f6sch (Bergland M\u00fcnchen)<\/strong>,&nbsp;<strong>David Sambale (DAV Immenstadt)<\/strong>&nbsp;und&nbsp;<strong>Thomas Kletzenbauer (DAV Lenggries)<\/strong>&nbsp;an den Start. F\u00fcr die jungen Athletinnen und Athleten ist dieses Rennen ein echtes Novum, denn&nbsp;ab dieser Saison wird es keine Jugendwertungen bei Einzelveranstaltungen mehr&nbsp;geben. Alle Teilnehmenden laufen&nbsp;in einer&nbsp;<strong>Gesamtwertung<\/strong>&nbsp;und&nbsp;haben damit die Chance, als Tagessiegende vom obersten Podiumsplatz herunterzujubeln. Ein gesondertes&nbsp;<strong>U23-Ranking<\/strong>&nbsp;wird es erst am Ende&nbsp;der Saison geben. Und noch ein Novum im Jugendbereich: Neben der regul\u00e4ren Weltcup-Serie wird zum ersten Mal auch der&nbsp;<a href=\"http:\/\/www.ismf-ski.org\/webpages\/wp-content\/uploads\/2022\/11\/2022-2023-ISMF-Youth-World-Cup-Calendar.pdf\" target=\"_blank\" rel=\"noreferrer noopener\">ISMF Youth World Cup 22\/23<\/a>&nbsp;mit drei Veranstaltungen&nbsp;stattfinden.&nbsp;<\/p>\n\n\n\n<p>Gespannt darf man \u00fcbrigens auch auf die&nbsp;<strong>Individual-Rennen<\/strong>&nbsp;der Saison sein: Die Rennen&nbsp;sind k\u00fcnftig k\u00fcrzer und kompakter als bisher: Bei den Herren werden maximal etwa 1600 H\u00f6henmeter&nbsp;und bei den Frauen etwa 1450 H\u00f6henmeter zu \u00fcberwinden sein. Die jeweils Schnellsten brauchen f\u00fcr diesen H\u00f6henunterschied&nbsp;ungef\u00e4hr&nbsp;<strong>1 Stunde und 15 Minuten<\/strong>.<\/p>\n\n\n\n<ul><li>Hier geht es zum&nbsp;<a href=\"http:\/\/www.ismf-ski.org\/webpages\/competitions\/calendar\/\" target=\"_blank\" rel=\"noreferrer noopener\">internationalen Wettkampfkalender<\/a>.<\/li><\/ul>\n\n\n\n<h2>Neu: Die Deutsche Meisterschaft Mixed Relay<\/h2>\n\n\n\n<p>Nat\u00fcrlich ist der Weltcupzirkus nicht alles.&nbsp;Mit den&nbsp;<strong>Deutschen Meisterschaften<\/strong>&nbsp;wird es auch in den heimischen Gefilden wieder hochkar\u00e4tige Skimo-Rennen geben &#8211; diesmal sogar noch umfangreicher. Zus\u00e4tzlich zu den bereits etablierten Veranstaltungen&nbsp;wird es erstmals eine DM in der brandneuen Disziplin&nbsp;<strong>&#8222;Mixed Relay&#8220;<\/strong>, dem&nbsp;<strong>gemischten Staffellauf<\/strong>, geben &#8211; so, wie er auch bei den Olympischen Winterspielen 2026 stattfinden wird. Zusammen mit der<strong>&nbsp;DM Invidiual<\/strong>&nbsp;wird das&nbsp;<strong>Mixed Relay<\/strong>&nbsp;am 11. und 12. Februar beim traditionellen&nbsp;<strong>Jennerstier<\/strong>&nbsp;bei Berchtesgaden stattfinden. Die&nbsp;Titel der schnellsten Deutschen&nbsp;im&nbsp;<strong>Vertical<\/strong>&nbsp;werden eine Woche vorher,&nbsp;am 5. Februar,&nbsp;wie gewohnt beim&nbsp;<strong>Mittag Race<\/strong>&nbsp;im Allg\u00e4u vergeben. Die Deutsche Meisterschaft im&nbsp;<strong>Sprint<\/strong>&nbsp;hat im Gegensatz dazu eine neue Wettkampfst\u00e4tte gefunden: Gemeinsam mit der&nbsp;<strong>\u00d6sterreichischen Meisterschaft<\/strong>&nbsp;wird sie in Viehhofen&nbsp;im Salzburger Land am 6. und 7. Januar&nbsp;ausgetragen werden.&nbsp;<\/p>\n\n\n\n<h2>Vom Biathlon zum Skimo: Der neue Bundestrainer<\/h2>\n\n\n\n<p>Ein gemeinsames&nbsp;Weltcup-Ranking, eine neue Jugendcup-Serie und eine zus\u00e4tzliche&nbsp;Skimo Disziplin als&nbsp;DM&nbsp;&#8211;&nbsp;alles neu macht also der kommende Winter. Da erscheint es nur konsequent, dass auch&nbsp;beim&nbsp;<strong>SkimoTeamGermany<\/strong>&nbsp;ein frischer Wind weht. Die gr\u00f6\u00dfte&nbsp;Ver\u00e4nderung ist mit Sicherheit der&nbsp;<strong>Wechsel im Trainerteam<\/strong>.&nbsp;Nachdem der ehemalige Bundestrainer&nbsp;<strong>Thomas B\u00f6sl<\/strong>&nbsp;sein Amt niedergelegt hat, ist jetzt mit&nbsp;<strong>Florian Steirer<\/strong>&nbsp;jemand am Ruder, dessen Referenzen sich sehen lassen k\u00f6nnen.&nbsp;Der 40-J\u00e4hrige \u00d6sterreicher war zuvor Trainer beim&nbsp;<strong>deutschen Biathlon-Team der Frauen<\/strong>&nbsp;und hat hier unter anderem schon die ehemalige Olympiasiegerin&nbsp;sowie Weltmeisterin&nbsp;<strong>Laura Dahlmeier<\/strong>&nbsp;trainiert. Seine langj\u00e4hrige Expertise m\u00f6chte der frisch gebackene Bundestrainer Skimo nun auch beim DAV&nbsp;einbringen. Unterst\u00fctzt wird er dabei von Trainer-Kollege&nbsp;<strong>Andreas Eder<\/strong>, der letzte Saison noch als&nbsp;<strong>Chef-Trainer<\/strong>&nbsp;beim \u00d6sterreichischen Skiverband (kurz \u00d6SV) arbeitete.<\/p>\n\n\n\n<p>&#8222;Die erste Zusammenarbeit im Team lief vielversprechend. Die Jungs und M\u00e4dels sind hoch motiviert und zeigen sich im Training sehr engagiert. Trotzdem steht uns in dieser Saison eine gro\u00dfe Aufgabe bevor. Der junge Kader muss in den Weltcups bei den Senioren mitlaufen, und hier ist die Messlatte einfach unglaublich hoch. Aktuell ist es noch schwer einzusch\u00e4tzen, wo wir da stehen, und es wird nat\u00fcrlich ein wenig Zeit brauchen zu sehen, wo wir uns hin entwickeln, das geht einfach nicht von heute auf morgen. Erstmal freuen wir uns aber nat\u00fcrlich schon auf die Wettk\u00e4mpfe und hoffen auf einen erfolgreichen Auftakt in Val Thorens&#8220;, sagt&nbsp;der neue&nbsp;<strong>Bundestrainer Florian Steirer.<\/strong><\/p>\n\n\n\n<ul><li><a href=\"https:\/\/www.alpenverein.de\/wettkampf\/skimo\/der-neue-skimoteamgermany-bundestrainer-florian-steirer-im-interview_aid_38993.html\">Der neue Bundestrainer Florian Steirer im Interview<\/a><\/li><li><a href=\"https:\/\/www.alpenverein.de\/wettkampf\/skimo\/interview-andreas-eder-yec-trainer-fuer-das-skimoteamgermany_aid_38994.html\">Co-Trainer Andreas Eder im Interview<\/a><\/li><\/ul>\n\n\n\n<h2>Das SkimoTeamGermany im Olympia-Gewand<\/h2>\n\n\n\n<p>Das neue Trainerteam bereitet das junge und ambitionierte&nbsp;<strong>SkimoTeamGermany<\/strong>&nbsp;nicht nur f\u00fcr die kommenden nationalen und internationalen Veranstaltungen vor, sondern wirft schon einen Blick in die Zukunft: In vier Jahren steht dem Skimo-Sport eine wirklich gro\u00dfe Herausforderung bevor, denn mit insgesamt&nbsp;<strong>drei Medaillens\u00e4tzen&nbsp;<\/strong>(je eine bei den Herren und Frauen im Sprint und eine im Mixed Relay)&nbsp;wird das Team bei den&nbsp;<strong>Olympischen Winterspielen in Mailand und Cortina 2026&nbsp;<\/strong>dabei sein. Und die Spiele werfen bereits jetzt ihren Schatten voraus. Aufgrund&nbsp;der&nbsp;Eingliederung des Skibergsteigens in die Strukturen des DOSB&nbsp;ist jetzt auch der Kader an den&nbsp;neuen&nbsp;<strong>Olympia-Richtlinien<\/strong>&nbsp;ausgerichtet. Seit der Neuaufstellung im April&nbsp;besteht&nbsp;das Team&nbsp;jetzt offiziell aus&nbsp;einen&nbsp;<strong>Olympia-<\/strong>,&nbsp;einem&nbsp;<strong><a href=\"https:\/\/www.alpenverein.de\/wettkampf\/skimo\/mannschaften\/der-perspektivkader-2022-23_aid_38353.html\">Perspektiv<\/a>&#8211;<\/strong>&nbsp;und&nbsp;<strong>zwei Nachwuchskadern<\/strong>&nbsp;(<a href=\"https:\/\/www.alpenverein.de\/wettkampf\/skimo\/mannschaften\/der-nachwuchskader-i-2022-23_aid_38355.html\">I<\/a>&nbsp;und&nbsp;<a href=\"https:\/\/www.alpenverein.de\/wettkampf\/skimo\/mannschaften\/nachwuchskader-ii-2022-23_aid_38356.html\">II<\/a>). Insgesamt vier Athletinnen und zehn Athleten d\u00fcrfen sich \u00fcber ihre Kadernominierung freuen. Die Qualifikation f\u00fcr&nbsp;den Olympiakader ist das erste Mal&nbsp;in der kommenden Saison m\u00f6glich.&nbsp;<\/p>\n\n\n\n<p>Zu den&nbsp;hei\u00dfesten Anw\u00e4rter*innen f\u00fcr die Spiele z\u00e4hlen aktuell wohl die dreifache Deutsche Meisterin im Sprint, Vertical und Individual&nbsp;<strong>Tatjana Paller (DAV T\u00f6lz)<\/strong>, der Deutsche Meister und&nbsp;Weltcup-Bronze Gewinner in der Kategorie U20 Sprint&nbsp;<strong>Finn H\u00f6sch (DAV Bergland M\u00fcnchen)<\/strong>&nbsp;oder auch das Allroundtalent&nbsp;<strong>Antonia Niedermaier (DAV Bad Aibling)<\/strong>, die 2022 in der Kategorie U20&nbsp;EM Zweite im Vertical sowie Dritte im Individual wurde. Den&nbsp;<strong>Perspektivkader<\/strong>&nbsp;erg\u00e4nzen:&nbsp;<strong>Marc D\u00fcrr (DAV Allg\u00e4u-Kempten), Thomas Kletzenabauer (DAV Lenggries), Stefan Knopf (DAV Berchtesgaden), Franz Eder (DAV Berchtesgaden), Felix Gramelsberger (DAV Teisendorf), Josef Pelzer (DAV Berchtesgaden) und&nbsp;David Sambale (DAV Allg\u00e4u-Kempten)<\/strong>. In den&nbsp;<strong>Nachwuchskadern<\/strong>&nbsp;sind&nbsp;<strong>Anna-Maria Michel (DAV Berchtesgaden), Sophie We\u00dfling (DAV Lindau), David Jost (DAV Immenstadt) und Silas Walter (DAV Memmingen)<\/strong>.<\/p>\n\n\n\n<ul><li>Das gesamte SkimoTeamGermany gibt es<a href=\"https:\/\/www.alpenverein.de\/wettkampf\/skimo\/mannschaften\/das-skimoteamgermany-2022-23_aid_38333.html\">&nbsp;hier<\/a>.<\/li><\/ul>\n\n\n\n<p>Quelle: DAV, Markus Gr\u00fcbl<\/p>\n","protected":false},"excerpt":{"rendered":"<p>Am Freitag, 25. November, f\u00e4llt der Startschuss f\u00fcr die bevorstehende Wettkampfsaison im Skibergsteigen. Die internationale Elite reist ins franz\u00f6sische Val Thorens und k\u00e4mpft dort um die ersten Weltcup-Punkte. Das SkimoTeamGermany ist mit einer Athletin und drei Athleten am Start &#8211; und mit dem neuen Bundestrainer Florian Steirer. Das ist noch lange nicht das einzige Novum [&hellip;]<\/p>\n","protected":false},"author":3,"featured_media":16466,"comment_status":"closed","ping_status":"closed","sticky":false,"template":"","format":"standard","meta":[],"categories":[1,9,3],"tags":[],"yoast_head":"<!-- This site is optimized with the Yoast SEO plugin v16.3 - https:\/\/yoast.com\/wordpress\/plugins\/seo\/ -->\n<title>Rundum neu: Das SkimoTeamGermany startet in die Wettkampfsaison 22\/23 - Sportler<\/title>\n<meta name=\"robots\" content=\"index, follow, max-snippet:-1, max-image-preview:large, max-video-preview:-1\" \/>\n<link rel=\"canonical\" href=\"https:\/\/www.skimo.at\/sportler\/16465\/rundum-neu-das-skimoteamgermany-startet-in-die-wettkampfsaison-22-23\/\" \/>\n<meta property=\"og:locale\" content=\"de_DE\" \/>\n<meta property=\"og:type\" content=\"article\" \/>\n<meta property=\"og:title\" content=\"Rundum neu: Das SkimoTeamGermany startet in die Wettkampfsaison 22\/23 - Sportler\" \/>\n<meta property=\"og:description\" content=\"Am Freitag, 25. November, f\u00e4llt der Startschuss f\u00fcr die bevorstehende Wettkampfsaison im Skibergsteigen. Die internationale Elite reist ins franz\u00f6sische Val Thorens und k\u00e4mpft dort um die ersten Weltcup-Punkte. Das SkimoTeamGermany ist mit einer Athletin und drei Athleten am Start &#8211; und mit dem neuen Bundestrainer Florian Steirer. Das ist noch lange nicht das einzige Novum [&hellip;]\" \/>\n<meta property=\"og:url\" content=\"https:\/\/www.skimo.at\/sportler\/16465\/rundum-neu-das-skimoteamgermany-startet-in-die-wettkampfsaison-22-23\/\" \/>\n<meta property=\"og:site_name\" content=\"Sportler\" \/>\n<meta property=\"article:published_time\" content=\"2022-11-22T05:17:47+00:00\" \/>\n<meta property=\"article:modified_time\" content=\"2022-11-22T05:18:24+00:00\" \/>\n<meta property=\"og:image\" content=\"https:\/\/www.skimo.at\/sportler\/files\/2022\/11\/skimoteamger-einkleidung-ganzesteam-nilslang-hr-180-1200px.jpg\" \/>\n\t<meta property=\"og:image:width\" content=\"1200\" \/>\n\t<meta property=\"og:image:height\" content=\"800\" \/>\n<meta name=\"twitter:card\" content=\"summary\" \/>\n<meta name=\"twitter:label1\" content=\"Gesch\u00e4tzte Lesezeit\">\n\t<meta name=\"twitter:data1\" content=\"5\u00a0Minuten\">\n<script type=\"application\/ld+json\" class=\"yoast-schema-graph\">{\"@context\":\"https:\/\/schema.org\",\"@graph\":[{\"@type\":\"WebSite\",\"@id\":\"https:\/\/skimo.73.jarolim.eu\/sportler\/#website\",\"url\":\"https:\/\/skimo.73.jarolim.eu\/sportler\/\",\"name\":\"Sportler\",\"description\":\"\",\"potentialAction\":[{\"@type\":\"SearchAction\",\"target\":\"https:\/\/skimo.73.jarolim.eu\/sportler\/?s={search_term_string}\",\"query-input\":\"required name=search_term_string\"}],\"inLanguage\":\"de\"},{\"@type\":\"ImageObject\",\"@id\":\"https:\/\/www.skimo.at\/sportler\/16465\/rundum-neu-das-skimoteamgermany-startet-in-die-wettkampfsaison-22-23\/#primaryimage\",\"inLanguage\":\"de\",\"url\":\"https:\/\/www.skimo.at\/sportler\/files\/2022\/11\/skimoteamger-einkleidung-ganzesteam-nilslang-hr-180-1200px.jpg\",\"contentUrl\":\"https:\/\/www.skimo.at\/sportler\/files\/2022\/11\/skimoteamger-einkleidung-ganzesteam-nilslang-hr-180-1200px.jpg\",\"width\":1200,\"height\":800,\"caption\":\"skimoteamger einkleidung ganzesteam nilslang hr 180 1200px\"},{\"@type\":\"WebPage\",\"@id\":\"https:\/\/www.skimo.at\/sportler\/16465\/rundum-neu-das-skimoteamgermany-startet-in-die-wettkampfsaison-22-23\/#webpage\",\"url\":\"https:\/\/www.skimo.at\/sportler\/16465\/rundum-neu-das-skimoteamgermany-startet-in-die-wettkampfsaison-22-23\/\",\"name\":\"Rundum neu: Das SkimoTeamGermany startet in die Wettkampfsaison 22\/23 - Sportler\",\"isPartOf\":{\"@id\":\"https:\/\/skimo.73.jarolim.eu\/sportler\/#website\"},\"primaryImageOfPage\":{\"@id\":\"https:\/\/www.skimo.at\/sportler\/16465\/rundum-neu-das-skimoteamgermany-startet-in-die-wettkampfsaison-22-23\/#primaryimage\"},\"datePublished\":\"2022-11-22T05:17:47+00:00\",\"dateModified\":\"2022-11-22T05:18:24+00:00\",\"author\":{\"@id\":\"https:\/\/skimo.73.jarolim.eu\/sportler\/#\/schema\/person\/796ecbce6796efca58bf848ca63ec12c\"},\"breadcrumb\":{\"@id\":\"https:\/\/www.skimo.at\/sportler\/16465\/rundum-neu-das-skimoteamgermany-startet-in-die-wettkampfsaison-22-23\/#breadcrumb\"},\"inLanguage\":\"de\",\"potentialAction\":[{\"@type\":\"ReadAction\",\"target\":[\"https:\/\/www.skimo.at\/sportler\/16465\/rundum-neu-das-skimoteamgermany-startet-in-die-wettkampfsaison-22-23\/\"]}]},{\"@type\":\"BreadcrumbList\",\"@id\":\"https:\/\/www.skimo.at\/sportler\/16465\/rundum-neu-das-skimoteamgermany-startet-in-die-wettkampfsaison-22-23\/#breadcrumb\",\"itemListElement\":[{\"@type\":\"ListItem\",\"position\":1,\"item\":{\"@type\":\"WebPage\",\"@id\":\"https:\/\/skimo.73.jarolim.eu\/sportler\/\",\"url\":\"https:\/\/skimo.73.jarolim.eu\/sportler\/\",\"name\":\"Home\"}},{\"@type\":\"ListItem\",\"position\":2,\"item\":{\"@id\":\"https:\/\/www.skimo.at\/sportler\/16465\/rundum-neu-das-skimoteamgermany-startet-in-die-wettkampfsaison-22-23\/#webpage\"}}]},{\"@type\":\"Person\",\"@id\":\"https:\/\/skimo.73.jarolim.eu\/sportler\/#\/schema\/person\/796ecbce6796efca58bf848ca63ec12c\",\"name\":\"kposch\",\"image\":{\"@type\":\"ImageObject\",\"@id\":\"https:\/\/skimo.73.jarolim.eu\/sportler\/#personlogo\",\"inLanguage\":\"de\",\"url\":\"https:\/\/secure.gravatar.com\/avatar\/e9f5f28da60e5e563d3f4d3cc0b9b425?s=96&r=g\",\"contentUrl\":\"https:\/\/secure.gravatar.com\/avatar\/e9f5f28da60e5e563d3f4d3cc0b9b425?s=96&r=g\",\"caption\":\"kposch\"},\"url\":\"https:\/\/www.skimo.at\/sportler\/author\/kposch\/\"}]}<\/script>\n<!-- \/ Yoast SEO plugin. -->","_links":{"self":[{"href":"https:\/\/www.skimo.at\/sportler\/wp-json\/wp\/v2\/posts\/16465"}],"collection":[{"href":"https:\/\/www.skimo.at\/sportler\/wp-json\/wp\/v2\/posts"}],"about":[{"href":"https:\/\/www.skimo.at\/sportler\/wp-json\/wp\/v2\/types\/post"}],"author":[{"embeddable":true,"href":"https:\/\/www.skimo.at\/sportler\/wp-json\/wp\/v2\/users\/3"}],"replies":[{"embeddable":true,"href":"https:\/\/www.skimo.at\/sportler\/wp-json\/wp\/v2\/comments?post=16465"}],"version-history":[{"count":2,"href":"https:\/\/www.skimo.at\/sportler\/wp-json\/wp\/v2\/posts\/16465\/revisions"}],"predecessor-version":[{"id":16468,"href":"https:\/\/www.skimo.at\/sportler\/wp-json\/wp\/v2\/posts\/16465\/revisions\/16468"}],"wp:featuredmedia":[{"embeddable":true,"href":"https:\/\/www.skimo.at\/sportler\/wp-json\/wp\/v2\/media\/16466"}],"wp:attachment":[{"href":"https:\/\/www.skimo.at\/sportler\/wp-json\/wp\/v2\/media?parent=16465"}],"wp:term":[{"taxonomy":"category","embeddable":true,"href":"https:\/\/www.skimo.at\/sportler\/wp-json\/wp\/v2\/categories?post=16465"},{"taxonomy":"post_tag","embeddable":true,"href":"https:\/\/www.skimo.at\/sportler\/wp-json\/wp\/v2\/tags?post=16465"}],"curies":[{"name":"wp","href":"https:\/\/api.w.org\/{rel}","templated":true}]}}