{"id":16460,"date":"2022-11-16T05:57:00","date_gmt":"2022-11-16T03:57:00","guid":{"rendered":"https:\/\/www.skimo.at\/sportler\/?p=16460"},"modified":"2022-11-14T19:05:52","modified_gmt":"2022-11-14T17:05:52","slug":"das-sac-swiss-team-steht-in-den-startloechern","status":"publish","type":"post","link":"https:\/\/www.skimo.at\/sportler\/16460\/das-sac-swiss-team-steht-in-den-startloechern\/","title":{"rendered":"Das SAC Swiss Team steht in den Startl\u00f6chern"},"content":{"rendered":"\n<p>Die Zeit der Wettk\u00e4mpfe ist angebrochen. Das SAC Swiss Team absolviert in K\u00fcrze sein letztes Trainingslager in Davos, bevor es am 25. und 27. November 2022 beim ersten Skitourenrenn-Weltcup in Val Thorens (FRA) antritt.<\/p>\n\n\n\n<!--more-->\n\n\n\n<p>In zwei Wochen l\u00e4utet der internationale Skitourenrenn-Verband ISMF in Val Thorens (FRA) den Auftakt f\u00fcr die Saison 2022\/23 ein. Auf dem Programm stehen diese Saison insgesamt sieben Weltcups, die Skitourenrenn-Weltmeisterschaft in den spanischen Pyren\u00e4en (Bo\u00ed Toll) und die Langstrecken-Weltmeisterschaft in Adamello (ITA). Diesen Winter kehrt der Weltcup erneut in die Schweiz zur\u00fcck. Der Walliser Skiort Morgins empf\u00e4ngt vom 11. bis 14. Januar 2023 die besten Athletinnen und Athleten. Zum Abschluss der Saison wird das Finale der internationalen Skitourenrennserie in Tromso (NOR) stattfinden, wo die Siegerinnen und Sieger des Gesamtweltcups mit den Kristallkugeln ausgezeichnet werden.<\/p>\n\n\n\n<ul><li><a href=\"http:\/\/www.ismf-ski.org\/webpages\/competitions\/calendar\/\" target=\"_blank\" rel=\"noreferrer noopener\">ISMF Rennkalender 2022\/23<\/a><\/li><li><a href=\"https:\/\/www.regiondentsdumidi.ch\/en\/wurth-modyf-ismf-world-cup-region-dents-du-midi-35848\/\" target=\"_blank\" rel=\"noreferrer noopener\">ISMF World Cup in Morgins<\/a><\/li><\/ul>\n\n\n\n<p><strong>Marianne Fatton zur\u00fcck im Wettkampfzirkus<\/strong><\/p>\n\n\n\n<figure class=\"wp-block-image size-large\"><a href=\"https:\/\/www.skimo.at\/sportler\/files\/2022\/11\/swiss-team-elite-2023-bild-sac-1.jpg\"><img loading=\"lazy\" width=\"1024\" height=\"682\" src=\"https:\/\/www.skimo.at\/sportler\/files\/2022\/11\/swiss-team-elite-2023-bild-sac-1-1024x682.jpg\" alt=\"swiss team elite 2023 bild sac 1\" class=\"wp-image-16463\" srcset=\"https:\/\/www.skimo.at\/sportler\/files\/2022\/11\/swiss-team-elite-2023-bild-sac-1-1024x682.jpg 1024w, https:\/\/www.skimo.at\/sportler\/files\/2022\/11\/swiss-team-elite-2023-bild-sac-1-300x200.jpg 300w, https:\/\/www.skimo.at\/sportler\/files\/2022\/11\/swiss-team-elite-2023-bild-sac-1-768x511.jpg 768w, https:\/\/www.skimo.at\/sportler\/files\/2022\/11\/swiss-team-elite-2023-bild-sac-1-746x497.jpg 746w, https:\/\/www.skimo.at\/sportler\/files\/2022\/11\/swiss-team-elite-2023-bild-sac-1-618x412.jpg 618w, https:\/\/www.skimo.at\/sportler\/files\/2022\/11\/swiss-team-elite-2023-bild-sac-1-554x369.jpg 554w, https:\/\/www.skimo.at\/sportler\/files\/2022\/11\/swiss-team-elite-2023-bild-sac-1-299x199.jpg 299w, https:\/\/www.skimo.at\/sportler\/files\/2022\/11\/swiss-team-elite-2023-bild-sac-1-970x646.jpg 970w, https:\/\/www.skimo.at\/sportler\/files\/2022\/11\/swiss-team-elite-2023-bild-sac-1-140x93.jpg 140w, https:\/\/www.skimo.at\/sportler\/files\/2022\/11\/swiss-team-elite-2023-bild-sac-1-540x360.jpg 540w, https:\/\/www.skimo.at\/sportler\/files\/2022\/11\/swiss-team-elite-2023-bild-sac-1.jpg 1200w\" sizes=\"(max-width: 1024px) 100vw, 1024px\" \/><\/a><figcaption>swiss team elite 2023 bild sac 1<\/figcaption><\/figure>\n\n\n\n<p><br>Nachdem die Neuenburgerin Marianne Fatton (Dombresson, NE|CAS Neuch\u00e2teloise) letzte Saison keine Wettk\u00e4mpfe bestritten hatte, ist sie nun wieder am Start. &#8222;Nach meiner Auszeit freue ich mich sehr auf die R\u00fcckkehr auf die Weltcup-B\u00fchne &#8222;, teilte Marianne Fatton ihrer Community mit.<br>Doch auch diese Saison wird das Elite-Kader der Damen mit einer Athletin weniger an den Wettk\u00e4mpfen vertreten sein. Nach einer Verletzung musste Victoria Kreuzer (Fiesch, VS|SAC Monte Rosa Brig) an der Achillessehne operiert werden. Aus diesem Grund und mit dem Ziel, ihre Kraft wiederzuerlangen, wird sie diesen Winter keine Rennen bestreiten. \u00a0<\/p>\n\n\n\n<p>Die Kategorie U23 begr\u00fc\u00dft vier weitere Athletinnen und Athleten. Nach ihren gro\u00dfartigen Leistungen in der U20-Kategorie steigen Caroline Ulrich (La Tour-de-Peilz, VD|CAS Jaman), Laura Bocchino (Gr\u00f4ne, VS|CAS Monte Rosa Sion), Thomas Bussard (Albeuve, FR|CAS Jaman) und Robin Bussard (Albeuve, FR|CAS Jaman) in die n\u00e4chst h\u00f6here Alterskategorie auf.&nbsp;<\/p>\n\n\n\n<ul><li><a href=\"https:\/\/www.sac-cas.ch\/de\/leistungssport\/skitourenrennen\/elite-und-u23-nationalmannschaft\/\" target=\"_blank\" rel=\"noreferrer noopener\">SAC Swiss Team Elite- und U23-Kader<\/a><\/li><\/ul>\n\n\n\n<p><strong>Das Schweizer Nachwuchs-Kader w\u00e4chst<\/strong><\/p>\n\n\n\n<figure class=\"wp-block-image size-large\"><a href=\"https:\/\/www.skimo.at\/sportler\/files\/2022\/11\/swiss-team-jugend-2023-bild-sac.jpg\"><img loading=\"lazy\" width=\"1024\" height=\"682\" src=\"https:\/\/www.skimo.at\/sportler\/files\/2022\/11\/swiss-team-jugend-2023-bild-sac-1024x682.jpg\" alt=\"swiss team jugend 2023 bild sac\" class=\"wp-image-16462\" srcset=\"https:\/\/www.skimo.at\/sportler\/files\/2022\/11\/swiss-team-jugend-2023-bild-sac-1024x682.jpg 1024w, https:\/\/www.skimo.at\/sportler\/files\/2022\/11\/swiss-team-jugend-2023-bild-sac-300x200.jpg 300w, https:\/\/www.skimo.at\/sportler\/files\/2022\/11\/swiss-team-jugend-2023-bild-sac-768x511.jpg 768w, https:\/\/www.skimo.at\/sportler\/files\/2022\/11\/swiss-team-jugend-2023-bild-sac-746x497.jpg 746w, https:\/\/www.skimo.at\/sportler\/files\/2022\/11\/swiss-team-jugend-2023-bild-sac-618x412.jpg 618w, https:\/\/www.skimo.at\/sportler\/files\/2022\/11\/swiss-team-jugend-2023-bild-sac-554x369.jpg 554w, https:\/\/www.skimo.at\/sportler\/files\/2022\/11\/swiss-team-jugend-2023-bild-sac-299x199.jpg 299w, https:\/\/www.skimo.at\/sportler\/files\/2022\/11\/swiss-team-jugend-2023-bild-sac-970x646.jpg 970w, https:\/\/www.skimo.at\/sportler\/files\/2022\/11\/swiss-team-jugend-2023-bild-sac-140x93.jpg 140w, https:\/\/www.skimo.at\/sportler\/files\/2022\/11\/swiss-team-jugend-2023-bild-sac-540x360.jpg 540w, https:\/\/www.skimo.at\/sportler\/files\/2022\/11\/swiss-team-jugend-2023-bild-sac.jpg 1200w\" sizes=\"(max-width: 1024px) 100vw, 1024px\" \/><\/a><figcaption>swiss team jugend 2023 bild sac<\/figcaption><\/figure>\n\n\n\n<p><br>Der Schweizer Alpen-Club SAC hat f\u00fcr das Nachwuchs-Kader f\u00fcnf neue Athletinnen und Athleten selektioniert: Margaux Mendes de Leon (Champ\u00e9ry, VS|CAS Monte Rosa Monthey), Lucas Pasquier (Broc, FR|CAS Gruy\u00e8re), Mathieu Pharisa (Estavannens, FR|CAS Gruy\u00e8re), Quentin Mariaux (Muraz, VS|CAS Monte Rosa Monthey) und Yann Livache (Charmey, FR|CAS Mol\u00e9son).<\/p>\n\n\n\n<ul><li><a href=\"https:\/\/www.sac-cas.ch\/de\/leistungssport\/skitourenrennen\/nachwuchs-nationalmannschaft\/\" target=\"_blank\" rel=\"noreferrer noopener\">SAC Swiss Team Nachwuchs-Kader<\/a><\/li><\/ul>\n\n\n\n<p><strong>Wechsel an der Spitze der Trainerteams<\/strong><br>Der Walliser Jean-Philippe Fartaria wurde zum neuen Trainer Elite\/U23 des SAC Swiss Teams ernannt. Zusammen mit Andr\u00e9 M\u00fcller, der die Athletinnen und Athleten schon seit 2019 betreut, bildet er das neue Trainer-Duo. Im Fr\u00fchjahr 2022 entschied sich Oscar Angeloni, der die Trainerfunktion f\u00fcnf Jahre lang inne hatte, eine neue berufliche Herausforderung bei der Chinesischen Gebirgsvereinigung anzunehmen.<br>Auch das Nachwuchs-Kader wird von zwei neuen Trainern betreut: Esteban Hofer und William D\u00e9glise.&nbsp;<br><br><strong>Neuerungen im internationalen Wettkampfreglement<\/strong><br>Die ISMF \u00e4ndert die Kategorien der Weltcups. Ab dieser Saison werden Elite- und U23-Athleten nur noch in den beiden Kategorien Women und Men antreten. Die Kategorie U23 verschwindet w\u00e4hrend der Saison aus der Wertung. Im Rahmen der Weltcup-Gesamtwertung werden am Ende aber auch die U23-Athletinnen und Athleten ausgezeichnet.<\/p>\n\n\n\n<p>F\u00fcr die U20- und U18-Athleten gibt es ab diesem Winter eine neue internationale Wettkampfserie: den ISMF Youth World Cup. Dieses Format soll jungen Talenten die M\u00f6glichkeit bieten, den internationalen Wettkampfzirkus zu entdecken. Voraussetzung f\u00fcr die Teilnahme sind die Mitgliedschaft in einem Klub, eine SAC Swiss Cup-Lizenz und eine internationale B-Lizenz, die der Schweizer Alpen-Club SAC vergibt. &nbsp;In dieser Saison z\u00e4hlt die Serie drei Wettk\u00e4mpfe: in Italien, in der Schweiz und in Frankreich. Die Etappe in der Schweiz wurde an den Waadtl\u00e4nder Ferienort Villars-sur-Ollon vergeben: am 17. (Individual) und 19. M\u00e4rz 2023 (Sprint) vergeben.<\/p>\n\n\n\n<ul><li><a href=\"http:\/\/www.ismf-ski.org\/webpages\/official-texts\/sport-regulations\/\" target=\"_blank\" rel=\"noreferrer noopener\">ISMF-Reglement<\/a><\/li><li><a href=\"http:\/\/www.ismf-ski.org\/webpages\/competitions\/calendar\/\" target=\"_blank\" rel=\"noreferrer noopener\">ISMF Youth World Cup<\/a><\/li><li><a href=\"https:\/\/www.alpesvaudoises.ch\/de\/\" target=\"_blank\" rel=\"noreferrer noopener\">ISMF Youth World Cup&nbsp;in Villars-sur-Ollon<\/a><\/li><\/ul>\n","protected":false},"excerpt":{"rendered":"<p>Die Zeit der Wettk\u00e4mpfe ist angebrochen. Das SAC Swiss Team absolviert in K\u00fcrze sein letztes Trainingslager in Davos, bevor es am 25. und 27. November 2022 beim ersten Skitourenrenn-Weltcup in Val Thorens (FRA) antritt.<\/p>\n","protected":false},"author":3,"featured_media":16463,"comment_status":"closed","ping_status":"closed","sticky":false,"template":"","format":"standard","meta":[],"categories":[1,4,9,3],"tags":[],"yoast_head":"<!-- This site is optimized with the Yoast SEO plugin v16.3 - https:\/\/yoast.com\/wordpress\/plugins\/seo\/ -->\n<title>Das SAC Swiss Team steht in den Startl\u00f6chern - Sportler<\/title>\n<meta name=\"robots\" content=\"index, follow, max-snippet:-1, max-image-preview:large, max-video-preview:-1\" \/>\n<link rel=\"canonical\" href=\"https:\/\/www.skimo.at\/sportler\/16460\/das-sac-swiss-team-steht-in-den-startloechern\/\" \/>\n<meta property=\"og:locale\" content=\"de_DE\" \/>\n<meta property=\"og:type\" content=\"article\" \/>\n<meta property=\"og:title\" content=\"Das SAC Swiss Team steht in den Startl\u00f6chern - Sportler\" \/>\n<meta property=\"og:description\" content=\"Die Zeit der Wettk\u00e4mpfe ist angebrochen. Das SAC Swiss Team absolviert in K\u00fcrze sein letztes Trainingslager in Davos, bevor es am 25. und 27. November 2022 beim ersten Skitourenrenn-Weltcup in Val Thorens (FRA) antritt.\" \/>\n<meta property=\"og:url\" content=\"https:\/\/www.skimo.at\/sportler\/16460\/das-sac-swiss-team-steht-in-den-startloechern\/\" \/>\n<meta property=\"og:site_name\" content=\"Sportler\" \/>\n<meta property=\"article:published_time\" content=\"2022-11-16T03:57:00+00:00\" \/>\n<meta property=\"article:modified_time\" content=\"2022-11-14T17:05:52+00:00\" \/>\n<meta property=\"og:image\" content=\"https:\/\/www.skimo.at\/sportler\/files\/2022\/11\/swiss-team-elite-2023-bild-sac-1.jpg\" \/>\n\t<meta property=\"og:image:width\" content=\"1200\" \/>\n\t<meta property=\"og:image:height\" content=\"799\" \/>\n<meta name=\"twitter:card\" content=\"summary\" \/>\n<meta name=\"twitter:label1\" content=\"Gesch\u00e4tzte Lesezeit\">\n\t<meta name=\"twitter:data1\" content=\"3\u00a0Minuten\">\n<script type=\"application\/ld+json\" class=\"yoast-schema-graph\">{\"@context\":\"https:\/\/schema.org\",\"@graph\":[{\"@type\":\"WebSite\",\"@id\":\"https:\/\/skimo.73.jarolim.eu\/sportler\/#website\",\"url\":\"https:\/\/skimo.73.jarolim.eu\/sportler\/\",\"name\":\"Sportler\",\"description\":\"\",\"potentialAction\":[{\"@type\":\"SearchAction\",\"target\":\"https:\/\/skimo.73.jarolim.eu\/sportler\/?s={search_term_string}\",\"query-input\":\"required name=search_term_string\"}],\"inLanguage\":\"de\"},{\"@type\":\"ImageObject\",\"@id\":\"https:\/\/www.skimo.at\/sportler\/16460\/das-sac-swiss-team-steht-in-den-startloechern\/#primaryimage\",\"inLanguage\":\"de\",\"url\":\"https:\/\/www.skimo.at\/sportler\/files\/2022\/11\/swiss-team-elite-2023-bild-sac-1.jpg\",\"contentUrl\":\"https:\/\/www.skimo.at\/sportler\/files\/2022\/11\/swiss-team-elite-2023-bild-sac-1.jpg\",\"width\":1200,\"height\":799,\"caption\":\"swiss team elite 2023 bild sac 1\"},{\"@type\":\"WebPage\",\"@id\":\"https:\/\/www.skimo.at\/sportler\/16460\/das-sac-swiss-team-steht-in-den-startloechern\/#webpage\",\"url\":\"https:\/\/www.skimo.at\/sportler\/16460\/das-sac-swiss-team-steht-in-den-startloechern\/\",\"name\":\"Das SAC Swiss Team steht in den Startl\\u00f6chern - Sportler\",\"isPartOf\":{\"@id\":\"https:\/\/skimo.73.jarolim.eu\/sportler\/#website\"},\"primaryImageOfPage\":{\"@id\":\"https:\/\/www.skimo.at\/sportler\/16460\/das-sac-swiss-team-steht-in-den-startloechern\/#primaryimage\"},\"datePublished\":\"2022-11-16T03:57:00+00:00\",\"dateModified\":\"2022-11-14T17:05:52+00:00\",\"author\":{\"@id\":\"https:\/\/skimo.73.jarolim.eu\/sportler\/#\/schema\/person\/796ecbce6796efca58bf848ca63ec12c\"},\"breadcrumb\":{\"@id\":\"https:\/\/www.skimo.at\/sportler\/16460\/das-sac-swiss-team-steht-in-den-startloechern\/#breadcrumb\"},\"inLanguage\":\"de\",\"potentialAction\":[{\"@type\":\"ReadAction\",\"target\":[\"https:\/\/www.skimo.at\/sportler\/16460\/das-sac-swiss-team-steht-in-den-startloechern\/\"]}]},{\"@type\":\"BreadcrumbList\",\"@id\":\"https:\/\/www.skimo.at\/sportler\/16460\/das-sac-swiss-team-steht-in-den-startloechern\/#breadcrumb\",\"itemListElement\":[{\"@type\":\"ListItem\",\"position\":1,\"item\":{\"@type\":\"WebPage\",\"@id\":\"https:\/\/skimo.73.jarolim.eu\/sportler\/\",\"url\":\"https:\/\/skimo.73.jarolim.eu\/sportler\/\",\"name\":\"Home\"}},{\"@type\":\"ListItem\",\"position\":2,\"item\":{\"@id\":\"https:\/\/www.skimo.at\/sportler\/16460\/das-sac-swiss-team-steht-in-den-startloechern\/#webpage\"}}]},{\"@type\":\"Person\",\"@id\":\"https:\/\/skimo.73.jarolim.eu\/sportler\/#\/schema\/person\/796ecbce6796efca58bf848ca63ec12c\",\"name\":\"kposch\",\"image\":{\"@type\":\"ImageObject\",\"@id\":\"https:\/\/skimo.73.jarolim.eu\/sportler\/#personlogo\",\"inLanguage\":\"de\",\"url\":\"https:\/\/secure.gravatar.com\/avatar\/e9f5f28da60e5e563d3f4d3cc0b9b425?s=96&r=g\",\"contentUrl\":\"https:\/\/secure.gravatar.com\/avatar\/e9f5f28da60e5e563d3f4d3cc0b9b425?s=96&r=g\",\"caption\":\"kposch\"},\"url\":\"https:\/\/www.skimo.at\/sportler\/author\/kposch\/\"}]}<\/script>\n<!-- \/ Yoast SEO plugin. -->","_links":{"self":[{"href":"https:\/\/www.skimo.at\/sportler\/wp-json\/wp\/v2\/posts\/16460"}],"collection":[{"href":"https:\/\/www.skimo.at\/sportler\/wp-json\/wp\/v2\/posts"}],"about":[{"href":"https:\/\/www.skimo.at\/sportler\/wp-json\/wp\/v2\/types\/post"}],"author":[{"embeddable":true,"href":"https:\/\/www.skimo.at\/sportler\/wp-json\/wp\/v2\/users\/3"}],"replies":[{"embeddable":true,"href":"https:\/\/www.skimo.at\/sportler\/wp-json\/wp\/v2\/comments?post=16460"}],"version-history":[{"count":1,"href":"https:\/\/www.skimo.at\/sportler\/wp-json\/wp\/v2\/posts\/16460\/revisions"}],"predecessor-version":[{"id":16464,"href":"https:\/\/www.skimo.at\/sportler\/wp-json\/wp\/v2\/posts\/16460\/revisions\/16464"}],"wp:featuredmedia":[{"embeddable":true,"href":"https:\/\/www.skimo.at\/sportler\/wp-json\/wp\/v2\/media\/16463"}],"wp:attachment":[{"href":"https:\/\/www.skimo.at\/sportler\/wp-json\/wp\/v2\/media?parent=16460"}],"wp:term":[{"taxonomy":"category","embeddable":true,"href":"https:\/\/www.skimo.at\/sportler\/wp-json\/wp\/v2\/categories?post=16460"},{"taxonomy":"post_tag","embeddable":true,"href":"https:\/\/www.skimo.at\/sportler\/wp-json\/wp\/v2\/tags?post=16460"}],"curies":[{"name":"wp","href":"https:\/\/api.w.org\/{rel}","templated":true}]}}