{"id":16371,"date":"2021-12-10T21:24:08","date_gmt":"2021-12-10T19:24:08","guid":{"rendered":"https:\/\/www.skimo.at\/sportler\/?p=16371"},"modified":"2021-12-10T21:24:08","modified_gmt":"2021-12-10T19:24:08","slug":"testrennen-der-oesv-und-dav-athleten","status":"publish","type":"post","link":"https:\/\/www.skimo.at\/sportler\/16371\/testrennen-der-oesv-und-dav-athleten\/","title":{"rendered":"Testrennen der \u00d6SV und DAV Athleten"},"content":{"rendered":"\n<p>Die Athleten des \u00d6SV und DAV haben an den vergangenen beiden Wochenenden Vergleichswettk\u00e4mpfe durchgef\u00fchrt, um f\u00fcr die kommende Weltcupsaison einen \u00dcberblick \u00fcber das aktuelle Leistungsniveau zu haben.<\/p>\n\n\n\n<!--more-->\n\n\n\n<p>Den Auftakt machten am letzten November-Wochenende die \u00d6sterreichischen Kadersportler samt einigen geladenen Gastl\u00e4ufern auf der Planai in Schladming. Bei richtig winterlichen Verh\u00e4ltnissen mit massiven Schneef\u00e4llen wurden am Samstag ein Verticalrennen und am Sonntag ein Sprintbewerb ausgetragen.<\/p>\n\n\n\n<h2>Der erste Streich auf der Planai<\/h2>\n\n\n\n<p>Rund 30 Sportler ma\u00dfen sich schlie\u00dflich im Verticalrennen, bei dem Armin H\u00f6fl ein beeindruckendes Comeback feierte, <a href=\"https:\/\/www.skimo.at\/sportler\/16364\/armin-hoefl-ist-nach-verletzungspause-wieder-fit\/\">wir haben gesondert dar\u00fcber berichtet<\/a>. Er siegte vor Christian Hoffmann und Jakob Herrmann, ein Podium der arrivierten L\u00e4ufer also. Bei den Damen war es Sarah Dreier, die als erste \u00fcber die Ziellinie ging. Auf Platz 2 absolvierte Johanna Hiemer die Strecke\u2026.ja, richtig gelesen, sie ist wieder da! Nach doppelter Babypause ist die geb\u00fcrtige Schladmingerin offenbar st\u00e4rker als zuvor. Auf Platz 3 folgte Teresa Feix.<br>Pech f\u00fcr Daniel Zugg: beim Aufw\u00e4rmen f\u00fcr das Vertical st\u00fcrzte der Vorarlberger und zog sich eine Verletzung an der Ferse zu, startete aber dennoch beim Verticalrennen, erreichte mit Schmerzen den respektablen 6. Platz \u00a0<\/p>\n\n\n\n<figure class=\"wp-block-gallery columns-3 is-cropped\"><ul class=\"blocks-gallery-grid\"><li class=\"blocks-gallery-item\"><figure><a href=\"https:\/\/www.skimo.at\/sportler\/files\/2021\/12\/armin-hofl-bild-oesv-weigl.jpg\"><img loading=\"lazy\" width=\"1024\" height=\"576\" src=\"https:\/\/www.skimo.at\/sportler\/files\/2021\/12\/armin-hofl-bild-oesv-weigl-1024x576.jpg\" alt=\"armin hofl bild oesv weigl\" data-id=\"16373\" data-full-url=\"https:\/\/www.skimo.at\/sportler\/files\/2021\/12\/armin-hofl-bild-oesv-weigl.jpg\" data-link=\"https:\/\/www.skimo.at\/sportler\/?attachment_id=16373\" class=\"wp-image-16373\" srcset=\"https:\/\/www.skimo.at\/sportler\/files\/2021\/12\/armin-hofl-bild-oesv-weigl-1024x576.jpg 1024w, https:\/\/www.skimo.at\/sportler\/files\/2021\/12\/armin-hofl-bild-oesv-weigl-300x169.jpg 300w, https:\/\/www.skimo.at\/sportler\/files\/2021\/12\/armin-hofl-bild-oesv-weigl-768x432.jpg 768w, https:\/\/www.skimo.at\/sportler\/files\/2021\/12\/armin-hofl-bild-oesv-weigl-1224x689.jpg 1224w, https:\/\/www.skimo.at\/sportler\/files\/2021\/12\/armin-hofl-bild-oesv-weigl-970x546.jpg 970w, https:\/\/www.skimo.at\/sportler\/files\/2021\/12\/armin-hofl-bild-oesv-weigl-554x312.jpg 554w, https:\/\/www.skimo.at\/sportler\/files\/2021\/12\/armin-hofl-bild-oesv-weigl-165x93.jpg 165w, https:\/\/www.skimo.at\/sportler\/files\/2021\/12\/armin-hofl-bild-oesv-weigl.jpg 1920w\" sizes=\"(max-width: 1024px) 100vw, 1024px\" \/><\/a><figcaption class=\"blocks-gallery-item__caption\">armin hofl bild oesv weigl<\/figcaption><\/figure><\/li><li class=\"blocks-gallery-item\"><figure><a href=\"https:\/\/www.skimo.at\/sportler\/files\/2021\/12\/daniel-zugg-bild-oesv-weigl.jpg\"><img loading=\"lazy\" width=\"1024\" height=\"576\" src=\"https:\/\/www.skimo.at\/sportler\/files\/2021\/12\/daniel-zugg-bild-oesv-weigl-1024x576.jpg\" alt=\"daniel zugg bild oesv weigl\" data-id=\"16374\" data-full-url=\"https:\/\/www.skimo.at\/sportler\/files\/2021\/12\/daniel-zugg-bild-oesv-weigl.jpg\" data-link=\"https:\/\/www.skimo.at\/sportler\/?attachment_id=16374\" class=\"wp-image-16374\" srcset=\"https:\/\/www.skimo.at\/sportler\/files\/2021\/12\/daniel-zugg-bild-oesv-weigl-1024x576.jpg 1024w, https:\/\/www.skimo.at\/sportler\/files\/2021\/12\/daniel-zugg-bild-oesv-weigl-300x169.jpg 300w, https:\/\/www.skimo.at\/sportler\/files\/2021\/12\/daniel-zugg-bild-oesv-weigl-768x432.jpg 768w, https:\/\/www.skimo.at\/sportler\/files\/2021\/12\/daniel-zugg-bild-oesv-weigl-1224x689.jpg 1224w, https:\/\/www.skimo.at\/sportler\/files\/2021\/12\/daniel-zugg-bild-oesv-weigl-970x546.jpg 970w, https:\/\/www.skimo.at\/sportler\/files\/2021\/12\/daniel-zugg-bild-oesv-weigl-554x312.jpg 554w, https:\/\/www.skimo.at\/sportler\/files\/2021\/12\/daniel-zugg-bild-oesv-weigl-165x93.jpg 165w, https:\/\/www.skimo.at\/sportler\/files\/2021\/12\/daniel-zugg-bild-oesv-weigl.jpg 1920w\" sizes=\"(max-width: 1024px) 100vw, 1024px\" \/><\/a><figcaption class=\"blocks-gallery-item__caption\">daniel zugg bild oesv weigl<\/figcaption><\/figure><\/li><li class=\"blocks-gallery-item\"><figure><a href=\"https:\/\/www.skimo.at\/sportler\/files\/2021\/12\/sarah-dreier-bild-oesv-martin-weigl.jpg\"><img loading=\"lazy\" width=\"1024\" height=\"576\" src=\"https:\/\/www.skimo.at\/sportler\/files\/2021\/12\/sarah-dreier-bild-oesv-martin-weigl-1024x576.jpg\" alt=\"sarah dreier bild oesv martin weigl\" data-id=\"16375\" data-full-url=\"https:\/\/www.skimo.at\/sportler\/files\/2021\/12\/sarah-dreier-bild-oesv-martin-weigl.jpg\" data-link=\"https:\/\/www.skimo.at\/sportler\/?attachment_id=16375\" class=\"wp-image-16375\" srcset=\"https:\/\/www.skimo.at\/sportler\/files\/2021\/12\/sarah-dreier-bild-oesv-martin-weigl-1024x576.jpg 1024w, https:\/\/www.skimo.at\/sportler\/files\/2021\/12\/sarah-dreier-bild-oesv-martin-weigl-300x169.jpg 300w, https:\/\/www.skimo.at\/sportler\/files\/2021\/12\/sarah-dreier-bild-oesv-martin-weigl-768x432.jpg 768w, https:\/\/www.skimo.at\/sportler\/files\/2021\/12\/sarah-dreier-bild-oesv-martin-weigl-1224x689.jpg 1224w, https:\/\/www.skimo.at\/sportler\/files\/2021\/12\/sarah-dreier-bild-oesv-martin-weigl-970x546.jpg 970w, https:\/\/www.skimo.at\/sportler\/files\/2021\/12\/sarah-dreier-bild-oesv-martin-weigl-554x312.jpg 554w, https:\/\/www.skimo.at\/sportler\/files\/2021\/12\/sarah-dreier-bild-oesv-martin-weigl-165x93.jpg 165w, https:\/\/www.skimo.at\/sportler\/files\/2021\/12\/sarah-dreier-bild-oesv-martin-weigl.jpg 1920w\" sizes=\"(max-width: 1024px) 100vw, 1024px\" \/><\/a><figcaption class=\"blocks-gallery-item__caption\">sarah dreier bild oesv martin weigl<\/figcaption><\/figure><\/li><\/ul><\/figure>\n\n\n\n<p>Am zweiten Tag folgte der Sprintbewerb, den der junge Paul Verbnjak gewinnen konnte, der heuer erstmals in der Espoir-Klasse startet. Platz 2 ging an Armin H\u00f6fl und Platz 3 an den U20 Starter Julian Tritscher. Bei den Damen machte Johanna Hiemer das Comeback golden, sie siegte und zeigte damit, dass im kommenden Winter mit ihr in allen Disziplinen zu rechnen ist.<\/p>\n\n\n\n<h2>Der zweite Streich auf der Hochwurzen und in Obertauern<\/h2>\n\n\n\n<p>Am ersten Dezember-Wochenende hielten die \u00d6SV Sportler schlie\u00dflich ein Vertical- und ein Individualrennen auf der steirischen Hochwurzen ab. Die 10 Athleten des DAV waren von Freitag bis Samstag im tiefst verschneiten Obertauern, gesellten sich am Sonntag zum Individual dann zu den \u00d6sterreichern\u2026ein multinationaler Vergleich also.<\/p>\n\n\n\n<p>Den Auftakt machten die Deutschen Sportler am Freitag mit dem Verticalbewerb in Obertauern. Espoir David Sambale zeigte hervorragende Form und konnte den Testbewerb vor Marc D\u00fcrr und Felix Gramelsberger siegreich beenden.<\/p>\n\n\n\n<figure class=\"wp-block-gallery columns-3 is-cropped\"><ul class=\"blocks-gallery-grid\"><li class=\"blocks-gallery-item\"><figure><a href=\"https:\/\/www.skimo.at\/sportler\/files\/2021\/12\/testrennen-obertauern-18-bild-hermann-gruber.jpg\"><img loading=\"lazy\" width=\"576\" height=\"1024\" src=\"https:\/\/www.skimo.at\/sportler\/files\/2021\/12\/testrennen-obertauern-18-bild-hermann-gruber-576x1024.jpg\" alt=\"testrennen obertauern 18 bild hermann gruber\" data-id=\"16376\" data-full-url=\"https:\/\/www.skimo.at\/sportler\/files\/2021\/12\/testrennen-obertauern-18-bild-hermann-gruber.jpg\" data-link=\"https:\/\/www.skimo.at\/sportler\/?attachment_id=16376\" class=\"wp-image-16376\" srcset=\"https:\/\/www.skimo.at\/sportler\/files\/2021\/12\/testrennen-obertauern-18-bild-hermann-gruber-576x1024.jpg 576w, https:\/\/www.skimo.at\/sportler\/files\/2021\/12\/testrennen-obertauern-18-bild-hermann-gruber-169x300.jpg 169w, https:\/\/www.skimo.at\/sportler\/files\/2021\/12\/testrennen-obertauern-18-bild-hermann-gruber-768x1365.jpg 768w, https:\/\/www.skimo.at\/sportler\/files\/2021\/12\/testrennen-obertauern-18-bild-hermann-gruber-970x1724.jpg 970w, https:\/\/www.skimo.at\/sportler\/files\/2021\/12\/testrennen-obertauern-18-bild-hermann-gruber-554x985.jpg 554w, https:\/\/www.skimo.at\/sportler\/files\/2021\/12\/testrennen-obertauern-18-bild-hermann-gruber-52x93.jpg 52w, https:\/\/www.skimo.at\/sportler\/files\/2021\/12\/testrennen-obertauern-18-bild-hermann-gruber.jpg 1134w\" sizes=\"(max-width: 576px) 100vw, 576px\" \/><\/a><figcaption class=\"blocks-gallery-item__caption\">testrennen obertauern 18 bild hermann gruber<\/figcaption><\/figure><\/li><li class=\"blocks-gallery-item\"><figure><a href=\"https:\/\/www.skimo.at\/sportler\/files\/2021\/12\/testrennen-obertauern-17-bild-hermann-gruber.jpg\"><img loading=\"lazy\" width=\"1024\" height=\"576\" src=\"https:\/\/www.skimo.at\/sportler\/files\/2021\/12\/testrennen-obertauern-17-bild-hermann-gruber-1024x576.jpg\" alt=\"testrennen obertauern 17 bild hermann gruber\" data-id=\"16377\" data-full-url=\"https:\/\/www.skimo.at\/sportler\/files\/2021\/12\/testrennen-obertauern-17-bild-hermann-gruber.jpg\" data-link=\"https:\/\/www.skimo.at\/sportler\/?attachment_id=16377\" class=\"wp-image-16377\" srcset=\"https:\/\/www.skimo.at\/sportler\/files\/2021\/12\/testrennen-obertauern-17-bild-hermann-gruber-1024x576.jpg 1024w, https:\/\/www.skimo.at\/sportler\/files\/2021\/12\/testrennen-obertauern-17-bild-hermann-gruber-300x169.jpg 300w, https:\/\/www.skimo.at\/sportler\/files\/2021\/12\/testrennen-obertauern-17-bild-hermann-gruber-768x432.jpg 768w, https:\/\/www.skimo.at\/sportler\/files\/2021\/12\/testrennen-obertauern-17-bild-hermann-gruber-1224x689.jpg 1224w, https:\/\/www.skimo.at\/sportler\/files\/2021\/12\/testrennen-obertauern-17-bild-hermann-gruber-970x546.jpg 970w, https:\/\/www.skimo.at\/sportler\/files\/2021\/12\/testrennen-obertauern-17-bild-hermann-gruber-554x312.jpg 554w, https:\/\/www.skimo.at\/sportler\/files\/2021\/12\/testrennen-obertauern-17-bild-hermann-gruber-165x93.jpg 165w, https:\/\/www.skimo.at\/sportler\/files\/2021\/12\/testrennen-obertauern-17-bild-hermann-gruber.jpg 2016w\" sizes=\"(max-width: 1024px) 100vw, 1024px\" \/><\/a><figcaption class=\"blocks-gallery-item__caption\">testrennen obertauern 17 bild hermann gruber<\/figcaption><\/figure><\/li><li class=\"blocks-gallery-item\"><figure><a href=\"https:\/\/www.skimo.at\/sportler\/files\/2021\/12\/testrennen-obertauern-16-bild-hermann-gruber.jpg\"><img loading=\"lazy\" width=\"1024\" height=\"576\" src=\"https:\/\/www.skimo.at\/sportler\/files\/2021\/12\/testrennen-obertauern-16-bild-hermann-gruber-1024x576.jpg\" alt=\"testrennen obertauern 16 bild hermann gruber\" data-id=\"16378\" data-full-url=\"https:\/\/www.skimo.at\/sportler\/files\/2021\/12\/testrennen-obertauern-16-bild-hermann-gruber.jpg\" data-link=\"https:\/\/www.skimo.at\/sportler\/?attachment_id=16378\" class=\"wp-image-16378\" srcset=\"https:\/\/www.skimo.at\/sportler\/files\/2021\/12\/testrennen-obertauern-16-bild-hermann-gruber-1024x576.jpg 1024w, https:\/\/www.skimo.at\/sportler\/files\/2021\/12\/testrennen-obertauern-16-bild-hermann-gruber-300x169.jpg 300w, https:\/\/www.skimo.at\/sportler\/files\/2021\/12\/testrennen-obertauern-16-bild-hermann-gruber-768x432.jpg 768w, https:\/\/www.skimo.at\/sportler\/files\/2021\/12\/testrennen-obertauern-16-bild-hermann-gruber-1224x689.jpg 1224w, https:\/\/www.skimo.at\/sportler\/files\/2021\/12\/testrennen-obertauern-16-bild-hermann-gruber-970x546.jpg 970w, https:\/\/www.skimo.at\/sportler\/files\/2021\/12\/testrennen-obertauern-16-bild-hermann-gruber-554x312.jpg 554w, https:\/\/www.skimo.at\/sportler\/files\/2021\/12\/testrennen-obertauern-16-bild-hermann-gruber-165x93.jpg 165w, https:\/\/www.skimo.at\/sportler\/files\/2021\/12\/testrennen-obertauern-16-bild-hermann-gruber.jpg 2016w\" sizes=\"(max-width: 1024px) 100vw, 1024px\" \/><\/a><figcaption class=\"blocks-gallery-item__caption\">testrennen obertauern 16 bild hermann gruber<\/figcaption><\/figure><\/li><li class=\"blocks-gallery-item\"><figure><a href=\"https:\/\/www.skimo.at\/sportler\/files\/2021\/12\/testrennen-obertauern-14-bild-hermann-gruber.jpg\"><img loading=\"lazy\" width=\"1024\" height=\"576\" src=\"https:\/\/www.skimo.at\/sportler\/files\/2021\/12\/testrennen-obertauern-14-bild-hermann-gruber-1024x576.jpg\" alt=\"testrennen obertauern 14 bild hermann gruber\" data-id=\"16379\" data-full-url=\"https:\/\/www.skimo.at\/sportler\/files\/2021\/12\/testrennen-obertauern-14-bild-hermann-gruber.jpg\" data-link=\"https:\/\/www.skimo.at\/sportler\/?attachment_id=16379\" class=\"wp-image-16379\" srcset=\"https:\/\/www.skimo.at\/sportler\/files\/2021\/12\/testrennen-obertauern-14-bild-hermann-gruber-1024x576.jpg 1024w, https:\/\/www.skimo.at\/sportler\/files\/2021\/12\/testrennen-obertauern-14-bild-hermann-gruber-300x169.jpg 300w, https:\/\/www.skimo.at\/sportler\/files\/2021\/12\/testrennen-obertauern-14-bild-hermann-gruber-768x432.jpg 768w, https:\/\/www.skimo.at\/sportler\/files\/2021\/12\/testrennen-obertauern-14-bild-hermann-gruber-1224x689.jpg 1224w, https:\/\/www.skimo.at\/sportler\/files\/2021\/12\/testrennen-obertauern-14-bild-hermann-gruber-970x546.jpg 970w, https:\/\/www.skimo.at\/sportler\/files\/2021\/12\/testrennen-obertauern-14-bild-hermann-gruber-554x312.jpg 554w, https:\/\/www.skimo.at\/sportler\/files\/2021\/12\/testrennen-obertauern-14-bild-hermann-gruber-165x93.jpg 165w, https:\/\/www.skimo.at\/sportler\/files\/2021\/12\/testrennen-obertauern-14-bild-hermann-gruber.jpg 2016w\" sizes=\"(max-width: 1024px) 100vw, 1024px\" \/><\/a><figcaption class=\"blocks-gallery-item__caption\">testrennen obertauern 14 bild hermann gruber<\/figcaption><\/figure><\/li><li class=\"blocks-gallery-item\"><figure><a href=\"https:\/\/www.skimo.at\/sportler\/files\/2021\/12\/testrennen-obertauern-13-bild-hermann-gruber.jpg\"><img loading=\"lazy\" width=\"1024\" height=\"576\" src=\"https:\/\/www.skimo.at\/sportler\/files\/2021\/12\/testrennen-obertauern-13-bild-hermann-gruber-1024x576.jpg\" alt=\"testrennen obertauern 13 bild hermann gruber\" data-id=\"16380\" data-full-url=\"https:\/\/www.skimo.at\/sportler\/files\/2021\/12\/testrennen-obertauern-13-bild-hermann-gruber.jpg\" data-link=\"https:\/\/www.skimo.at\/sportler\/?attachment_id=16380\" class=\"wp-image-16380\" srcset=\"https:\/\/www.skimo.at\/sportler\/files\/2021\/12\/testrennen-obertauern-13-bild-hermann-gruber-1024x576.jpg 1024w, https:\/\/www.skimo.at\/sportler\/files\/2021\/12\/testrennen-obertauern-13-bild-hermann-gruber-300x169.jpg 300w, https:\/\/www.skimo.at\/sportler\/files\/2021\/12\/testrennen-obertauern-13-bild-hermann-gruber-768x432.jpg 768w, https:\/\/www.skimo.at\/sportler\/files\/2021\/12\/testrennen-obertauern-13-bild-hermann-gruber-1224x689.jpg 1224w, https:\/\/www.skimo.at\/sportler\/files\/2021\/12\/testrennen-obertauern-13-bild-hermann-gruber-970x546.jpg 970w, https:\/\/www.skimo.at\/sportler\/files\/2021\/12\/testrennen-obertauern-13-bild-hermann-gruber-554x312.jpg 554w, https:\/\/www.skimo.at\/sportler\/files\/2021\/12\/testrennen-obertauern-13-bild-hermann-gruber-165x93.jpg 165w, https:\/\/www.skimo.at\/sportler\/files\/2021\/12\/testrennen-obertauern-13-bild-hermann-gruber.jpg 2016w\" sizes=\"(max-width: 1024px) 100vw, 1024px\" \/><\/a><figcaption class=\"blocks-gallery-item__caption\">testrennen obertauern 13 bild hermann gruber<\/figcaption><\/figure><\/li><li class=\"blocks-gallery-item\"><figure><a href=\"https:\/\/www.skimo.at\/sportler\/files\/2021\/12\/testrennen-obertauern-10-bild-hermann-gruber.jpg\"><img loading=\"lazy\" width=\"576\" height=\"1024\" src=\"https:\/\/www.skimo.at\/sportler\/files\/2021\/12\/testrennen-obertauern-10-bild-hermann-gruber-576x1024.jpg\" alt=\"testrennen obertauern 10 bild hermann gruber\" data-id=\"16381\" data-full-url=\"https:\/\/www.skimo.at\/sportler\/files\/2021\/12\/testrennen-obertauern-10-bild-hermann-gruber.jpg\" data-link=\"https:\/\/www.skimo.at\/sportler\/?attachment_id=16381\" class=\"wp-image-16381\" srcset=\"https:\/\/www.skimo.at\/sportler\/files\/2021\/12\/testrennen-obertauern-10-bild-hermann-gruber-576x1024.jpg 576w, https:\/\/www.skimo.at\/sportler\/files\/2021\/12\/testrennen-obertauern-10-bild-hermann-gruber-169x300.jpg 169w, https:\/\/www.skimo.at\/sportler\/files\/2021\/12\/testrennen-obertauern-10-bild-hermann-gruber-768x1365.jpg 768w, https:\/\/www.skimo.at\/sportler\/files\/2021\/12\/testrennen-obertauern-10-bild-hermann-gruber-970x1724.jpg 970w, https:\/\/www.skimo.at\/sportler\/files\/2021\/12\/testrennen-obertauern-10-bild-hermann-gruber-554x985.jpg 554w, https:\/\/www.skimo.at\/sportler\/files\/2021\/12\/testrennen-obertauern-10-bild-hermann-gruber-52x93.jpg 52w, https:\/\/www.skimo.at\/sportler\/files\/2021\/12\/testrennen-obertauern-10-bild-hermann-gruber.jpg 1134w\" sizes=\"(max-width: 576px) 100vw, 576px\" \/><\/a><figcaption class=\"blocks-gallery-item__caption\">testrennen obertauern 10 bild hermann gruber<\/figcaption><\/figure><\/li><li class=\"blocks-gallery-item\"><figure><a href=\"https:\/\/www.skimo.at\/sportler\/files\/2021\/12\/testrennen-obertauern-08-bild-hermann-gruber.jpg\"><img loading=\"lazy\" width=\"1024\" height=\"576\" src=\"https:\/\/www.skimo.at\/sportler\/files\/2021\/12\/testrennen-obertauern-08-bild-hermann-gruber-1024x576.jpg\" alt=\"testrennen obertauern 08 bild hermann gruber\" data-id=\"16382\" data-full-url=\"https:\/\/www.skimo.at\/sportler\/files\/2021\/12\/testrennen-obertauern-08-bild-hermann-gruber.jpg\" data-link=\"https:\/\/www.skimo.at\/sportler\/?attachment_id=16382\" class=\"wp-image-16382\" srcset=\"https:\/\/www.skimo.at\/sportler\/files\/2021\/12\/testrennen-obertauern-08-bild-hermann-gruber-1024x576.jpg 1024w, https:\/\/www.skimo.at\/sportler\/files\/2021\/12\/testrennen-obertauern-08-bild-hermann-gruber-300x169.jpg 300w, https:\/\/www.skimo.at\/sportler\/files\/2021\/12\/testrennen-obertauern-08-bild-hermann-gruber-768x432.jpg 768w, https:\/\/www.skimo.at\/sportler\/files\/2021\/12\/testrennen-obertauern-08-bild-hermann-gruber-1224x689.jpg 1224w, https:\/\/www.skimo.at\/sportler\/files\/2021\/12\/testrennen-obertauern-08-bild-hermann-gruber-970x546.jpg 970w, https:\/\/www.skimo.at\/sportler\/files\/2021\/12\/testrennen-obertauern-08-bild-hermann-gruber-554x312.jpg 554w, https:\/\/www.skimo.at\/sportler\/files\/2021\/12\/testrennen-obertauern-08-bild-hermann-gruber-165x93.jpg 165w, https:\/\/www.skimo.at\/sportler\/files\/2021\/12\/testrennen-obertauern-08-bild-hermann-gruber.jpg 2016w\" sizes=\"(max-width: 1024px) 100vw, 1024px\" \/><\/a><figcaption class=\"blocks-gallery-item__caption\">testrennen obertauern 08 bild hermann gruber<\/figcaption><\/figure><\/li><li class=\"blocks-gallery-item\"><figure><a href=\"https:\/\/www.skimo.at\/sportler\/files\/2021\/12\/testrennen-obertauern-07-bild-hermann-gruber.jpg\"><img loading=\"lazy\" width=\"1024\" height=\"576\" src=\"https:\/\/www.skimo.at\/sportler\/files\/2021\/12\/testrennen-obertauern-07-bild-hermann-gruber-1024x576.jpg\" alt=\"testrennen obertauern 07 bild hermann gruber\" data-id=\"16383\" data-full-url=\"https:\/\/www.skimo.at\/sportler\/files\/2021\/12\/testrennen-obertauern-07-bild-hermann-gruber.jpg\" data-link=\"https:\/\/www.skimo.at\/sportler\/?attachment_id=16383\" class=\"wp-image-16383\" srcset=\"https:\/\/www.skimo.at\/sportler\/files\/2021\/12\/testrennen-obertauern-07-bild-hermann-gruber-1024x576.jpg 1024w, https:\/\/www.skimo.at\/sportler\/files\/2021\/12\/testrennen-obertauern-07-bild-hermann-gruber-300x169.jpg 300w, https:\/\/www.skimo.at\/sportler\/files\/2021\/12\/testrennen-obertauern-07-bild-hermann-gruber-768x432.jpg 768w, https:\/\/www.skimo.at\/sportler\/files\/2021\/12\/testrennen-obertauern-07-bild-hermann-gruber-1224x689.jpg 1224w, https:\/\/www.skimo.at\/sportler\/files\/2021\/12\/testrennen-obertauern-07-bild-hermann-gruber-970x546.jpg 970w, https:\/\/www.skimo.at\/sportler\/files\/2021\/12\/testrennen-obertauern-07-bild-hermann-gruber-554x312.jpg 554w, https:\/\/www.skimo.at\/sportler\/files\/2021\/12\/testrennen-obertauern-07-bild-hermann-gruber-165x93.jpg 165w, https:\/\/www.skimo.at\/sportler\/files\/2021\/12\/testrennen-obertauern-07-bild-hermann-gruber.jpg 2016w\" sizes=\"(max-width: 1024px) 100vw, 1024px\" \/><\/a><figcaption class=\"blocks-gallery-item__caption\">testrennen obertauern 07 bild hermann gruber<\/figcaption><\/figure><\/li><li class=\"blocks-gallery-item\"><figure><a href=\"https:\/\/www.skimo.at\/sportler\/files\/2021\/12\/testrennen-obertauern-04-bild-hermann-gruber.jpg\"><img loading=\"lazy\" width=\"1024\" height=\"576\" src=\"https:\/\/www.skimo.at\/sportler\/files\/2021\/12\/testrennen-obertauern-04-bild-hermann-gruber-1024x576.jpg\" alt=\"testrennen obertauern 04 bild hermann gruber\" data-id=\"16384\" data-full-url=\"https:\/\/www.skimo.at\/sportler\/files\/2021\/12\/testrennen-obertauern-04-bild-hermann-gruber.jpg\" data-link=\"https:\/\/www.skimo.at\/sportler\/?attachment_id=16384\" class=\"wp-image-16384\" srcset=\"https:\/\/www.skimo.at\/sportler\/files\/2021\/12\/testrennen-obertauern-04-bild-hermann-gruber-1024x576.jpg 1024w, https:\/\/www.skimo.at\/sportler\/files\/2021\/12\/testrennen-obertauern-04-bild-hermann-gruber-300x169.jpg 300w, https:\/\/www.skimo.at\/sportler\/files\/2021\/12\/testrennen-obertauern-04-bild-hermann-gruber-768x432.jpg 768w, https:\/\/www.skimo.at\/sportler\/files\/2021\/12\/testrennen-obertauern-04-bild-hermann-gruber-1224x689.jpg 1224w, https:\/\/www.skimo.at\/sportler\/files\/2021\/12\/testrennen-obertauern-04-bild-hermann-gruber-970x546.jpg 970w, https:\/\/www.skimo.at\/sportler\/files\/2021\/12\/testrennen-obertauern-04-bild-hermann-gruber-554x312.jpg 554w, https:\/\/www.skimo.at\/sportler\/files\/2021\/12\/testrennen-obertauern-04-bild-hermann-gruber-165x93.jpg 165w, https:\/\/www.skimo.at\/sportler\/files\/2021\/12\/testrennen-obertauern-04-bild-hermann-gruber.jpg 2016w\" sizes=\"(max-width: 1024px) 100vw, 1024px\" \/><\/a><figcaption class=\"blocks-gallery-item__caption\">testrennen obertauern 04 bild hermann gruber<\/figcaption><\/figure><\/li><li class=\"blocks-gallery-item\"><figure><a href=\"https:\/\/www.skimo.at\/sportler\/files\/2021\/12\/testrennen-obertauern-02-bild-hermann-gruber.jpg\"><img loading=\"lazy\" width=\"1024\" height=\"576\" src=\"https:\/\/www.skimo.at\/sportler\/files\/2021\/12\/testrennen-obertauern-02-bild-hermann-gruber-1024x576.jpg\" alt=\"testrennen obertauern 02 bild hermann gruber\" data-id=\"16385\" data-full-url=\"https:\/\/www.skimo.at\/sportler\/files\/2021\/12\/testrennen-obertauern-02-bild-hermann-gruber.jpg\" data-link=\"https:\/\/www.skimo.at\/sportler\/?attachment_id=16385\" class=\"wp-image-16385\" srcset=\"https:\/\/www.skimo.at\/sportler\/files\/2021\/12\/testrennen-obertauern-02-bild-hermann-gruber-1024x576.jpg 1024w, https:\/\/www.skimo.at\/sportler\/files\/2021\/12\/testrennen-obertauern-02-bild-hermann-gruber-300x169.jpg 300w, https:\/\/www.skimo.at\/sportler\/files\/2021\/12\/testrennen-obertauern-02-bild-hermann-gruber-768x432.jpg 768w, https:\/\/www.skimo.at\/sportler\/files\/2021\/12\/testrennen-obertauern-02-bild-hermann-gruber-1224x689.jpg 1224w, https:\/\/www.skimo.at\/sportler\/files\/2021\/12\/testrennen-obertauern-02-bild-hermann-gruber-970x546.jpg 970w, https:\/\/www.skimo.at\/sportler\/files\/2021\/12\/testrennen-obertauern-02-bild-hermann-gruber-554x312.jpg 554w, https:\/\/www.skimo.at\/sportler\/files\/2021\/12\/testrennen-obertauern-02-bild-hermann-gruber-165x93.jpg 165w, https:\/\/www.skimo.at\/sportler\/files\/2021\/12\/testrennen-obertauern-02-bild-hermann-gruber.jpg 2016w\" sizes=\"(max-width: 1024px) 100vw, 1024px\" \/><\/a><figcaption class=\"blocks-gallery-item__caption\">testrennen obertauern 02 bild hermann gruber<\/figcaption><\/figure><\/li><\/ul><\/figure>\n\n\n\n<p>Bei den \u00d6sterreichern setzte sich am Samstag im Verticalrennen wiederum Paul Verbnjak vor Christof Hochenwarter und Jakob Herrmann durch, der Mit-favorisierte Armin H\u00f6fl war nicht am Start, ebenso verzichtete Daniel Zugg wegen seiner Fersenverletzung \u2013 siehe oben \u2013 am Wochenende auf einen Start.<br>Die \u00d6sterreichische Damenwertung im Vertical ging an Sarah Dreier vor Teresa Feix.<\/p>\n\n\n\n<p>Bei den DAV Sportlern in Obertauern stand am Samstag der Sprintbewerb am Programm. Im etwas vereinfachtem Modus siegte hier Finn H\u00f6sch vor Marc D\u00fcrr und Seppi Pelzer.<\/p>\n\n\n\n<p>Nachdem die Deutschen die Autos in Obertauern wieder gefunden und ausgeschaufelt hatten, sin sie zum Individualbewerb auf die Hochwurzen \u00fcbersiedelt, um sich direkt mit den \u00d6SV Athleten zu matchen. Im technisch leichten Individualrennen hatte wieder Paul Verbnjak die Nase vorn, Alpinspezialist Jakob Herrmann folgte dem jungen Klagenfurter auf der Ferse, Armin H\u00f6fl nahm Platz 3 ein. Bei den Deutschen war Marc D\u00fcrr der bestplatzierte auf Platz 7, nachdem der starke Espoir David Sambale an einer Kante st\u00fcrzte und als zweitbester \u00fcber die Ziellinie ging, den dritten Platz der deutschen Wertung holte Espoir Thomas Kletzenbauer. Bei den Damen siegte wieder Johanna Hiemer, auf den R\u00e4ngen folgten die beiden \u00d6sterreicherinnen Stephanie Kr\u00f6ll und Teresa Feix.<\/p>\n\n\n\n<figure class=\"wp-block-gallery columns-3 is-cropped\"><ul class=\"blocks-gallery-grid\"><li class=\"blocks-gallery-item\"><figure><a href=\"https:\/\/www.skimo.at\/sportler\/files\/2021\/12\/testrennen-individual-hochwurzen-01-bild-hermann-gruber-576x1024.jpg\"><img loading=\"lazy\" width=\"576\" height=\"1024\" src=\"https:\/\/www.skimo.at\/sportler\/files\/2021\/12\/testrennen-individual-hochwurzen-01-bild-hermann-gruber-576x1024.jpg\" alt=\"testrennen individual hochwurzen 01 bild hermann gruber\" data-id=\"16386\" data-link=\"https:\/\/www.skimo.at\/sportler\/?attachment_id=16386\" class=\"wp-image-16386\" srcset=\"https:\/\/www.skimo.at\/sportler\/files\/2021\/12\/testrennen-individual-hochwurzen-01-bild-hermann-gruber-576x1024.jpg 576w, https:\/\/www.skimo.at\/sportler\/files\/2021\/12\/testrennen-individual-hochwurzen-01-bild-hermann-gruber-169x300.jpg 169w, https:\/\/www.skimo.at\/sportler\/files\/2021\/12\/testrennen-individual-hochwurzen-01-bild-hermann-gruber-768x1365.jpg 768w, https:\/\/www.skimo.at\/sportler\/files\/2021\/12\/testrennen-individual-hochwurzen-01-bild-hermann-gruber-554x985.jpg 554w, https:\/\/www.skimo.at\/sportler\/files\/2021\/12\/testrennen-individual-hochwurzen-01-bild-hermann-gruber-52x93.jpg 52w, https:\/\/www.skimo.at\/sportler\/files\/2021\/12\/testrennen-individual-hochwurzen-01-bild-hermann-gruber.jpg 900w\" sizes=\"(max-width: 576px) 100vw, 576px\" \/><\/a><figcaption class=\"blocks-gallery-item__caption\">testrennen individual hochwurzen 01 bild hermann gruber<\/figcaption><\/figure><\/li><li class=\"blocks-gallery-item\"><figure><a href=\"https:\/\/www.skimo.at\/sportler\/files\/2021\/12\/testrennen-individual-hochwurzen-02-bild-hermann-gruber-576x1024.jpg\"><img loading=\"lazy\" width=\"576\" height=\"1024\" src=\"https:\/\/www.skimo.at\/sportler\/files\/2021\/12\/testrennen-individual-hochwurzen-02-bild-hermann-gruber-576x1024.jpg\" alt=\"testrennen individual hochwurzen 02 bild hermann gruber\" data-id=\"16387\" data-link=\"https:\/\/www.skimo.at\/sportler\/?attachment_id=16387\" class=\"wp-image-16387\" srcset=\"https:\/\/www.skimo.at\/sportler\/files\/2021\/12\/testrennen-individual-hochwurzen-02-bild-hermann-gruber-576x1024.jpg 576w, https:\/\/www.skimo.at\/sportler\/files\/2021\/12\/testrennen-individual-hochwurzen-02-bild-hermann-gruber-169x300.jpg 169w, https:\/\/www.skimo.at\/sportler\/files\/2021\/12\/testrennen-individual-hochwurzen-02-bild-hermann-gruber-768x1365.jpg 768w, https:\/\/www.skimo.at\/sportler\/files\/2021\/12\/testrennen-individual-hochwurzen-02-bild-hermann-gruber-554x985.jpg 554w, https:\/\/www.skimo.at\/sportler\/files\/2021\/12\/testrennen-individual-hochwurzen-02-bild-hermann-gruber-52x93.jpg 52w, https:\/\/www.skimo.at\/sportler\/files\/2021\/12\/testrennen-individual-hochwurzen-02-bild-hermann-gruber.jpg 900w\" sizes=\"(max-width: 576px) 100vw, 576px\" \/><\/a><figcaption class=\"blocks-gallery-item__caption\">testrennen individual hochwurzen 02 bild hermann gruber<\/figcaption><\/figure><\/li><li class=\"blocks-gallery-item\"><figure><a href=\"https:\/\/www.skimo.at\/sportler\/files\/2021\/12\/testrennen-individual-hochwurzen-03-bild-hermann-gruber-576x1024.jpg\"><img loading=\"lazy\" width=\"576\" height=\"1024\" src=\"https:\/\/www.skimo.at\/sportler\/files\/2021\/12\/testrennen-individual-hochwurzen-03-bild-hermann-gruber-576x1024.jpg\" alt=\"testrennen individual hochwurzen 03 bild hermann gruber\" data-id=\"16388\" data-link=\"https:\/\/www.skimo.at\/sportler\/?attachment_id=16388\" class=\"wp-image-16388\" srcset=\"https:\/\/www.skimo.at\/sportler\/files\/2021\/12\/testrennen-individual-hochwurzen-03-bild-hermann-gruber-576x1024.jpg 576w, https:\/\/www.skimo.at\/sportler\/files\/2021\/12\/testrennen-individual-hochwurzen-03-bild-hermann-gruber-169x300.jpg 169w, https:\/\/www.skimo.at\/sportler\/files\/2021\/12\/testrennen-individual-hochwurzen-03-bild-hermann-gruber-768x1365.jpg 768w, https:\/\/www.skimo.at\/sportler\/files\/2021\/12\/testrennen-individual-hochwurzen-03-bild-hermann-gruber-554x985.jpg 554w, https:\/\/www.skimo.at\/sportler\/files\/2021\/12\/testrennen-individual-hochwurzen-03-bild-hermann-gruber-52x93.jpg 52w, https:\/\/www.skimo.at\/sportler\/files\/2021\/12\/testrennen-individual-hochwurzen-03-bild-hermann-gruber.jpg 900w\" sizes=\"(max-width: 576px) 100vw, 576px\" \/><\/a><figcaption class=\"blocks-gallery-item__caption\">testrennen individual hochwurzen 03 bild hermann gruber<\/figcaption><\/figure><\/li><li class=\"blocks-gallery-item\"><figure><a href=\"https:\/\/www.skimo.at\/sportler\/files\/2021\/12\/testrennen-individual-hochwurzen-04-bild-hermann-gruber-576x1024.jpg\"><img loading=\"lazy\" width=\"576\" height=\"1024\" src=\"https:\/\/www.skimo.at\/sportler\/files\/2021\/12\/testrennen-individual-hochwurzen-04-bild-hermann-gruber-576x1024.jpg\" alt=\"testrennen individual hochwurzen 04 bild hermann gruber\" data-id=\"16389\" data-link=\"https:\/\/www.skimo.at\/sportler\/?attachment_id=16389\" class=\"wp-image-16389\" srcset=\"https:\/\/www.skimo.at\/sportler\/files\/2021\/12\/testrennen-individual-hochwurzen-04-bild-hermann-gruber-576x1024.jpg 576w, https:\/\/www.skimo.at\/sportler\/files\/2021\/12\/testrennen-individual-hochwurzen-04-bild-hermann-gruber-169x300.jpg 169w, https:\/\/www.skimo.at\/sportler\/files\/2021\/12\/testrennen-individual-hochwurzen-04-bild-hermann-gruber-768x1365.jpg 768w, https:\/\/www.skimo.at\/sportler\/files\/2021\/12\/testrennen-individual-hochwurzen-04-bild-hermann-gruber-554x985.jpg 554w, https:\/\/www.skimo.at\/sportler\/files\/2021\/12\/testrennen-individual-hochwurzen-04-bild-hermann-gruber-52x93.jpg 52w, https:\/\/www.skimo.at\/sportler\/files\/2021\/12\/testrennen-individual-hochwurzen-04-bild-hermann-gruber.jpg 900w\" sizes=\"(max-width: 576px) 100vw, 576px\" \/><\/a><figcaption class=\"blocks-gallery-item__caption\">testrennen individual hochwurzen 04 bild hermann gruber<\/figcaption><\/figure><\/li><li class=\"blocks-gallery-item\"><figure><a href=\"https:\/\/www.skimo.at\/sportler\/files\/2021\/12\/testrennen-individual-hochwurzen-05-bild-hermann-gruber-1024x576.jpg\"><img loading=\"lazy\" width=\"1024\" height=\"576\" src=\"https:\/\/www.skimo.at\/sportler\/files\/2021\/12\/testrennen-individual-hochwurzen-05-bild-hermann-gruber-1024x576.jpg\" alt=\"testrennen individual hochwurzen 05 bild hermann gruber\" data-id=\"16390\" data-link=\"https:\/\/www.skimo.at\/sportler\/?attachment_id=16390\" class=\"wp-image-16390\" srcset=\"https:\/\/www.skimo.at\/sportler\/files\/2021\/12\/testrennen-individual-hochwurzen-05-bild-hermann-gruber-1024x576.jpg 1024w, https:\/\/www.skimo.at\/sportler\/files\/2021\/12\/testrennen-individual-hochwurzen-05-bild-hermann-gruber-300x169.jpg 300w, https:\/\/www.skimo.at\/sportler\/files\/2021\/12\/testrennen-individual-hochwurzen-05-bild-hermann-gruber-768x432.jpg 768w, https:\/\/www.skimo.at\/sportler\/files\/2021\/12\/testrennen-individual-hochwurzen-05-bild-hermann-gruber-1224x689.jpg 1224w, https:\/\/www.skimo.at\/sportler\/files\/2021\/12\/testrennen-individual-hochwurzen-05-bild-hermann-gruber-970x546.jpg 970w, https:\/\/www.skimo.at\/sportler\/files\/2021\/12\/testrennen-individual-hochwurzen-05-bild-hermann-gruber-554x312.jpg 554w, https:\/\/www.skimo.at\/sportler\/files\/2021\/12\/testrennen-individual-hochwurzen-05-bild-hermann-gruber-165x93.jpg 165w, https:\/\/www.skimo.at\/sportler\/files\/2021\/12\/testrennen-individual-hochwurzen-05-bild-hermann-gruber.jpg 1600w\" sizes=\"(max-width: 1024px) 100vw, 1024px\" \/><\/a><figcaption class=\"blocks-gallery-item__caption\">testrennen individual hochwurzen 05 bild hermann gruber<\/figcaption><\/figure><\/li><li class=\"blocks-gallery-item\"><figure><a href=\"https:\/\/www.skimo.at\/sportler\/files\/2021\/12\/testrennen-individual-hochwurzen-06-bild-hermann-gruber-1024x576.jpg\"><img loading=\"lazy\" width=\"1024\" height=\"576\" src=\"https:\/\/www.skimo.at\/sportler\/files\/2021\/12\/testrennen-individual-hochwurzen-06-bild-hermann-gruber-1024x576.jpg\" alt=\"testrennen individual hochwurzen 06 bild hermann gruber\" data-id=\"16391\" data-link=\"https:\/\/www.skimo.at\/sportler\/?attachment_id=16391\" class=\"wp-image-16391\" srcset=\"https:\/\/www.skimo.at\/sportler\/files\/2021\/12\/testrennen-individual-hochwurzen-06-bild-hermann-gruber-1024x576.jpg 1024w, https:\/\/www.skimo.at\/sportler\/files\/2021\/12\/testrennen-individual-hochwurzen-06-bild-hermann-gruber-300x169.jpg 300w, https:\/\/www.skimo.at\/sportler\/files\/2021\/12\/testrennen-individual-hochwurzen-06-bild-hermann-gruber-768x432.jpg 768w, https:\/\/www.skimo.at\/sportler\/files\/2021\/12\/testrennen-individual-hochwurzen-06-bild-hermann-gruber-1224x689.jpg 1224w, https:\/\/www.skimo.at\/sportler\/files\/2021\/12\/testrennen-individual-hochwurzen-06-bild-hermann-gruber-970x546.jpg 970w, https:\/\/www.skimo.at\/sportler\/files\/2021\/12\/testrennen-individual-hochwurzen-06-bild-hermann-gruber-554x312.jpg 554w, https:\/\/www.skimo.at\/sportler\/files\/2021\/12\/testrennen-individual-hochwurzen-06-bild-hermann-gruber-165x93.jpg 165w, https:\/\/www.skimo.at\/sportler\/files\/2021\/12\/testrennen-individual-hochwurzen-06-bild-hermann-gruber.jpg 1600w\" sizes=\"(max-width: 1024px) 100vw, 1024px\" \/><\/a><figcaption class=\"blocks-gallery-item__caption\">testrennen individual hochwurzen 06 bild hermann gruber<\/figcaption><\/figure><\/li><li class=\"blocks-gallery-item\"><figure><a href=\"https:\/\/www.skimo.at\/sportler\/files\/2021\/12\/testrennen-individual-hochwurzen-07-bild-hermann-gruber-576x1024.jpg\"><img loading=\"lazy\" width=\"576\" height=\"1024\" src=\"https:\/\/www.skimo.at\/sportler\/files\/2021\/12\/testrennen-individual-hochwurzen-07-bild-hermann-gruber-576x1024.jpg\" alt=\"testrennen individual hochwurzen 07 bild hermann gruber\" data-id=\"16392\" data-link=\"https:\/\/www.skimo.at\/sportler\/?attachment_id=16392\" class=\"wp-image-16392\" srcset=\"https:\/\/www.skimo.at\/sportler\/files\/2021\/12\/testrennen-individual-hochwurzen-07-bild-hermann-gruber-576x1024.jpg 576w, https:\/\/www.skimo.at\/sportler\/files\/2021\/12\/testrennen-individual-hochwurzen-07-bild-hermann-gruber-169x300.jpg 169w, https:\/\/www.skimo.at\/sportler\/files\/2021\/12\/testrennen-individual-hochwurzen-07-bild-hermann-gruber-768x1365.jpg 768w, https:\/\/www.skimo.at\/sportler\/files\/2021\/12\/testrennen-individual-hochwurzen-07-bild-hermann-gruber-554x985.jpg 554w, https:\/\/www.skimo.at\/sportler\/files\/2021\/12\/testrennen-individual-hochwurzen-07-bild-hermann-gruber-52x93.jpg 52w, https:\/\/www.skimo.at\/sportler\/files\/2021\/12\/testrennen-individual-hochwurzen-07-bild-hermann-gruber.jpg 900w\" sizes=\"(max-width: 576px) 100vw, 576px\" \/><\/a><figcaption class=\"blocks-gallery-item__caption\">testrennen individual hochwurzen 07 bild hermann gruber<\/figcaption><\/figure><\/li><li class=\"blocks-gallery-item\"><figure><a href=\"https:\/\/www.skimo.at\/sportler\/files\/2021\/12\/testrennen-individual-hochwurzen-08-bild-hermann-gruber-1024x576.jpg\"><img loading=\"lazy\" width=\"1024\" height=\"576\" src=\"https:\/\/www.skimo.at\/sportler\/files\/2021\/12\/testrennen-individual-hochwurzen-08-bild-hermann-gruber-1024x576.jpg\" alt=\"testrennen individual hochwurzen 08 bild hermann gruber\" data-id=\"16393\" data-link=\"https:\/\/www.skimo.at\/sportler\/?attachment_id=16393\" class=\"wp-image-16393\" srcset=\"https:\/\/www.skimo.at\/sportler\/files\/2021\/12\/testrennen-individual-hochwurzen-08-bild-hermann-gruber-1024x576.jpg 1024w, https:\/\/www.skimo.at\/sportler\/files\/2021\/12\/testrennen-individual-hochwurzen-08-bild-hermann-gruber-300x169.jpg 300w, https:\/\/www.skimo.at\/sportler\/files\/2021\/12\/testrennen-individual-hochwurzen-08-bild-hermann-gruber-768x432.jpg 768w, https:\/\/www.skimo.at\/sportler\/files\/2021\/12\/testrennen-individual-hochwurzen-08-bild-hermann-gruber-1224x689.jpg 1224w, https:\/\/www.skimo.at\/sportler\/files\/2021\/12\/testrennen-individual-hochwurzen-08-bild-hermann-gruber-970x546.jpg 970w, https:\/\/www.skimo.at\/sportler\/files\/2021\/12\/testrennen-individual-hochwurzen-08-bild-hermann-gruber-554x312.jpg 554w, https:\/\/www.skimo.at\/sportler\/files\/2021\/12\/testrennen-individual-hochwurzen-08-bild-hermann-gruber-165x93.jpg 165w, https:\/\/www.skimo.at\/sportler\/files\/2021\/12\/testrennen-individual-hochwurzen-08-bild-hermann-gruber.jpg 1600w\" sizes=\"(max-width: 1024px) 100vw, 1024px\" \/><\/a><figcaption class=\"blocks-gallery-item__caption\">testrennen individual hochwurzen 08 bild hermann gruber<\/figcaption><\/figure><\/li><li class=\"blocks-gallery-item\"><figure><a href=\"https:\/\/www.skimo.at\/sportler\/files\/2021\/12\/jakob-herrmann-bild-martin-weigl.jpg\"><img loading=\"lazy\" width=\"1024\" height=\"683\" src=\"https:\/\/www.skimo.at\/sportler\/files\/2021\/12\/jakob-herrmann-bild-martin-weigl-1024x683.jpg\" alt=\"jakob herrmann bild martin weigl\" data-id=\"16394\" data-full-url=\"https:\/\/www.skimo.at\/sportler\/files\/2021\/12\/jakob-herrmann-bild-martin-weigl.jpg\" data-link=\"https:\/\/www.skimo.at\/sportler\/?attachment_id=16394\" class=\"wp-image-16394\" srcset=\"https:\/\/www.skimo.at\/sportler\/files\/2021\/12\/jakob-herrmann-bild-martin-weigl-1024x683.jpg 1024w, https:\/\/www.skimo.at\/sportler\/files\/2021\/12\/jakob-herrmann-bild-martin-weigl-300x200.jpg 300w, https:\/\/www.skimo.at\/sportler\/files\/2021\/12\/jakob-herrmann-bild-martin-weigl-768x512.jpg 768w, https:\/\/www.skimo.at\/sportler\/files\/2021\/12\/jakob-herrmann-bild-martin-weigl-746x497.jpg 746w, https:\/\/www.skimo.at\/sportler\/files\/2021\/12\/jakob-herrmann-bild-martin-weigl-618x412.jpg 618w, https:\/\/www.skimo.at\/sportler\/files\/2021\/12\/jakob-herrmann-bild-martin-weigl-554x369.jpg 554w, https:\/\/www.skimo.at\/sportler\/files\/2021\/12\/jakob-herrmann-bild-martin-weigl-299x199.jpg 299w, https:\/\/www.skimo.at\/sportler\/files\/2021\/12\/jakob-herrmann-bild-martin-weigl-1224x816.jpg 1224w, https:\/\/www.skimo.at\/sportler\/files\/2021\/12\/jakob-herrmann-bild-martin-weigl-970x647.jpg 970w, https:\/\/www.skimo.at\/sportler\/files\/2021\/12\/jakob-herrmann-bild-martin-weigl-139x93.jpg 139w\" sizes=\"(max-width: 1024px) 100vw, 1024px\" \/><\/a><figcaption class=\"blocks-gallery-item__caption\">jakob herrmann bild martin weigl<\/figcaption><\/figure><\/li><li class=\"blocks-gallery-item\"><figure><a href=\"https:\/\/www.skimo.at\/sportler\/files\/2021\/12\/johanna-hiemer-bild-martin-weigl.jpg\"><img loading=\"lazy\" width=\"1024\" height=\"683\" src=\"https:\/\/www.skimo.at\/sportler\/files\/2021\/12\/johanna-hiemer-bild-martin-weigl-1024x683.jpg\" alt=\"johanna hiemer bild martin weigl\" data-id=\"16395\" data-full-url=\"https:\/\/www.skimo.at\/sportler\/files\/2021\/12\/johanna-hiemer-bild-martin-weigl.jpg\" data-link=\"https:\/\/www.skimo.at\/sportler\/?attachment_id=16395\" class=\"wp-image-16395\" srcset=\"https:\/\/www.skimo.at\/sportler\/files\/2021\/12\/johanna-hiemer-bild-martin-weigl-1024x683.jpg 1024w, https:\/\/www.skimo.at\/sportler\/files\/2021\/12\/johanna-hiemer-bild-martin-weigl-300x200.jpg 300w, https:\/\/www.skimo.at\/sportler\/files\/2021\/12\/johanna-hiemer-bild-martin-weigl-768x512.jpg 768w, https:\/\/www.skimo.at\/sportler\/files\/2021\/12\/johanna-hiemer-bild-martin-weigl-746x497.jpg 746w, https:\/\/www.skimo.at\/sportler\/files\/2021\/12\/johanna-hiemer-bild-martin-weigl-618x412.jpg 618w, https:\/\/www.skimo.at\/sportler\/files\/2021\/12\/johanna-hiemer-bild-martin-weigl-554x369.jpg 554w, https:\/\/www.skimo.at\/sportler\/files\/2021\/12\/johanna-hiemer-bild-martin-weigl-299x199.jpg 299w, https:\/\/www.skimo.at\/sportler\/files\/2021\/12\/johanna-hiemer-bild-martin-weigl-1224x816.jpg 1224w, https:\/\/www.skimo.at\/sportler\/files\/2021\/12\/johanna-hiemer-bild-martin-weigl-970x647.jpg 970w, https:\/\/www.skimo.at\/sportler\/files\/2021\/12\/johanna-hiemer-bild-martin-weigl-139x93.jpg 139w\" sizes=\"(max-width: 1024px) 100vw, 1024px\" \/><\/a><figcaption class=\"blocks-gallery-item__caption\">johanna hiemer bild martin weigl<\/figcaption><\/figure><\/li><li class=\"blocks-gallery-item\"><figure><a href=\"https:\/\/www.skimo.at\/sportler\/files\/2021\/12\/paul-verbnjak-bild-martin-weigl.jpg\"><img loading=\"lazy\" width=\"1024\" height=\"683\" src=\"https:\/\/www.skimo.at\/sportler\/files\/2021\/12\/paul-verbnjak-bild-martin-weigl-1024x683.jpg\" alt=\"paul verbnjak bild martin weigl\" data-id=\"16396\" data-full-url=\"https:\/\/www.skimo.at\/sportler\/files\/2021\/12\/paul-verbnjak-bild-martin-weigl.jpg\" data-link=\"https:\/\/www.skimo.at\/sportler\/?attachment_id=16396\" class=\"wp-image-16396\" srcset=\"https:\/\/www.skimo.at\/sportler\/files\/2021\/12\/paul-verbnjak-bild-martin-weigl-1024x683.jpg 1024w, https:\/\/www.skimo.at\/sportler\/files\/2021\/12\/paul-verbnjak-bild-martin-weigl-300x200.jpg 300w, https:\/\/www.skimo.at\/sportler\/files\/2021\/12\/paul-verbnjak-bild-martin-weigl-768x512.jpg 768w, https:\/\/www.skimo.at\/sportler\/files\/2021\/12\/paul-verbnjak-bild-martin-weigl-746x497.jpg 746w, https:\/\/www.skimo.at\/sportler\/files\/2021\/12\/paul-verbnjak-bild-martin-weigl-618x412.jpg 618w, https:\/\/www.skimo.at\/sportler\/files\/2021\/12\/paul-verbnjak-bild-martin-weigl-554x369.jpg 554w, https:\/\/www.skimo.at\/sportler\/files\/2021\/12\/paul-verbnjak-bild-martin-weigl-299x199.jpg 299w, https:\/\/www.skimo.at\/sportler\/files\/2021\/12\/paul-verbnjak-bild-martin-weigl-1224x816.jpg 1224w, https:\/\/www.skimo.at\/sportler\/files\/2021\/12\/paul-verbnjak-bild-martin-weigl-970x647.jpg 970w, https:\/\/www.skimo.at\/sportler\/files\/2021\/12\/paul-verbnjak-bild-martin-weigl-139x93.jpg 139w\" sizes=\"(max-width: 1024px) 100vw, 1024px\" \/><\/a><figcaption class=\"blocks-gallery-item__caption\">paul verbnjak bild martin weigl<\/figcaption><\/figure><\/li><\/ul><\/figure>\n\n\n\n<p>Von 17. \u2013 19.12.2021 findet nun im italienischen Ponte di Legno im Rahmen der Adamello Ski Raid der erste Weltcup der Saison mit den Bewerben Sprint, Vertical und Individual statt.<\/p>\n","protected":false},"excerpt":{"rendered":"<p>Die Athleten des \u00d6SV und DAV haben an den vergangenen beiden Wochenenden Vergleichswettk\u00e4mpfe durchgef\u00fchrt, um f\u00fcr die kommende Weltcupsaison einen \u00dcberblick \u00fcber das aktuelle Leistungsniveau zu haben.<\/p>\n","protected":false},"author":3,"featured_media":16395,"comment_status":"closed","ping_status":"closed","sticky":false,"template":"","format":"standard","meta":[],"categories":[1,3],"tags":[],"yoast_head":"<!-- This site is optimized with the Yoast SEO plugin v16.3 - https:\/\/yoast.com\/wordpress\/plugins\/seo\/ -->\n<title>Testrennen der \u00d6SV und DAV Athleten - Sportler<\/title>\n<meta name=\"robots\" content=\"index, follow, max-snippet:-1, max-image-preview:large, max-video-preview:-1\" \/>\n<link rel=\"canonical\" href=\"https:\/\/www.skimo.at\/sportler\/16371\/testrennen-der-oesv-und-dav-athleten\/\" \/>\n<meta property=\"og:locale\" content=\"de_DE\" \/>\n<meta property=\"og:type\" content=\"article\" \/>\n<meta property=\"og:title\" content=\"Testrennen der \u00d6SV und DAV Athleten - Sportler\" \/>\n<meta property=\"og:description\" content=\"Die Athleten des \u00d6SV und DAV haben an den vergangenen beiden Wochenenden Vergleichswettk\u00e4mpfe durchgef\u00fchrt, um f\u00fcr die kommende Weltcupsaison einen \u00dcberblick \u00fcber das aktuelle Leistungsniveau zu haben.\" \/>\n<meta property=\"og:url\" content=\"https:\/\/www.skimo.at\/sportler\/16371\/testrennen-der-oesv-und-dav-athleten\/\" \/>\n<meta property=\"og:site_name\" content=\"Sportler\" \/>\n<meta property=\"article:published_time\" content=\"2021-12-10T19:24:08+00:00\" \/>\n<meta property=\"og:image\" content=\"https:\/\/www.skimo.at\/sportler\/files\/2021\/12\/johanna-hiemer-bild-martin-weigl.jpg\" \/>\n\t<meta property=\"og:image:width\" content=\"2500\" \/>\n\t<meta property=\"og:image:height\" content=\"1667\" \/>\n<meta name=\"twitter:card\" content=\"summary\" \/>\n<meta name=\"twitter:label1\" content=\"Gesch\u00e4tzte Lesezeit\">\n\t<meta name=\"twitter:data1\" content=\"8\u00a0Minuten\">\n<script type=\"application\/ld+json\" class=\"yoast-schema-graph\">{\"@context\":\"https:\/\/schema.org\",\"@graph\":[{\"@type\":\"WebSite\",\"@id\":\"https:\/\/skimo.73.jarolim.eu\/sportler\/#website\",\"url\":\"https:\/\/skimo.73.jarolim.eu\/sportler\/\",\"name\":\"Sportler\",\"description\":\"\",\"potentialAction\":[{\"@type\":\"SearchAction\",\"target\":\"https:\/\/skimo.73.jarolim.eu\/sportler\/?s={search_term_string}\",\"query-input\":\"required name=search_term_string\"}],\"inLanguage\":\"de\"},{\"@type\":\"ImageObject\",\"@id\":\"https:\/\/www.skimo.at\/sportler\/16371\/testrennen-der-oesv-und-dav-athleten\/#primaryimage\",\"inLanguage\":\"de\",\"url\":\"https:\/\/www.skimo.at\/sportler\/files\/2021\/12\/johanna-hiemer-bild-martin-weigl.jpg\",\"contentUrl\":\"https:\/\/www.skimo.at\/sportler\/files\/2021\/12\/johanna-hiemer-bild-martin-weigl.jpg\",\"width\":2500,\"height\":1667,\"caption\":\"johanna hiemer bild martin weigl\"},{\"@type\":\"WebPage\",\"@id\":\"https:\/\/www.skimo.at\/sportler\/16371\/testrennen-der-oesv-und-dav-athleten\/#webpage\",\"url\":\"https:\/\/www.skimo.at\/sportler\/16371\/testrennen-der-oesv-und-dav-athleten\/\",\"name\":\"Testrennen der \\u00d6SV und DAV Athleten - Sportler\",\"isPartOf\":{\"@id\":\"https:\/\/skimo.73.jarolim.eu\/sportler\/#website\"},\"primaryImageOfPage\":{\"@id\":\"https:\/\/www.skimo.at\/sportler\/16371\/testrennen-der-oesv-und-dav-athleten\/#primaryimage\"},\"datePublished\":\"2021-12-10T19:24:08+00:00\",\"dateModified\":\"2021-12-10T19:24:08+00:00\",\"author\":{\"@id\":\"https:\/\/skimo.73.jarolim.eu\/sportler\/#\/schema\/person\/796ecbce6796efca58bf848ca63ec12c\"},\"breadcrumb\":{\"@id\":\"https:\/\/www.skimo.at\/sportler\/16371\/testrennen-der-oesv-und-dav-athleten\/#breadcrumb\"},\"inLanguage\":\"de\",\"potentialAction\":[{\"@type\":\"ReadAction\",\"target\":[\"https:\/\/www.skimo.at\/sportler\/16371\/testrennen-der-oesv-und-dav-athleten\/\"]}]},{\"@type\":\"BreadcrumbList\",\"@id\":\"https:\/\/www.skimo.at\/sportler\/16371\/testrennen-der-oesv-und-dav-athleten\/#breadcrumb\",\"itemListElement\":[{\"@type\":\"ListItem\",\"position\":1,\"item\":{\"@type\":\"WebPage\",\"@id\":\"https:\/\/skimo.73.jarolim.eu\/sportler\/\",\"url\":\"https:\/\/skimo.73.jarolim.eu\/sportler\/\",\"name\":\"Home\"}},{\"@type\":\"ListItem\",\"position\":2,\"item\":{\"@id\":\"https:\/\/www.skimo.at\/sportler\/16371\/testrennen-der-oesv-und-dav-athleten\/#webpage\"}}]},{\"@type\":\"Person\",\"@id\":\"https:\/\/skimo.73.jarolim.eu\/sportler\/#\/schema\/person\/796ecbce6796efca58bf848ca63ec12c\",\"name\":\"kposch\",\"image\":{\"@type\":\"ImageObject\",\"@id\":\"https:\/\/skimo.73.jarolim.eu\/sportler\/#personlogo\",\"inLanguage\":\"de\",\"url\":\"https:\/\/secure.gravatar.com\/avatar\/e9f5f28da60e5e563d3f4d3cc0b9b425?s=96&r=g\",\"contentUrl\":\"https:\/\/secure.gravatar.com\/avatar\/e9f5f28da60e5e563d3f4d3cc0b9b425?s=96&r=g\",\"caption\":\"kposch\"},\"url\":\"https:\/\/www.skimo.at\/sportler\/author\/kposch\/\"}]}<\/script>\n<!-- \/ Yoast SEO plugin. -->","_links":{"self":[{"href":"https:\/\/www.skimo.at\/sportler\/wp-json\/wp\/v2\/posts\/16371"}],"collection":[{"href":"https:\/\/www.skimo.at\/sportler\/wp-json\/wp\/v2\/posts"}],"about":[{"href":"https:\/\/www.skimo.at\/sportler\/wp-json\/wp\/v2\/types\/post"}],"author":[{"embeddable":true,"href":"https:\/\/www.skimo.at\/sportler\/wp-json\/wp\/v2\/users\/3"}],"replies":[{"embeddable":true,"href":"https:\/\/www.skimo.at\/sportler\/wp-json\/wp\/v2\/comments?post=16371"}],"version-history":[{"count":3,"href":"https:\/\/www.skimo.at\/sportler\/wp-json\/wp\/v2\/posts\/16371\/revisions"}],"predecessor-version":[{"id":16398,"href":"https:\/\/www.skimo.at\/sportler\/wp-json\/wp\/v2\/posts\/16371\/revisions\/16398"}],"wp:featuredmedia":[{"embeddable":true,"href":"https:\/\/www.skimo.at\/sportler\/wp-json\/wp\/v2\/media\/16395"}],"wp:attachment":[{"href":"https:\/\/www.skimo.at\/sportler\/wp-json\/wp\/v2\/media?parent=16371"}],"wp:term":[{"taxonomy":"category","embeddable":true,"href":"https:\/\/www.skimo.at\/sportler\/wp-json\/wp\/v2\/categories?post=16371"},{"taxonomy":"post_tag","embeddable":true,"href":"https:\/\/www.skimo.at\/sportler\/wp-json\/wp\/v2\/tags?post=16371"}],"curies":[{"name":"wp","href":"https:\/\/api.w.org\/{rel}","templated":true}]}}