{"id":16074,"date":"2021-03-04T12:17:00","date_gmt":"2021-03-04T10:17:00","guid":{"rendered":"https:\/\/www.skimo.at\/sportler\/?p=16074"},"modified":"2021-05-21T12:21:38","modified_gmt":"2021-05-21T10:21:38","slug":"bildbericht-zum-vertical-rennen-edelmetall-tag","status":"publish","type":"post","link":"https:\/\/www.skimo.at\/sportler\/16074\/bildbericht-zum-vertical-rennen-edelmetall-tag\/","title":{"rendered":"Bildbericht zum Vertical Rennen &#8211; Edelmetall-Tag"},"content":{"rendered":"\n<p><strong>Am dritten Renntag bei der Weltmeisterschaft im Skibergsteigen in Andorra holt sich das \u00f6sterreichische Nationalteam gleich zwei Goldmedaillen. Die Nachwuchsathleten Nils Oberauer (U18) und Paul Verbnjak (U20) lieferten heute \u00fcberragende Leistungen im Vertical Bewerb und nehmen jeweils einen verdienten Weltmeistertitel mit nach Hause.&nbsp;Die deutsche Antonia Niedermaier reiht sich ebenfalls als U18 Weltmeisterin ein und Anton Palzer&nbsp;erk\u00e4mpft sich die Silber Medaille.<\/strong><\/p>\n\n\n\n<p>Die Voraussetzungen f\u00fcr den heutigen Vertical Bewerb in Andorra waren hervorragend. Ausreichend Schnee, eine gut pr\u00e4parierte Piste und sch\u00f6nes Wetter. Im Vertical Rennen, welches als reiner Aufstiegsbewerb ausgetragen wird, entscheiden Kraft, Ausdauer und ein starker Wille. Die Strecke war mit einer L\u00e4nge von 3,5 Kilometer und einer H\u00f6hendifferenz von 750 Metern weltmeisterlich herausfordernd. Vor allem der lange Schlussanstieg, wo man das Ziel die ganze Zeit vor Augen hat, zehrte an der k\u00f6rperlichen und mentalen Substanz der Athletinnen und Athleten.<\/p>\n\n\n\n<h3><strong>Noch ein Weltmeistertitel f\u00fcr einen steirischen Nachwuchsathleten<\/strong><\/h3>\n\n\n\n<p>Nachdem Julian Tritscher bereits am Dienstag die Goldmedaille im Sprint Bewerb holte, machte ihm heute sein Zimmerkollege aus der Ramsau am Dachstein dieses Meisterst\u00fcck nach. Den 17-j\u00e4hrige&nbsp;<strong>Nils Oberauer<\/strong>&nbsp;hatten die meisten Experten nicht ganz oben auf der Liste f\u00fcr Gold, aber der junge Steirer hatte heute am Start schon ein gutes Gef\u00fchl. Nach den ersten 100 H\u00f6henmeter \u00fcbernahm Nils die F\u00fchrungsarbeit. Etwa Mitte der Strecke sp\u00fcrte er die Chance, nahm sich ein Herz und lief den anderen auf und davon. Den Vorsprung von gut 20 Sekunden brachte er dann souver\u00e4n ins Ziel.<\/p>\n\n\n\n<blockquote class=\"wp-block-quote\"><p><em>\u201eIch bin so happy, es war immer schon mein Traum bei der WM eine Goldene zu machen und jetzt bin ich wirklich Weltmeister im Vertical\u201c,&nbsp;<\/em>so Nils im ersten Interview nach dem Sieg.<\/p><\/blockquote>\n\n\n\n<p>Das ganze Interview mit Nils und seinen zwei Teamkollegen kann man sich unter diesem&nbsp;<a href=\"http:\/\/www.skimo.at\/sportler\/18903\/nils-oberauer-ist-weltmeister-u18-vertical\/\" target=\"_blank\" rel=\"noreferrer noopener\">Link<\/a>&nbsp;anschauen.<\/p>\n\n\n\n<p>Insgesamt war es ein sehr gutes Gesamtergebnis f\u00fcr das \u00f6sterreichische Team in der Altersgruppe U18. Der Salzburger&nbsp;<strong>Hannes Lohfeyer<\/strong>&nbsp;erreichte den 7. Platz (+56.14) und der Sprintweltmeister&nbsp;<strong>Julian Tritscher<\/strong>&nbsp;wurde 13ter (+1:29.13).<\/p>\n\n\n\n<p>In einem unglaublich spannenden Rennen holte sich die deutsche Nachwuchsathletin\u00a0<strong>Antonia Niedermaier<\/strong>\u00a0den Weltmeistertitel in der Altersgruppe U18W. Das Fotofinish musste die endg\u00fcltige Entscheidung bringen. Da hatte Antonia um 44 Hundertstel die Nase vor der starken Schweizerin Thiebe Deseyn. Die zweite deutsche L\u00e4uferin,\u00a0<strong>Anna-Maria Michel<\/strong>\u00a0erreichte den tollen 8. Platz (+3:50.52).<\/p>\n\n\n\n<figure class=\"wp-block-gallery columns-3 is-cropped\"><ul class=\"blocks-gallery-grid\"><li class=\"blocks-gallery-item\"><figure><a href=\"https:\/\/www.skimo.at\/sportler\/files\/2021\/05\/wm-andorra-vertical-motiv-002-bild-maurizio-torri-lr.jpg\"><img loading=\"lazy\" width=\"1024\" height=\"683\" src=\"https:\/\/www.skimo.at\/sportler\/files\/2021\/05\/wm-andorra-vertical-motiv-002-bild-maurizio-torri-lr-1024x683.jpg\" alt=\"wm andorra vertical motiv 002 bild maurizio torri lr\" data-id=\"16077\" data-full-url=\"https:\/\/www.skimo.at\/sportler\/files\/2021\/05\/wm-andorra-vertical-motiv-002-bild-maurizio-torri-lr.jpg\" data-link=\"https:\/\/www.skimo.at\/sportler\/?attachment_id=16077\" class=\"wp-image-16077\" srcset=\"https:\/\/www.skimo.at\/sportler\/files\/2021\/05\/wm-andorra-vertical-motiv-002-bild-maurizio-torri-lr-1024x683.jpg 1024w, https:\/\/www.skimo.at\/sportler\/files\/2021\/05\/wm-andorra-vertical-motiv-002-bild-maurizio-torri-lr-300x200.jpg 300w, https:\/\/www.skimo.at\/sportler\/files\/2021\/05\/wm-andorra-vertical-motiv-002-bild-maurizio-torri-lr-768x512.jpg 768w, https:\/\/www.skimo.at\/sportler\/files\/2021\/05\/wm-andorra-vertical-motiv-002-bild-maurizio-torri-lr-746x497.jpg 746w, https:\/\/www.skimo.at\/sportler\/files\/2021\/05\/wm-andorra-vertical-motiv-002-bild-maurizio-torri-lr-618x412.jpg 618w, https:\/\/www.skimo.at\/sportler\/files\/2021\/05\/wm-andorra-vertical-motiv-002-bild-maurizio-torri-lr-554x370.jpg 554w, https:\/\/www.skimo.at\/sportler\/files\/2021\/05\/wm-andorra-vertical-motiv-002-bild-maurizio-torri-lr-299x199.jpg 299w, https:\/\/www.skimo.at\/sportler\/files\/2021\/05\/wm-andorra-vertical-motiv-002-bild-maurizio-torri-lr-1224x816.jpg 1224w, https:\/\/www.skimo.at\/sportler\/files\/2021\/05\/wm-andorra-vertical-motiv-002-bild-maurizio-torri-lr-970x647.jpg 970w, https:\/\/www.skimo.at\/sportler\/files\/2021\/05\/wm-andorra-vertical-motiv-002-bild-maurizio-torri-lr-139x93.jpg 139w, https:\/\/www.skimo.at\/sportler\/files\/2021\/05\/wm-andorra-vertical-motiv-002-bild-maurizio-torri-lr.jpg 1799w\" sizes=\"(max-width: 1024px) 100vw, 1024px\" \/><\/a><\/figure><\/li><li class=\"blocks-gallery-item\"><figure><a href=\"https:\/\/www.skimo.at\/sportler\/files\/2021\/05\/wm-andorra-vertical-motiv-004-bild-maurizio-torri-lr-1.jpg\"><img loading=\"lazy\" width=\"1024\" height=\"683\" src=\"https:\/\/www.skimo.at\/sportler\/files\/2021\/05\/wm-andorra-vertical-motiv-004-bild-maurizio-torri-lr-1-1024x683.jpg\" alt=\"wm andorra vertical motiv 004 bild maurizio torri lr 1\" data-id=\"16078\" data-full-url=\"https:\/\/www.skimo.at\/sportler\/files\/2021\/05\/wm-andorra-vertical-motiv-004-bild-maurizio-torri-lr-1.jpg\" data-link=\"https:\/\/www.skimo.at\/sportler\/?attachment_id=16078\" class=\"wp-image-16078\" srcset=\"https:\/\/www.skimo.at\/sportler\/files\/2021\/05\/wm-andorra-vertical-motiv-004-bild-maurizio-torri-lr-1-1024x683.jpg 1024w, https:\/\/www.skimo.at\/sportler\/files\/2021\/05\/wm-andorra-vertical-motiv-004-bild-maurizio-torri-lr-1-300x200.jpg 300w, https:\/\/www.skimo.at\/sportler\/files\/2021\/05\/wm-andorra-vertical-motiv-004-bild-maurizio-torri-lr-1-768x512.jpg 768w, https:\/\/www.skimo.at\/sportler\/files\/2021\/05\/wm-andorra-vertical-motiv-004-bild-maurizio-torri-lr-1-746x497.jpg 746w, https:\/\/www.skimo.at\/sportler\/files\/2021\/05\/wm-andorra-vertical-motiv-004-bild-maurizio-torri-lr-1-618x412.jpg 618w, https:\/\/www.skimo.at\/sportler\/files\/2021\/05\/wm-andorra-vertical-motiv-004-bild-maurizio-torri-lr-1-554x370.jpg 554w, https:\/\/www.skimo.at\/sportler\/files\/2021\/05\/wm-andorra-vertical-motiv-004-bild-maurizio-torri-lr-1-299x199.jpg 299w, https:\/\/www.skimo.at\/sportler\/files\/2021\/05\/wm-andorra-vertical-motiv-004-bild-maurizio-torri-lr-1-1224x816.jpg 1224w, https:\/\/www.skimo.at\/sportler\/files\/2021\/05\/wm-andorra-vertical-motiv-004-bild-maurizio-torri-lr-1-970x647.jpg 970w, https:\/\/www.skimo.at\/sportler\/files\/2021\/05\/wm-andorra-vertical-motiv-004-bild-maurizio-torri-lr-1-139x93.jpg 139w, https:\/\/www.skimo.at\/sportler\/files\/2021\/05\/wm-andorra-vertical-motiv-004-bild-maurizio-torri-lr-1.jpg 1799w\" sizes=\"(max-width: 1024px) 100vw, 1024px\" \/><\/a><\/figure><\/li><li class=\"blocks-gallery-item\"><figure><a href=\"https:\/\/www.skimo.at\/sportler\/files\/2021\/05\/wm-andorra-vertical-motiv-006-bild-maurizio-torri-lr.jpg\"><img loading=\"lazy\" width=\"1024\" height=\"683\" src=\"https:\/\/www.skimo.at\/sportler\/files\/2021\/05\/wm-andorra-vertical-motiv-006-bild-maurizio-torri-lr-1024x683.jpg\" alt=\"wm andorra vertical motiv 006 bild maurizio torri lr\" data-id=\"16079\" data-full-url=\"https:\/\/www.skimo.at\/sportler\/files\/2021\/05\/wm-andorra-vertical-motiv-006-bild-maurizio-torri-lr.jpg\" data-link=\"https:\/\/www.skimo.at\/sportler\/?attachment_id=16079\" class=\"wp-image-16079\" srcset=\"https:\/\/www.skimo.at\/sportler\/files\/2021\/05\/wm-andorra-vertical-motiv-006-bild-maurizio-torri-lr-1024x683.jpg 1024w, https:\/\/www.skimo.at\/sportler\/files\/2021\/05\/wm-andorra-vertical-motiv-006-bild-maurizio-torri-lr-300x200.jpg 300w, https:\/\/www.skimo.at\/sportler\/files\/2021\/05\/wm-andorra-vertical-motiv-006-bild-maurizio-torri-lr-768x512.jpg 768w, https:\/\/www.skimo.at\/sportler\/files\/2021\/05\/wm-andorra-vertical-motiv-006-bild-maurizio-torri-lr-746x497.jpg 746w, https:\/\/www.skimo.at\/sportler\/files\/2021\/05\/wm-andorra-vertical-motiv-006-bild-maurizio-torri-lr-618x412.jpg 618w, https:\/\/www.skimo.at\/sportler\/files\/2021\/05\/wm-andorra-vertical-motiv-006-bild-maurizio-torri-lr-554x370.jpg 554w, https:\/\/www.skimo.at\/sportler\/files\/2021\/05\/wm-andorra-vertical-motiv-006-bild-maurizio-torri-lr-299x199.jpg 299w, https:\/\/www.skimo.at\/sportler\/files\/2021\/05\/wm-andorra-vertical-motiv-006-bild-maurizio-torri-lr-1224x816.jpg 1224w, https:\/\/www.skimo.at\/sportler\/files\/2021\/05\/wm-andorra-vertical-motiv-006-bild-maurizio-torri-lr-970x647.jpg 970w, https:\/\/www.skimo.at\/sportler\/files\/2021\/05\/wm-andorra-vertical-motiv-006-bild-maurizio-torri-lr-139x93.jpg 139w, https:\/\/www.skimo.at\/sportler\/files\/2021\/05\/wm-andorra-vertical-motiv-006-bild-maurizio-torri-lr.jpg 1799w\" sizes=\"(max-width: 1024px) 100vw, 1024px\" \/><\/a><\/figure><\/li><li class=\"blocks-gallery-item\"><figure><a href=\"https:\/\/www.skimo.at\/sportler\/files\/2021\/05\/wm-andorra-vertical-motiv-008-bild-maurizio-torri-lr.jpg\"><img loading=\"lazy\" width=\"1024\" height=\"629\" src=\"https:\/\/www.skimo.at\/sportler\/files\/2021\/05\/wm-andorra-vertical-motiv-008-bild-maurizio-torri-lr-1024x629.jpg\" alt=\"wm andorra vertical motiv 008 bild maurizio torri lr\" data-id=\"16080\" data-full-url=\"https:\/\/www.skimo.at\/sportler\/files\/2021\/05\/wm-andorra-vertical-motiv-008-bild-maurizio-torri-lr.jpg\" data-link=\"https:\/\/www.skimo.at\/sportler\/?attachment_id=16080\" class=\"wp-image-16080\" srcset=\"https:\/\/www.skimo.at\/sportler\/files\/2021\/05\/wm-andorra-vertical-motiv-008-bild-maurizio-torri-lr-1024x629.jpg 1024w, https:\/\/www.skimo.at\/sportler\/files\/2021\/05\/wm-andorra-vertical-motiv-008-bild-maurizio-torri-lr-300x184.jpg 300w, https:\/\/www.skimo.at\/sportler\/files\/2021\/05\/wm-andorra-vertical-motiv-008-bild-maurizio-torri-lr-768x472.jpg 768w, https:\/\/www.skimo.at\/sportler\/files\/2021\/05\/wm-andorra-vertical-motiv-008-bild-maurizio-torri-lr-1224x752.jpg 1224w, https:\/\/www.skimo.at\/sportler\/files\/2021\/05\/wm-andorra-vertical-motiv-008-bild-maurizio-torri-lr-970x596.jpg 970w, https:\/\/www.skimo.at\/sportler\/files\/2021\/05\/wm-andorra-vertical-motiv-008-bild-maurizio-torri-lr-554x340.jpg 554w, https:\/\/www.skimo.at\/sportler\/files\/2021\/05\/wm-andorra-vertical-motiv-008-bild-maurizio-torri-lr-151x93.jpg 151w, https:\/\/www.skimo.at\/sportler\/files\/2021\/05\/wm-andorra-vertical-motiv-008-bild-maurizio-torri-lr.jpg 1799w\" sizes=\"(max-width: 1024px) 100vw, 1024px\" \/><\/a><\/figure><\/li><li class=\"blocks-gallery-item\"><figure><a href=\"https:\/\/www.skimo.at\/sportler\/files\/2021\/05\/wm-andorra-vertical-motiv-009-bild-maurizio-torri-lr.jpg\"><img loading=\"lazy\" width=\"1024\" height=\"682\" src=\"https:\/\/www.skimo.at\/sportler\/files\/2021\/05\/wm-andorra-vertical-motiv-009-bild-maurizio-torri-lr-1024x682.jpg\" alt=\"wm andorra vertical motiv 009 bild maurizio torri lr\" data-id=\"16081\" data-full-url=\"https:\/\/www.skimo.at\/sportler\/files\/2021\/05\/wm-andorra-vertical-motiv-009-bild-maurizio-torri-lr.jpg\" data-link=\"https:\/\/www.skimo.at\/sportler\/?attachment_id=16081\" class=\"wp-image-16081\" srcset=\"https:\/\/www.skimo.at\/sportler\/files\/2021\/05\/wm-andorra-vertical-motiv-009-bild-maurizio-torri-lr-1024x682.jpg 1024w, https:\/\/www.skimo.at\/sportler\/files\/2021\/05\/wm-andorra-vertical-motiv-009-bild-maurizio-torri-lr-300x200.jpg 300w, https:\/\/www.skimo.at\/sportler\/files\/2021\/05\/wm-andorra-vertical-motiv-009-bild-maurizio-torri-lr-768x512.jpg 768w, https:\/\/www.skimo.at\/sportler\/files\/2021\/05\/wm-andorra-vertical-motiv-009-bild-maurizio-torri-lr-746x497.jpg 746w, https:\/\/www.skimo.at\/sportler\/files\/2021\/05\/wm-andorra-vertical-motiv-009-bild-maurizio-torri-lr-618x412.jpg 618w, https:\/\/www.skimo.at\/sportler\/files\/2021\/05\/wm-andorra-vertical-motiv-009-bild-maurizio-torri-lr-554x369.jpg 554w, https:\/\/www.skimo.at\/sportler\/files\/2021\/05\/wm-andorra-vertical-motiv-009-bild-maurizio-torri-lr-299x199.jpg 299w, https:\/\/www.skimo.at\/sportler\/files\/2021\/05\/wm-andorra-vertical-motiv-009-bild-maurizio-torri-lr-1224x816.jpg 1224w, https:\/\/www.skimo.at\/sportler\/files\/2021\/05\/wm-andorra-vertical-motiv-009-bild-maurizio-torri-lr-970x646.jpg 970w, https:\/\/www.skimo.at\/sportler\/files\/2021\/05\/wm-andorra-vertical-motiv-009-bild-maurizio-torri-lr-140x93.jpg 140w, https:\/\/www.skimo.at\/sportler\/files\/2021\/05\/wm-andorra-vertical-motiv-009-bild-maurizio-torri-lr.jpg 1799w\" sizes=\"(max-width: 1024px) 100vw, 1024px\" \/><\/a><\/figure><\/li><li class=\"blocks-gallery-item\"><figure><a href=\"https:\/\/www.skimo.at\/sportler\/files\/2021\/05\/wm-andorra-vertical-motiv-012-bild-maurizio-torri-lr.jpg\"><img loading=\"lazy\" width=\"1024\" height=\"682\" src=\"https:\/\/www.skimo.at\/sportler\/files\/2021\/05\/wm-andorra-vertical-motiv-012-bild-maurizio-torri-lr-1024x682.jpg\" alt=\"wm andorra vertical motiv 012 bild maurizio torri lr\" data-id=\"16082\" data-full-url=\"https:\/\/www.skimo.at\/sportler\/files\/2021\/05\/wm-andorra-vertical-motiv-012-bild-maurizio-torri-lr.jpg\" data-link=\"https:\/\/www.skimo.at\/sportler\/?attachment_id=16082\" class=\"wp-image-16082\" srcset=\"https:\/\/www.skimo.at\/sportler\/files\/2021\/05\/wm-andorra-vertical-motiv-012-bild-maurizio-torri-lr-1024x682.jpg 1024w, https:\/\/www.skimo.at\/sportler\/files\/2021\/05\/wm-andorra-vertical-motiv-012-bild-maurizio-torri-lr-300x200.jpg 300w, https:\/\/www.skimo.at\/sportler\/files\/2021\/05\/wm-andorra-vertical-motiv-012-bild-maurizio-torri-lr-768x512.jpg 768w, https:\/\/www.skimo.at\/sportler\/files\/2021\/05\/wm-andorra-vertical-motiv-012-bild-maurizio-torri-lr-746x497.jpg 746w, https:\/\/www.skimo.at\/sportler\/files\/2021\/05\/wm-andorra-vertical-motiv-012-bild-maurizio-torri-lr-618x412.jpg 618w, https:\/\/www.skimo.at\/sportler\/files\/2021\/05\/wm-andorra-vertical-motiv-012-bild-maurizio-torri-lr-554x369.jpg 554w, https:\/\/www.skimo.at\/sportler\/files\/2021\/05\/wm-andorra-vertical-motiv-012-bild-maurizio-torri-lr-299x199.jpg 299w, https:\/\/www.skimo.at\/sportler\/files\/2021\/05\/wm-andorra-vertical-motiv-012-bild-maurizio-torri-lr-1224x816.jpg 1224w, https:\/\/www.skimo.at\/sportler\/files\/2021\/05\/wm-andorra-vertical-motiv-012-bild-maurizio-torri-lr-970x646.jpg 970w, https:\/\/www.skimo.at\/sportler\/files\/2021\/05\/wm-andorra-vertical-motiv-012-bild-maurizio-torri-lr-140x93.jpg 140w, https:\/\/www.skimo.at\/sportler\/files\/2021\/05\/wm-andorra-vertical-motiv-012-bild-maurizio-torri-lr.jpg 1799w\" sizes=\"(max-width: 1024px) 100vw, 1024px\" \/><\/a><\/figure><\/li><li class=\"blocks-gallery-item\"><figure><a href=\"https:\/\/www.skimo.at\/sportler\/files\/2021\/05\/wm-andorra-vertical-motiv-014-bild-maurizio-torri-lr.jpg\"><img loading=\"lazy\" width=\"1024\" height=\"682\" src=\"https:\/\/www.skimo.at\/sportler\/files\/2021\/05\/wm-andorra-vertical-motiv-014-bild-maurizio-torri-lr-1024x682.jpg\" alt=\"wm andorra vertical motiv 014 bild maurizio torri lr\" data-id=\"16083\" data-full-url=\"https:\/\/www.skimo.at\/sportler\/files\/2021\/05\/wm-andorra-vertical-motiv-014-bild-maurizio-torri-lr.jpg\" data-link=\"https:\/\/www.skimo.at\/sportler\/?attachment_id=16083\" class=\"wp-image-16083\" srcset=\"https:\/\/www.skimo.at\/sportler\/files\/2021\/05\/wm-andorra-vertical-motiv-014-bild-maurizio-torri-lr-1024x682.jpg 1024w, https:\/\/www.skimo.at\/sportler\/files\/2021\/05\/wm-andorra-vertical-motiv-014-bild-maurizio-torri-lr-300x200.jpg 300w, https:\/\/www.skimo.at\/sportler\/files\/2021\/05\/wm-andorra-vertical-motiv-014-bild-maurizio-torri-lr-768x512.jpg 768w, https:\/\/www.skimo.at\/sportler\/files\/2021\/05\/wm-andorra-vertical-motiv-014-bild-maurizio-torri-lr-746x497.jpg 746w, https:\/\/www.skimo.at\/sportler\/files\/2021\/05\/wm-andorra-vertical-motiv-014-bild-maurizio-torri-lr-618x412.jpg 618w, https:\/\/www.skimo.at\/sportler\/files\/2021\/05\/wm-andorra-vertical-motiv-014-bild-maurizio-torri-lr-554x369.jpg 554w, https:\/\/www.skimo.at\/sportler\/files\/2021\/05\/wm-andorra-vertical-motiv-014-bild-maurizio-torri-lr-299x199.jpg 299w, https:\/\/www.skimo.at\/sportler\/files\/2021\/05\/wm-andorra-vertical-motiv-014-bild-maurizio-torri-lr-1224x816.jpg 1224w, https:\/\/www.skimo.at\/sportler\/files\/2021\/05\/wm-andorra-vertical-motiv-014-bild-maurizio-torri-lr-970x646.jpg 970w, https:\/\/www.skimo.at\/sportler\/files\/2021\/05\/wm-andorra-vertical-motiv-014-bild-maurizio-torri-lr-140x93.jpg 140w, https:\/\/www.skimo.at\/sportler\/files\/2021\/05\/wm-andorra-vertical-motiv-014-bild-maurizio-torri-lr.jpg 1799w\" sizes=\"(max-width: 1024px) 100vw, 1024px\" \/><\/a><\/figure><\/li><li class=\"blocks-gallery-item\"><figure><a href=\"https:\/\/www.skimo.at\/sportler\/files\/2021\/05\/wm-andorra-vertical-motiv-015-bild-maurizio-torri-lr.jpg\"><img loading=\"lazy\" width=\"1024\" height=\"682\" src=\"https:\/\/www.skimo.at\/sportler\/files\/2021\/05\/wm-andorra-vertical-motiv-015-bild-maurizio-torri-lr-1024x682.jpg\" alt=\"wm andorra vertical motiv 015 bild maurizio torri lr\" data-id=\"16084\" data-full-url=\"https:\/\/www.skimo.at\/sportler\/files\/2021\/05\/wm-andorra-vertical-motiv-015-bild-maurizio-torri-lr.jpg\" data-link=\"https:\/\/www.skimo.at\/sportler\/?attachment_id=16084\" class=\"wp-image-16084\" srcset=\"https:\/\/www.skimo.at\/sportler\/files\/2021\/05\/wm-andorra-vertical-motiv-015-bild-maurizio-torri-lr-1024x682.jpg 1024w, https:\/\/www.skimo.at\/sportler\/files\/2021\/05\/wm-andorra-vertical-motiv-015-bild-maurizio-torri-lr-300x200.jpg 300w, https:\/\/www.skimo.at\/sportler\/files\/2021\/05\/wm-andorra-vertical-motiv-015-bild-maurizio-torri-lr-768x512.jpg 768w, https:\/\/www.skimo.at\/sportler\/files\/2021\/05\/wm-andorra-vertical-motiv-015-bild-maurizio-torri-lr-746x497.jpg 746w, https:\/\/www.skimo.at\/sportler\/files\/2021\/05\/wm-andorra-vertical-motiv-015-bild-maurizio-torri-lr-618x412.jpg 618w, https:\/\/www.skimo.at\/sportler\/files\/2021\/05\/wm-andorra-vertical-motiv-015-bild-maurizio-torri-lr-554x369.jpg 554w, https:\/\/www.skimo.at\/sportler\/files\/2021\/05\/wm-andorra-vertical-motiv-015-bild-maurizio-torri-lr-299x199.jpg 299w, https:\/\/www.skimo.at\/sportler\/files\/2021\/05\/wm-andorra-vertical-motiv-015-bild-maurizio-torri-lr-1224x816.jpg 1224w, https:\/\/www.skimo.at\/sportler\/files\/2021\/05\/wm-andorra-vertical-motiv-015-bild-maurizio-torri-lr-970x646.jpg 970w, https:\/\/www.skimo.at\/sportler\/files\/2021\/05\/wm-andorra-vertical-motiv-015-bild-maurizio-torri-lr-140x93.jpg 140w, https:\/\/www.skimo.at\/sportler\/files\/2021\/05\/wm-andorra-vertical-motiv-015-bild-maurizio-torri-lr.jpg 1799w\" sizes=\"(max-width: 1024px) 100vw, 1024px\" \/><\/a><\/figure><\/li><\/ul><\/figure>\n\n\n\n<h3><strong>Der gro\u00dfe Favorit erf\u00fcllt die Erwartungen und holt die Goldmedaille<\/strong><\/h3>\n\n\n\n<p>Nachdem der 19-j\u00e4hrige K\u00e4rntner&nbsp;<strong>Paul Verbnjak<\/strong>&nbsp;in diesem Winter schon zwei Weltcup Rennen im Vertical gewonnen hatte, lastetet nat\u00fcrlich ein gewisser Druck auf ihm. Umso bemerkenswerter war es zu sehen, wie professionell er mit dieser Situation umgegangen ist. Vom Start weg \u00fcbernahm Paul die F\u00fchrung und baute diese kontinuierlich aus. Doch nach ungef\u00e4hr 400 H\u00f6henmeter bekam er Magenkr\u00e4mpfe und musste ordentlich k\u00e4mpfen, dass er dieses hohe Tempo halten konnte. Der Spanier Albert Perez Angles konnte dadurch etwas aufschlie\u00dfen, aber den Vorsprung von 17 Sekunden brachte Paul ungef\u00e4hrdet ins Ziel.<\/p>\n\n\n\n<blockquote class=\"wp-block-quote\"><p>Paul&#8217;s Erleichterung und Freude kann man seiner pers\u00f6nlichen Aussage entnehmen:&nbsp;<em>\u201eEs ist einfach ein wahnsinnig gutes Gef\u00fchl, wenn das in Erf\u00fcllung geht, f\u00fcr was man so hart in den letzten Jahren gearbeitet hat. Au\u00dferdem hat mich der Sieg vom Nils noch extra angespornt und da musste ich einfach Vollgas geben.\u201c<\/em><\/p><\/blockquote>\n\n\n\n<p>Das Interview mit Paul findet man unter diesem&nbsp;<a href=\"http:\/\/www.skimo.at\/sportler\/18941\/auch-paul-verbnjak-ist-weltmeister\/\" target=\"_blank\" rel=\"noreferrer noopener\">Link<\/a>.<\/p>\n\n\n\n<p>Auch\u00a0<strong>Andreas Mayer<\/strong>, der zweite \u00d6sterreicher in der Altersgruppe U20, war gut unterwegs und erreichte den 10. Platz (+1:54.51). Der deutsche Kollege\u00a0<strong>Franz Eder<\/strong>\u00a0landete auf dem 19. Platz (+6:22.68).<\/p>\n\n\n\n<figure class=\"wp-block-gallery columns-3 is-cropped\"><ul class=\"blocks-gallery-grid\"><li class=\"blocks-gallery-item\"><figure><a href=\"https:\/\/www.skimo.at\/sportler\/files\/2021\/05\/wm-andorra-vertical-motiv-020-bild-maurizio-torri-lr.jpg\"><img loading=\"lazy\" width=\"1024\" height=\"683\" src=\"https:\/\/www.skimo.at\/sportler\/files\/2021\/05\/wm-andorra-vertical-motiv-020-bild-maurizio-torri-lr-1024x683.jpg\" alt=\"wm andorra vertical motiv 020 bild maurizio torri lr\" data-id=\"16085\" data-full-url=\"https:\/\/www.skimo.at\/sportler\/files\/2021\/05\/wm-andorra-vertical-motiv-020-bild-maurizio-torri-lr.jpg\" data-link=\"https:\/\/www.skimo.at\/sportler\/?attachment_id=16085\" class=\"wp-image-16085\" srcset=\"https:\/\/www.skimo.at\/sportler\/files\/2021\/05\/wm-andorra-vertical-motiv-020-bild-maurizio-torri-lr-1024x683.jpg 1024w, https:\/\/www.skimo.at\/sportler\/files\/2021\/05\/wm-andorra-vertical-motiv-020-bild-maurizio-torri-lr-300x200.jpg 300w, https:\/\/www.skimo.at\/sportler\/files\/2021\/05\/wm-andorra-vertical-motiv-020-bild-maurizio-torri-lr-768x512.jpg 768w, https:\/\/www.skimo.at\/sportler\/files\/2021\/05\/wm-andorra-vertical-motiv-020-bild-maurizio-torri-lr-746x497.jpg 746w, https:\/\/www.skimo.at\/sportler\/files\/2021\/05\/wm-andorra-vertical-motiv-020-bild-maurizio-torri-lr-618x412.jpg 618w, https:\/\/www.skimo.at\/sportler\/files\/2021\/05\/wm-andorra-vertical-motiv-020-bild-maurizio-torri-lr-554x370.jpg 554w, https:\/\/www.skimo.at\/sportler\/files\/2021\/05\/wm-andorra-vertical-motiv-020-bild-maurizio-torri-lr-299x199.jpg 299w, https:\/\/www.skimo.at\/sportler\/files\/2021\/05\/wm-andorra-vertical-motiv-020-bild-maurizio-torri-lr-1224x816.jpg 1224w, https:\/\/www.skimo.at\/sportler\/files\/2021\/05\/wm-andorra-vertical-motiv-020-bild-maurizio-torri-lr-970x647.jpg 970w, https:\/\/www.skimo.at\/sportler\/files\/2021\/05\/wm-andorra-vertical-motiv-020-bild-maurizio-torri-lr-139x93.jpg 139w, https:\/\/www.skimo.at\/sportler\/files\/2021\/05\/wm-andorra-vertical-motiv-020-bild-maurizio-torri-lr.jpg 1799w\" sizes=\"(max-width: 1024px) 100vw, 1024px\" \/><\/a><\/figure><\/li><li class=\"blocks-gallery-item\"><figure><a href=\"https:\/\/www.skimo.at\/sportler\/files\/2021\/05\/wm-andorra-vertical-motiv-021-bild-maurizio-torri-lr.jpg\"><img loading=\"lazy\" width=\"1024\" height=\"663\" src=\"https:\/\/www.skimo.at\/sportler\/files\/2021\/05\/wm-andorra-vertical-motiv-021-bild-maurizio-torri-lr-1024x663.jpg\" alt=\"wm andorra vertical motiv 021 bild maurizio torri lr\" data-id=\"16086\" data-full-url=\"https:\/\/www.skimo.at\/sportler\/files\/2021\/05\/wm-andorra-vertical-motiv-021-bild-maurizio-torri-lr.jpg\" data-link=\"https:\/\/www.skimo.at\/sportler\/?attachment_id=16086\" class=\"wp-image-16086\" srcset=\"https:\/\/www.skimo.at\/sportler\/files\/2021\/05\/wm-andorra-vertical-motiv-021-bild-maurizio-torri-lr-1024x663.jpg 1024w, https:\/\/www.skimo.at\/sportler\/files\/2021\/05\/wm-andorra-vertical-motiv-021-bild-maurizio-torri-lr-300x194.jpg 300w, https:\/\/www.skimo.at\/sportler\/files\/2021\/05\/wm-andorra-vertical-motiv-021-bild-maurizio-torri-lr-768x497.jpg 768w, https:\/\/www.skimo.at\/sportler\/files\/2021\/05\/wm-andorra-vertical-motiv-021-bild-maurizio-torri-lr-1224x792.jpg 1224w, https:\/\/www.skimo.at\/sportler\/files\/2021\/05\/wm-andorra-vertical-motiv-021-bild-maurizio-torri-lr-970x628.jpg 970w, https:\/\/www.skimo.at\/sportler\/files\/2021\/05\/wm-andorra-vertical-motiv-021-bild-maurizio-torri-lr-554x358.jpg 554w, https:\/\/www.skimo.at\/sportler\/files\/2021\/05\/wm-andorra-vertical-motiv-021-bild-maurizio-torri-lr-144x93.jpg 144w, https:\/\/www.skimo.at\/sportler\/files\/2021\/05\/wm-andorra-vertical-motiv-021-bild-maurizio-torri-lr.jpg 1799w\" sizes=\"(max-width: 1024px) 100vw, 1024px\" \/><\/a><\/figure><\/li><li class=\"blocks-gallery-item\"><figure><a href=\"https:\/\/www.skimo.at\/sportler\/files\/2021\/05\/wm-andorra-vertical-motiv-026-bild-maurizio-torri-lr.jpg\"><img loading=\"lazy\" width=\"1024\" height=\"683\" src=\"https:\/\/www.skimo.at\/sportler\/files\/2021\/05\/wm-andorra-vertical-motiv-026-bild-maurizio-torri-lr-1024x683.jpg\" alt=\"wm andorra vertical motiv 026 bild maurizio torri lr\" data-id=\"16087\" data-full-url=\"https:\/\/www.skimo.at\/sportler\/files\/2021\/05\/wm-andorra-vertical-motiv-026-bild-maurizio-torri-lr.jpg\" data-link=\"https:\/\/www.skimo.at\/sportler\/?attachment_id=16087\" class=\"wp-image-16087\" srcset=\"https:\/\/www.skimo.at\/sportler\/files\/2021\/05\/wm-andorra-vertical-motiv-026-bild-maurizio-torri-lr-1024x683.jpg 1024w, https:\/\/www.skimo.at\/sportler\/files\/2021\/05\/wm-andorra-vertical-motiv-026-bild-maurizio-torri-lr-300x200.jpg 300w, https:\/\/www.skimo.at\/sportler\/files\/2021\/05\/wm-andorra-vertical-motiv-026-bild-maurizio-torri-lr-768x512.jpg 768w, https:\/\/www.skimo.at\/sportler\/files\/2021\/05\/wm-andorra-vertical-motiv-026-bild-maurizio-torri-lr-746x497.jpg 746w, https:\/\/www.skimo.at\/sportler\/files\/2021\/05\/wm-andorra-vertical-motiv-026-bild-maurizio-torri-lr-618x412.jpg 618w, https:\/\/www.skimo.at\/sportler\/files\/2021\/05\/wm-andorra-vertical-motiv-026-bild-maurizio-torri-lr-554x370.jpg 554w, https:\/\/www.skimo.at\/sportler\/files\/2021\/05\/wm-andorra-vertical-motiv-026-bild-maurizio-torri-lr-299x199.jpg 299w, https:\/\/www.skimo.at\/sportler\/files\/2021\/05\/wm-andorra-vertical-motiv-026-bild-maurizio-torri-lr-1224x816.jpg 1224w, https:\/\/www.skimo.at\/sportler\/files\/2021\/05\/wm-andorra-vertical-motiv-026-bild-maurizio-torri-lr-970x647.jpg 970w, https:\/\/www.skimo.at\/sportler\/files\/2021\/05\/wm-andorra-vertical-motiv-026-bild-maurizio-torri-lr-139x93.jpg 139w, https:\/\/www.skimo.at\/sportler\/files\/2021\/05\/wm-andorra-vertical-motiv-026-bild-maurizio-torri-lr.jpg 1799w\" sizes=\"(max-width: 1024px) 100vw, 1024px\" \/><\/a><\/figure><\/li><\/ul><\/figure>\n\n\n\n<h3>Anton Palzer erk\u00e4mpft sich den Vize-Weltmeistertitel<\/h3>\n\n\n\n<p>Im Hauptbewerb der M\u00e4nner kristallisierte sich relativ bald ein F\u00fchrungstrio heraus. Neben den zwei Schweizern Remi Bonnet und Werner Marti wollte auch der deutsche Top-Athlet&nbsp;<strong>Anton Palzer<\/strong>&nbsp;ein W\u00f6rtchen um den Sieg mitreden. Ab der Mitte des Rennens konnte sich dann aber Remi ein bisschen absetzen und schlussendlich den Sieg einfahren. Dahinter gab es lange ein beherztes Duell zwischen Anton&nbsp;und Werner. Ob es dann die Kraft oder der Wille war spielt keine Rolle &#8211; die Hauptsache ist, dass Anton Palzer den zweiten Platz holte und sich somit zum Vize-Weltmeister im Vertical k\u00fcrte.<\/p>\n\n\n\n<p>F\u00fcr die vier&nbsp;\u00f6sterreichischen Athleten, welche heute im Vertical an den Start gingen,&nbsp;reichte es leider&nbsp;nicht ganz f\u00fcr Top-10 Ergebnisse&nbsp;&#8211; aber die Teamleistung war trotzdem gut. Bester \u00d6sterreicher wurde&nbsp;<strong>Jakob Herrmann<\/strong>&nbsp;auf Platz 13 (+2:07.03) gefolgt von&nbsp;<strong>Daniel Ganahl<\/strong>&nbsp;auf Platz 15 (+2:19.11).&nbsp;<strong>Daniel Zugg<\/strong>&nbsp;(+2:38.47) und&nbsp;<strong>Christian Hoffmann<\/strong>&nbsp;(2:39.11) erreichten die Pl\u00e4tze 20 und 21. Die deutschen Kollegen&nbsp;<strong>Stefan Knopf<\/strong>&nbsp;(+3:26.81) und&nbsp;<strong>David Sambale<\/strong>&nbsp;(4:58.67) landeten auf den Pl\u00e4tzen 24 und 33.<\/p>\n\n\n\n<h3><strong>Eine Chance auf Medaillen ist noch offen<\/strong><\/h3>\n\n\n\n<p>F\u00fcr die \u00f6sterreichischen und deutschen Athlet:innen ist die Weltmeisterschaft aber noch nicht zu Ende. Am Samstag folgt zum Abschluss noch der Individual Bewerb. Hier d\u00fcrfen sich beide Nationalteams nochmal gute Chancen f\u00fcr Top-Ergebnisse ausrechnen. <\/p>\n","protected":false},"excerpt":{"rendered":"<p>Am dritten Renntag bei der Weltmeisterschaft im Skibergsteigen in Andorra holt sich das \u00f6sterreichische Nationalteam gleich zwei Goldmedaillen. Die Nachwuchsathleten Nils Oberauer (U18) und Paul Verbnjak (U20) lieferten heute \u00fcberragende Leistungen im Vertical Bewerb und nehmen jeweils einen verdienten Weltmeistertitel mit nach Hause.&nbsp;Die deutsche Antonia Niedermaier reiht sich ebenfalls als U18 Weltmeisterin ein und Anton [&hellip;]<\/p>\n","protected":false},"author":3,"featured_media":16076,"comment_status":"closed","ping_status":"closed","sticky":false,"template":"","format":"standard","meta":[],"categories":[1,3],"tags":[],"yoast_head":"<!-- This site is optimized with the Yoast SEO plugin v16.3 - https:\/\/yoast.com\/wordpress\/plugins\/seo\/ -->\n<title>Bildbericht zum Vertical Rennen - Edelmetall-Tag - Sportler<\/title>\n<meta name=\"robots\" content=\"index, follow, max-snippet:-1, max-image-preview:large, max-video-preview:-1\" \/>\n<link rel=\"canonical\" href=\"https:\/\/www.skimo.at\/sportler\/16074\/bildbericht-zum-vertical-rennen-edelmetall-tag\/\" \/>\n<meta property=\"og:locale\" content=\"de_DE\" \/>\n<meta property=\"og:type\" content=\"article\" \/>\n<meta property=\"og:title\" content=\"Bildbericht zum Vertical Rennen - Edelmetall-Tag - Sportler\" \/>\n<meta property=\"og:description\" content=\"Am dritten Renntag bei der Weltmeisterschaft im Skibergsteigen in Andorra holt sich das \u00f6sterreichische Nationalteam gleich zwei Goldmedaillen. Die Nachwuchsathleten Nils Oberauer (U18) und Paul Verbnjak (U20) lieferten heute \u00fcberragende Leistungen im Vertical Bewerb und nehmen jeweils einen verdienten Weltmeistertitel mit nach Hause.&nbsp;Die deutsche Antonia Niedermaier reiht sich ebenfalls als U18 Weltmeisterin ein und Anton [&hellip;]\" \/>\n<meta property=\"og:url\" content=\"https:\/\/www.skimo.at\/sportler\/16074\/bildbericht-zum-vertical-rennen-edelmetall-tag\/\" \/>\n<meta property=\"og:site_name\" content=\"Sportler\" \/>\n<meta property=\"article:published_time\" content=\"2021-03-04T10:17:00+00:00\" \/>\n<meta property=\"article:modified_time\" content=\"2021-05-21T10:21:38+00:00\" \/>\n<meta property=\"og:image\" content=\"https:\/\/skimo.73.jarolim.eu\/sportler\/files\/2021\/05\/wm-andorra-vertical-motiv-004-bild-maurizio-torri-lr.jpg\" \/>\n\t<meta property=\"og:image:width\" content=\"1799\" \/>\n\t<meta property=\"og:image:height\" content=\"1200\" \/>\n<meta name=\"twitter:card\" content=\"summary\" \/>\n<meta name=\"twitter:label1\" content=\"Gesch\u00e4tzte Lesezeit\">\n\t<meta name=\"twitter:data1\" content=\"6\u00a0Minuten\">\n<script type=\"application\/ld+json\" class=\"yoast-schema-graph\">{\"@context\":\"https:\/\/schema.org\",\"@graph\":[{\"@type\":\"WebSite\",\"@id\":\"https:\/\/skimo.73.jarolim.eu\/sportler\/#website\",\"url\":\"https:\/\/skimo.73.jarolim.eu\/sportler\/\",\"name\":\"Sportler\",\"description\":\"\",\"potentialAction\":[{\"@type\":\"SearchAction\",\"target\":\"https:\/\/skimo.73.jarolim.eu\/sportler\/?s={search_term_string}\",\"query-input\":\"required name=search_term_string\"}],\"inLanguage\":\"de\"},{\"@type\":\"ImageObject\",\"@id\":\"https:\/\/www.skimo.at\/sportler\/16074\/bildbericht-zum-vertical-rennen-edelmetall-tag\/#primaryimage\",\"inLanguage\":\"de\",\"url\":\"https:\/\/www.skimo.at\/sportler\/files\/2021\/05\/wm-andorra-vertical-motiv-004-bild-maurizio-torri-lr.jpg\",\"contentUrl\":\"https:\/\/www.skimo.at\/sportler\/files\/2021\/05\/wm-andorra-vertical-motiv-004-bild-maurizio-torri-lr.jpg\",\"width\":1799,\"height\":1200,\"caption\":\"wm andorra vertical motiv 004 bild maurizio torri lr\"},{\"@type\":\"WebPage\",\"@id\":\"https:\/\/www.skimo.at\/sportler\/16074\/bildbericht-zum-vertical-rennen-edelmetall-tag\/#webpage\",\"url\":\"https:\/\/www.skimo.at\/sportler\/16074\/bildbericht-zum-vertical-rennen-edelmetall-tag\/\",\"name\":\"Bildbericht zum Vertical Rennen - Edelmetall-Tag - Sportler\",\"isPartOf\":{\"@id\":\"https:\/\/skimo.73.jarolim.eu\/sportler\/#website\"},\"primaryImageOfPage\":{\"@id\":\"https:\/\/www.skimo.at\/sportler\/16074\/bildbericht-zum-vertical-rennen-edelmetall-tag\/#primaryimage\"},\"datePublished\":\"2021-03-04T10:17:00+00:00\",\"dateModified\":\"2021-05-21T10:21:38+00:00\",\"author\":{\"@id\":\"https:\/\/skimo.73.jarolim.eu\/sportler\/#\/schema\/person\/796ecbce6796efca58bf848ca63ec12c\"},\"breadcrumb\":{\"@id\":\"https:\/\/www.skimo.at\/sportler\/16074\/bildbericht-zum-vertical-rennen-edelmetall-tag\/#breadcrumb\"},\"inLanguage\":\"de\",\"potentialAction\":[{\"@type\":\"ReadAction\",\"target\":[\"https:\/\/www.skimo.at\/sportler\/16074\/bildbericht-zum-vertical-rennen-edelmetall-tag\/\"]}]},{\"@type\":\"BreadcrumbList\",\"@id\":\"https:\/\/www.skimo.at\/sportler\/16074\/bildbericht-zum-vertical-rennen-edelmetall-tag\/#breadcrumb\",\"itemListElement\":[{\"@type\":\"ListItem\",\"position\":1,\"item\":{\"@type\":\"WebPage\",\"@id\":\"https:\/\/skimo.73.jarolim.eu\/sportler\/\",\"url\":\"https:\/\/skimo.73.jarolim.eu\/sportler\/\",\"name\":\"Home\"}},{\"@type\":\"ListItem\",\"position\":2,\"item\":{\"@id\":\"https:\/\/www.skimo.at\/sportler\/16074\/bildbericht-zum-vertical-rennen-edelmetall-tag\/#webpage\"}}]},{\"@type\":\"Person\",\"@id\":\"https:\/\/skimo.73.jarolim.eu\/sportler\/#\/schema\/person\/796ecbce6796efca58bf848ca63ec12c\",\"name\":\"kposch\",\"image\":{\"@type\":\"ImageObject\",\"@id\":\"https:\/\/skimo.73.jarolim.eu\/sportler\/#personlogo\",\"inLanguage\":\"de\",\"url\":\"https:\/\/secure.gravatar.com\/avatar\/e9f5f28da60e5e563d3f4d3cc0b9b425?s=96&r=g\",\"contentUrl\":\"https:\/\/secure.gravatar.com\/avatar\/e9f5f28da60e5e563d3f4d3cc0b9b425?s=96&r=g\",\"caption\":\"kposch\"},\"url\":\"https:\/\/www.skimo.at\/sportler\/author\/kposch\/\"}]}<\/script>\n<!-- \/ Yoast SEO plugin. -->","_links":{"self":[{"href":"https:\/\/www.skimo.at\/sportler\/wp-json\/wp\/v2\/posts\/16074"}],"collection":[{"href":"https:\/\/www.skimo.at\/sportler\/wp-json\/wp\/v2\/posts"}],"about":[{"href":"https:\/\/www.skimo.at\/sportler\/wp-json\/wp\/v2\/types\/post"}],"author":[{"embeddable":true,"href":"https:\/\/www.skimo.at\/sportler\/wp-json\/wp\/v2\/users\/3"}],"replies":[{"embeddable":true,"href":"https:\/\/www.skimo.at\/sportler\/wp-json\/wp\/v2\/comments?post=16074"}],"version-history":[{"count":1,"href":"https:\/\/www.skimo.at\/sportler\/wp-json\/wp\/v2\/posts\/16074\/revisions"}],"predecessor-version":[{"id":16088,"href":"https:\/\/www.skimo.at\/sportler\/wp-json\/wp\/v2\/posts\/16074\/revisions\/16088"}],"wp:featuredmedia":[{"embeddable":true,"href":"https:\/\/www.skimo.at\/sportler\/wp-json\/wp\/v2\/media\/16076"}],"wp:attachment":[{"href":"https:\/\/www.skimo.at\/sportler\/wp-json\/wp\/v2\/media?parent=16074"}],"wp:term":[{"taxonomy":"category","embeddable":true,"href":"https:\/\/www.skimo.at\/sportler\/wp-json\/wp\/v2\/categories?post=16074"},{"taxonomy":"post_tag","embeddable":true,"href":"https:\/\/www.skimo.at\/sportler\/wp-json\/wp\/v2\/tags?post=16074"}],"curies":[{"name":"wp","href":"https:\/\/api.w.org\/{rel}","templated":true}]}}