{"id":16070,"date":"2021-03-06T12:14:00","date_gmt":"2021-03-06T10:14:00","guid":{"rendered":"https:\/\/www.skimo.at\/sportler\/?p=16070"},"modified":"2021-05-21T12:17:10","modified_gmt":"2021-05-21T10:17:10","slug":"wm-andorra-live-ticker-individual-race","status":"publish","type":"post","link":"https:\/\/www.skimo.at\/sportler\/16070\/wm-andorra-live-ticker-individual-race\/","title":{"rendered":"WM Andorra &#8211; Live Ticker &#8211; Individual Race"},"content":{"rendered":"\n<p>Der 4te und letzte Renntag der WM in Andorra &#8211; das&nbsp;Individual&nbsp;Race ist der kr\u00f6nende Abschluss der Weltmeisterschaften im Skibergsteigen. Alle aktuellen Infos zum Rennverlauf gibt es in diesem Live Ticker.<\/p>\n\n\n\n<figure class=\"wp-block-image size-large\"><a href=\"https:\/\/www.skimo.at\/sportler\/files\/2021\/05\/image-11.gif\"><img loading=\"lazy\" width=\"1\" height=\"1\" src=\"https:\/\/www.skimo.at\/sportler\/files\/2021\/05\/image-11.gif\" alt=\"image 11\" class=\"wp-image-16071\" title=\"Weiterlesen \u2026\" \/><\/a><figcaption>image 11<\/figcaption><\/figure>\n\n\n\n<p>Im \ud835\udc08\ud835\udc27\ud835\udc1d\ud835\udc22\ud835\udc2f\ud835\udc22\ud835\udc1d\ud835\udc2e\ud835\udc1a\ud835\udc25 \ud835\udc11\ud835\udc1a\ud835\udc1c\ud835\udc1e starten die folgenden \u00f6sterreichischen und deutschen Athlet:innen.<\/p>\n\n\n\n<p>Weiblich:<br>Anna-Maria Michel (DE\/U18W)<br>Antonia Niedermaier (DE\/U18W)<br>Sophia We\u00dfling (DE\/U18W)<br>Lisa Rettensteiner (AT\/U20W)<\/p>\n\n\n\n<p>M\u00e4nnlich:<br>Johannes Lohfeyer (AT\/U18M)<br>Julian Tritscher (AT\/U18M)<br>Nils Oberauer (AT\/U18M)<br>Finn H\u00f6sch (DE\/U18M)<br>Paul Verbnjak (AT\/U20M)<br>Andreas Mayer (AT\/U20M)<br>Franz Eder (DE\/U20M)<br>Anton Palzer (DE\/SeniorM)<br>Daniel Ganahl (AT\/Senior)<br>Daniel Zugg (AT\/SeniorM)<br>Jakob Hermann (AT\/SeniorM)<br>David Sambale (DE\/Senior-U23M)<br>Stefan Knopf (DE\/SeniorM)<br>Christian Hoffmann (AT\/SeniorM)<\/p>\n\n\n\n<p><br><strong>Startzeiten und Programm<\/strong><br>09:30 Uhr = Start U18M<br>09:45 Uhr = Start U20W<br>10:00 Uhr = Start U18W<br>11:30 Uhr = Start SeniorM<br>11:40 Uhr = Start U20M<br>11:50 Uhr = Start SeniorW<\/p>\n\n\n\n<figure class=\"wp-block-image\"><a href=\"http:\/\/www.skimo.at\/sportler\/files\/2021\/03\/2021-03-06_WM-Andorra_Individual_05_Screenshot-Briefing.jpeg\"><img src=\"http:\/\/www.skimo.at\/sportler\/files\/2021\/03\/2021-03-06_WM-Andorra_Individual_05_Screenshot-Briefing-300x169.jpeg\" alt=\"2021 03 06 WM Andorra Individual 05 Screenshot Briefing\" class=\"wp-image-19059\" title=\"2021 03 06 WM Andorra Individual 05 Screenshot Briefing\" \/><\/a><\/figure>\n\n\n\n<p><br><strong>Streckendaten<\/strong><\/p>\n\n\n\n<p>U18W\/M und U20W: +\/- 820m&nbsp;\ud83d\udc47<\/p>\n\n\n\n<figure class=\"wp-block-image\"><a href=\"http:\/\/www.skimo.at\/sportler\/files\/2021\/03\/2021-03-06_WM-Andorra_Individual_06_Screenshot-Briefing.jpeg\"><img src=\"http:\/\/www.skimo.at\/sportler\/files\/2021\/03\/2021-03-06_WM-Andorra_Individual_06_Screenshot-Briefing-300x170.jpeg\" alt=\"2021 03 06 WM Andorra Individual 06 Screenshot Briefing\" class=\"wp-image-19061\" title=\"2021 03 06 WM Andorra Individual 06 Screenshot Briefing\" \/><\/a><\/figure>\n\n\n\n<figure class=\"wp-block-image\"><a href=\"http:\/\/www.skimo.at\/sportler\/files\/2021\/03\/2021-03-06_WM-Andorra_Individual_09_Screenshot-Briefing.jpeg\"><img src=\"http:\/\/www.skimo.at\/sportler\/files\/2021\/03\/2021-03-06_WM-Andorra_Individual_09_Screenshot-Briefing-300x166.jpeg\" alt=\"2021 03 06 WM Andorra Individual 09 Screenshot Briefing\" class=\"wp-image-19065\" title=\"2021 03 06 WM Andorra Individual 09 Screenshot Briefing\" \/><\/a><\/figure>\n\n\n\n<p>U20M und Senior WOMEN: +\/- 990m&nbsp;\ud83d\udc47<\/p>\n\n\n\n<figure class=\"wp-block-image\"><a href=\"http:\/\/www.skimo.at\/sportler\/files\/2021\/03\/2021-03-06_WM-Andorra_Individual_07_Screenshot-Briefing.jpeg\"><img src=\"http:\/\/www.skimo.at\/sportler\/files\/2021\/03\/2021-03-06_WM-Andorra_Individual_07_Screenshot-Briefing-300x181.jpeg\" alt=\"2021 03 06 WM Andorra Individual 07 Screenshot Briefing\" class=\"wp-image-19062\" title=\"2021 03 06 WM Andorra Individual 07 Screenshot Briefing\" \/><\/a><\/figure>\n\n\n\n<figure class=\"wp-block-image\"><a href=\"http:\/\/www.skimo.at\/sportler\/files\/2021\/03\/2021-03-06_WM-Andorra_Individual_12_Screenshot-Briefing.jpeg\"><img src=\"http:\/\/www.skimo.at\/sportler\/files\/2021\/03\/2021-03-06_WM-Andorra_Individual_12_Screenshot-Briefing-300x140.jpeg\" alt=\"2021 03 06 WM Andorra Individual 12 Screenshot Briefing\" class=\"wp-image-19069\" title=\"2021 03 06 WM Andorra Individual 12 Screenshot Briefing\" \/><\/a><\/figure>\n\n\n\n<p>Senior MEN: +\/- 1.580m&nbsp;\ud83d\udc47<\/p>\n\n\n\n<figure class=\"wp-block-image\"><a href=\"http:\/\/www.skimo.at\/sportler\/files\/2021\/03\/2021-03-06_WM-Andorra_Individual_08_Screenshot-Briefing.jpeg\"><img src=\"http:\/\/www.skimo.at\/sportler\/files\/2021\/03\/2021-03-06_WM-Andorra_Individual_08_Screenshot-Briefing-300x189.jpeg\" alt=\"2021 03 06 WM Andorra Individual 08 Screenshot Briefing\" class=\"wp-image-19063\" title=\"2021 03 06 WM Andorra Individual 08 Screenshot Briefing\" \/><\/a><\/figure>\n\n\n\n<figure class=\"wp-block-image\"><a href=\"http:\/\/www.skimo.at\/sportler\/files\/2021\/03\/2021-03-06_WM-Andorra_Individual_13_Screenshot-Briefing.jpeg\"><img src=\"http:\/\/www.skimo.at\/sportler\/files\/2021\/03\/2021-03-06_WM-Andorra_Individual_13_Screenshot-Briefing-300x111.jpeg\" alt=\"2021 03 06 WM Andorra Individual 13 Screenshot Briefing\" class=\"wp-image-19070\" title=\"2021 03 06 WM Andorra Individual 13 Screenshot Briefing\" \/><\/a><\/figure>\n\n\n\n<p class=\"has-text-align-center\" style=\"font-size:30px\"><strong>LIVE-TICKER<\/strong><\/p>\n\n\n\n<p>(alle Angaben ohne Gew\u00e4hr)<\/p>\n\n\n\n<p><strong>08:15 Uhr:<\/strong>&nbsp;Das Rennstart wurde um 30 Minuten nach hinten geschoben. Es geht somit um 9:30 Uhr los &#8230; die Daten im Vorspann sind schon aktuell \ud83d\ude09<\/p>\n\n\n\n<p><strong>8:55 Uhr:<\/strong>&nbsp;Trotz der etwas m\u00e4\u00dfigen Wetterbedingungen sind die jungen Wilden gut drauf.<\/p>\n\n\n\n<figure class=\"wp-block-image\"><a href=\"http:\/\/www.skimo.at\/sportler\/files\/2021\/03\/2021-03-06_WM-Andorra_Individual_10_Hermann-Gruber.jpeg\"><img src=\"http:\/\/www.skimo.at\/sportler\/files\/2021\/03\/2021-03-06_WM-Andorra_Individual_10_Hermann-Gruber-300x135.jpeg\" alt=\"2021 03 06 WM Andorra Individual 10 Hermann Gruber\" class=\"wp-image-19067\" title=\"2021 03 06 WM Andorra Individual 10 Hermann Gruber\" \/><\/a><\/figure>\n\n\n\n<p><strong>9:07 Uhr:<\/strong>&nbsp;Die Athleten machen sich auf zum Startbereich.<\/p>\n\n\n\n<figure class=\"wp-block-image\"><a href=\"http:\/\/www.skimo.at\/sportler\/files\/2021\/03\/2021-03-06_WM-Andorra_Individual_11_Hermann-Gruber.jpeg\"><img src=\"http:\/\/www.skimo.at\/sportler\/files\/2021\/03\/2021-03-06_WM-Andorra_Individual_11_Hermann-Gruber-300x169.jpeg\" alt=\"2021 03 06 WM Andorra Individual 11 Hermann Gruber\" class=\"wp-image-19073\" title=\"2021 03 06 WM Andorra Individual 11 Hermann Gruber\" \/><\/a><\/figure>\n\n\n\n<p><strong>9:24 Uhr:<\/strong>&nbsp;Die Athleten f\u00fcr den Bewerb U18M haben bereits die Startaufstellung eingenommen.&nbsp;Wir dr\u00fccken Johannes Lohfeyer (AT),&nbsp;Julian Tritscher (AT), Nils Oberauer (AT) und&nbsp;Finn H\u00f6sch (DE) die Daumen&nbsp;\ud83e\udd1e.&nbsp;PS: Da sind zwei frische gebackene Weltmeister aus \u00d6sterreich im Starterfeld &#8230; das klingt schon sehr cool&nbsp;\ud83d\ude09<\/p>\n\n\n\n<figure class=\"wp-block-image\"><a href=\"http:\/\/www.skimo.at\/sportler\/files\/2021\/03\/2021-03-06_WM-Andorra_Individual_14_Hermann-Gruber.jpeg\"><img src=\"http:\/\/www.skimo.at\/sportler\/files\/2021\/03\/2021-03-06_WM-Andorra_Individual_14_Hermann-Gruber-300x135.jpeg\" alt=\"2021 03 06 WM Andorra Individual 14 Hermann Gruber\" class=\"wp-image-19083\" title=\"2021 03 06 WM Andorra Individual 14 Hermann Gruber\" \/><\/a><\/figure>\n\n\n\n<p><strong>9:27 Uhr:<\/strong>&nbsp;Aufgrund der schlechten Wetterbedingungen haben sich die Veranstalter heute morgen entschlossen, den urspr\u00fcnglich geplanten&nbsp;Individualkurs&nbsp;zu verwerfen. Um es f\u00fcr alle Beteiligten so sicher wie m\u00f6glich zu machen, wird nur auf einer Strecke in einem Rundkurs gelaufen.&nbsp;Die&nbsp;M\u00e4nner im Hauptbewerb laufen die Schleife zweimal. Bei den anderen zwei Strecken ist der Verlauf&nbsp;altersgruppenspezifisch angepasst und es wird nur eine Schleife gelaufen.<\/p>\n\n\n\n<p><strong>9:31 Uhr:<\/strong>&nbsp;Der erste Bewerb des Tages ist gestartet. Die Altersgruppe U18M ist auf der Strecke.<\/p>\n\n\n\n<p><strong>9:46 Uhr:<\/strong>&nbsp;Auch der zweite Bewerb ist gestartet. Die M\u00e4dls U20W sind losgesprintet. Die \u00d6sterreicherin Lisa Rettensteiner ist ebefalls im Feld der Teilnehmerinnen &#8230; go Lisa go!<\/p>\n\n\n\n<figure class=\"wp-block-image\"><a href=\"http:\/\/www.skimo.at\/sportler\/files\/2021\/03\/2021-03-06_WM-Andorra_Individual_15_Josef-Gruber.jpeg\"><img src=\"http:\/\/www.skimo.at\/sportler\/files\/2021\/03\/2021-03-06_WM-Andorra_Individual_15_Josef-Gruber-300x169.jpeg\" alt=\"2021 03 06 WM Andorra Individual 15 Josef Gruber\" class=\"wp-image-19091\" title=\"2021 03 06 WM Andorra Individual 15 Josef Gruber\" \/><\/a><\/figure>\n\n\n\n<figure class=\"wp-block-image\"><a href=\"http:\/\/www.skimo.at\/sportler\/files\/2021\/03\/2021-03-06_WM-Andorra_Individual_16_Josef-Gruber.jpeg\"><img src=\"http:\/\/www.skimo.at\/sportler\/files\/2021\/03\/2021-03-06_WM-Andorra_Individual_16_Josef-Gruber-300x169.jpeg\" alt=\"2021 03 06 WM Andorra Individual 16 Josef Gruber\" class=\"wp-image-19094\" title=\"2021 03 06 WM Andorra Individual 16 Josef Gruber\" \/><\/a><\/figure>\n\n\n\n<p><strong>9:58 Uhr:<\/strong>&nbsp;Der U18M Bewerb l\u00e4uft seit knapp einer halben Stunde. Die Athleten nehmen die erste lange Abfahrt in Angriff. Aktuell liegt der Deutsche Finn H\u00f6sch auf Platz 11.<\/p>\n\n\n\n<p><strong>9:59 Uhr:<\/strong>&nbsp;Die n\u00e4chste Altersgruppe hat Aufstellung bezogen. Der Bewerb U18W startet in K\u00fcrze. Die drei deutschen Athletinnen&nbsp;Anna-Maria Michel,&nbsp;Antonia Niedermaier und&nbsp;Sophia We\u00dfling wollen heute um die Medaillen mitmischen.&nbsp;PS: Und mit Antonia Niedermaier ist auch in diesem Starterinnenfeld eine frische gebackene Weltmeisterin (Vertical) &#8230; das k\u00f6nnte befl\u00fcgeln&nbsp;\ud83d\udc4f<\/p>\n\n\n\n<figure class=\"wp-block-image\"><a href=\"http:\/\/www.skimo.at\/sportler\/files\/2021\/03\/2021-03-06_WM-Andorra_Individual_17_Josef-Gruber.jpeg\"><img src=\"http:\/\/www.skimo.at\/sportler\/files\/2021\/03\/2021-03-06_WM-Andorra_Individual_17_Josef-Gruber-300x135.jpeg\" alt=\"2021 03 06 WM Andorra Individual 17 Josef Gruber\" class=\"wp-image-19099\" title=\"2021 03 06 WM Andorra Individual 17 Josef Gruber\" \/><\/a><\/figure>\n\n\n\n<p><strong>10:12 Uhr:<\/strong>&nbsp;Der U18M Bewerb l\u00e4uft seit knapp einer dreiviertel Stunde. Die Top 3 erwarten wir in ungef\u00e4hr 5 Minuten im Ziel.<\/p>\n\n\n\n<p><strong>10:17 Uhr:<\/strong>&nbsp;Wir haben eine Bronzemedaille &#8211; Nils Oberauer erreicht den 3. Platz&nbsp;\ud83d\udc4f\ud83d\udc4f\ud83d\udc4f. Den U18M Bewerb gewinnt der Schweizer Jeremy Muriset vor seinem Landsmann Jon Kistler.<\/p>\n\n\n\n<figure class=\"wp-block-image\"><a href=\"http:\/\/www.skimo.at\/sportler\/files\/2021\/03\/2021-03-06_WM-Andorra_Individual_18_Josef-Gruber.jpeg\"><img src=\"http:\/\/www.skimo.at\/sportler\/files\/2021\/03\/2021-03-06_WM-Andorra_Individual_18_Josef-Gruber-169x300.jpeg\" alt=\"2021 03 06 WM Andorra Individual 18 Josef Gruber\" class=\"wp-image-19107\" title=\"2021 03 06 WM Andorra Individual 18 Josef Gruber\" \/><\/a><\/figure>\n\n\n\n<p><strong>10:24:<\/strong>&nbsp;Weitere Platzierungen der deutschen und \u00f6sterreichischen Athleten: Platz 6 Julian Tritscher (AT) und Platz 11 Finn H\u00f6sch (DE). Der Salzburger Johannes Lohfeyer musste wegen Schwindelgef\u00fchlen das Rennen abbrechen.<\/p>\n\n\n\n<p><strong>10:34:<\/strong>\u00a0Die zwei top-platzierten \u00d6sterreicher Nils Oberauer und Julian Tritscher freuen sich \u00fcber das tolle Team-Ergebnis.<\/p>\n\n\n\n<p><strong>10:52 Uhr:<\/strong>&nbsp;Antonia Niedermaier ist Doppel-Weltmeisterin \ud83e\udd47\ud83e\udd47. Die deutsche Nachwuchsathletin gewinnt nach dem Vertical auch das Invividual Race &#8230; mit einem Vorsprung von \u00fcber einer Minute! Herzlichen Gl\u00fcckwunsch&nbsp;\ud83d\udc4f\ud83d\udc4f\ud83d\udc4f. Die anderen Medaillen holen sich \ud83e\udd48 Louise Trincaz aus Frankreich und \ud83e\udd49 Manuela Pedrana aus Italien.<\/p>\n\n\n\n<p><strong>10:59 Uhr:<\/strong>&nbsp;Auch der Bewerb U20 WOMEN ist entschieden. Weltmeisterin wird die Italienerin Samantha Bertolina. Auch sie holt sich ihren zweiten WM Titel in Andorra. Silber geht an ihre Landsfrau Lisa Moreschini und die Bronzemedaille darf sich die Schweizerin Caroline Ulrich umh\u00e4ngen. Auch&nbsp;<strong>Lisa Rettensteiner<\/strong>&nbsp;aus \u00d6sterreich ist ein gutes&nbsp;Rennen gelaufen und reiht sich schlussendlich auf Platz 9 ein.<\/p>\n\n\n\n<p><strong>11:05 Uhr:<\/strong>&nbsp;Es gibt zwei weitere&nbsp;Top-10&nbsp;Ergebnisse der deutschen Athletinnen in der Altersgruppe U18&nbsp;&#8211; Anna-Maria Michel erreicht Platz 9 und Sophia We\u00dfling Platz 10.<\/p>\n\n\n\n<p><strong>11:28 Uhr:<\/strong>&nbsp;Die Spannung f\u00fcr den Hauptbewerb steigt. In wenigen Augenblicken werden die MEN Senior vom Start gelassen &#8230;<\/p>\n\n\n\n<p><strong>11:33 Uhr:<\/strong>&nbsp;Der Bewerb MEN Senior ist gestartet. Die ersten Minuten sind gelaufen und das Teilnehmerfeld ist noch sehr kompakt beisammen.<\/p>\n\n\n\n<figure class=\"wp-block-image\"><a href=\"http:\/\/www.skimo.at\/sportler\/files\/2021\/03\/2021-03-06_WM-Andorra_Individual_23_Josef-Gruber.jpeg\"><img src=\"http:\/\/www.skimo.at\/sportler\/files\/2021\/03\/2021-03-06_WM-Andorra_Individual_23_Josef-Gruber-300x123.jpeg\" alt=\"2021 03 06 WM Andorra Individual 23 Josef Gruber\" class=\"wp-image-19134\" title=\"2021 03 06 WM Andorra Individual 23 Josef Gruber\" \/><\/a><\/figure>\n\n\n\n<p><strong>11:41 Uhr:<\/strong>&nbsp;Ein&nbsp;7-k\u00f6pfiges&nbsp;AT\/DE-Team k\u00e4mpft um die Top-Ergebnisse. Allen voran nat\u00fcrlich Anton Palzer (DE), der heute angeblich sein letztes Rennen l\u00e4uft, wird nochmal ordentlich Gas geben. Seine deutschen Team-Kollegen Stefan Knopf und David Sambale k\u00f6nnen ihn vielleicht ein bisschen pushen.&nbsp; Auch die \u00f6sterreichischen Athleten Jakob Hermann und Christian Hoffmann sind voll motiviert. Leider sind die zwei Daniels &#8211; Daniel Zugg und Daniel Ganahl &#8211; nicht an den Start gegangen.<\/p>\n\n\n\n<figure class=\"wp-block-image\"><a href=\"http:\/\/www.skimo.at\/sportler\/files\/2021\/03\/2021-03-06_WM-Andorra_Individual_22_Josef-Gruber.jpeg\"><img src=\"http:\/\/www.skimo.at\/sportler\/files\/2021\/03\/2021-03-06_WM-Andorra_Individual_22_Josef-Gruber-300x169.jpeg\" alt=\"2021 03 06 WM Andorra Individual 22 Josef Gruber\" class=\"wp-image-19136\" title=\"2021 03 06 WM Andorra Individual 22 Josef Gruber\" \/><\/a><\/figure>\n\n\n\n<p><strong>11:52 Uhr:<\/strong>&nbsp;Mittlerweile sind auch die zwei letzten Bewerbe gestartet.&nbsp;Auf der Strecke sind jetzt die&nbsp;WOMEN Senior, ohne \u00f6sterreichische oder deutsche Beteiligung. Auch der Bewerb U20 MEN ist am laufen und hier d\u00fcrfen wir auf Top-Ergebnisse hoffen. Neben dem Vertical-Weltmeister Paul Verbnjak (AT) sind noch Andreas Mayer (AT) und Franz Eder (DE)&nbsp;im Rennen.<\/p>\n\n\n\n<figure class=\"wp-block-image\"><a href=\"http:\/\/www.skimo.at\/sportler\/files\/2021\/03\/2021-03-06_WM-Andorra_Individual_25_Josef-Gruber.jpeg\"><img src=\"http:\/\/www.skimo.at\/sportler\/files\/2021\/03\/2021-03-06_WM-Andorra_Individual_25_Josef-Gruber-300x169.jpeg\" alt=\"2021 03 06 WM Andorra Individual 25 Josef Gruber\" class=\"wp-image-19146\" title=\"2021 03 06 WM Andorra Individual 25 Josef Gruber\" \/><\/a><\/figure>\n\n\n\n<p><strong>12:19 Uhr:<\/strong>&nbsp;Die Technical Zone ist bereit f\u00fcr die f\u00fchrenden L\u00e4ufer im Hauptbewerb. Sie m\u00fcssen ja die Schleife ein zweites Mal laufen, d.h. hier bekommen wir hoffentlich eine Zwischenzeit bzw. einen Zwischenstand.<\/p>\n\n\n\n<figure class=\"wp-block-image\"><a href=\"http:\/\/www.skimo.at\/sportler\/files\/2021\/03\/2021-03-06_WM-Andorra_Individual_24_Hermann-Gruber.jpeg\"><img src=\"http:\/\/www.skimo.at\/sportler\/files\/2021\/03\/2021-03-06_WM-Andorra_Individual_24_Hermann-Gruber-300x135.jpeg\" alt=\"2021 03 06 WM Andorra Individual 24 Hermann Gruber\" class=\"wp-image-19139\" title=\"2021 03 06 WM Andorra Individual 24 Hermann Gruber\" \/><\/a><\/figure>\n\n\n\n<p><strong>12:29 Uhr:<\/strong>&nbsp;Endlich Zwischenst\u00e4nde f\u00fcr uns und f\u00fcr euch &#8230; im Hauptbewerb der M\u00e4nner ist Anton Palzer aktuell auf Platz 7 &#8211; er liegt ungef\u00e4hr 1 Minute hinter dem F\u00fchrenden. Die weiteren Platzierungen der \u00d6sterreicher: Jakob Hermann auf Platz 13, dicht gefolgt von Christian Hoffmann auf Platz 14. Bei den deutschen Kollegen liegt Stefan Knopf auf Rang 15 und David Sambale auf Rang 20.<\/p>\n\n\n\n<p><strong>12:31 Uhr:<\/strong>&nbsp;BREAKING NEWS: Paul Verbnjak ist auch heute in Topform. Aktuell liegt er mit ungef\u00e4hr 50 SEekunden Vorsprung auf Platz 1 in der Altersgruppe U20. Wir dr\u00fccken ihm ganz fest die Daumen, dass er das ins Ziel bringt.<\/p>\n\n\n\n<p><strong>12:49 Uhr:<\/strong>&nbsp;Ein paar Impressionen vom herausfordernden &#8222;Nebelrennen&#8220; in Andorra &#8211; Jakob Hermann (AT), Anton Palzer (DE) und Paul Verbnjak (AT) &#8230;<\/p>\n\n\n\n<figure class=\"wp-block-image\"><a href=\"http:\/\/www.skimo.at\/sportler\/files\/2021\/03\/2021-03-06_WM-Andorra_Individual_27_Maurizio-Torri.jpeg\"><img src=\"http:\/\/www.skimo.at\/sportler\/files\/2021\/03\/2021-03-06_WM-Andorra_Individual_27_Maurizio-Torri-300x200.jpeg\" alt=\"2021 03 06 WM Andorra Individual 27 Maurizio Torri\" class=\"wp-image-19148\" title=\"2021 03 06 WM Andorra Individual 27 Maurizio Torri\" \/><\/a><\/figure>\n\n\n\n<figure class=\"wp-block-image\"><a href=\"http:\/\/www.skimo.at\/sportler\/files\/2021\/03\/2021-03-06_WM-Andorra_Individual_28_Maurizio-Torri.jpeg\"><img src=\"http:\/\/www.skimo.at\/sportler\/files\/2021\/03\/2021-03-06_WM-Andorra_Individual_28_Maurizio-Torri-300x200.jpeg\" alt=\"2021 03 06 WM Andorra Individual 28 Maurizio Torri\" class=\"wp-image-19149\" title=\"2021 03 06 WM Andorra Individual 28 Maurizio Torri\" \/><\/a><\/figure>\n\n\n\n<figure class=\"wp-block-image\"><a href=\"http:\/\/www.skimo.at\/sportler\/files\/2021\/03\/2021-03-06_WM-Andorra_Individual_30_Maurizio-Torri.jpeg\"><img src=\"http:\/\/www.skimo.at\/sportler\/files\/2021\/03\/2021-03-06_WM-Andorra_Individual_30_Maurizio-Torri-300x200.jpeg\" alt=\"2021 03 06 WM Andorra Individual 30 Maurizio Torri\" class=\"wp-image-19150\" title=\"2021 03 06 WM Andorra Individual 30 Maurizio Torri\" \/><\/a><\/figure>\n\n\n\n<p><strong>12:54 Uhr:<\/strong>&nbsp;Das Rennen der MEN Senior ist entschieden &#8211; ein Dreifachsieg von Italien. Matteo Eydallin wird Weltmeister und seine Landsm\u00e4nner Robert Antonioli und Davide Magnini holen sich die silberne bzw. bronzene Medaille. Anton Palzer erreicht mit dem 7. Platz ein Top-Ergebnis in diesem Individual Rennen. Auch Jakob Herrmann kommt noch als &#8222;letzter&#8220; unter die Top-10! Die restlichen DE-\/AT-Athleten k\u00f6nnen sich alle unter die Top-20 platzieren. Stefan Knopf (DE) erreicht den 14. Platz, Christian Hoffmann (AT) wird 15ter und David Sambale reicht sich als 20ter ein.<\/p>\n\n\n\n<figure class=\"wp-block-image\"><a href=\"http:\/\/www.skimo.at\/sportler\/files\/2021\/03\/2021-03-06_WM-Andorra_Individual_31_Josef-Gruber.jpeg\"><img src=\"http:\/\/www.skimo.at\/sportler\/files\/2021\/03\/2021-03-06_WM-Andorra_Individual_31_Josef-Gruber-300x169.jpeg\" alt=\"2021 03 06 WM Andorra Individual 31 Josef Gruber\" class=\"wp-image-19152\" title=\"2021 03 06 WM Andorra Individual 31 Josef Gruber\" \/><\/a><\/figure>\n\n\n\n<figure class=\"wp-block-image\"><a href=\"http:\/\/www.skimo.at\/sportler\/files\/2021\/03\/2021-03-06_WM-Andorra_Individual_33_Josef-Gruber.jpeg\"><img src=\"http:\/\/www.skimo.at\/sportler\/files\/2021\/03\/2021-03-06_WM-Andorra_Individual_33_Josef-Gruber-300x169.jpeg\" alt=\"2021 03 06 WM Andorra Individual 33 Josef Gruber\" class=\"wp-image-19158\" title=\"2021 03 06 WM Andorra Individual 33 Josef Gruber\" \/><\/a><\/figure>\n\n\n\n<p><strong>13:03 Uhr:<\/strong>&nbsp;Und jetzt ist es offiziell &#8211; der junge K\u00e4rntner Paul Verbnjak holt sich den U20 Weltmeistertitel im Individual Race in beeindruckender Manier \ud83d\udc4f\ud83d\udc4f\ud83d\udc4f<\/p>\n\n\n\n<figure class=\"wp-block-image\"><a href=\"http:\/\/www.skimo.at\/sportler\/files\/2021\/03\/2021-03-06_WM-Andorra_Individual_32_Josef-Gruber.jpeg\"><img src=\"http:\/\/www.skimo.at\/sportler\/files\/2021\/03\/2021-03-06_WM-Andorra_Individual_32_Josef-Gruber-e1615032375328-169x300.jpeg\" alt=\"2021 03 06 WM Andorra Individual 32 Josef Gruber\" class=\"wp-image-19156\" title=\"2021 03 06 WM Andorra Individual 32 Josef Gruber\" \/><\/a><\/figure>\n\n\n\n<p><strong>13:15 Uhr:<\/strong>&nbsp;Mit einem R\u00fcckstand von knapp 1:10 folgt der Schweizer Leo Besson auf Platz 2 und er Italiener Matteo Sostizzo auf Platz 3 in der Altersgruppe U20. Der \u00d6sterreicher Andreas Mayer erreicht mit dem 8. Platz eine Top-Platzierung und der deutsche Kollege Franz Eder reiht sich auf Platz 20 ein.<\/p>\n\n\n\n<p><strong>13:24 Uhr:<\/strong>&nbsp;Die rudiment\u00e4ren Ergebnislisten &#8230;<\/p>\n\n\n\n<p>U18 WOMEN<\/p>\n\n\n\n<figure class=\"wp-block-image\"><a href=\"http:\/\/www.skimo.at\/sportler\/files\/2021\/03\/2021-03-06_WM-Andorra_Individual_36_Tom-B%C3%B6sl.jpeg\"><img src=\"http:\/\/www.skimo.at\/sportler\/files\/2021\/03\/2021-03-06_WM-Andorra_Individual_36_Tom-B%C3%B6sl-225x300.jpeg\" alt=\"2021 03 06 WM Andorra Individual 36 Tom B\u00f6sl\" class=\"wp-image-19167\" title=\"2021 03 06 WM Andorra Individual 36 Tom B\u00f6sl\" \/><\/a><\/figure>\n\n\n\n<p>U18 MEN<\/p>\n\n\n\n<figure class=\"wp-block-image\"><a href=\"http:\/\/www.skimo.at\/sportler\/files\/2021\/03\/2021-03-06_WM-Andorra_Individual_34_Tom-B%C3%B6sl.jpeg\"><img src=\"http:\/\/www.skimo.at\/sportler\/files\/2021\/03\/2021-03-06_WM-Andorra_Individual_34_Tom-B%C3%B6sl-225x300.jpeg\" alt=\"2021 03 06 WM Andorra Individual 34 Tom B\u00f6sl\" class=\"wp-image-19164\" title=\"2021 03 06 WM Andorra Individual 34 Tom B\u00f6sl\" \/><\/a><\/figure>\n\n\n\n<p>U20 WOMEN<\/p>\n\n\n\n<figure class=\"wp-block-image\"><a href=\"http:\/\/www.skimo.at\/sportler\/files\/2021\/03\/2021-03-06_WM-Andorra_Individual_35_Tom-B%C3%B6sl.jpeg\"><img src=\"http:\/\/www.skimo.at\/sportler\/files\/2021\/03\/2021-03-06_WM-Andorra_Individual_35_Tom-B%C3%B6sl-225x300.jpeg\" alt=\"2021 03 06 WM Andorra Individual 35 Tom B\u00f6sl\" class=\"wp-image-19166\" title=\"2021 03 06 WM Andorra Individual 35 Tom B\u00f6sl\" \/><\/a><\/figure>\n\n\n\n<p>U20 MEN<\/p>\n\n\n\n<figure class=\"wp-block-image\"><a href=\"http:\/\/www.skimo.at\/sportler\/files\/2021\/03\/2021-03-06_WM-Andorra_Individual_39_Tom-B%C3%B6sl.jpeg\"><img src=\"http:\/\/www.skimo.at\/sportler\/files\/2021\/03\/2021-03-06_WM-Andorra_Individual_39_Tom-B%C3%B6sl-225x300.jpeg\" alt=\"2021 03 06 WM Andorra Individual 39 Tom B\u00f6sl\" class=\"wp-image-19174\" title=\"2021 03 06 WM Andorra Individual 39 Tom B\u00f6sl\" \/><\/a><\/figure>\n\n\n\n<p>MEN Senior<\/p>\n\n\n\n<figure class=\"wp-block-image\"><a href=\"http:\/\/www.skimo.at\/sportler\/files\/2021\/03\/2021-03-06_WM-Andorra_Individual_37_Tom-B%C3%B6sl.jpeg\"><img src=\"http:\/\/www.skimo.at\/sportler\/files\/2021\/03\/2021-03-06_WM-Andorra_Individual_37_Tom-B%C3%B6sl-225x300.jpeg\" alt=\"2021 03 06 WM Andorra Individual 37 Tom B\u00f6sl\" class=\"wp-image-19170\" title=\"2021 03 06 WM Andorra Individual 37 Tom B\u00f6sl\" \/><\/a><\/figure>\n\n\n\n<figure class=\"wp-block-image\"><a href=\"http:\/\/www.skimo.at\/sportler\/files\/2021\/03\/2021-03-06_WM-Andorra_Individual_38_Tom-B%C3%B6sl.jpeg\"><img src=\"http:\/\/www.skimo.at\/sportler\/files\/2021\/03\/2021-03-06_WM-Andorra_Individual_38_Tom-B%C3%B6sl-225x300.jpeg\" alt=\"2021 03 06 WM Andorra Individual 38 Tom B\u00f6sl\" class=\"wp-image-19171\" title=\"2021 03 06 WM Andorra Individual 38 Tom B\u00f6sl\" \/><\/a><\/figure>\n\n\n\n<p><strong>Das war wieder ein\u00a0erfolgreicher WM Tag f\u00fcr \u00d6sterreich und Deutschland mit zwei \ud83e\udd47Goldmedaillen und einer \ud83e\udd49Bronzemedaille!\u00a0<\/strong>Die Live-Berichterstattung von der WM in Andorra ist somit zu Ende\u00a0&#8211; vielen Dank f\u00fcrs Dabeisein\u00a0\ud83d\ude4f<\/p>\n\n\n\n<h3><strong>ZUSAMMENFASSUNG DER ERGEBNISSE:<\/strong><\/h3>\n\n\n\n<p><strong>U18 WOMEN<\/strong><br>\ud83e\udd47&nbsp;<strong>Antonia Niedermaier (DE) \/ 50:26.6<\/strong><br>\ud83e\udd48 Louise Trincaz (FR)&nbsp;\/ 51:41.3<br>\ud83e\udd49 Manuela Pedrana (IT) \/ 53:42.9<\/p>\n\n\n\n<p><strong>U18 MEN<\/strong><br>\ud83e\udd47 Jeremy Muriset (CH) \/ 42.54.7<br>\ud83e\udd48 Jon Kistler (CH) \/ 42.54.9<br>\ud83e\udd49<strong>&nbsp;Nils Oberauer (AT) \/ 42.58.7<\/strong><\/p>\n\n\n\n<p><strong>U20 WOMEN<\/strong><br>\ud83e\udd47 Samantha Bertolina (IT) \/ 59:32.0<br>\ud83e\udd48 Lisa Moreschini (IT) \/ 01:00:14.2<br>\ud83e\udd49 Caroline Ulrich (CH) \/ 01:02:07.0<\/p>\n\n\n\n<p><strong>U20 MEN<\/strong><br>\ud83e\udd47<strong>&nbsp;Paul Verbnjak (AT) \/ 1:19:22.5<\/strong><br>\ud83e\udd48 L\u00e9o Besson (CH) \/ 01:20:31.6<br>\ud83e\udd49 Matteo Sostizzo (IT) \/ 01:20:48.5<\/p>\n\n\n\n<p><strong>WOMEN U23<\/strong><br>\ud83e\udd47 Giulia Murada (IT) \/ 01:30:56.7<br>\ud83e\udd48 Giorgia Felicetti (IT) \/ 01:42:04.1<br>\ud83e\udd49 Marie Pollet-Villard (FR) \/ 01:46:15.2<\/p>\n\n\n\n<p><strong>MEN U23<\/strong><br>\ud83e\udd47&nbsp;Sebastien Guichardaz (IT) \/ 1:17:47.5<br><strong>\ud83e\udd48&nbsp;David Sambale&nbsp;(DE) \/ 01:19:58.7<\/strong><br>\ud83e\udd49 Julien Ancay (CH) \/ 01:20:24.1<\/p>\n\n\n\n<p><strong>WOMEN Senior<\/strong><br>\ud83e\udd47 Axelle Gachet-Mollaret (FR) \/ 01:26:36.0<br>\ud83e\udd48 Tove Alexandersson (SE) \/ 01:27:34.2<br>\ud83e\udd49 Ala de Silvestro (IT) \/ 01:30:18.9<\/p>\n\n\n\n<p><strong>MEN Senior<\/strong><br>\ud83e\udd47 Matteo Eydallin (IT) \/ 01:14:21.4<br>\ud83e\udd48 Robert Antonioli (IT) \/ 01:14:22.2<br>\ud83e\udd49 Davide Magnini (IT) \/ 01:15:11.0<\/p>\n","protected":false},"excerpt":{"rendered":"<p>Der 4te und letzte Renntag der WM in Andorra &#8211; das&nbsp;Individual&nbsp;Race ist der kr\u00f6nende Abschluss der Weltmeisterschaften im Skibergsteigen. Alle aktuellen Infos zum Rennverlauf gibt es in diesem Live Ticker. Im \ud835\udc08\ud835\udc27\ud835\udc1d\ud835\udc22\ud835\udc2f\ud835\udc22\ud835\udc1d\ud835\udc2e\ud835\udc1a\ud835\udc25 \ud835\udc11\ud835\udc1a\ud835\udc1c\ud835\udc1e starten die folgenden \u00f6sterreichischen und deutschen Athlet:innen. Weiblich:Anna-Maria Michel (DE\/U18W)Antonia Niedermaier (DE\/U18W)Sophia We\u00dfling (DE\/U18W)Lisa Rettensteiner (AT\/U20W) M\u00e4nnlich:Johannes Lohfeyer (AT\/U18M)Julian Tritscher (AT\/U18M)Nils Oberauer [&hellip;]<\/p>\n","protected":false},"author":41,"featured_media":16072,"comment_status":"closed","ping_status":"closed","sticky":false,"template":"","format":"standard","meta":[],"categories":[1,3],"tags":[],"yoast_head":"<!-- This site is optimized with the Yoast SEO plugin v16.3 - https:\/\/yoast.com\/wordpress\/plugins\/seo\/ -->\n<title>WM Andorra - Live Ticker - Individual Race - Sportler<\/title>\n<meta name=\"robots\" content=\"index, follow, max-snippet:-1, max-image-preview:large, max-video-preview:-1\" \/>\n<link rel=\"canonical\" href=\"https:\/\/www.skimo.at\/sportler\/16070\/wm-andorra-live-ticker-individual-race\/\" \/>\n<meta property=\"og:locale\" content=\"de_DE\" \/>\n<meta property=\"og:type\" content=\"article\" \/>\n<meta property=\"og:title\" content=\"WM Andorra - Live Ticker - Individual Race - Sportler\" \/>\n<meta property=\"og:description\" content=\"Der 4te und letzte Renntag der WM in Andorra &#8211; das&nbsp;Individual&nbsp;Race ist der kr\u00f6nende Abschluss der Weltmeisterschaften im Skibergsteigen. Alle aktuellen Infos zum Rennverlauf gibt es in diesem Live Ticker. Im \ud835\udc08\ud835\udc27\ud835\udc1d\ud835\udc22\ud835\udc2f\ud835\udc22\ud835\udc1d\ud835\udc2e\ud835\udc1a\ud835\udc25 \ud835\udc11\ud835\udc1a\ud835\udc1c\ud835\udc1e starten die folgenden \u00f6sterreichischen und deutschen Athlet:innen. Weiblich:Anna-Maria Michel (DE\/U18W)Antonia Niedermaier (DE\/U18W)Sophia We\u00dfling (DE\/U18W)Lisa Rettensteiner (AT\/U20W) M\u00e4nnlich:Johannes Lohfeyer (AT\/U18M)Julian Tritscher (AT\/U18M)Nils Oberauer [&hellip;]\" \/>\n<meta property=\"og:url\" content=\"https:\/\/www.skimo.at\/sportler\/16070\/wm-andorra-live-ticker-individual-race\/\" \/>\n<meta property=\"og:site_name\" content=\"Sportler\" \/>\n<meta property=\"article:published_time\" content=\"2021-03-06T10:14:00+00:00\" \/>\n<meta property=\"article:modified_time\" content=\"2021-05-21T10:17:10+00:00\" \/>\n<meta property=\"og:image\" content=\"https:\/\/skimo.73.jarolim.eu\/sportler\/files\/2021\/05\/2021-03-06-wm-andorra-individual-00-screenshot-briefing.jpeg\" \/>\n\t<meta property=\"og:image:width\" content=\"1191\" \/>\n\t<meta property=\"og:image:height\" content=\"570\" \/>\n<meta name=\"twitter:card\" content=\"summary\" \/>\n<meta name=\"twitter:label1\" content=\"Gesch\u00e4tzte Lesezeit\">\n\t<meta name=\"twitter:data1\" content=\"12\u00a0Minuten\">\n<script type=\"application\/ld+json\" class=\"yoast-schema-graph\">{\"@context\":\"https:\/\/schema.org\",\"@graph\":[{\"@type\":\"WebSite\",\"@id\":\"https:\/\/skimo.73.jarolim.eu\/sportler\/#website\",\"url\":\"https:\/\/skimo.73.jarolim.eu\/sportler\/\",\"name\":\"Sportler\",\"description\":\"\",\"potentialAction\":[{\"@type\":\"SearchAction\",\"target\":\"https:\/\/skimo.73.jarolim.eu\/sportler\/?s={search_term_string}\",\"query-input\":\"required name=search_term_string\"}],\"inLanguage\":\"de\"},{\"@type\":\"ImageObject\",\"@id\":\"https:\/\/www.skimo.at\/sportler\/16070\/wm-andorra-live-ticker-individual-race\/#primaryimage\",\"inLanguage\":\"de\",\"url\":\"https:\/\/www.skimo.at\/sportler\/files\/2021\/05\/2021-03-06-wm-andorra-individual-00-screenshot-briefing.jpeg\",\"contentUrl\":\"https:\/\/www.skimo.at\/sportler\/files\/2021\/05\/2021-03-06-wm-andorra-individual-00-screenshot-briefing.jpeg\",\"width\":1191,\"height\":570,\"caption\":\"2021 03 06 wm andorra individual 00 screenshot briefing\"},{\"@type\":\"WebPage\",\"@id\":\"https:\/\/www.skimo.at\/sportler\/16070\/wm-andorra-live-ticker-individual-race\/#webpage\",\"url\":\"https:\/\/www.skimo.at\/sportler\/16070\/wm-andorra-live-ticker-individual-race\/\",\"name\":\"WM Andorra - Live Ticker - Individual Race - Sportler\",\"isPartOf\":{\"@id\":\"https:\/\/skimo.73.jarolim.eu\/sportler\/#website\"},\"primaryImageOfPage\":{\"@id\":\"https:\/\/www.skimo.at\/sportler\/16070\/wm-andorra-live-ticker-individual-race\/#primaryimage\"},\"datePublished\":\"2021-03-06T10:14:00+00:00\",\"dateModified\":\"2021-05-21T10:17:10+00:00\",\"author\":{\"@id\":\"https:\/\/skimo.73.jarolim.eu\/sportler\/#\/schema\/person\/717b36784b32a41919147406f78a1afc\"},\"breadcrumb\":{\"@id\":\"https:\/\/www.skimo.at\/sportler\/16070\/wm-andorra-live-ticker-individual-race\/#breadcrumb\"},\"inLanguage\":\"de\",\"potentialAction\":[{\"@type\":\"ReadAction\",\"target\":[\"https:\/\/www.skimo.at\/sportler\/16070\/wm-andorra-live-ticker-individual-race\/\"]}]},{\"@type\":\"BreadcrumbList\",\"@id\":\"https:\/\/www.skimo.at\/sportler\/16070\/wm-andorra-live-ticker-individual-race\/#breadcrumb\",\"itemListElement\":[{\"@type\":\"ListItem\",\"position\":1,\"item\":{\"@type\":\"WebPage\",\"@id\":\"https:\/\/skimo.73.jarolim.eu\/sportler\/\",\"url\":\"https:\/\/skimo.73.jarolim.eu\/sportler\/\",\"name\":\"Home\"}},{\"@type\":\"ListItem\",\"position\":2,\"item\":{\"@id\":\"https:\/\/www.skimo.at\/sportler\/16070\/wm-andorra-live-ticker-individual-race\/#webpage\"}}]},{\"@type\":\"Person\",\"@id\":\"https:\/\/skimo.73.jarolim.eu\/sportler\/#\/schema\/person\/717b36784b32a41919147406f78a1afc\",\"name\":\"enovak\",\"image\":{\"@type\":\"ImageObject\",\"@id\":\"https:\/\/skimo.73.jarolim.eu\/sportler\/#personlogo\",\"inLanguage\":\"de\",\"url\":\"https:\/\/secure.gravatar.com\/avatar\/ef9d382920cc0211fc6af535d16a5b4a?s=96&r=g\",\"contentUrl\":\"https:\/\/secure.gravatar.com\/avatar\/ef9d382920cc0211fc6af535d16a5b4a?s=96&r=g\",\"caption\":\"enovak\"},\"url\":\"https:\/\/www.skimo.at\/sportler\/author\/enovak\/\"}]}<\/script>\n<!-- \/ Yoast SEO plugin. -->","_links":{"self":[{"href":"https:\/\/www.skimo.at\/sportler\/wp-json\/wp\/v2\/posts\/16070"}],"collection":[{"href":"https:\/\/www.skimo.at\/sportler\/wp-json\/wp\/v2\/posts"}],"about":[{"href":"https:\/\/www.skimo.at\/sportler\/wp-json\/wp\/v2\/types\/post"}],"author":[{"embeddable":true,"href":"https:\/\/www.skimo.at\/sportler\/wp-json\/wp\/v2\/users\/41"}],"replies":[{"embeddable":true,"href":"https:\/\/www.skimo.at\/sportler\/wp-json\/wp\/v2\/comments?post=16070"}],"version-history":[{"count":1,"href":"https:\/\/www.skimo.at\/sportler\/wp-json\/wp\/v2\/posts\/16070\/revisions"}],"predecessor-version":[{"id":16073,"href":"https:\/\/www.skimo.at\/sportler\/wp-json\/wp\/v2\/posts\/16070\/revisions\/16073"}],"wp:featuredmedia":[{"embeddable":true,"href":"https:\/\/www.skimo.at\/sportler\/wp-json\/wp\/v2\/media\/16072"}],"wp:attachment":[{"href":"https:\/\/www.skimo.at\/sportler\/wp-json\/wp\/v2\/media?parent=16070"}],"wp:term":[{"taxonomy":"category","embeddable":true,"href":"https:\/\/www.skimo.at\/sportler\/wp-json\/wp\/v2\/categories?post=16070"},{"taxonomy":"post_tag","embeddable":true,"href":"https:\/\/www.skimo.at\/sportler\/wp-json\/wp\/v2\/tags?post=16070"}],"curies":[{"name":"wp","href":"https:\/\/api.w.org\/{rel}","templated":true}]}}