{"id":1595,"date":"2014-01-18T16:06:49","date_gmt":"2014-01-18T14:06:49","guid":{"rendered":"http:\/\/www.skimo.at\/sportler\/?p=1595"},"modified":"2021-01-05T18:33:26","modified_gmt":"2021-01-05T16:33:26","slug":"weltcup-verbier-sui-tag-2-individualrennen","status":"publish","type":"post","link":"https:\/\/www.skimo.at\/sportler\/1595\/weltcup-verbier-sui-tag-2-individualrennen\/","title":{"rendered":"Update mit ARD Mitschnitt! Weltcup Verbier (SUI) Tag 2 \u2013 Individualrennen &#8211; 2 x Top 10 f\u00fcr \u00d6sterreich"},"content":{"rendered":"<p>Der erste Bewerb des ISMF Skibergsteiger Weltcups 2014 stand heute am Programm. Das Individualrennen heute war von den Schweizern bestens vorbereitet worden. Die \u00e4u\u00dferen Bedingungen waren OK, das Wetter hatte sich von gestern auf heute gebessert. 30 cm Pulver, relativ gute Sicht und nur in den Gratbereichen st\u00e4rkerer Wind warteten auf unsere drei Athleten Ina Forchthammer, Martin Wei\u00dfkopf und Philipp Brugger. Insgesamt standen rund 500 Starter beim alpinen Rennen am Start, denn im Bewerb wurde auch eine Wertung des Swisscup ausgetragen.<\/p>\n<p>Das Rennen der Herren mit Wei\u00dfkopf und Brugger wurde um 9:00 Uhr gestartet. Der Start war vielleicht heute das einzige, was nicht gut funktionierte: er war zu eng, zu wenig gestaffelt. Dem entsprechend kam es gleich beim Start zu wilden Gerangeln, au\u00dfer dem Deutschen Toni Palzer verlor auch Martin Wei\u00dfkopf einen Ski, jemand hatte ihm die Bindung aufgetreten. Philipp Brugger kam am Start perfekt weg, er konnte sich gleich um Platz 3 \u2013 5 bei den Espoirs einreihen. Zu schaffen machte beiden Athleten \u2013 und vermutlich nicht nur den \u00d6sterreichern &#8211; allerdings die ersten 150 H\u00f6henmeter, die sehr steil auf einer Skipiste aufw\u00e4rts f\u00fchrten.<br \/>\nEndlich in der Spur kam Wei\u00dfkopf aber nicht so richtig in Schwung, fand nach dem verpatzten Start seinen Rhythmus nicht und war schon nach 30 Minuten etwa 7 Minuten auf den F\u00fchrenden Kilian Jornet zur\u00fcckgefallen. Brugger dagegen spielte seine k\u00f6rperlichen St\u00e4rken aus, konnte immer vor Wei\u00dfkopf bleiben. Auf den Graten blies ziemlich der Wind, die Abfahrten dagegen waren perfekt durch den frischen Schnee. Wei\u00dfkopf fand immer besser ins Rennen, f\u00fcr Brugger schwand allerdings das Gl\u00fcck: Probleme mit dem Schuh und ein kapitaler Sturz kosteten wertvolle Zeit und vor allem Selbstvertrauen. Am Ende konnte Wei\u00dfkopf mit einem R\u00fcckstand von nur 10 Minuten auf Kilian Jornet (1:32:15) mit 1:42:03 die Ziellinie als 22. \u00fcberfahren.<\/p>\n<blockquote><p>\u00a0\u201eEs war ein gut angelegtes Rennen, aber die Spur war f\u00fcr einen Weltcup brutal steil. Den ersten Teil des Rennens muss ich leider abhaken, ich bin nicht in Fahrt gekommen. Aber zum Schluss ist es super gelaufen\u2026die Anlaufschwierigkeiten \u00e4rgern mich aber sehr. Mit dem Ergebnis bin ich nicht ganz zufrieden, denn da ist noch was drin.\u201c<\/p>\n<p>Martin Weisskopf<\/p><\/blockquote>\n<p>Philipp Brugger war am Ende mit einer Zeit von 1:49:41 auf Platz 8 (R\u00fcckstand 9:38 Minuten auf Klassensieger Toni Palzer) zu finden. Er beendete das Rennen tapfer trotz einer leichten Verletzung am Unterschenkel, die er sich beim Sturz zuzog.<\/p>\n<blockquote><p>\u201eSuper ist es gelaufen in der ersten H\u00e4lfte, Platz 4 war absolut in Reichweite. Der Sturz hat mich aus dem Konzept gebracht, und ich musste leider gegen Schluss einige Konkurrenten ziehen lassen. Aber ich bin zufrieden, denn k\u00f6rperlich hat\u2018s voll gepasst.\u201c<\/p>\n<p>Philipp Brugger<\/p><\/blockquote>\n<p>Ina Forchthammer startete 20 Minuten sp\u00e4ter als die Herren. Auf einer ungew\u00f6hnlich langen Strecke f\u00fcr Junioren kam auch Ina nicht richtig ins Rennen. Eine ihrer gr\u00f6\u00dften Qualit\u00e4ten spielte Ina aber gnadenlos aus: ihre F\u00e4higkeit sich zu qu\u00e4len. Obwohl sie sp\u00fcrte, dass nichts ging und ihr das Tempo zu hoch war, lief sie auf Hochtouren hinter den F\u00fchrenden nach. Die Streckenl\u00e4nge forderte dann aber leider ihren Tribut: v\u00f6llig blau musste sie auf der letzten Abfahrt abstellen und verlor nochmals massiv Zeit. Mit 1:47:08 belegte sie am Ende zwar Platz 9, der R\u00fcckstand auf die Siegerin Alba De Silvestro (ITA, 1:27:05) war jedoch enorm.<\/p>\n<blockquote><p>\u201eSchade, sehr schade. Ich konnte das Tempo einfach nicht mitgehen, und auf der letzten Abfahrt war ich v\u00f6llig leer, musste aufpassen, dass ich nicht noch st\u00fcrze. Den gro\u00dfen R\u00fcckstand habe ich auf dieser letzten Abfahrt aufgerissen, ich war total fertig.\u201c<\/p>\n<p>Alba De Silvestro<\/p><\/blockquote>\n<p>Morgen folgt mit dem Vertical-Bewerb der 2. und letzte Wettkampf dieses ersten Weltcup-Stopps. Wir berichten wieder laufend auf der Facebook-Seite des ASKIMO.<\/p>\n<p><strong>Update 19.1.2014 16:30 Uhr:<\/strong><br \/>\nAuch ARD \u00fcbertr\u00e4gt mittlerweile den Skibergsteiger Weltcup. Warum das mit dem Tourengehen in \u00d6 noch immer so reibt und quietscht&#8230;naja. Hier ist jedenfalls der Link zum Bericht vom 19.1.2014 vom Individualbewerb im Weltcup, super gemacht:<br \/>\nhttp:\/\/www.youtube.com\/watch?v=X1oQLRo1KyQ&#038;feature=youtu.be<\/p>\n","protected":false},"excerpt":{"rendered":"<p>Der erste Bewerb des ISMF Skibergsteiger Weltcups 2014 stand heute am Programm. Das Individualrennen heute war von den Schweizern bestens vorbereitet worden. Die \u00e4u\u00dferen Bedingungen waren OK, das Wetter hatte sich von gestern auf heute gebessert. 30 cm Pulver, relativ gute Sicht und nur in den Gratbereichen st\u00e4rkerer Wind warteten auf unsere drei Athleten Ina [&hellip;]<\/p>\n","protected":false},"author":3,"featured_media":1640,"comment_status":"closed","ping_status":"closed","sticky":false,"template":"","format":"standard","meta":[],"categories":[1,11,9,3,7],"tags":[],"yoast_head":"<!-- This site is optimized with the Yoast SEO plugin v16.3 - https:\/\/yoast.com\/wordpress\/plugins\/seo\/ -->\n<title>Update mit ARD Mitschnitt! Weltcup Verbier (SUI) Tag 2 \u2013 Individualrennen - 2 x Top 10 f\u00fcr \u00d6sterreich - Sportler<\/title>\n<meta name=\"robots\" content=\"index, follow, max-snippet:-1, max-image-preview:large, max-video-preview:-1\" \/>\n<link rel=\"canonical\" href=\"https:\/\/www.skimo.at\/sportler\/1595\/weltcup-verbier-sui-tag-2-individualrennen\/\" \/>\n<meta property=\"og:locale\" content=\"de_DE\" \/>\n<meta property=\"og:type\" content=\"article\" \/>\n<meta property=\"og:title\" content=\"Update mit ARD Mitschnitt! Weltcup Verbier (SUI) Tag 2 \u2013 Individualrennen - 2 x Top 10 f\u00fcr \u00d6sterreich - Sportler\" \/>\n<meta property=\"og:description\" content=\"Der erste Bewerb des ISMF Skibergsteiger Weltcups 2014 stand heute am Programm. Das Individualrennen heute war von den Schweizern bestens vorbereitet worden. Die \u00e4u\u00dferen Bedingungen waren OK, das Wetter hatte sich von gestern auf heute gebessert. 30 cm Pulver, relativ gute Sicht und nur in den Gratbereichen st\u00e4rkerer Wind warteten auf unsere drei Athleten Ina [&hellip;]\" \/>\n<meta property=\"og:url\" content=\"https:\/\/www.skimo.at\/sportler\/1595\/weltcup-verbier-sui-tag-2-individualrennen\/\" \/>\n<meta property=\"og:site_name\" content=\"Sportler\" \/>\n<meta property=\"article:published_time\" content=\"2014-01-18T14:06:49+00:00\" \/>\n<meta property=\"article:modified_time\" content=\"2021-01-05T16:33:26+00:00\" \/>\n<meta property=\"og:image\" content=\"https:\/\/skimo.73.jarolim.eu\/sportler\/files\/2014\/01\/WC-Verbier-Individual-Philip-Brugger-16-foto-werbegams.at-LR.jpg\" \/>\n\t<meta property=\"og:image:width\" content=\"1800\" \/>\n\t<meta property=\"og:image:height\" content=\"1200\" \/>\n<meta name=\"twitter:card\" content=\"summary\" \/>\n<meta name=\"twitter:label1\" content=\"Gesch\u00e4tzte Lesezeit\">\n\t<meta name=\"twitter:data1\" content=\"3\u00a0Minuten\">\n<script type=\"application\/ld+json\" class=\"yoast-schema-graph\">{\"@context\":\"https:\/\/schema.org\",\"@graph\":[{\"@type\":\"WebSite\",\"@id\":\"https:\/\/skimo.73.jarolim.eu\/sportler\/#website\",\"url\":\"https:\/\/skimo.73.jarolim.eu\/sportler\/\",\"name\":\"Sportler\",\"description\":\"\",\"potentialAction\":[{\"@type\":\"SearchAction\",\"target\":\"https:\/\/skimo.73.jarolim.eu\/sportler\/?s={search_term_string}\",\"query-input\":\"required name=search_term_string\"}],\"inLanguage\":\"de\"},{\"@type\":\"ImageObject\",\"@id\":\"https:\/\/www.skimo.at\/sportler\/1595\/weltcup-verbier-sui-tag-2-individualrennen\/#primaryimage\",\"inLanguage\":\"de\",\"url\":\"https:\/\/www.skimo.at\/sportler\/files\/2014\/01\/WC-Verbier-Individual-Philip-Brugger-16-foto-werbegams.at-LR.jpg\",\"contentUrl\":\"https:\/\/www.skimo.at\/sportler\/files\/2014\/01\/WC-Verbier-Individual-Philip-Brugger-16-foto-werbegams.at-LR.jpg\",\"width\":1800,\"height\":1200},{\"@type\":\"WebPage\",\"@id\":\"https:\/\/www.skimo.at\/sportler\/1595\/weltcup-verbier-sui-tag-2-individualrennen\/#webpage\",\"url\":\"https:\/\/www.skimo.at\/sportler\/1595\/weltcup-verbier-sui-tag-2-individualrennen\/\",\"name\":\"Update mit ARD Mitschnitt! Weltcup Verbier (SUI) Tag 2 \\u2013 Individualrennen - 2 x Top 10 f\\u00fcr \\u00d6sterreich - Sportler\",\"isPartOf\":{\"@id\":\"https:\/\/skimo.73.jarolim.eu\/sportler\/#website\"},\"primaryImageOfPage\":{\"@id\":\"https:\/\/www.skimo.at\/sportler\/1595\/weltcup-verbier-sui-tag-2-individualrennen\/#primaryimage\"},\"datePublished\":\"2014-01-18T14:06:49+00:00\",\"dateModified\":\"2021-01-05T16:33:26+00:00\",\"author\":{\"@id\":\"https:\/\/skimo.73.jarolim.eu\/sportler\/#\/schema\/person\/796ecbce6796efca58bf848ca63ec12c\"},\"breadcrumb\":{\"@id\":\"https:\/\/www.skimo.at\/sportler\/1595\/weltcup-verbier-sui-tag-2-individualrennen\/#breadcrumb\"},\"inLanguage\":\"de\",\"potentialAction\":[{\"@type\":\"ReadAction\",\"target\":[\"https:\/\/www.skimo.at\/sportler\/1595\/weltcup-verbier-sui-tag-2-individualrennen\/\"]}]},{\"@type\":\"BreadcrumbList\",\"@id\":\"https:\/\/www.skimo.at\/sportler\/1595\/weltcup-verbier-sui-tag-2-individualrennen\/#breadcrumb\",\"itemListElement\":[{\"@type\":\"ListItem\",\"position\":1,\"item\":{\"@type\":\"WebPage\",\"@id\":\"https:\/\/skimo.73.jarolim.eu\/sportler\/\",\"url\":\"https:\/\/skimo.73.jarolim.eu\/sportler\/\",\"name\":\"Home\"}},{\"@type\":\"ListItem\",\"position\":2,\"item\":{\"@id\":\"https:\/\/www.skimo.at\/sportler\/1595\/weltcup-verbier-sui-tag-2-individualrennen\/#webpage\"}}]},{\"@type\":\"Person\",\"@id\":\"https:\/\/skimo.73.jarolim.eu\/sportler\/#\/schema\/person\/796ecbce6796efca58bf848ca63ec12c\",\"name\":\"kposch\",\"image\":{\"@type\":\"ImageObject\",\"@id\":\"https:\/\/skimo.73.jarolim.eu\/sportler\/#personlogo\",\"inLanguage\":\"de\",\"url\":\"https:\/\/secure.gravatar.com\/avatar\/e9f5f28da60e5e563d3f4d3cc0b9b425?s=96&r=g\",\"contentUrl\":\"https:\/\/secure.gravatar.com\/avatar\/e9f5f28da60e5e563d3f4d3cc0b9b425?s=96&r=g\",\"caption\":\"kposch\"},\"url\":\"https:\/\/www.skimo.at\/sportler\/author\/kposch\/\"}]}<\/script>\n<!-- \/ Yoast SEO plugin. -->","_links":{"self":[{"href":"https:\/\/www.skimo.at\/sportler\/wp-json\/wp\/v2\/posts\/1595"}],"collection":[{"href":"https:\/\/www.skimo.at\/sportler\/wp-json\/wp\/v2\/posts"}],"about":[{"href":"https:\/\/www.skimo.at\/sportler\/wp-json\/wp\/v2\/types\/post"}],"author":[{"embeddable":true,"href":"https:\/\/www.skimo.at\/sportler\/wp-json\/wp\/v2\/users\/3"}],"replies":[{"embeddable":true,"href":"https:\/\/www.skimo.at\/sportler\/wp-json\/wp\/v2\/comments?post=1595"}],"version-history":[{"count":5,"href":"https:\/\/www.skimo.at\/sportler\/wp-json\/wp\/v2\/posts\/1595\/revisions"}],"predecessor-version":[{"id":15609,"href":"https:\/\/www.skimo.at\/sportler\/wp-json\/wp\/v2\/posts\/1595\/revisions\/15609"}],"wp:featuredmedia":[{"embeddable":true,"href":"https:\/\/www.skimo.at\/sportler\/wp-json\/wp\/v2\/media\/1640"}],"wp:attachment":[{"href":"https:\/\/www.skimo.at\/sportler\/wp-json\/wp\/v2\/media?parent=1595"}],"wp:term":[{"taxonomy":"category","embeddable":true,"href":"https:\/\/www.skimo.at\/sportler\/wp-json\/wp\/v2\/categories?post=1595"},{"taxonomy":"post_tag","embeddable":true,"href":"https:\/\/www.skimo.at\/sportler\/wp-json\/wp\/v2\/tags?post=1595"}],"curies":[{"name":"wp","href":"https:\/\/api.w.org\/{rel}","templated":true}]}}