{"id":15924,"date":"2021-03-25T12:16:00","date_gmt":"2021-03-25T10:16:00","guid":{"rendered":"https:\/\/www.skimo.at\/sportler\/?p=15924"},"modified":"2021-05-19T14:20:58","modified_gmt":"2021-05-19T12:20:58","slug":"live-ticker-vom-sprint-in-madonna-di-campiglio","status":"publish","type":"post","link":"https:\/\/www.skimo.at\/sportler\/15924\/live-ticker-vom-sprint-in-madonna-di-campiglio\/","title":{"rendered":"LIVE-TICKER vom Sprint in Madonna di Campiglio"},"content":{"rendered":"\n<p>Der 1te Renntag beim ISMF Weltcup Finale in Madonna di Campiglio ist angebrochen &#8211; der SPRINT ist der erste von drei Wettbewerben, der dieses Wochenende \u00fcber die B\u00fchne geht. Alle aktuellen Infos zum Rennverlauf gibt es in diesem LIVE-TICKER.<\/p>\n\n\n\n<p>Im \ud835\udc12\ud835\udc29\ud835\udc2b\ud835\udc22\ud835\udc27\ud835\udc2d \ud835\udc11\ud835\udc1a\ud835\udc1c\ud835\udc1e starten die folgenden \u00f6sterreichischen und deutschen AthletInnen.<\/p>\n\n\n\n<p>Weiblich:<br>Jacqueline Brandl (DE\/SeniorW)<br>Tatjana Paller (DE\/SeniorW)<\/p>\n\n\n\n<p>M\u00e4nnlich:<br>Julian Tritscher (AT\/U18M)<br>Paul Verbnjak (AT\/U20M)<br>Andreas Mayer (AT\/U20M)<br>Daniel Ganahl (AT\/SeniorM)<br>Daniel Zugg (AT\/SeniorM)<br>Stefan Knopf (DE\/SeniorM)<br><br><strong>Startzeiten und Programm<\/strong><br>08:45 Uhr = Qualifikation U20M<br>09:00 Uhr = Qualifikation U20W<br>09:30 Uhr = Finale U20W<br>09:40 Uhr = Finale U20M<br>10:15 Uhr = Qualifikation SeniorW<br>10:30 Uhr = Qualifikation SeniorM<br>12:15 Uhr = Finale SeniorW<br>12:25 Uhr = Finale SeinorM<\/p>\n\n\n\n<p class=\"has-text-align-center\" style=\"font-size:30px\"><strong>LIVE-TICKER<\/strong><\/p>\n\n\n\n<p>(alle Angaben ohne Gew\u00e4hr)<\/p>\n\n\n\n<p><strong>08:17 Uhr:<\/strong>&nbsp;Die &#8222;jungen&#8220; Athleten sind schon auf der Strecke f\u00fcr Besichtigung und Training &#8230; die Motivation steht ihnen ins Gesicht geschrieben &#8211; sehr gut!<\/p>\n\n\n\n<figure class=\"wp-block-image\"><a href=\"http:\/\/www.skimo.at\/sportler\/files\/2021\/03\/2021-03-25_WC-Madonna_Sprint_04_Bild_Nils-Lang.jpeg\"><img src=\"http:\/\/www.skimo.at\/sportler\/files\/2021\/03\/2021-03-25_WC-Madonna_Sprint_04_Bild_Nils-Lang-300x225.jpeg\" alt=\"2021 03 25 WC Madonna Sprint 04 Bild Nils Lang\" class=\"wp-image-19424\" title=\"2021 03 25 WC Madonna Sprint 04 Bild Nils Lang\" \/><\/a><\/figure>\n\n\n\n<figure class=\"wp-block-image\"><a href=\"http:\/\/www.skimo.at\/sportler\/files\/2021\/03\/2021-03-25_WC-Madonna_Sprint_05_Bild_Nils-Lang.jpeg\"><img src=\"http:\/\/www.skimo.at\/sportler\/files\/2021\/03\/2021-03-25_WC-Madonna_Sprint_05_Bild_Nils-Lang-300x225.jpeg\" alt=\"2021 03 25 WC Madonna Sprint 05 Bild Nils Lang\" class=\"wp-image-19425\" title=\"2021 03 25 WC Madonna Sprint 05 Bild Nils Lang\" \/><\/a><\/figure>\n\n\n\n<figure class=\"wp-block-image\"><a href=\"http:\/\/www.skimo.at\/sportler\/files\/2021\/03\/2021-03-25_WC-Madonna_Sprint_07_Bild_Nils-Lang.jpeg\"><img src=\"http:\/\/www.skimo.at\/sportler\/files\/2021\/03\/2021-03-25_WC-Madonna_Sprint_07_Bild_Nils-Lang-300x225.jpeg\" alt=\"2021 03 25 WC Madonna Sprint 07 Bild Nils Lang\" class=\"wp-image-19427\" title=\"2021 03 25 WC Madonna Sprint 07 Bild Nils Lang\" \/><\/a><\/figure>\n\n\n\n<p><strong>08:28 Uhr:<\/strong>&nbsp;Auch die relativ kurze Strecke sieht top aus &#8211; sie liegt zwar jetzt noch im Schatten, wird aber im Laufe des Vormittags sicher &#8222;gebr\u00e4unt&#8220;.<\/p>\n\n\n\n<figure class=\"wp-block-image\"><a href=\"http:\/\/www.skimo.at\/sportler\/files\/2021\/03\/2021-03-25_WC-Madonna_Sprint_08_Bild_Nils-Lang.jpeg\"><img src=\"http:\/\/www.skimo.at\/sportler\/files\/2021\/03\/2021-03-25_WC-Madonna_Sprint_08_Bild_Nils-Lang-300x225.jpeg\" alt=\"2021 03 25 WC Madonna Sprint 08 Bild Nils Lang\" class=\"wp-image-19428\" title=\"2021 03 25 WC Madonna Sprint 08 Bild Nils Lang\" \/><\/a><\/figure>\n\n\n\n<figure class=\"wp-block-image\"><a href=\"http:\/\/www.skimo.at\/sportler\/files\/2021\/03\/2021-03-25_WC-Madonna_Sprint_09_Bild_Nils-Lang.jpeg\"><img src=\"http:\/\/www.skimo.at\/sportler\/files\/2021\/03\/2021-03-25_WC-Madonna_Sprint_09_Bild_Nils-Lang-300x225.jpeg\" alt=\"2021 03 25 WC Madonna Sprint 09 Bild Nils Lang\" class=\"wp-image-19429\" title=\"2021 03 25 WC Madonna Sprint 09 Bild Nils Lang\" \/><\/a><\/figure>\n\n\n\n<p><strong>08:40 Uhr:<\/strong>\u00a0Streckenbesichtigung abgeschlossen, Abfahrt noch sehr hart und schattig, Ausstieg jetzt schon in der Sonne<\/p>\n\n\n\n<p><strong>08:58 Uhr:<\/strong>\u00a0Die Qualifikation der Kategorie U20M (inkl. U18M) ist abgeschlossen<\/p>\n\n\n\n<p><strong>09:00 Uhr:<\/strong>&nbsp;Die Qualifikation der Kategorie U20W (inkl. U18W) ist vor kurzem gestartet&nbsp;\ud83e\udd1e<\/p>\n\n\n\n<p><strong>09:09 Uhr:<\/strong>&nbsp;Erste Info zu den Quali-Platzierungen der&nbsp;&#8222;jungen M\u00e4nnern&#8220;:<br>-&gt; Andreas Mayer landet auf Rang 14 und verpasst somit knapp den Einzug ins Halbfinale<br>-&gt; Julian Tritscher auf Rang 2 und Paul Verbnjak auf Rang 5<br>-&gt; d.h. beide Laufen im Semi-Finale, m\u00fcssen aber noch nicht gegeneinander antreten<br>&#8230; somit besteht eine gro\u00dfe Chance, dass wir zwei \u00d6sterreicher im Finale sehen&nbsp;\ud83d\udcaa<\/p>\n\n\n\n<figure class=\"wp-block-image\"><a href=\"http:\/\/www.skimo.at\/sportler\/files\/2021\/03\/2021-03-25_WC-Madonna_Sprint_19_Bild_Maurizio-Torri.jpeg\"><img src=\"http:\/\/www.skimo.at\/sportler\/files\/2021\/03\/2021-03-25_WC-Madonna_Sprint_19_Bild_Maurizio-Torri-300x200.jpeg\" alt=\"2021 03 25 WC Madonna Sprint 19 Bild Maurizio Torri\" class=\"wp-image-19449\" title=\"2021 03 25 WC Madonna Sprint 19 Bild Maurizio Torri\" \/><\/a><\/figure>\n\n\n\n<figure class=\"wp-block-image\"><a href=\"http:\/\/www.skimo.at\/sportler\/files\/2021\/03\/2021-03-25_WC-Madonna_Sprint_18_Bild_Maurizio-Torri.jpeg\"><img src=\"http:\/\/www.skimo.at\/sportler\/files\/2021\/03\/2021-03-25_WC-Madonna_Sprint_18_Bild_Maurizio-Torri-300x200.jpeg\" alt=\"2021 03 25 WC Madonna Sprint 18 Bild Maurizio Torri\" class=\"wp-image-19448\" title=\"2021 03 25 WC Madonna Sprint 18 Bild Maurizio Torri\" \/><\/a><\/figure>\n\n\n\n<p><strong>09:18 Uhr:<\/strong>&nbsp;Finale Ergebnislisten der Kategorie U20 (inkl. U18) MEN und WOMEN:<\/p>\n\n\n\n<figure class=\"wp-block-image\"><a href=\"http:\/\/www.skimo.at\/sportler\/files\/2021\/03\/2021-03-25_WC-Madonna_Sprint_20_Bild_Thomas-B%C3%B6sl.jpeg\"><img src=\"http:\/\/www.skimo.at\/sportler\/files\/2021\/03\/2021-03-25_WC-Madonna_Sprint_20_Bild_Thomas-B%C3%B6sl-169x300.jpeg\" alt=\"2021 03 25 WC Madonna Sprint 20 Bild Thomas B\u00f6sl\" class=\"wp-image-19451\" title=\"2021 03 25 WC Madonna Sprint 20 Bild Thomas B\u00f6sl\" \/><\/a><\/figure>\n\n\n\n<figure class=\"wp-block-image\"><a href=\"http:\/\/www.skimo.at\/sportler\/files\/2021\/03\/2021-03-25_WC-Madonna_Sprint_21_Bild_Thomas-B%C3%B6sl.jpeg\"><img src=\"http:\/\/www.skimo.at\/sportler\/files\/2021\/03\/2021-03-25_WC-Madonna_Sprint_21_Bild_Thomas-B%C3%B6sl-169x300.jpeg\" alt=\"2021 03 25 WC Madonna Sprint 21 Bild Thomas B\u00f6sl\" class=\"wp-image-19453\" title=\"2021 03 25 WC Madonna Sprint 21 Bild Thomas B\u00f6sl\" \/><\/a><\/figure>\n\n\n\n<p><strong>09:26 Uhr:<\/strong>\u00a0Paul Verbnjak im Halbfinale leider ausgeschieden, aber Julian Tritscher steht im Finale &#8211; bitte fest die Daumen dr\u00fccken<\/p>\n\n\n\n<p><strong>09:43 Uhr:<\/strong>&nbsp;Julian Tritscher l\u00e4uft ein&nbsp;beherztes Finale, aber die Konkurrenz war heute einen Tick besser &#8211; er landet schlussendlich auf dem sehr guten 5. Platz &#8230; congratulations&nbsp;\ud83d\udc4f<\/p>\n\n\n\n<figure class=\"wp-block-image\"><a href=\"http:\/\/www.skimo.at\/sportler\/files\/2021\/03\/2021-03-25_WC-Madonna_Sprint_36_Bild_Nils-Lang.jpeg\"><img src=\"http:\/\/www.skimo.at\/sportler\/files\/2021\/03\/2021-03-25_WC-Madonna_Sprint_36_Bild_Nils-Lang-300x225.jpeg\" alt=\"2021 03 25 WC Madonna Sprint 36 Bild Nils Lang\" class=\"wp-image-19474\" title=\"2021 03 25 WC Madonna Sprint 36 Bild Nils Lang\" \/><\/a><\/figure>\n\n\n\n<figure class=\"wp-block-image\"><a href=\"http:\/\/www.skimo.at\/sportler\/files\/2021\/03\/2021-03-25_WC-Madonna_Sprint_34_Bild_Nils-Lang.jpeg\"><img src=\"http:\/\/www.skimo.at\/sportler\/files\/2021\/03\/2021-03-25_WC-Madonna_Sprint_34_Bild_Nils-Lang-300x225.jpeg\" alt=\"2021 03 25 WC Madonna Sprint 34 Bild Nils Lang\" class=\"wp-image-19472\" title=\"2021 03 25 WC Madonna Sprint 34 Bild Nils Lang\" \/><\/a><\/figure>\n\n\n\n<figure class=\"wp-block-image\"><a href=\"http:\/\/www.skimo.at\/sportler\/files\/2021\/03\/2021-03-25_WC-Madonna_Sprint_35_Bild_Nils-Lang.jpeg\"><img src=\"http:\/\/www.skimo.at\/sportler\/files\/2021\/03\/2021-03-25_WC-Madonna_Sprint_35_Bild_Nils-Lang-300x225.jpeg\" alt=\"2021 03 25 WC Madonna Sprint 35 Bild Nils Lang\" class=\"wp-image-19473\" title=\"2021 03 25 WC Madonna Sprint 35 Bild Nils Lang\" \/><\/a><\/figure>\n\n\n\n<p><strong>09:48 Uhr:<\/strong>&nbsp;Auch das Rennen der jungen Damen (U20 inkl. U18) ist abgeschlossen. Den ersten Platz holt sich die Schweizerin Caroline Ulrich, vor den zwei Italienerinnen Samantha Bertolina und Lisa Moreschini&nbsp;\ud83d\udc4f<\/p>\n\n\n\n<figure class=\"wp-block-image\"><a href=\"http:\/\/www.skimo.at\/sportler\/files\/2021\/03\/2021-03-25_WC-Madonna_Sprint_31_Bild_Nils-Lang.jpeg\"><img src=\"http:\/\/www.skimo.at\/sportler\/files\/2021\/03\/2021-03-25_WC-Madonna_Sprint_31_Bild_Nils-Lang-300x225.jpeg\" alt=\"2021 03 25 WC Madonna Sprint 31 Bild Nils Lang\" class=\"wp-image-19469\" title=\"2021 03 25 WC Madonna Sprint 31 Bild Nils Lang\" \/><\/a><\/figure>\n\n\n\n<figure class=\"wp-block-image\"><a href=\"http:\/\/www.skimo.at\/sportler\/files\/2021\/03\/2021-03-25_WC-Madonna_Sprint_30_Bild_Nils-Lang.jpeg\"><img src=\"http:\/\/www.skimo.at\/sportler\/files\/2021\/03\/2021-03-25_WC-Madonna_Sprint_30_Bild_Nils-Lang-300x225.jpeg\" alt=\"2021 03 25 WC Madonna Sprint 30 Bild Nils Lang\" class=\"wp-image-19468\" title=\"2021 03 25 WC Madonna Sprint 30 Bild Nils Lang\" \/><\/a><\/figure>\n\n\n\n<figure class=\"wp-block-image\"><a href=\"http:\/\/www.skimo.at\/sportler\/files\/2021\/03\/2021-03-25_WC-Madonna_Sprint_28_Bild_Nils-Lang.jpeg\"><img src=\"http:\/\/www.skimo.at\/sportler\/files\/2021\/03\/2021-03-25_WC-Madonna_Sprint_28_Bild_Nils-Lang-300x225.jpeg\" alt=\"2021 03 25 WC Madonna Sprint 28 Bild Nils Lang\" class=\"wp-image-19467\" title=\"2021 03 25 WC Madonna Sprint 28 Bild Nils Lang\" \/><\/a><\/figure>\n\n\n\n<p><strong>10:00 Uhr:<\/strong>\u00a0Jetzt gibt es auch die Ergebnisse der jungen\u00a0Herren (U20 inkl. U18). Es gewinnt der Schweizer Matteo Favre vor dem Italiener Rocco Baldini und seinem Teamkollegen Tobias Donnet (CH)<\/p>\n\n\n\n<p><strong>10:10 Uhr:<\/strong>\u00a0Die letzten Besichtigungen der Strecke sind am Laufen. Auch die m\u00e4nnlichen Athleten aus den deutschen und \u00f6sterreichischen Nationalteams sind gut drauf und freuen sich auf das Sprint Race. An den Start gehen werden hier\u00a0Daniel Ganahl (AT), Daniel Zugg (AT) und\u00a0Stefan Knopf (DE).<\/p>\n\n\n\n<p><strong>10:35 Uhr:<\/strong>&nbsp;Die Qualifikation der&nbsp;DAMEN SENIOR ist durch. Und eine sehr erfreuliche Nachricht gibt es zu verk\u00fcnden: Tatjana Paller reiht sich in der Quali ganz oben ein und auch ihre Teamkollegin Jacqueline Brandl schafft es in die Heats.<\/p>\n\n\n\n<figure class=\"wp-block-image\"><a href=\"http:\/\/www.skimo.at\/sportler\/files\/2021\/03\/2021-03-25_WC-Madonna_Sprint_51_Bild_Nils-Lang.jpeg\"><img src=\"http:\/\/www.skimo.at\/sportler\/files\/2021\/03\/2021-03-25_WC-Madonna_Sprint_51_Bild_Nils-Lang-300x225.jpeg\" alt=\"2021 03 25 WC Madonna Sprint 51 Bild Nils Lang\" class=\"wp-image-19496\" title=\"2021 03 25 WC Madonna Sprint 51 Bild Nils Lang\" \/><\/a><\/figure>\n\n\n\n<figure class=\"wp-block-image\"><a href=\"http:\/\/www.skimo.at\/sportler\/files\/2021\/03\/2021-03-25_WC-Madonna_Sprint_52_Bild_Nils-Lang.jpeg\"><img src=\"http:\/\/www.skimo.at\/sportler\/files\/2021\/03\/2021-03-25_WC-Madonna_Sprint_52_Bild_Nils-Lang-300x225.jpeg\" alt=\"2021 03 25 WC Madonna Sprint 52 Bild Nils Lang\" class=\"wp-image-19498\" title=\"2021 03 25 WC Madonna Sprint 52 Bild Nils Lang\" \/><\/a><\/figure>\n\n\n\n<figure class=\"wp-block-image\"><a href=\"http:\/\/www.skimo.at\/sportler\/files\/2021\/03\/2021-03-25_WC-Madonna_Sprint_50_Bild_Thomas-B%C3%B6sl.jpeg\"><img src=\"http:\/\/www.skimo.at\/sportler\/files\/2021\/03\/2021-03-25_WC-Madonna_Sprint_50_Bild_Thomas-B%C3%B6sl-225x300.jpeg\" alt=\"2021 03 25 WC Madonna Sprint 50 Bild Thomas B\u00f6sl\" class=\"wp-image-19497\" title=\"2021 03 25 WC Madonna Sprint 50 Bild Thomas B\u00f6sl\" \/><\/a><\/figure>\n\n\n\n<figure class=\"wp-block-image\"><a href=\"http:\/\/www.skimo.at\/sportler\/files\/2021\/03\/2021-03-25_WC-Madonna_Sprint_49_Bild_Thomas-B%C3%B6sl.jpeg\"><img src=\"http:\/\/www.skimo.at\/sportler\/files\/2021\/03\/2021-03-25_WC-Madonna_Sprint_49_Bild_Thomas-B%C3%B6sl-225x300.jpeg\" alt=\"2021 03 25 WC Madonna Sprint 49 Bild Thomas B\u00f6sl\" class=\"wp-image-19494\" title=\"2021 03 25 WC Madonna Sprint 49 Bild Thomas B\u00f6sl\" \/><\/a><\/figure>\n\n\n\n<p><strong>10:35 Uhr:<\/strong>&nbsp;Auch die Quali der HERREN SENIOR ist durch. Alle&nbsp;drei Athleten aus AT &amp; DE haben sich f\u00fcr die Heats qualifiziert&nbsp;\ud83d\udcaa<\/p>\n\n\n\n<p><strong>10:55 Uhr:<\/strong>\u00a0Jetzt haben wir auch ein paar Impressionen sowie die Ergebnisse der Herren Quali f\u00fcr euch. Stefan Knopf (DE) war extrem schnell unterwegs und konnte sich mit Rang 3 in der Quali eine gute Ausgangsposition f\u00fcr die Heats schaffen. Daniel Zugg und Daniel Ganahl landen vorerst auf Rang 14 bzw. Rang 27. Aber diese Platzierungen sagen noch nichts \u00fcber ein m\u00f6gliches Endergebnis aus &#8230; es bleibt spannend\u00a0\ud83e\udd1e<\/p>\n\n\n\n<p><strong>11:06 Uhr:<\/strong>&nbsp;Gerade im Gange sind die Viertelfinal-Heats der DAMEN SENIOR &#8230; schaffen es Tatjana Paller und Jacqueline Brandl in die Halbfinal-L\u00e4ufe?<\/p>\n\n\n\n<figure class=\"wp-block-image\"><a href=\"http:\/\/www.skimo.at\/sportler\/files\/2021\/03\/2021-03-25_WC-Madonna_Sprint_68_Bild_Nils-Lang.jpeg\"><img src=\"http:\/\/www.skimo.at\/sportler\/files\/2021\/03\/2021-03-25_WC-Madonna_Sprint_68_Bild_Nils-Lang-300x225.jpeg\" alt=\"2021 03 25 WC Madonna Sprint 68 Bild Nils Lang\" class=\"wp-image-19520\" title=\"2021 03 25 WC Madonna Sprint 68 Bild Nils Lang\" \/><\/a><\/figure>\n\n\n\n<figure class=\"wp-block-image\"><a href=\"http:\/\/www.skimo.at\/sportler\/files\/2021\/03\/2021-03-25_WC-Madonna_Sprint_67_Bild_Nils-Lang.jpeg\"><img src=\"http:\/\/www.skimo.at\/sportler\/files\/2021\/03\/2021-03-25_WC-Madonna_Sprint_67_Bild_Nils-Lang-300x225.jpeg\" alt=\"2021 03 25 WC Madonna Sprint 67 Bild Nils Lang\" class=\"wp-image-19519\" title=\"2021 03 25 WC Madonna Sprint 67 Bild Nils Lang\" \/><\/a><\/figure>\n\n\n\n<figure class=\"wp-block-image\"><a href=\"http:\/\/www.skimo.at\/sportler\/files\/2021\/03\/2021-03-25_WC-Madonna_Sprint_69_Bild_Nils-Lang.jpeg\"><img src=\"http:\/\/www.skimo.at\/sportler\/files\/2021\/03\/2021-03-25_WC-Madonna_Sprint_69_Bild_Nils-Lang-300x225.jpeg\" alt=\"2021 03 25 WC Madonna Sprint 69 Bild Nils Lang\" class=\"wp-image-19521\" title=\"2021 03 25 WC Madonna Sprint 69 Bild Nils Lang\" \/><\/a><\/figure>\n\n\n\n<figure class=\"wp-block-image\"><a href=\"http:\/\/www.skimo.at\/sportler\/files\/2021\/03\/2021-03-25_WC-Madonna_Sprint_66_Bild_Nils-Lang.jpeg\"><img src=\"http:\/\/www.skimo.at\/sportler\/files\/2021\/03\/2021-03-25_WC-Madonna_Sprint_66_Bild_Nils-Lang-300x225.jpeg\" alt=\"2021 03 25 WC Madonna Sprint 66 Bild Nils Lang\" class=\"wp-image-19518\" title=\"2021 03 25 WC Madonna Sprint 66 Bild Nils Lang\" \/><\/a><\/figure>\n\n\n\n<p><strong>11:12 Uhr:<\/strong>&nbsp;Jawohl, Tatjana Paller aus Deutschland wird 3te in ihrem Viertelfinal-Heat und steigt somit &#8211; gerade noch &#8211; in das Halbfinale auf&nbsp;\ud83d\ude05 &#8230; und dort werden die Karten wieder neu gemischt&nbsp;\ud83e\udd17<\/p>\n\n\n\n<p><strong>11:17 Uhr:<\/strong>&nbsp;Leider scheidet die deutsche Athletin Jacqueline Brandl aus und schafft es somit nicht in das Halbfinale.<\/p>\n\n\n\n<figure class=\"wp-block-image\"><a href=\"http:\/\/www.skimo.at\/sportler\/files\/2021\/03\/2021-03-25_WC-Madonna_Sprint_70_Bild_Nils-Lang.jpeg\"><img src=\"http:\/\/www.skimo.at\/sportler\/files\/2021\/03\/2021-03-25_WC-Madonna_Sprint_70_Bild_Nils-Lang-300x225.jpeg\" alt=\"2021 03 25 WC Madonna Sprint 70 Bild Nils Lang\" class=\"wp-image-19526\" title=\"2021 03 25 WC Madonna Sprint 70 Bild Nils Lang\" \/><\/a><\/figure>\n\n\n\n<figure class=\"wp-block-image\"><a href=\"http:\/\/www.skimo.at\/sportler\/files\/2021\/03\/2021-03-25_WC-Madonna_Sprint_73_Bild_Nils-Lang.jpeg\"><img src=\"http:\/\/www.skimo.at\/sportler\/files\/2021\/03\/2021-03-25_WC-Madonna_Sprint_73_Bild_Nils-Lang-300x225.jpeg\" alt=\"2021 03 25 WC Madonna Sprint 73 Bild Nils Lang\" class=\"wp-image-19529\" title=\"2021 03 25 WC Madonna Sprint 73 Bild Nils Lang\" \/><\/a><\/figure>\n\n\n\n<p><strong>11:20 Uhr:<\/strong>&nbsp;Die zwei Halbfinal-Heats bei den DAMEN SENIOR stehen fest.<\/p>\n\n\n\n<figure class=\"wp-block-image\"><a href=\"http:\/\/www.skimo.at\/sportler\/files\/2021\/03\/2021-03-25_WC-Madonna_Sprint_74_Bild_Thomas-B%C3%B6sl.jpeg\"><img src=\"http:\/\/www.skimo.at\/sportler\/files\/2021\/03\/2021-03-25_WC-Madonna_Sprint_74_Bild_Thomas-B%C3%B6sl-225x300.jpeg\" alt=\"2021 03 25 WC Madonna Sprint 74 Bild Thomas B\u00f6sl\" class=\"wp-image-19530\" title=\"2021 03 25 WC Madonna Sprint 74 Bild Thomas B\u00f6sl\" \/><\/a><\/figure>\n\n\n\n<p><strong>11:24 Uhr:<\/strong>&nbsp;Gerade laufen die Viertelfinal-Heats der&nbsp;HERREN SENIOR &#8230; Daumen dr\u00fccken f\u00fcr Stefan, Daniel und Daniel&nbsp;\ud83d\ude09<\/p>\n\n\n\n<p><strong>11:41 Uhr:<\/strong>&nbsp;Stefan Knopf ist heute in Topform, er gewinnt seinen Viertelfinal-Lauf und steht somit im fix im Halbfinale \ud83d\udcaa. Leider&nbsp;waren die zwei \u00f6sterreichischen Nationalteam-Athleten nicht so erfolgreich. F\u00fcr Daniel Zugg und Daniel Ganahl ist hier die Sprint-Endstation&nbsp;\ud83d\udc4b<\/p>\n\n\n\n<figure class=\"wp-block-image\"><a href=\"http:\/\/www.skimo.at\/sportler\/files\/2021\/03\/2021-03-25_WC-Madonna_Sprint_77_Bild_Nils-Lang.jpeg\"><img src=\"http:\/\/www.skimo.at\/sportler\/files\/2021\/03\/2021-03-25_WC-Madonna_Sprint_77_Bild_Nils-Lang-300x225.jpeg\" alt=\"2021 03 25 WC Madonna Sprint 77 Bild Nils Lang\" class=\"wp-image-19533\" title=\"2021 03 25 WC Madonna Sprint 77 Bild Nils Lang\" \/><\/a><\/figure>\n\n\n\n<figure class=\"wp-block-image\"><a href=\"http:\/\/www.skimo.at\/sportler\/files\/2021\/03\/2021-03-25_WC-Madonna_Sprint_79_Bild_Nils-Lang.jpeg\"><img src=\"http:\/\/www.skimo.at\/sportler\/files\/2021\/03\/2021-03-25_WC-Madonna_Sprint_79_Bild_Nils-Lang-300x225.jpeg\" alt=\"2021 03 25 WC Madonna Sprint 79 Bild Nils Lang\" class=\"wp-image-19535\" title=\"2021 03 25 WC Madonna Sprint 79 Bild Nils Lang\" \/><\/a><\/figure>\n\n\n\n<figure class=\"wp-block-image\"><a href=\"http:\/\/www.skimo.at\/sportler\/files\/2021\/03\/2021-03-25_WC-Madonna_Sprint_78_Bild_Nils-Lang.jpeg\"><img src=\"http:\/\/www.skimo.at\/sportler\/files\/2021\/03\/2021-03-25_WC-Madonna_Sprint_78_Bild_Nils-Lang-300x225.jpeg\" alt=\"2021 03 25 WC Madonna Sprint 78 Bild Nils Lang\" class=\"wp-image-19534\" title=\"2021 03 25 WC Madonna Sprint 78 Bild Nils Lang\" \/><\/a><\/figure>\n\n\n\n<figure class=\"wp-block-image\"><a href=\"http:\/\/www.skimo.at\/sportler\/files\/2021\/03\/2021-03-25_WC-Madonna_Sprint_75_Bild_Maurizio-Torri.jpeg\"><img src=\"http:\/\/www.skimo.at\/sportler\/files\/2021\/03\/2021-03-25_WC-Madonna_Sprint_75_Bild_Maurizio-Torri-300x200.jpeg\" alt=\"2021 03 25 WC Madonna Sprint 75 Bild Maurizio Torri\" class=\"wp-image-19537\" title=\"2021 03 25 WC Madonna Sprint 75 Bild Maurizio Torri\" \/><\/a><\/figure>\n\n\n\n<figure class=\"wp-block-image\"><a href=\"http:\/\/www.skimo.at\/sportler\/files\/2021\/03\/2021-03-25_WC-Madonna_Sprint_83_Bild_Nils-Lang.jpeg\"><img src=\"http:\/\/www.skimo.at\/sportler\/files\/2021\/03\/2021-03-25_WC-Madonna_Sprint_83_Bild_Nils-Lang-300x225.jpeg\" alt=\"2021 03 25 WC Madonna Sprint 83 Bild Nils Lang\" class=\"wp-image-19536\" title=\"2021 03 25 WC Madonna Sprint 83 Bild Nils Lang\" \/><\/a><\/figure>\n\n\n\n<p><strong>11:20 Uhr:<\/strong>&nbsp;Auch die zwei Halbfinal-Heats bei den HERREN SENIOR stehen fest. Stefan Knopf (DE) startet im Semi Final Heat #2&nbsp;\ud83e\udd1e<\/p>\n\n\n\n<figure class=\"wp-block-image\"><a href=\"http:\/\/www.skimo.at\/sportler\/files\/2021\/03\/2021-03-25_WC-Madonna_Sprint_84_Bild_Thomas-B%C3%B6sl.jpeg\"><img src=\"http:\/\/www.skimo.at\/sportler\/files\/2021\/03\/2021-03-25_WC-Madonna_Sprint_84_Bild_Thomas-B%C3%B6sl-225x300.jpeg\" alt=\"2021 03 25 WC Madonna Sprint 84 Bild Thomas B\u00f6sl\" class=\"wp-image-19541\" title=\"2021 03 25 WC Madonna Sprint 84 Bild Thomas B\u00f6sl\" \/><\/a><\/figure>\n\n\n\n<p><strong>11:20 Uhr:<\/strong>\u00a0Ersten Information zufolge, sind auch die letzten zwei Hoffnungen auf einen Sieg ausgeschieden \ud83d\ude2a. Tatjana Paller scheitert leider ebenso im Halbfinale wie auch Stefan Knopf.<\/p>\n\n\n\n<p><strong>12:16 Uhr:<\/strong>&nbsp;Somit stehen die Finalaufstellungen bei SENIOR Damen und Herren fest.<\/p>\n\n\n\n<figure class=\"wp-block-image\"><a href=\"http:\/\/www.skimo.at\/sportler\/files\/2021\/03\/2021-03-25_WC-Madonna_Sprint_88_Bild_Thomas-B%C3%B6sl.jpeg\"><img src=\"http:\/\/www.skimo.at\/sportler\/files\/2021\/03\/2021-03-25_WC-Madonna_Sprint_88_Bild_Thomas-B%C3%B6sl-169x300.jpeg\" alt=\"2021 03 25 WC Madonna Sprint 88 Bild Thomas B\u00f6sl\" class=\"wp-image-19544\" title=\"2021 03 25 WC Madonna Sprint 88 Bild Thomas B\u00f6sl\" \/><\/a><\/figure>\n\n\n\n<figure class=\"wp-block-image\"><a href=\"http:\/\/www.skimo.at\/sportler\/files\/2021\/03\/2021-03-25_WC-Madonna_Sprint_89_Bild_Thomas-B%C3%B6sl.jpeg\"><img src=\"http:\/\/www.skimo.at\/sportler\/files\/2021\/03\/2021-03-25_WC-Madonna_Sprint_89_Bild_Thomas-B%C3%B6sl-169x300.jpeg\" alt=\"2021 03 25 WC Madonna Sprint 89 Bild Thomas B\u00f6sl\" class=\"wp-image-19545\" title=\"2021 03 25 WC Madonna Sprint 89 Bild Thomas B\u00f6sl\" \/><\/a><\/figure>\n\n\n\n<p><strong>12:22 Uhr:<\/strong>&nbsp;Das Finale in der Kategorie DAMEN SENIOR ist entschieden. Marianna Jagercikova aus der Slovakei gewinnt den heutigen Sprint-Bewerb! Auf Rang 2 und 3 reihen sich die Italienerin Mara Martini und Marianne Fatton aus der Schweiz&nbsp;\ud83d\udc4f. Die zwei deutschen Athletinnen &#8211; Tatjana Paller und Jacqueline Brandl &#8211; landen schlussendlich auf den Pl\u00e4tzen 7 und 24&nbsp;\ud83d\udc4f<\/p>\n\n\n\n<figure class=\"wp-block-image\"><a href=\"http:\/\/www.skimo.at\/sportler\/files\/2021\/03\/2021-03-25_WC-Madonna_Sprint_97_Bild_Nils-Lang.jpeg\"><img src=\"http:\/\/www.skimo.at\/sportler\/files\/2021\/03\/2021-03-25_WC-Madonna_Sprint_97_Bild_Nils-Lang-300x225.jpeg\" alt=\"2021 03 25 WC Madonna Sprint 97 Bild Nils Lang\" class=\"wp-image-19557\" title=\"2021 03 25 WC Madonna Sprint 97 Bild Nils Lang\" \/><\/a><\/figure>\n\n\n\n<figure class=\"wp-block-image\"><a href=\"http:\/\/www.skimo.at\/sportler\/files\/2021\/03\/2021-03-25_WC-Madonna_Sprint_98_Bild_Nils-Lang.jpeg\"><img src=\"http:\/\/www.skimo.at\/sportler\/files\/2021\/03\/2021-03-25_WC-Madonna_Sprint_98_Bild_Nils-Lang-300x225.jpeg\" alt=\"2021 03 25 WC Madonna Sprint 98 Bild Nils Lang\" class=\"wp-image-19558\" title=\"2021 03 25 WC Madonna Sprint 98 Bild Nils Lang\" \/><\/a><\/figure>\n\n\n\n<figure class=\"wp-block-image\"><a href=\"http:\/\/www.skimo.at\/sportler\/files\/2021\/03\/2021-03-25_WC-Madonna_Sprint_95_Bild_Nils-Lang.jpeg\"><img src=\"http:\/\/www.skimo.at\/sportler\/files\/2021\/03\/2021-03-25_WC-Madonna_Sprint_95_Bild_Nils-Lang-300x225.jpeg\" alt=\"2021 03 25 WC Madonna Sprint 95 Bild Nils Lang\" class=\"wp-image-19555\" title=\"2021 03 25 WC Madonna Sprint 95 Bild Nils Lang\" \/><\/a><\/figure>\n\n\n\n<p><strong>12:34 Uhr:<\/strong>\u00a0Last but not least, auch die Kategorie HERREN SENIOR hat ein Siegertrio. Ganz oben am Stockerl steht der Schweizer Arno Lietha, er holt sich somit den Sprint-Tagessieg. Zweiter wird Nicolo Canclini aus Italien und auf Rang 3 schafft es der Franzose Thibault Anselmet. Der deutsche Athlet Stefan Knopf erreicht final den sehr guten 7. Platz. Die beiden \u00d6sterreicher Daniel Zugg und Daniel Ganahl landen auf den Pl\u00e4tzen 19 und 27\u00a0\ud83d\udc4f<\/p>\n\n\n\n<p>Leider konnten die Athletinnen und Athleten des \u00f6sterreichischen und deutschen Nationalteams heute nicht ganz an die Leistungen der WM in Andorra anschlie\u00dfen. Im Sprint-Bewerb kann viel passieren, vor allem je k\u00fcrzer die Strecke ausgelegt ist. Hiermit ist die Berichterstattung vom ersten Bewerb des ISMF Weltcup-Finales in Madonna di Campiglio zu Ende &#8211; vielen Dank f\u00fcrs Dabeisein&nbsp;\ud83d\ude4f.<\/p>\n\n\n\n<p>&#8230; \ud835\udc26\ud835\udc28\ud835\udc2b\ud835\udc20\ud835\udc1e\ud835\udc27 \ud835\udc20\ud835\udc1e\ud835\udc21\ud835\udc2d \ud835\udc1e\ud835\udc2c \ud835\udc30\ud835\udc1e\ud835\udc22\ud835\udc2d\ud835\udc1e\ud835\udc2b \ud835\udc26\ud835\udc22\ud835\udc2d \ud835\udc1d\ud835\udc1e\ud835\udc26 \ud835\udc15\ud835\udc04\ud835\udc11\ud835\udc13\ud835\udc08\ud835\udc02\ud835\udc00\ud835\udc0b \ud835\udc11\ud835\udc1a\ud835\udc1c\ud835\udc1e&nbsp;und wir freuen uns, wenn ihr wieder bei unserem LIVE-TICKER reinschauts&nbsp;\ud83d\ude09\ud83d\ude0e\ud83d\udc4b<\/p>\n\n\n\n<p>Eine vollst\u00e4ndige Ergebnisliste mit den Platzierungen aller AthletInnen in den verschiedenen Kategorien, kann unter diesem&nbsp;<a href=\"http:\/\/www.skimo.at\/sportler\/19581\/ergebnisliste-sprint-online\/\" target=\"_blank\" rel=\"noreferrer noopener\">Link-Ergebnislisten<\/a>&nbsp;angesehen werden.<\/p>\n","protected":false},"excerpt":{"rendered":"<p>Der 1te Renntag beim ISMF Weltcup Finale in Madonna di Campiglio ist angebrochen &#8211; der SPRINT ist der erste von drei Wettbewerben, der dieses Wochenende \u00fcber die B\u00fchne geht. Alle aktuellen Infos zum Rennverlauf gibt es in diesem LIVE-TICKER. Im \ud835\udc12\ud835\udc29\ud835\udc2b\ud835\udc22\ud835\udc27\ud835\udc2d \ud835\udc11\ud835\udc1a\ud835\udc1c\ud835\udc1e starten die folgenden \u00f6sterreichischen und deutschen AthletInnen. Weiblich:Jacqueline Brandl (DE\/SeniorW)Tatjana Paller (DE\/SeniorW) M\u00e4nnlich:Julian [&hellip;]<\/p>\n","protected":false},"author":42,"featured_media":15922,"comment_status":"closed","ping_status":"closed","sticky":false,"template":"","format":"standard","meta":[],"categories":[1,3],"tags":[],"yoast_head":"<!-- This site is optimized with the Yoast SEO plugin v16.3 - https:\/\/yoast.com\/wordpress\/plugins\/seo\/ -->\n<title>LIVE-TICKER vom Sprint in Madonna di Campiglio - Sportler<\/title>\n<meta name=\"robots\" content=\"index, follow, max-snippet:-1, max-image-preview:large, max-video-preview:-1\" \/>\n<link rel=\"canonical\" href=\"https:\/\/www.skimo.at\/sportler\/15924\/live-ticker-vom-sprint-in-madonna-di-campiglio\/\" \/>\n<meta property=\"og:locale\" content=\"de_DE\" \/>\n<meta property=\"og:type\" content=\"article\" \/>\n<meta property=\"og:title\" content=\"LIVE-TICKER vom Sprint in Madonna di Campiglio - Sportler\" \/>\n<meta property=\"og:description\" content=\"Der 1te Renntag beim ISMF Weltcup Finale in Madonna di Campiglio ist angebrochen &#8211; der SPRINT ist der erste von drei Wettbewerben, der dieses Wochenende \u00fcber die B\u00fchne geht. Alle aktuellen Infos zum Rennverlauf gibt es in diesem LIVE-TICKER. Im \ud835\udc12\ud835\udc29\ud835\udc2b\ud835\udc22\ud835\udc27\ud835\udc2d \ud835\udc11\ud835\udc1a\ud835\udc1c\ud835\udc1e starten die folgenden \u00f6sterreichischen und deutschen AthletInnen. Weiblich:Jacqueline Brandl (DE\/SeniorW)Tatjana Paller (DE\/SeniorW) M\u00e4nnlich:Julian [&hellip;]\" \/>\n<meta property=\"og:url\" content=\"https:\/\/www.skimo.at\/sportler\/15924\/live-ticker-vom-sprint-in-madonna-di-campiglio\/\" \/>\n<meta property=\"og:site_name\" content=\"Sportler\" \/>\n<meta property=\"article:published_time\" content=\"2021-03-25T10:16:00+00:00\" \/>\n<meta property=\"article:modified_time\" content=\"2021-05-19T12:20:58+00:00\" \/>\n<meta property=\"og:image\" content=\"https:\/\/skimo.73.jarolim.eu\/sportler\/files\/2021\/05\/wcmadonnasprint-menfinale-nilslang-lr0137.jpg\" \/>\n\t<meta property=\"og:image:width\" content=\"1693\" \/>\n\t<meta property=\"og:image:height\" content=\"1271\" \/>\n<meta name=\"twitter:card\" content=\"summary\" \/>\n<meta name=\"twitter:label1\" content=\"Gesch\u00e4tzte Lesezeit\">\n\t<meta name=\"twitter:data1\" content=\"12\u00a0Minuten\">\n<script type=\"application\/ld+json\" class=\"yoast-schema-graph\">{\"@context\":\"https:\/\/schema.org\",\"@graph\":[{\"@type\":\"WebSite\",\"@id\":\"https:\/\/skimo.73.jarolim.eu\/sportler\/#website\",\"url\":\"https:\/\/skimo.73.jarolim.eu\/sportler\/\",\"name\":\"Sportler\",\"description\":\"\",\"potentialAction\":[{\"@type\":\"SearchAction\",\"target\":\"https:\/\/skimo.73.jarolim.eu\/sportler\/?s={search_term_string}\",\"query-input\":\"required name=search_term_string\"}],\"inLanguage\":\"de\"},{\"@type\":\"ImageObject\",\"@id\":\"https:\/\/www.skimo.at\/sportler\/15924\/live-ticker-vom-sprint-in-madonna-di-campiglio\/#primaryimage\",\"inLanguage\":\"de\",\"url\":\"https:\/\/www.skimo.at\/sportler\/files\/2021\/05\/wcmadonnasprint-menfinale-nilslang-lr0137.jpg\",\"contentUrl\":\"https:\/\/www.skimo.at\/sportler\/files\/2021\/05\/wcmadonnasprint-menfinale-nilslang-lr0137.jpg\",\"width\":1693,\"height\":1271,\"caption\":\"wcmadonnasprint menfinale nilslang lr0137\"},{\"@type\":\"WebPage\",\"@id\":\"https:\/\/www.skimo.at\/sportler\/15924\/live-ticker-vom-sprint-in-madonna-di-campiglio\/#webpage\",\"url\":\"https:\/\/www.skimo.at\/sportler\/15924\/live-ticker-vom-sprint-in-madonna-di-campiglio\/\",\"name\":\"LIVE-TICKER vom Sprint in Madonna di Campiglio - Sportler\",\"isPartOf\":{\"@id\":\"https:\/\/skimo.73.jarolim.eu\/sportler\/#website\"},\"primaryImageOfPage\":{\"@id\":\"https:\/\/www.skimo.at\/sportler\/15924\/live-ticker-vom-sprint-in-madonna-di-campiglio\/#primaryimage\"},\"datePublished\":\"2021-03-25T10:16:00+00:00\",\"dateModified\":\"2021-05-19T12:20:58+00:00\",\"author\":{\"@id\":\"https:\/\/skimo.73.jarolim.eu\/sportler\/#\/schema\/person\/070a48d73e3d0a06c64f04486b8be8bb\"},\"breadcrumb\":{\"@id\":\"https:\/\/www.skimo.at\/sportler\/15924\/live-ticker-vom-sprint-in-madonna-di-campiglio\/#breadcrumb\"},\"inLanguage\":\"de\",\"potentialAction\":[{\"@type\":\"ReadAction\",\"target\":[\"https:\/\/www.skimo.at\/sportler\/15924\/live-ticker-vom-sprint-in-madonna-di-campiglio\/\"]}]},{\"@type\":\"BreadcrumbList\",\"@id\":\"https:\/\/www.skimo.at\/sportler\/15924\/live-ticker-vom-sprint-in-madonna-di-campiglio\/#breadcrumb\",\"itemListElement\":[{\"@type\":\"ListItem\",\"position\":1,\"item\":{\"@type\":\"WebPage\",\"@id\":\"https:\/\/skimo.73.jarolim.eu\/sportler\/\",\"url\":\"https:\/\/skimo.73.jarolim.eu\/sportler\/\",\"name\":\"Home\"}},{\"@type\":\"ListItem\",\"position\":2,\"item\":{\"@id\":\"https:\/\/www.skimo.at\/sportler\/15924\/live-ticker-vom-sprint-in-madonna-di-campiglio\/#webpage\"}}]},{\"@type\":\"Person\",\"@id\":\"https:\/\/skimo.73.jarolim.eu\/sportler\/#\/schema\/person\/070a48d73e3d0a06c64f04486b8be8bb\",\"name\":\"awieser\",\"image\":{\"@type\":\"ImageObject\",\"@id\":\"https:\/\/skimo.73.jarolim.eu\/sportler\/#personlogo\",\"inLanguage\":\"de\",\"url\":\"https:\/\/secure.gravatar.com\/avatar\/9488da3d3462b0ae2640ca868b1c0679?s=96&r=g\",\"contentUrl\":\"https:\/\/secure.gravatar.com\/avatar\/9488da3d3462b0ae2640ca868b1c0679?s=96&r=g\",\"caption\":\"awieser\"},\"url\":\"https:\/\/www.skimo.at\/sportler\/author\/awieser\/\"}]}<\/script>\n<!-- \/ Yoast SEO plugin. -->","_links":{"self":[{"href":"https:\/\/www.skimo.at\/sportler\/wp-json\/wp\/v2\/posts\/15924"}],"collection":[{"href":"https:\/\/www.skimo.at\/sportler\/wp-json\/wp\/v2\/posts"}],"about":[{"href":"https:\/\/www.skimo.at\/sportler\/wp-json\/wp\/v2\/types\/post"}],"author":[{"embeddable":true,"href":"https:\/\/www.skimo.at\/sportler\/wp-json\/wp\/v2\/users\/42"}],"replies":[{"embeddable":true,"href":"https:\/\/www.skimo.at\/sportler\/wp-json\/wp\/v2\/comments?post=15924"}],"version-history":[{"count":1,"href":"https:\/\/www.skimo.at\/sportler\/wp-json\/wp\/v2\/posts\/15924\/revisions"}],"predecessor-version":[{"id":15926,"href":"https:\/\/www.skimo.at\/sportler\/wp-json\/wp\/v2\/posts\/15924\/revisions\/15926"}],"wp:featuredmedia":[{"embeddable":true,"href":"https:\/\/www.skimo.at\/sportler\/wp-json\/wp\/v2\/media\/15922"}],"wp:attachment":[{"href":"https:\/\/www.skimo.at\/sportler\/wp-json\/wp\/v2\/media?parent=15924"}],"wp:term":[{"taxonomy":"category","embeddable":true,"href":"https:\/\/www.skimo.at\/sportler\/wp-json\/wp\/v2\/categories?post=15924"},{"taxonomy":"post_tag","embeddable":true,"href":"https:\/\/www.skimo.at\/sportler\/wp-json\/wp\/v2\/tags?post=15924"}],"curies":[{"name":"wp","href":"https:\/\/api.w.org\/{rel}","templated":true}]}}