{"id":15906,"date":"2021-03-25T14:09:00","date_gmt":"2021-03-25T12:09:00","guid":{"rendered":"https:\/\/www.skimo.at\/sportler\/?p=15906"},"modified":"2021-05-19T14:16:01","modified_gmt":"2021-05-19T12:16:01","slug":"bildbericht-vom-sprint-beim-weltcup-finale","status":"publish","type":"post","link":"https:\/\/www.skimo.at\/sportler\/15906\/bildbericht-vom-sprint-beim-weltcup-finale\/","title":{"rendered":"Bildbericht vom Sprint beim Weltcup-Finale"},"content":{"rendered":"\n<p>Super Location, tolles Wetter, sehr gute Schneeverh\u00e4ltnisse &#8211; Madonna di Campiglio hat am ersten Tag des ISMF Weltcup-Finales geliefert. Aber wie haben sich die \u00f6sterreichischen und deutschen AthletInnen im Sprint-Bewerb geschlagen?<\/p>\n\n\n\n<p>Die Stimmung in den zwei Nationalteams war bei der gestrigen Anreise sehr gut.&nbsp;Nach einer lockeren Trainingseinheit war die Motivation f\u00fcr das heutige Rennen sehr hoch. Von den \u00f6sterreichischen Athleten gingen f\u00fcnf Personen an den Start: Julian Tritscher (U18), Andreas Mayer und Paul Verbnjak (beide U20) sowie Daniel Zugg und Daniel Ganhal (beide SENIOR). Die deutschen Kollegen nominierten drei SENIOR-AthletInnen: Jacqueline Brandl, Tatjana Paller&nbsp;und Stefan Knopf.<\/p>\n\n\n\n<div class=\"wp-block-image\"><figure class=\"aligncenter\"><a href=\"http:\/\/www.skimo.at\/sportler\/files\/2021\/03\/WC-Madonna-Vorab-_-Motiv-050-_-Bild-Nils-Lang-_LR.jpg\"><img src=\"http:\/\/www.skimo.at\/sportler\/files\/2021\/03\/WC-Madonna-Vorab-_-Motiv-050-_-Bild-Nils-Lang-_LR-300x225.jpg\" alt=\"WC Madonna Vorab Motiv 050 Bild Nils Lang LR\" class=\"wp-image-19398\" title=\"WC Madonna Vorab Motiv 050 Bild Nils Lang LR\" \/><\/a><\/figure><\/div>\n\n\n\n<p>Vor allem bei den JUNIOREN&nbsp;haben sich, der frisch gebackene U18 Sprint-Weltmeister Julian Tritscher aus der Steiermark und der im Sprint-Gesamtweltcup topplatzierte K\u00e4rntner Paul Verbnjak&nbsp;sehr gute Chancen ausgerechnet. In der Kategorie SENIOR MEN hatten Daniel Zugg und Stefan Knopf schon einige Top-Ergebnisse in dieser Saison gezeigt. Also war das Ziel, beim Weltcup-Finale nochmal alles zu geben. Und auch Tatjana Paller ist einer tollen Form und&nbsp;hatte sich&nbsp;f\u00fcr heute einiges vorgenommen.<\/p>\n\n\n\n<p>Die Streckenf\u00fchrung war relativ kurz gehalten. Nach einer ersten, nur leicht ansteigenden Aufstiegspassage wurden die Tourenski &#8222;geschultert&#8220; und ein H\u00f6henunterschied von ca. +15 Metern im Laufschritt bergauf absolviert.&nbsp;F\u00fcr den darauffolgenden etwas steileren Aufstiegsabschnitt, wurden die Tourenski wieder angeschnallt und die restlichen H\u00f6henmeter durch einen geschwungenen Korridor absolviert. Last but not least folgte eine&nbsp;flotte Abfahrt mit wenigen Richtungs\u00e4nderungen bis ins Ziel.<\/p>\n\n\n\n<div class=\"wp-block-image\"><figure class=\"aligncenter\"><a href=\"http:\/\/www.skimo.at\/sportler\/files\/2021\/03\/WC-Madonna-Vorab-_-Motiv-079-_-Bild-Nils-Lang-_LR-e1616693531989.jpg\"><img src=\"http:\/\/www.skimo.at\/sportler\/files\/2021\/03\/WC-Madonna-Vorab-_-Motiv-079-_-Bild-Nils-Lang-_LR-e1616693531989-300x203.jpg\" alt=\"WC Madonna Vorab Motiv 079 Bild Nils Lang LR\" class=\"wp-image-19389\" title=\"WC Madonna Vorab Motiv 079 Bild Nils Lang LR\" \/><\/a><\/figure><\/div>\n\n\n\n<p>Beim Sprint l\u00e4uft jeder\/jede&nbsp;AthletIn zuerst alleine einen Qualifikations-Run auf Zeit. Diese Rundenzeit ist ma\u00dfgebend daf\u00fcr, an welcher Position man dann im darauffolgenden Heat-Raster starten darf. Nach der Qualifikation zeigte sich die Situation sehr vielversprechend. In der Kategorie Seniors war Tatjana Paller die schnellste L\u00e4uferin und ihr Teamkollege Stefan Knopf erarbeitete sich Platz 3 bei den Herren. Auch Julian und Paul waren bei den Junioren flott unterwegs und&nbsp;schafften es auf Rang 2 und 5 in der Quali.<\/p>\n\n\n\n<div class=\"wp-block-image\"><figure class=\"aligncenter\"><a href=\"http:\/\/www.skimo.at\/sportler\/files\/2021\/03\/WC-Madonna-Sprint-_-Motiv-081-_-Bild-Maurizio-Torri-_LR.jpg\"><img src=\"http:\/\/www.skimo.at\/sportler\/files\/2021\/03\/WC-Madonna-Sprint-_-Motiv-081-_-Bild-Maurizio-Torri-_LR-300x200.jpg\" alt=\"WC Madonna Sprint Motiv 081 Bild Maurizio Torri LR\" class=\"wp-image-19615\" title=\"WC Madonna Sprint Motiv 081 Bild Maurizio Torri LR\" \/><\/a><\/figure><\/div>\n\n\n\n<div class=\"wp-block-image\"><figure class=\"aligncenter\"><a href=\"http:\/\/www.skimo.at\/sportler\/files\/2021\/03\/WC-Madonna-Sprint-_-Motiv-091-_-Bild-Maurizio-Torri-_LR.jpg\"><img src=\"http:\/\/www.skimo.at\/sportler\/files\/2021\/03\/WC-Madonna-Sprint-_-Motiv-091-_-Bild-Maurizio-Torri-_LR-300x200.jpg\" alt=\"WC Madonna Sprint Motiv 091 Bild Maurizio Torri LR\" class=\"wp-image-19617\" title=\"WC Madonna Sprint Motiv 091 Bild Maurizio Torri LR\" \/><\/a><\/figure><\/div>\n\n\n\n<p>Doch im Sprint-Bereich kann viel passieren, da herrschen besondere Gesetze &#8211; eine gute Schnellkraft, eine saubere Equipment-Handling-Technik und ein bisschen Gl\u00fcck braucht man an&nbsp;einem Renntag schon, um eine realistische Chance auf ein Stockerlplatzerl haben zu k\u00f6nnen.<strong>&nbsp;Bei den&nbsp;JUNIOREN<\/strong>&nbsp;schaffte es&nbsp;<strong>Andreas Mayer<\/strong>&nbsp;leider nicht in den finalen Heat-Bewerb &#8211; in der Tageswertung erreichte er somit Platz 14. F\u00fcr&nbsp;<strong>Paul Verbnjak<\/strong>&nbsp;war im Halbfinale Endstation und schlussendlich wurde es f\u00fcr den jungen K\u00e4rntner (nur) Platz 12. Weltmeister&nbsp;<strong>Julian Tritscher<\/strong>&nbsp;k\u00e4mpfte sich bis ins Finale. Obwohl er ein beherztes Rennen lief, waren die Top3 Pl\u00e4tze heute nicht in Reichweite. Er landete final auf dem sehr guten 5. Rang. Den Sieg in dieser Kategorie holte sich der Schweizer Matteo Favre vor dem Italiener Rocco Baldini und einem weiteren Schweizer, n\u00e4mlich Tobias Donnet. Die Kristallkugel im Sprint U20 holt sich der Schweizer Leo Besson.<\/p>\n\n\n\n<blockquote class=\"wp-block-quote\"><p>Das Res\u00fcmee von Julian nach dem ersten Renntag ist sehr positiv: &#8222;Ich bin total happy. Platz 5 im Sprint ist mein bestes Weltcup-Ergebnis. Die kurze Strecke ist mir&nbsp;sehr entgegengekommen. Ich hab mich in der Quali und auch in den Heat-L\u00e4ufen sehr gut gef\u00fchlt. Im Finale waren die anderen dann ein bisschen st\u00e4rker sodass es f\u00fcr mich nicht aufs Stockerl gereicht hat. Aber es stehen noch zwei Rennen an und da m\u00f6chte ich noch jeweils eine solide Leistung abliefern.&#8220;<\/p><\/blockquote>\n\n\n\n<figure class=\"wp-block-image size-large\"><a href=\"https:\/\/www.skimo.at\/sportler\/files\/2021\/05\/image.gif\"><img loading=\"lazy\" width=\"1\" height=\"1\" src=\"https:\/\/www.skimo.at\/sportler\/files\/2021\/05\/image.gif\" alt=\"image\" class=\"wp-image-15907\" \/><\/a><figcaption>image<\/figcaption><\/figure>\n\n\n\n<div class=\"wp-block-image\"><figure class=\"aligncenter\"><a href=\"http:\/\/www.skimo.at\/sportler\/files\/2021\/03\/WC-Madonna-Sprint-_-Motiv-002-_-Bild-Maurizio-Torri-_LR.jpg\"><img src=\"http:\/\/www.skimo.at\/sportler\/files\/2021\/03\/WC-Madonna-Sprint-_-Motiv-002-_-Bild-Maurizio-Torri-_LR-300x200.jpg\" alt=\"WC Madonna Sprint Motiv 002 Bild Maurizio Torri LR\" class=\"wp-image-19598\" title=\"WC Madonna Sprint Motiv 002 Bild Maurizio Torri LR\" \/><\/a><\/figure><\/div>\n\n\n\n<p><strong>In der Kategorie SENIOR WOMEN<\/strong>&nbsp;war f\u00fcr&nbsp;<strong>Jacqueline Brandl<\/strong>&nbsp;im Viertelfinale Schluss und das hei\u00dft&nbsp;letztendlich Platz 21 f\u00fcr die junge Deutsche. Ihre Teamkollegin&nbsp;<strong>Tatjana Paller<\/strong>&nbsp;schaffte es bis ins Halbfinale, verpasste dort aber ganz knapp den Einzug ins&nbsp;Finale.&nbsp;Als Endplatzierung im Sprint darf sie den sehr guten 7. Platz notieren. Den Tagessieg holt sich die Slowakin Marianna&nbsp;Jagercikova vor der Italienerin Mara Martini und der Schweizerin Marianne Fatton, die sich damit auch die Sprint-Kristallkugel sichert.<\/p>\n\n\n\n<p><strong>Bei den SENIOR MEN<\/strong>&nbsp;lief es \u00e4hnlich wie bei den Frauen. In diesem Fall schieden&nbsp;<strong>Daniel Zugg<\/strong>&nbsp;und&nbsp;<strong>Daniel Ganahl<\/strong>&nbsp;leider schon im Viertelfinale aus. Mit den Tagesplatzierungen 19 und 27 werden sie wahrscheinlich nur m\u00e4\u00dfig zufrieden sein. Der Deutsche&nbsp;<strong>Stefan Knopf<\/strong>&nbsp;war drauf und dran ins Finale einzuziehen &#8211; doch auch er verpasste den Endlauf nur knapp. Final darf er, wie seine Teamkollegin, einen sehr guten 7. Platz im Sprint mit nach Hause nehmen. Den Bewerb in Madonna gewinnt der Schweizer Arno Lietha vor dem Italiener Nicolo Canclini und dem Franzosen Thibault Anselmet. Den Sprint-Gesamtweltcup holt sich ebenfalls der Schweizer Lietha. An der Stelle sei erw\u00e4hnt, dass er offiziell in der U23-Kategorie laufen w\u00fcrde&nbsp;&#8211; von dem jungen Kerl werden wir in den n\u00e4chsten Jahren noch einiges erwarten k\u00f6nnen.<\/p>\n\n\n\n<div class=\"wp-block-image\"><figure class=\"aligncenter\"><a href=\"http:\/\/www.skimo.at\/sportler\/files\/2021\/03\/WCMadonnaSprint_MenQuarterfinal_NilsLang_LR0085.jpg\"><img src=\"http:\/\/www.skimo.at\/sportler\/files\/2021\/03\/WCMadonnaSprint_MenQuarterfinal_NilsLang_LR0085-300x225.jpg\" alt=\"WCMadonnaSprint MenQuarterfinal NilsLang LR0085\" class=\"wp-image-19653\" title=\"WCMadonnaSprint MenQuarterfinal NilsLang LR0085\" \/><\/a><\/figure><\/div>\n\n\n\n<div class=\"wp-block-image\"><figure class=\"aligncenter\"><a href=\"http:\/\/www.skimo.at\/sportler\/files\/2021\/03\/WCMadonnaSprint_ArnoLietha_NilsLang_LR0116-2.jpg\"><img src=\"http:\/\/www.skimo.at\/sportler\/files\/2021\/03\/WCMadonnaSprint_ArnoLietha_NilsLang_LR0116-2-300x225.jpg\" alt=\"WCMadonnaSprint ArnoLietha NilsLang LR0116 2\" class=\"wp-image-19624\" title=\"WCMadonnaSprint ArnoLietha NilsLang LR0116 2\" \/><\/a><\/figure><\/div>\n\n\n\n<p><strong>F\u00fcr den Sprint-Gesamtweltcup<\/strong>&nbsp;ist zu erw\u00e4hnen, dass zwei \u00f6sterreichische U20-Athleten unter die Top-10 gekommen sind. Julian Tritscher erreicht gesamt Platz 1o und Paul Verbnjak reiht sich auf Platz 6 ein. Bei den SENIORS sind es ebenfalls zwei Athleten mit Top-10-Ergebnissen &#8211; der Vorarlberger Daniel Zugg wird gesamt 8ter und Stefan Knopf schlie\u00dft die Saison auf Rang 6 ab.<\/p>\n\n\n\n<figure class=\"wp-block-gallery columns-3 is-cropped\"><ul class=\"blocks-gallery-grid\"><li class=\"blocks-gallery-item\"><figure><a href=\"https:\/\/www.skimo.at\/sportler\/files\/2021\/05\/wcmadonnasprint-juliantritscher-nilslang-lr0024-2-1.jpg\"><img loading=\"lazy\" width=\"1024\" height=\"769\" src=\"https:\/\/www.skimo.at\/sportler\/files\/2021\/05\/wcmadonnasprint-juliantritscher-nilslang-lr0024-2-1-1024x769.jpg\" alt=\"wcmadonnasprint juliantritscher nilslang lr0024 2 1\" data-id=\"15910\" data-full-url=\"https:\/\/www.skimo.at\/sportler\/files\/2021\/05\/wcmadonnasprint-juliantritscher-nilslang-lr0024-2-1.jpg\" data-link=\"https:\/\/www.skimo.at\/sportler\/?attachment_id=15910\" class=\"wp-image-15910\" srcset=\"https:\/\/www.skimo.at\/sportler\/files\/2021\/05\/wcmadonnasprint-juliantritscher-nilslang-lr0024-2-1-1024x769.jpg 1024w, https:\/\/www.skimo.at\/sportler\/files\/2021\/05\/wcmadonnasprint-juliantritscher-nilslang-lr0024-2-1-300x225.jpg 300w, https:\/\/www.skimo.at\/sportler\/files\/2021\/05\/wcmadonnasprint-juliantritscher-nilslang-lr0024-2-1-768x577.jpg 768w, https:\/\/www.skimo.at\/sportler\/files\/2021\/05\/wcmadonnasprint-juliantritscher-nilslang-lr0024-2-1-1224x919.jpg 1224w, https:\/\/www.skimo.at\/sportler\/files\/2021\/05\/wcmadonnasprint-juliantritscher-nilslang-lr0024-2-1-970x728.jpg 970w, https:\/\/www.skimo.at\/sportler\/files\/2021\/05\/wcmadonnasprint-juliantritscher-nilslang-lr0024-2-1-554x416.jpg 554w, https:\/\/www.skimo.at\/sportler\/files\/2021\/05\/wcmadonnasprint-juliantritscher-nilslang-lr0024-2-1-124x93.jpg 124w, https:\/\/www.skimo.at\/sportler\/files\/2021\/05\/wcmadonnasprint-juliantritscher-nilslang-lr0024-2-1.jpg 1693w\" sizes=\"(max-width: 1024px) 100vw, 1024px\" \/><\/a><\/figure><\/li><li class=\"blocks-gallery-item\"><figure><a href=\"https:\/\/www.skimo.at\/sportler\/files\/2021\/05\/wcmadonnasprint-juliantritscher-nilslang-lr0024-3.jpg\"><img loading=\"lazy\" width=\"1024\" height=\"769\" src=\"https:\/\/www.skimo.at\/sportler\/files\/2021\/05\/wcmadonnasprint-juliantritscher-nilslang-lr0024-3-1024x769.jpg\" alt=\"wcmadonnasprint juliantritscher nilslang lr0024 3\" data-id=\"15911\" data-full-url=\"https:\/\/www.skimo.at\/sportler\/files\/2021\/05\/wcmadonnasprint-juliantritscher-nilslang-lr0024-3.jpg\" data-link=\"https:\/\/www.skimo.at\/sportler\/?attachment_id=15911\" class=\"wp-image-15911\" srcset=\"https:\/\/www.skimo.at\/sportler\/files\/2021\/05\/wcmadonnasprint-juliantritscher-nilslang-lr0024-3-1024x769.jpg 1024w, https:\/\/www.skimo.at\/sportler\/files\/2021\/05\/wcmadonnasprint-juliantritscher-nilslang-lr0024-3-300x225.jpg 300w, https:\/\/www.skimo.at\/sportler\/files\/2021\/05\/wcmadonnasprint-juliantritscher-nilslang-lr0024-3-768x577.jpg 768w, https:\/\/www.skimo.at\/sportler\/files\/2021\/05\/wcmadonnasprint-juliantritscher-nilslang-lr0024-3-1224x919.jpg 1224w, https:\/\/www.skimo.at\/sportler\/files\/2021\/05\/wcmadonnasprint-juliantritscher-nilslang-lr0024-3-970x728.jpg 970w, https:\/\/www.skimo.at\/sportler\/files\/2021\/05\/wcmadonnasprint-juliantritscher-nilslang-lr0024-3-554x416.jpg 554w, https:\/\/www.skimo.at\/sportler\/files\/2021\/05\/wcmadonnasprint-juliantritscher-nilslang-lr0024-3-124x93.jpg 124w, https:\/\/www.skimo.at\/sportler\/files\/2021\/05\/wcmadonnasprint-juliantritscher-nilslang-lr0024-3.jpg 1693w\" sizes=\"(max-width: 1024px) 100vw, 1024px\" \/><\/a><\/figure><\/li><li class=\"blocks-gallery-item\"><figure><a href=\"https:\/\/www.skimo.at\/sportler\/files\/2021\/05\/wcmadonnasprint-juliantritscher-nilslang-lr0024-4.jpg\"><img loading=\"lazy\" width=\"1024\" height=\"769\" src=\"https:\/\/www.skimo.at\/sportler\/files\/2021\/05\/wcmadonnasprint-juliantritscher-nilslang-lr0024-4-1024x769.jpg\" alt=\"wcmadonnasprint juliantritscher nilslang lr0024 4\" data-id=\"15912\" data-full-url=\"https:\/\/www.skimo.at\/sportler\/files\/2021\/05\/wcmadonnasprint-juliantritscher-nilslang-lr0024-4.jpg\" data-link=\"https:\/\/www.skimo.at\/sportler\/?attachment_id=15912\" class=\"wp-image-15912\" srcset=\"https:\/\/www.skimo.at\/sportler\/files\/2021\/05\/wcmadonnasprint-juliantritscher-nilslang-lr0024-4-1024x769.jpg 1024w, https:\/\/www.skimo.at\/sportler\/files\/2021\/05\/wcmadonnasprint-juliantritscher-nilslang-lr0024-4-300x225.jpg 300w, https:\/\/www.skimo.at\/sportler\/files\/2021\/05\/wcmadonnasprint-juliantritscher-nilslang-lr0024-4-768x577.jpg 768w, https:\/\/www.skimo.at\/sportler\/files\/2021\/05\/wcmadonnasprint-juliantritscher-nilslang-lr0024-4-1224x919.jpg 1224w, https:\/\/www.skimo.at\/sportler\/files\/2021\/05\/wcmadonnasprint-juliantritscher-nilslang-lr0024-4-970x728.jpg 970w, https:\/\/www.skimo.at\/sportler\/files\/2021\/05\/wcmadonnasprint-juliantritscher-nilslang-lr0024-4-554x416.jpg 554w, https:\/\/www.skimo.at\/sportler\/files\/2021\/05\/wcmadonnasprint-juliantritscher-nilslang-lr0024-4-124x93.jpg 124w, https:\/\/www.skimo.at\/sportler\/files\/2021\/05\/wcmadonnasprint-juliantritscher-nilslang-lr0024-4.jpg 1693w\" sizes=\"(max-width: 1024px) 100vw, 1024px\" \/><\/a><\/figure><\/li><li class=\"blocks-gallery-item\"><figure><a href=\"https:\/\/www.skimo.at\/sportler\/files\/2021\/05\/wcmadonnasprint-juliantritscher-nilslang-lr0024-6.jpg\"><img loading=\"lazy\" width=\"1024\" height=\"769\" src=\"https:\/\/www.skimo.at\/sportler\/files\/2021\/05\/wcmadonnasprint-juliantritscher-nilslang-lr0024-6-1024x769.jpg\" alt=\"wcmadonnasprint juliantritscher nilslang lr0024 6\" data-id=\"15913\" data-full-url=\"https:\/\/www.skimo.at\/sportler\/files\/2021\/05\/wcmadonnasprint-juliantritscher-nilslang-lr0024-6.jpg\" data-link=\"https:\/\/www.skimo.at\/sportler\/?attachment_id=15913\" class=\"wp-image-15913\" srcset=\"https:\/\/www.skimo.at\/sportler\/files\/2021\/05\/wcmadonnasprint-juliantritscher-nilslang-lr0024-6-1024x769.jpg 1024w, https:\/\/www.skimo.at\/sportler\/files\/2021\/05\/wcmadonnasprint-juliantritscher-nilslang-lr0024-6-300x225.jpg 300w, https:\/\/www.skimo.at\/sportler\/files\/2021\/05\/wcmadonnasprint-juliantritscher-nilslang-lr0024-6-768x577.jpg 768w, https:\/\/www.skimo.at\/sportler\/files\/2021\/05\/wcmadonnasprint-juliantritscher-nilslang-lr0024-6-1224x919.jpg 1224w, https:\/\/www.skimo.at\/sportler\/files\/2021\/05\/wcmadonnasprint-juliantritscher-nilslang-lr0024-6-970x728.jpg 970w, https:\/\/www.skimo.at\/sportler\/files\/2021\/05\/wcmadonnasprint-juliantritscher-nilslang-lr0024-6-554x416.jpg 554w, https:\/\/www.skimo.at\/sportler\/files\/2021\/05\/wcmadonnasprint-juliantritscher-nilslang-lr0024-6-124x93.jpg 124w, https:\/\/www.skimo.at\/sportler\/files\/2021\/05\/wcmadonnasprint-juliantritscher-nilslang-lr0024-6.jpg 1693w\" sizes=\"(max-width: 1024px) 100vw, 1024px\" \/><\/a><\/figure><\/li><li class=\"blocks-gallery-item\"><figure><a href=\"https:\/\/www.skimo.at\/sportler\/files\/2021\/05\/wcmadonnasprint-lisamoreschini-nilslang-lr0005-2.jpg\"><img loading=\"lazy\" width=\"1024\" height=\"769\" src=\"https:\/\/www.skimo.at\/sportler\/files\/2021\/05\/wcmadonnasprint-lisamoreschini-nilslang-lr0005-2-1024x769.jpg\" alt=\"wcmadonnasprint lisamoreschini nilslang lr0005 2\" data-id=\"15914\" data-full-url=\"https:\/\/www.skimo.at\/sportler\/files\/2021\/05\/wcmadonnasprint-lisamoreschini-nilslang-lr0005-2.jpg\" data-link=\"https:\/\/www.skimo.at\/sportler\/?attachment_id=15914\" class=\"wp-image-15914\" srcset=\"https:\/\/www.skimo.at\/sportler\/files\/2021\/05\/wcmadonnasprint-lisamoreschini-nilslang-lr0005-2-1024x769.jpg 1024w, https:\/\/www.skimo.at\/sportler\/files\/2021\/05\/wcmadonnasprint-lisamoreschini-nilslang-lr0005-2-300x225.jpg 300w, https:\/\/www.skimo.at\/sportler\/files\/2021\/05\/wcmadonnasprint-lisamoreschini-nilslang-lr0005-2-768x577.jpg 768w, https:\/\/www.skimo.at\/sportler\/files\/2021\/05\/wcmadonnasprint-lisamoreschini-nilslang-lr0005-2-1224x919.jpg 1224w, https:\/\/www.skimo.at\/sportler\/files\/2021\/05\/wcmadonnasprint-lisamoreschini-nilslang-lr0005-2-970x728.jpg 970w, https:\/\/www.skimo.at\/sportler\/files\/2021\/05\/wcmadonnasprint-lisamoreschini-nilslang-lr0005-2-554x416.jpg 554w, https:\/\/www.skimo.at\/sportler\/files\/2021\/05\/wcmadonnasprint-lisamoreschini-nilslang-lr0005-2-124x93.jpg 124w, https:\/\/www.skimo.at\/sportler\/files\/2021\/05\/wcmadonnasprint-lisamoreschini-nilslang-lr0005-2.jpg 1693w\" sizes=\"(max-width: 1024px) 100vw, 1024px\" \/><\/a><\/figure><\/li><li class=\"blocks-gallery-item\"><figure><a href=\"https:\/\/www.skimo.at\/sportler\/files\/2021\/05\/wcmadonnasprint-maramartini-nilslang-lr0133.jpg\"><img loading=\"lazy\" width=\"1024\" height=\"769\" src=\"https:\/\/www.skimo.at\/sportler\/files\/2021\/05\/wcmadonnasprint-maramartini-nilslang-lr0133-1024x769.jpg\" alt=\"wcmadonnasprint maramartini nilslang lr0133\" data-id=\"15915\" data-full-url=\"https:\/\/www.skimo.at\/sportler\/files\/2021\/05\/wcmadonnasprint-maramartini-nilslang-lr0133.jpg\" data-link=\"https:\/\/www.skimo.at\/sportler\/?attachment_id=15915\" class=\"wp-image-15915\" srcset=\"https:\/\/www.skimo.at\/sportler\/files\/2021\/05\/wcmadonnasprint-maramartini-nilslang-lr0133-1024x769.jpg 1024w, https:\/\/www.skimo.at\/sportler\/files\/2021\/05\/wcmadonnasprint-maramartini-nilslang-lr0133-300x225.jpg 300w, https:\/\/www.skimo.at\/sportler\/files\/2021\/05\/wcmadonnasprint-maramartini-nilslang-lr0133-768x577.jpg 768w, https:\/\/www.skimo.at\/sportler\/files\/2021\/05\/wcmadonnasprint-maramartini-nilslang-lr0133-1224x919.jpg 1224w, https:\/\/www.skimo.at\/sportler\/files\/2021\/05\/wcmadonnasprint-maramartini-nilslang-lr0133-970x728.jpg 970w, https:\/\/www.skimo.at\/sportler\/files\/2021\/05\/wcmadonnasprint-maramartini-nilslang-lr0133-554x416.jpg 554w, https:\/\/www.skimo.at\/sportler\/files\/2021\/05\/wcmadonnasprint-maramartini-nilslang-lr0133-124x93.jpg 124w, https:\/\/www.skimo.at\/sportler\/files\/2021\/05\/wcmadonnasprint-maramartini-nilslang-lr0133.jpg 1693w\" sizes=\"(max-width: 1024px) 100vw, 1024px\" \/><\/a><\/figure><\/li><li class=\"blocks-gallery-item\"><figure><a href=\"https:\/\/www.skimo.at\/sportler\/files\/2021\/05\/wcmadonnasprint-mariannajagercikova-nilslang-lr0114-3.jpg\"><img loading=\"lazy\" width=\"1024\" height=\"769\" src=\"https:\/\/www.skimo.at\/sportler\/files\/2021\/05\/wcmadonnasprint-mariannajagercikova-nilslang-lr0114-3-1024x769.jpg\" alt=\"wcmadonnasprint mariannajagercikova nilslang lr0114 3\" data-id=\"15916\" data-full-url=\"https:\/\/www.skimo.at\/sportler\/files\/2021\/05\/wcmadonnasprint-mariannajagercikova-nilslang-lr0114-3.jpg\" data-link=\"https:\/\/www.skimo.at\/sportler\/?attachment_id=15916\" class=\"wp-image-15916\" srcset=\"https:\/\/www.skimo.at\/sportler\/files\/2021\/05\/wcmadonnasprint-mariannajagercikova-nilslang-lr0114-3-1024x769.jpg 1024w, https:\/\/www.skimo.at\/sportler\/files\/2021\/05\/wcmadonnasprint-mariannajagercikova-nilslang-lr0114-3-300x225.jpg 300w, https:\/\/www.skimo.at\/sportler\/files\/2021\/05\/wcmadonnasprint-mariannajagercikova-nilslang-lr0114-3-768x577.jpg 768w, https:\/\/www.skimo.at\/sportler\/files\/2021\/05\/wcmadonnasprint-mariannajagercikova-nilslang-lr0114-3-1224x919.jpg 1224w, https:\/\/www.skimo.at\/sportler\/files\/2021\/05\/wcmadonnasprint-mariannajagercikova-nilslang-lr0114-3-970x728.jpg 970w, https:\/\/www.skimo.at\/sportler\/files\/2021\/05\/wcmadonnasprint-mariannajagercikova-nilslang-lr0114-3-554x416.jpg 554w, https:\/\/www.skimo.at\/sportler\/files\/2021\/05\/wcmadonnasprint-mariannajagercikova-nilslang-lr0114-3-124x93.jpg 124w, https:\/\/www.skimo.at\/sportler\/files\/2021\/05\/wcmadonnasprint-mariannajagercikova-nilslang-lr0114-3.jpg 1693w\" sizes=\"(max-width: 1024px) 100vw, 1024px\" \/><\/a><\/figure><\/li><li class=\"blocks-gallery-item\"><figure><a href=\"https:\/\/www.skimo.at\/sportler\/files\/2021\/05\/wcmadonnasprint-mariannajagercikova-nilslang-lr0130-2.jpg\"><img loading=\"lazy\" width=\"1024\" height=\"769\" src=\"https:\/\/www.skimo.at\/sportler\/files\/2021\/05\/wcmadonnasprint-mariannajagercikova-nilslang-lr0130-2-1024x769.jpg\" alt=\"wcmadonnasprint mariannajagercikova nilslang lr0130 2\" data-id=\"15917\" data-full-url=\"https:\/\/www.skimo.at\/sportler\/files\/2021\/05\/wcmadonnasprint-mariannajagercikova-nilslang-lr0130-2.jpg\" data-link=\"https:\/\/www.skimo.at\/sportler\/?attachment_id=15917\" class=\"wp-image-15917\" srcset=\"https:\/\/www.skimo.at\/sportler\/files\/2021\/05\/wcmadonnasprint-mariannajagercikova-nilslang-lr0130-2-1024x769.jpg 1024w, https:\/\/www.skimo.at\/sportler\/files\/2021\/05\/wcmadonnasprint-mariannajagercikova-nilslang-lr0130-2-300x225.jpg 300w, https:\/\/www.skimo.at\/sportler\/files\/2021\/05\/wcmadonnasprint-mariannajagercikova-nilslang-lr0130-2-768x577.jpg 768w, https:\/\/www.skimo.at\/sportler\/files\/2021\/05\/wcmadonnasprint-mariannajagercikova-nilslang-lr0130-2-1224x919.jpg 1224w, https:\/\/www.skimo.at\/sportler\/files\/2021\/05\/wcmadonnasprint-mariannajagercikova-nilslang-lr0130-2-970x728.jpg 970w, https:\/\/www.skimo.at\/sportler\/files\/2021\/05\/wcmadonnasprint-mariannajagercikova-nilslang-lr0130-2-554x416.jpg 554w, https:\/\/www.skimo.at\/sportler\/files\/2021\/05\/wcmadonnasprint-mariannajagercikova-nilslang-lr0130-2-124x93.jpg 124w, https:\/\/www.skimo.at\/sportler\/files\/2021\/05\/wcmadonnasprint-mariannajagercikova-nilslang-lr0130-2.jpg 1693w\" sizes=\"(max-width: 1024px) 100vw, 1024px\" \/><\/a><\/figure><\/li><li class=\"blocks-gallery-item\"><figure><a href=\"https:\/\/www.skimo.at\/sportler\/files\/2021\/05\/wcmadonnasprint-mariannajagercikova-nilslang-lr0132.jpg\"><img loading=\"lazy\" width=\"1024\" height=\"769\" src=\"https:\/\/www.skimo.at\/sportler\/files\/2021\/05\/wcmadonnasprint-mariannajagercikova-nilslang-lr0132-1024x769.jpg\" alt=\"wcmadonnasprint mariannajagercikova nilslang lr0132\" data-id=\"15918\" data-full-url=\"https:\/\/www.skimo.at\/sportler\/files\/2021\/05\/wcmadonnasprint-mariannajagercikova-nilslang-lr0132.jpg\" data-link=\"https:\/\/www.skimo.at\/sportler\/?attachment_id=15918\" class=\"wp-image-15918\" srcset=\"https:\/\/www.skimo.at\/sportler\/files\/2021\/05\/wcmadonnasprint-mariannajagercikova-nilslang-lr0132-1024x769.jpg 1024w, https:\/\/www.skimo.at\/sportler\/files\/2021\/05\/wcmadonnasprint-mariannajagercikova-nilslang-lr0132-300x225.jpg 300w, https:\/\/www.skimo.at\/sportler\/files\/2021\/05\/wcmadonnasprint-mariannajagercikova-nilslang-lr0132-768x577.jpg 768w, https:\/\/www.skimo.at\/sportler\/files\/2021\/05\/wcmadonnasprint-mariannajagercikova-nilslang-lr0132-1224x919.jpg 1224w, https:\/\/www.skimo.at\/sportler\/files\/2021\/05\/wcmadonnasprint-mariannajagercikova-nilslang-lr0132-970x728.jpg 970w, https:\/\/www.skimo.at\/sportler\/files\/2021\/05\/wcmadonnasprint-mariannajagercikova-nilslang-lr0132-554x416.jpg 554w, https:\/\/www.skimo.at\/sportler\/files\/2021\/05\/wcmadonnasprint-mariannajagercikova-nilslang-lr0132-124x93.jpg 124w, https:\/\/www.skimo.at\/sportler\/files\/2021\/05\/wcmadonnasprint-mariannajagercikova-nilslang-lr0132.jpg 1693w\" sizes=\"(max-width: 1024px) 100vw, 1024px\" \/><\/a><\/figure><\/li><li class=\"blocks-gallery-item\"><figure><a href=\"https:\/\/www.skimo.at\/sportler\/files\/2021\/05\/wcmadonnasprint-mariannefatton-nilslang-lr0046-2.jpg\"><img loading=\"lazy\" width=\"1024\" height=\"769\" src=\"https:\/\/www.skimo.at\/sportler\/files\/2021\/05\/wcmadonnasprint-mariannefatton-nilslang-lr0046-2-1024x769.jpg\" alt=\"wcmadonnasprint mariannefatton nilslang lr0046 2\" data-id=\"15919\" data-full-url=\"https:\/\/www.skimo.at\/sportler\/files\/2021\/05\/wcmadonnasprint-mariannefatton-nilslang-lr0046-2.jpg\" data-link=\"https:\/\/www.skimo.at\/sportler\/?attachment_id=15919\" class=\"wp-image-15919\" srcset=\"https:\/\/www.skimo.at\/sportler\/files\/2021\/05\/wcmadonnasprint-mariannefatton-nilslang-lr0046-2-1024x769.jpg 1024w, https:\/\/www.skimo.at\/sportler\/files\/2021\/05\/wcmadonnasprint-mariannefatton-nilslang-lr0046-2-300x225.jpg 300w, https:\/\/www.skimo.at\/sportler\/files\/2021\/05\/wcmadonnasprint-mariannefatton-nilslang-lr0046-2-768x577.jpg 768w, https:\/\/www.skimo.at\/sportler\/files\/2021\/05\/wcmadonnasprint-mariannefatton-nilslang-lr0046-2-1224x919.jpg 1224w, https:\/\/www.skimo.at\/sportler\/files\/2021\/05\/wcmadonnasprint-mariannefatton-nilslang-lr0046-2-970x728.jpg 970w, https:\/\/www.skimo.at\/sportler\/files\/2021\/05\/wcmadonnasprint-mariannefatton-nilslang-lr0046-2-554x416.jpg 554w, https:\/\/www.skimo.at\/sportler\/files\/2021\/05\/wcmadonnasprint-mariannefatton-nilslang-lr0046-2-124x93.jpg 124w, https:\/\/www.skimo.at\/sportler\/files\/2021\/05\/wcmadonnasprint-mariannefatton-nilslang-lr0046-2.jpg 1693w\" sizes=\"(max-width: 1024px) 100vw, 1024px\" \/><\/a><\/figure><\/li><li class=\"blocks-gallery-item\"><figure><a href=\"https:\/\/www.skimo.at\/sportler\/files\/2021\/05\/wcmadonnasprint-mariannefatton-nilslang-lr0131-2.jpg\"><img loading=\"lazy\" width=\"1024\" height=\"769\" src=\"https:\/\/www.skimo.at\/sportler\/files\/2021\/05\/wcmadonnasprint-mariannefatton-nilslang-lr0131-2-1024x769.jpg\" alt=\"wcmadonnasprint mariannefatton nilslang lr0131 2\" data-id=\"15920\" data-full-url=\"https:\/\/www.skimo.at\/sportler\/files\/2021\/05\/wcmadonnasprint-mariannefatton-nilslang-lr0131-2.jpg\" data-link=\"https:\/\/www.skimo.at\/sportler\/?attachment_id=15920\" class=\"wp-image-15920\" srcset=\"https:\/\/www.skimo.at\/sportler\/files\/2021\/05\/wcmadonnasprint-mariannefatton-nilslang-lr0131-2-1024x769.jpg 1024w, https:\/\/www.skimo.at\/sportler\/files\/2021\/05\/wcmadonnasprint-mariannefatton-nilslang-lr0131-2-300x225.jpg 300w, https:\/\/www.skimo.at\/sportler\/files\/2021\/05\/wcmadonnasprint-mariannefatton-nilslang-lr0131-2-768x577.jpg 768w, https:\/\/www.skimo.at\/sportler\/files\/2021\/05\/wcmadonnasprint-mariannefatton-nilslang-lr0131-2-1224x919.jpg 1224w, https:\/\/www.skimo.at\/sportler\/files\/2021\/05\/wcmadonnasprint-mariannefatton-nilslang-lr0131-2-970x728.jpg 970w, https:\/\/www.skimo.at\/sportler\/files\/2021\/05\/wcmadonnasprint-mariannefatton-nilslang-lr0131-2-554x416.jpg 554w, https:\/\/www.skimo.at\/sportler\/files\/2021\/05\/wcmadonnasprint-mariannefatton-nilslang-lr0131-2-124x93.jpg 124w, https:\/\/www.skimo.at\/sportler\/files\/2021\/05\/wcmadonnasprint-mariannefatton-nilslang-lr0131-2.jpg 1693w\" sizes=\"(max-width: 1024px) 100vw, 1024px\" \/><\/a><\/figure><\/li><li class=\"blocks-gallery-item\"><figure><a href=\"https:\/\/www.skimo.at\/sportler\/files\/2021\/05\/wcmadonnasprint-maximiliendrionduchapois-nilslang-lr0098.jpg\"><img loading=\"lazy\" width=\"1024\" height=\"769\" src=\"https:\/\/www.skimo.at\/sportler\/files\/2021\/05\/wcmadonnasprint-maximiliendrionduchapois-nilslang-lr0098-1024x769.jpg\" alt=\"wcmadonnasprint maximiliendrionduchapois nilslang lr0098\" data-id=\"15921\" data-full-url=\"https:\/\/www.skimo.at\/sportler\/files\/2021\/05\/wcmadonnasprint-maximiliendrionduchapois-nilslang-lr0098.jpg\" data-link=\"https:\/\/www.skimo.at\/sportler\/?attachment_id=15921\" class=\"wp-image-15921\" srcset=\"https:\/\/www.skimo.at\/sportler\/files\/2021\/05\/wcmadonnasprint-maximiliendrionduchapois-nilslang-lr0098-1024x769.jpg 1024w, https:\/\/www.skimo.at\/sportler\/files\/2021\/05\/wcmadonnasprint-maximiliendrionduchapois-nilslang-lr0098-300x225.jpg 300w, https:\/\/www.skimo.at\/sportler\/files\/2021\/05\/wcmadonnasprint-maximiliendrionduchapois-nilslang-lr0098-768x577.jpg 768w, https:\/\/www.skimo.at\/sportler\/files\/2021\/05\/wcmadonnasprint-maximiliendrionduchapois-nilslang-lr0098-1224x919.jpg 1224w, https:\/\/www.skimo.at\/sportler\/files\/2021\/05\/wcmadonnasprint-maximiliendrionduchapois-nilslang-lr0098-970x728.jpg 970w, https:\/\/www.skimo.at\/sportler\/files\/2021\/05\/wcmadonnasprint-maximiliendrionduchapois-nilslang-lr0098-554x416.jpg 554w, https:\/\/www.skimo.at\/sportler\/files\/2021\/05\/wcmadonnasprint-maximiliendrionduchapois-nilslang-lr0098-124x93.jpg 124w, https:\/\/www.skimo.at\/sportler\/files\/2021\/05\/wcmadonnasprint-maximiliendrionduchapois-nilslang-lr0098.jpg 1693w\" sizes=\"(max-width: 1024px) 100vw, 1024px\" \/><\/a><\/figure><\/li><li class=\"blocks-gallery-item\"><figure><a href=\"https:\/\/www.skimo.at\/sportler\/files\/2021\/05\/wcmadonnasprint-menfinale-nilslang-lr0137.jpg\"><img loading=\"lazy\" width=\"1024\" height=\"769\" src=\"https:\/\/www.skimo.at\/sportler\/files\/2021\/05\/wcmadonnasprint-menfinale-nilslang-lr0137-1024x769.jpg\" alt=\"wcmadonnasprint menfinale nilslang lr0137\" data-id=\"15922\" data-full-url=\"https:\/\/www.skimo.at\/sportler\/files\/2021\/05\/wcmadonnasprint-menfinale-nilslang-lr0137.jpg\" data-link=\"https:\/\/www.skimo.at\/sportler\/?attachment_id=15922\" class=\"wp-image-15922\" srcset=\"https:\/\/www.skimo.at\/sportler\/files\/2021\/05\/wcmadonnasprint-menfinale-nilslang-lr0137-1024x769.jpg 1024w, https:\/\/www.skimo.at\/sportler\/files\/2021\/05\/wcmadonnasprint-menfinale-nilslang-lr0137-300x225.jpg 300w, https:\/\/www.skimo.at\/sportler\/files\/2021\/05\/wcmadonnasprint-menfinale-nilslang-lr0137-768x577.jpg 768w, https:\/\/www.skimo.at\/sportler\/files\/2021\/05\/wcmadonnasprint-menfinale-nilslang-lr0137-1224x919.jpg 1224w, https:\/\/www.skimo.at\/sportler\/files\/2021\/05\/wcmadonnasprint-menfinale-nilslang-lr0137-970x728.jpg 970w, https:\/\/www.skimo.at\/sportler\/files\/2021\/05\/wcmadonnasprint-menfinale-nilslang-lr0137-554x416.jpg 554w, https:\/\/www.skimo.at\/sportler\/files\/2021\/05\/wcmadonnasprint-menfinale-nilslang-lr0137-124x93.jpg 124w, https:\/\/www.skimo.at\/sportler\/files\/2021\/05\/wcmadonnasprint-menfinale-nilslang-lr0137.jpg 1693w\" sizes=\"(max-width: 1024px) 100vw, 1024px\" \/><\/a><\/figure><\/li><\/ul><\/figure>\n\n\n\n<p>Die finalen Sprint-Ergebnislisten aus Madonna die Campiglio sind&nbsp;<strong><a href=\"http:\/\/www.skimo.at\/sportler\/19581\/ergebnisliste-sprint-online\/\" target=\"_blank\" rel=\"noreferrer noopener\">hier<\/a><\/strong>&nbsp;zu finden.<\/p>\n\n\n\n<p><strong>Morgen Freitag (26.03.) werden die Tages- und Gesamtweltcup-Entscheidungen im VERTICAL-Bewerb ausgetragen.<\/strong><br>&#8230; also stay tuned z.B. im LIVE-TICKER at&nbsp;<strong><a href=\"http:\/\/www.skimo.at\/\" target=\"_blank\" rel=\"noreferrer noopener\">www.skimo.at<\/a><\/strong><\/p>\n","protected":false},"excerpt":{"rendered":"<p>Super Location, tolles Wetter, sehr gute Schneeverh\u00e4ltnisse &#8211; Madonna di Campiglio hat am ersten Tag des ISMF Weltcup-Finales geliefert. Aber wie haben sich die \u00f6sterreichischen und deutschen AthletInnen im Sprint-Bewerb geschlagen? Die Stimmung in den zwei Nationalteams war bei der gestrigen Anreise sehr gut.&nbsp;Nach einer lockeren Trainingseinheit war die Motivation f\u00fcr das heutige Rennen sehr [&hellip;]<\/p>\n","protected":false},"author":41,"featured_media":15909,"comment_status":"closed","ping_status":"closed","sticky":false,"template":"","format":"standard","meta":[],"categories":[1,3,7],"tags":[],"yoast_head":"<!-- This site is optimized with the Yoast SEO plugin v16.3 - https:\/\/yoast.com\/wordpress\/plugins\/seo\/ -->\n<title>Bildbericht vom Sprint beim Weltcup-Finale - Sportler<\/title>\n<meta name=\"robots\" content=\"index, follow, max-snippet:-1, max-image-preview:large, max-video-preview:-1\" \/>\n<link rel=\"canonical\" href=\"https:\/\/www.skimo.at\/sportler\/15906\/bildbericht-vom-sprint-beim-weltcup-finale\/\" \/>\n<meta property=\"og:locale\" content=\"de_DE\" \/>\n<meta property=\"og:type\" content=\"article\" \/>\n<meta property=\"og:title\" content=\"Bildbericht vom Sprint beim Weltcup-Finale - Sportler\" \/>\n<meta property=\"og:description\" content=\"Super Location, tolles Wetter, sehr gute Schneeverh\u00e4ltnisse &#8211; Madonna di Campiglio hat am ersten Tag des ISMF Weltcup-Finales geliefert. Aber wie haben sich die \u00f6sterreichischen und deutschen AthletInnen im Sprint-Bewerb geschlagen? Die Stimmung in den zwei Nationalteams war bei der gestrigen Anreise sehr gut.&nbsp;Nach einer lockeren Trainingseinheit war die Motivation f\u00fcr das heutige Rennen sehr [&hellip;]\" \/>\n<meta property=\"og:url\" content=\"https:\/\/www.skimo.at\/sportler\/15906\/bildbericht-vom-sprint-beim-weltcup-finale\/\" \/>\n<meta property=\"og:site_name\" content=\"Sportler\" \/>\n<meta property=\"article:published_time\" content=\"2021-03-25T12:09:00+00:00\" \/>\n<meta property=\"article:modified_time\" content=\"2021-05-19T12:16:01+00:00\" \/>\n<meta property=\"og:image\" content=\"https:\/\/skimo.73.jarolim.eu\/sportler\/files\/2021\/05\/wcmadonnasprint-juliantritscher-nilslang-lr0024-2.jpg\" \/>\n\t<meta property=\"og:image:width\" content=\"1693\" \/>\n\t<meta property=\"og:image:height\" content=\"1271\" \/>\n<meta name=\"twitter:card\" content=\"summary\" \/>\n<meta name=\"twitter:label1\" content=\"Gesch\u00e4tzte Lesezeit\">\n\t<meta name=\"twitter:data1\" content=\"8\u00a0Minuten\">\n<script type=\"application\/ld+json\" class=\"yoast-schema-graph\">{\"@context\":\"https:\/\/schema.org\",\"@graph\":[{\"@type\":\"WebSite\",\"@id\":\"https:\/\/skimo.73.jarolim.eu\/sportler\/#website\",\"url\":\"https:\/\/skimo.73.jarolim.eu\/sportler\/\",\"name\":\"Sportler\",\"description\":\"\",\"potentialAction\":[{\"@type\":\"SearchAction\",\"target\":\"https:\/\/skimo.73.jarolim.eu\/sportler\/?s={search_term_string}\",\"query-input\":\"required name=search_term_string\"}],\"inLanguage\":\"de\"},{\"@type\":\"ImageObject\",\"@id\":\"https:\/\/www.skimo.at\/sportler\/15906\/bildbericht-vom-sprint-beim-weltcup-finale\/#primaryimage\",\"inLanguage\":\"de\",\"url\":\"https:\/\/www.skimo.at\/sportler\/files\/2021\/05\/wcmadonnasprint-juliantritscher-nilslang-lr0024-2.jpg\",\"contentUrl\":\"https:\/\/www.skimo.at\/sportler\/files\/2021\/05\/wcmadonnasprint-juliantritscher-nilslang-lr0024-2.jpg\",\"width\":1693,\"height\":1271,\"caption\":\"wcmadonnasprint juliantritscher nilslang lr0024 2\"},{\"@type\":\"WebPage\",\"@id\":\"https:\/\/www.skimo.at\/sportler\/15906\/bildbericht-vom-sprint-beim-weltcup-finale\/#webpage\",\"url\":\"https:\/\/www.skimo.at\/sportler\/15906\/bildbericht-vom-sprint-beim-weltcup-finale\/\",\"name\":\"Bildbericht vom Sprint beim Weltcup-Finale - Sportler\",\"isPartOf\":{\"@id\":\"https:\/\/skimo.73.jarolim.eu\/sportler\/#website\"},\"primaryImageOfPage\":{\"@id\":\"https:\/\/www.skimo.at\/sportler\/15906\/bildbericht-vom-sprint-beim-weltcup-finale\/#primaryimage\"},\"datePublished\":\"2021-03-25T12:09:00+00:00\",\"dateModified\":\"2021-05-19T12:16:01+00:00\",\"author\":{\"@id\":\"https:\/\/skimo.73.jarolim.eu\/sportler\/#\/schema\/person\/717b36784b32a41919147406f78a1afc\"},\"breadcrumb\":{\"@id\":\"https:\/\/www.skimo.at\/sportler\/15906\/bildbericht-vom-sprint-beim-weltcup-finale\/#breadcrumb\"},\"inLanguage\":\"de\",\"potentialAction\":[{\"@type\":\"ReadAction\",\"target\":[\"https:\/\/www.skimo.at\/sportler\/15906\/bildbericht-vom-sprint-beim-weltcup-finale\/\"]}]},{\"@type\":\"BreadcrumbList\",\"@id\":\"https:\/\/www.skimo.at\/sportler\/15906\/bildbericht-vom-sprint-beim-weltcup-finale\/#breadcrumb\",\"itemListElement\":[{\"@type\":\"ListItem\",\"position\":1,\"item\":{\"@type\":\"WebPage\",\"@id\":\"https:\/\/skimo.73.jarolim.eu\/sportler\/\",\"url\":\"https:\/\/skimo.73.jarolim.eu\/sportler\/\",\"name\":\"Home\"}},{\"@type\":\"ListItem\",\"position\":2,\"item\":{\"@id\":\"https:\/\/www.skimo.at\/sportler\/15906\/bildbericht-vom-sprint-beim-weltcup-finale\/#webpage\"}}]},{\"@type\":\"Person\",\"@id\":\"https:\/\/skimo.73.jarolim.eu\/sportler\/#\/schema\/person\/717b36784b32a41919147406f78a1afc\",\"name\":\"enovak\",\"image\":{\"@type\":\"ImageObject\",\"@id\":\"https:\/\/skimo.73.jarolim.eu\/sportler\/#personlogo\",\"inLanguage\":\"de\",\"url\":\"https:\/\/secure.gravatar.com\/avatar\/ef9d382920cc0211fc6af535d16a5b4a?s=96&r=g\",\"contentUrl\":\"https:\/\/secure.gravatar.com\/avatar\/ef9d382920cc0211fc6af535d16a5b4a?s=96&r=g\",\"caption\":\"enovak\"},\"url\":\"https:\/\/www.skimo.at\/sportler\/author\/enovak\/\"}]}<\/script>\n<!-- \/ Yoast SEO plugin. -->","_links":{"self":[{"href":"https:\/\/www.skimo.at\/sportler\/wp-json\/wp\/v2\/posts\/15906"}],"collection":[{"href":"https:\/\/www.skimo.at\/sportler\/wp-json\/wp\/v2\/posts"}],"about":[{"href":"https:\/\/www.skimo.at\/sportler\/wp-json\/wp\/v2\/types\/post"}],"author":[{"embeddable":true,"href":"https:\/\/www.skimo.at\/sportler\/wp-json\/wp\/v2\/users\/41"}],"replies":[{"embeddable":true,"href":"https:\/\/www.skimo.at\/sportler\/wp-json\/wp\/v2\/comments?post=15906"}],"version-history":[{"count":1,"href":"https:\/\/www.skimo.at\/sportler\/wp-json\/wp\/v2\/posts\/15906\/revisions"}],"predecessor-version":[{"id":15923,"href":"https:\/\/www.skimo.at\/sportler\/wp-json\/wp\/v2\/posts\/15906\/revisions\/15923"}],"wp:featuredmedia":[{"embeddable":true,"href":"https:\/\/www.skimo.at\/sportler\/wp-json\/wp\/v2\/media\/15909"}],"wp:attachment":[{"href":"https:\/\/www.skimo.at\/sportler\/wp-json\/wp\/v2\/media?parent=15906"}],"wp:term":[{"taxonomy":"category","embeddable":true,"href":"https:\/\/www.skimo.at\/sportler\/wp-json\/wp\/v2\/categories?post=15906"},{"taxonomy":"post_tag","embeddable":true,"href":"https:\/\/www.skimo.at\/sportler\/wp-json\/wp\/v2\/tags?post=15906"}],"curies":[{"name":"wp","href":"https:\/\/api.w.org\/{rel}","templated":true}]}}