{"id":1560,"date":"2014-01-17T21:30:07","date_gmt":"2014-01-17T19:30:07","guid":{"rendered":"http:\/\/www.skimo.at\/sportler\/?p=1560"},"modified":"2021-01-05T18:31:02","modified_gmt":"2021-01-05T16:31:02","slug":"weltcup-verbier-sui-tag-1-streckenbesichtigung-eroeffnungszeremonie","status":"publish","type":"post","link":"https:\/\/www.skimo.at\/sportler\/1560\/weltcup-verbier-sui-tag-1-streckenbesichtigung-eroeffnungszeremonie\/","title":{"rendered":"Weltcup Verbier (SUI) Tag 1 &#8211; Streckenbesichtigung, Er\u00f6ffnungszeremonie"},"content":{"rendered":"<p>Heute Morgen sind unsere Athleten in Verbier im Winter-Wunderland aufgewacht. NAch der Anreise im Teambus (Dankenswerter Weise vom \u00d6SV freundschaftlich zur Verf\u00fcgung gestellt worden) war ertstmal Tiefschlafphase angesagt. Am Morgen dann die freudige \u00dcberraschung: 40 cm Neuschnee und Schneeflocken tauchten das Schweizer Bergst\u00e4dtchen in f\u00fcr heuer ungew\u00f6hnlich winterliches Wei\u00df. Die tollen Fotos, die wir bekommen haben, beschr\u00e4nken sich aber auch dort nur auf hohe Lagen \u00fcber 1.500 Meter. Zu Trost f\u00fcr alle \u00d6sterreicher ist auch in der Schweiz in tiefen Lagen alles gr\u00fcn, z.B. in Martigny.<\/p>\n<p>Die Streckenbesichtigung lief heute jedenfalls f\u00fcr Ina Forchthammer, Philipp Brugger und Martin Wei\u00dfkopf hervorragend und bei bester Stimmung ab. Eine tiefe und f\u00fcr Weltcup-Verh\u00e4ltnisse steile Spur erwartet die Athleten beim morgigen Individualrennen. Das Rennen selbst ist ideal und \u00fcbersichtlich in einem Talkessel angelegt, zwei sehr lange und steile Tragepassagen sind wohl die Schl\u00fcsselstellen.<\/p>\n<blockquote><p>\u00a0&#8222;Bei so einer strecke wird man richtig glustig!&#8220;<\/p>\n<p>Martin Wei\u00dfkopf<\/p><\/blockquote>\n<p>Die Er\u00f6ffnungszeremonie begann mit dem offiziellen und feierlichen Teil, Einmarsch der Nationen (Ina Forchthammer durfte als erste einmarschieren), Ansprachen, eine Bl\u00e4serkonzert etc. Wundersch\u00f6n inszeniert und sehr feierlich&#8230;.der ISMF Weltcup entwickelt sich zusehends zu einem sportlichen Gro\u00dfereignis. Ausstellungsst\u00fccke aus dem PDG-Museum waren bereitgestellt, toll f\u00fcr die Athleten. Die Startnummernauslosung nach der Zeremonie war ebenfalls wunderbar aufbereitet! Stimmungsvolles Licht, dramatisch gemacht, gewaltig.<br \/>\nDas gro\u00dfe Hallo gabs aber danach, weil sich die Top Athleten der ganzen Welt nach der Sommerpause zum ersten Mal wieder sahen. Da wurde umarmt und H\u00e4nde gesch\u00fcttelt, eine gro\u00dfe Familie traf sich wieder! Fast sieht es heute so aus, als ob es keine Konkurrenz gibt\u2026.bis morgen um 9:00 Uhr die Startpistole f\u00fcr die Herren knallt, die Junioren-Damen mit Ina Forchthammer folgen um 9:20!<\/p>\n<p>Wir w\u00fcnschen unseren Athleten f\u00fcr Morgen jedenfalls alles Gute. Auf der Facebook-Seite des ASKIMO werden wir laufend Informationen vom Weltcup bereitstellen.<\/p>\n<p><a href=\"http:\/\/www.verbier2015.ch\/de\/programm\/\">Hier geht\u2019s zur Webseite des Weltcups<\/a>.<\/p>\n","protected":false},"excerpt":{"rendered":"<p>Heute Morgen sind unsere Athleten in Verbier im Winter-Wunderland aufgewacht. NAch der Anreise im Teambus (Dankenswerter Weise vom \u00d6SV freundschaftlich zur Verf\u00fcgung gestellt worden) war ertstmal Tiefschlafphase angesagt. Am Morgen dann die freudige \u00dcberraschung: 40 cm Neuschnee und Schneeflocken tauchten das Schweizer Bergst\u00e4dtchen in f\u00fcr heuer ungew\u00f6hnlich winterliches Wei\u00df. Die tollen Fotos, die wir bekommen [&hellip;]<\/p>\n","protected":false},"author":3,"featured_media":1572,"comment_status":"closed","ping_status":"closed","sticky":false,"template":"","format":"standard","meta":[],"categories":[1,11,3,7],"tags":[],"yoast_head":"<!-- This site is optimized with the Yoast SEO plugin v16.3 - https:\/\/yoast.com\/wordpress\/plugins\/seo\/ -->\n<title>Weltcup Verbier (SUI) Tag 1 - Streckenbesichtigung, Er\u00f6ffnungszeremonie - Sportler<\/title>\n<meta name=\"robots\" content=\"index, follow, max-snippet:-1, max-image-preview:large, max-video-preview:-1\" \/>\n<link rel=\"canonical\" href=\"https:\/\/www.skimo.at\/sportler\/1560\/weltcup-verbier-sui-tag-1-streckenbesichtigung-eroeffnungszeremonie\/\" \/>\n<meta property=\"og:locale\" content=\"de_DE\" \/>\n<meta property=\"og:type\" content=\"article\" \/>\n<meta property=\"og:title\" content=\"Weltcup Verbier (SUI) Tag 1 - Streckenbesichtigung, Er\u00f6ffnungszeremonie - Sportler\" \/>\n<meta property=\"og:description\" content=\"Heute Morgen sind unsere Athleten in Verbier im Winter-Wunderland aufgewacht. NAch der Anreise im Teambus (Dankenswerter Weise vom \u00d6SV freundschaftlich zur Verf\u00fcgung gestellt worden) war ertstmal Tiefschlafphase angesagt. Am Morgen dann die freudige \u00dcberraschung: 40 cm Neuschnee und Schneeflocken tauchten das Schweizer Bergst\u00e4dtchen in f\u00fcr heuer ungew\u00f6hnlich winterliches Wei\u00df. Die tollen Fotos, die wir bekommen [&hellip;]\" \/>\n<meta property=\"og:url\" content=\"https:\/\/www.skimo.at\/sportler\/1560\/weltcup-verbier-sui-tag-1-streckenbesichtigung-eroeffnungszeremonie\/\" \/>\n<meta property=\"og:site_name\" content=\"Sportler\" \/>\n<meta property=\"article:published_time\" content=\"2014-01-17T19:30:07+00:00\" \/>\n<meta property=\"article:modified_time\" content=\"2021-01-05T16:31:02+00:00\" \/>\n<meta property=\"og:image\" content=\"https:\/\/skimo.73.jarolim.eu\/sportler\/files\/2014\/01\/WC-Verbier-Besichtigung-10-foto-werbegams.at-LR.jpg\" \/>\n\t<meta property=\"og:image:width\" content=\"1350\" \/>\n\t<meta property=\"og:image:height\" content=\"1800\" \/>\n<meta name=\"twitter:card\" content=\"summary\" \/>\n<meta name=\"twitter:label1\" content=\"Gesch\u00e4tzte Lesezeit\">\n\t<meta name=\"twitter:data1\" content=\"2\u00a0Minuten\">\n<script type=\"application\/ld+json\" class=\"yoast-schema-graph\">{\"@context\":\"https:\/\/schema.org\",\"@graph\":[{\"@type\":\"WebSite\",\"@id\":\"https:\/\/skimo.73.jarolim.eu\/sportler\/#website\",\"url\":\"https:\/\/skimo.73.jarolim.eu\/sportler\/\",\"name\":\"Sportler\",\"description\":\"\",\"potentialAction\":[{\"@type\":\"SearchAction\",\"target\":\"https:\/\/skimo.73.jarolim.eu\/sportler\/?s={search_term_string}\",\"query-input\":\"required name=search_term_string\"}],\"inLanguage\":\"de\"},{\"@type\":\"ImageObject\",\"@id\":\"https:\/\/www.skimo.at\/sportler\/1560\/weltcup-verbier-sui-tag-1-streckenbesichtigung-eroeffnungszeremonie\/#primaryimage\",\"inLanguage\":\"de\",\"url\":\"https:\/\/www.skimo.at\/sportler\/files\/2014\/01\/WC-Verbier-Besichtigung-10-foto-werbegams.at-LR.jpg\",\"contentUrl\":\"https:\/\/www.skimo.at\/sportler\/files\/2014\/01\/WC-Verbier-Besichtigung-10-foto-werbegams.at-LR.jpg\",\"width\":1350,\"height\":1800},{\"@type\":\"WebPage\",\"@id\":\"https:\/\/www.skimo.at\/sportler\/1560\/weltcup-verbier-sui-tag-1-streckenbesichtigung-eroeffnungszeremonie\/#webpage\",\"url\":\"https:\/\/www.skimo.at\/sportler\/1560\/weltcup-verbier-sui-tag-1-streckenbesichtigung-eroeffnungszeremonie\/\",\"name\":\"Weltcup Verbier (SUI) Tag 1 - Streckenbesichtigung, Er\\u00f6ffnungszeremonie - Sportler\",\"isPartOf\":{\"@id\":\"https:\/\/skimo.73.jarolim.eu\/sportler\/#website\"},\"primaryImageOfPage\":{\"@id\":\"https:\/\/www.skimo.at\/sportler\/1560\/weltcup-verbier-sui-tag-1-streckenbesichtigung-eroeffnungszeremonie\/#primaryimage\"},\"datePublished\":\"2014-01-17T19:30:07+00:00\",\"dateModified\":\"2021-01-05T16:31:02+00:00\",\"author\":{\"@id\":\"https:\/\/skimo.73.jarolim.eu\/sportler\/#\/schema\/person\/796ecbce6796efca58bf848ca63ec12c\"},\"breadcrumb\":{\"@id\":\"https:\/\/www.skimo.at\/sportler\/1560\/weltcup-verbier-sui-tag-1-streckenbesichtigung-eroeffnungszeremonie\/#breadcrumb\"},\"inLanguage\":\"de\",\"potentialAction\":[{\"@type\":\"ReadAction\",\"target\":[\"https:\/\/www.skimo.at\/sportler\/1560\/weltcup-verbier-sui-tag-1-streckenbesichtigung-eroeffnungszeremonie\/\"]}]},{\"@type\":\"BreadcrumbList\",\"@id\":\"https:\/\/www.skimo.at\/sportler\/1560\/weltcup-verbier-sui-tag-1-streckenbesichtigung-eroeffnungszeremonie\/#breadcrumb\",\"itemListElement\":[{\"@type\":\"ListItem\",\"position\":1,\"item\":{\"@type\":\"WebPage\",\"@id\":\"https:\/\/skimo.73.jarolim.eu\/sportler\/\",\"url\":\"https:\/\/skimo.73.jarolim.eu\/sportler\/\",\"name\":\"Home\"}},{\"@type\":\"ListItem\",\"position\":2,\"item\":{\"@id\":\"https:\/\/www.skimo.at\/sportler\/1560\/weltcup-verbier-sui-tag-1-streckenbesichtigung-eroeffnungszeremonie\/#webpage\"}}]},{\"@type\":\"Person\",\"@id\":\"https:\/\/skimo.73.jarolim.eu\/sportler\/#\/schema\/person\/796ecbce6796efca58bf848ca63ec12c\",\"name\":\"kposch\",\"image\":{\"@type\":\"ImageObject\",\"@id\":\"https:\/\/skimo.73.jarolim.eu\/sportler\/#personlogo\",\"inLanguage\":\"de\",\"url\":\"https:\/\/secure.gravatar.com\/avatar\/e9f5f28da60e5e563d3f4d3cc0b9b425?s=96&r=g\",\"contentUrl\":\"https:\/\/secure.gravatar.com\/avatar\/e9f5f28da60e5e563d3f4d3cc0b9b425?s=96&r=g\",\"caption\":\"kposch\"},\"url\":\"https:\/\/www.skimo.at\/sportler\/author\/kposch\/\"}]}<\/script>\n<!-- \/ Yoast SEO plugin. -->","_links":{"self":[{"href":"https:\/\/www.skimo.at\/sportler\/wp-json\/wp\/v2\/posts\/1560"}],"collection":[{"href":"https:\/\/www.skimo.at\/sportler\/wp-json\/wp\/v2\/posts"}],"about":[{"href":"https:\/\/www.skimo.at\/sportler\/wp-json\/wp\/v2\/types\/post"}],"author":[{"embeddable":true,"href":"https:\/\/www.skimo.at\/sportler\/wp-json\/wp\/v2\/users\/3"}],"replies":[{"embeddable":true,"href":"https:\/\/www.skimo.at\/sportler\/wp-json\/wp\/v2\/comments?post=1560"}],"version-history":[{"count":7,"href":"https:\/\/www.skimo.at\/sportler\/wp-json\/wp\/v2\/posts\/1560\/revisions"}],"predecessor-version":[{"id":15607,"href":"https:\/\/www.skimo.at\/sportler\/wp-json\/wp\/v2\/posts\/1560\/revisions\/15607"}],"wp:featuredmedia":[{"embeddable":true,"href":"https:\/\/www.skimo.at\/sportler\/wp-json\/wp\/v2\/media\/1572"}],"wp:attachment":[{"href":"https:\/\/www.skimo.at\/sportler\/wp-json\/wp\/v2\/media?parent=1560"}],"wp:term":[{"taxonomy":"category","embeddable":true,"href":"https:\/\/www.skimo.at\/sportler\/wp-json\/wp\/v2\/categories?post=1560"},{"taxonomy":"post_tag","embeddable":true,"href":"https:\/\/www.skimo.at\/sportler\/wp-json\/wp\/v2\/tags?post=1560"}],"curies":[{"name":"wp","href":"https:\/\/api.w.org\/{rel}","templated":true}]}}