{"id":15454,"date":"2020-11-12T22:09:49","date_gmt":"2020-11-12T20:09:49","guid":{"rendered":"http:\/\/www.skimo.at\/sportler\/?p=15454"},"modified":"2020-12-01T22:10:20","modified_gmt":"2020-12-01T20:10:20","slug":"jakob-herrmann-bei-radunfall-verletzt","status":"publish","type":"post","link":"https:\/\/www.skimo.at\/sportler\/15454\/jakob-herrmann-bei-radunfall-verletzt\/","title":{"rendered":"Jakob Herrmann bei Radunfall verletzt"},"content":{"rendered":"\n<h2>Das Verletzungspech im \u00d6SV Skibergsteiger-Kader im Jahr 2020 h\u00e4lt an. Heute hat sich Jakob Herrmann bei einem Radunfall den Ellbogen gebrochen. Er wurde bereits operiert und ist auf dem Weg der Besserung.<\/h2>\n\n\n\n<p>Nach dem Paragleiterunfall Mitte J\u00e4nner von Daniel Zugg mit Handgelenks- und Wirbelbruch hatte dieser sich wieder gut erholt, aber Anfang August wieder sein Bein verletzt. Ebenfalls Anfang August hat sich David K\u00f6gler das Sprunggelenk gebrochen. Mitte September hatte schlie\u00dflich Armin H\u00f6fl einen schweren Sturz mit dem Rad und brach sich den linken Oberschenkelhals-Knochen.<\/p>\n\n\n\n<p>Zu Faschingsbeginn am 11.11. hat das mittlerweile schon recht unlustige Verletzungspech nun auch Jakob Herrmann eingeholt: er rutschte bei einer Trainingsfahrt mit dem Rennrad auf einem Bahn\u00fcbergang aus und brach sich den rechten Ellenbogen. Noch am selben Tag wurde Herrmann im KH Schwarzach operiert und befindet sich schon auf dem Weg der Besserung. Training auf der Walze und leichte Bergtouren sollten eine Unterbrechung des Trainings verhindern k\u00f6nnen, nach 10 Tagen wird die Benutzung von St\u00f6cken hoffentlich wieder m\u00f6glich sein und wenn alles gut geht, dann ist in 6 &#8211; 8 Wochen wieder volle Belastung m\u00f6glich.<\/p>\n\n\n\n<p class=\"has-text-align-center\"><strong>Das Team von SKIMO Austria w\u00fcnscht\u00a0jedenfalls gute Besserung!<\/strong><\/p>\n","protected":false},"excerpt":{"rendered":"<p>Heute hat sich Jakob Herrmann bei einem Radunfall den Ellbogen gebrochen. Er wurde bereits operiert und ist auf dem Weg der Besserung.<\/p>\n","protected":false},"author":39,"featured_media":15456,"comment_status":"closed","ping_status":"closed","sticky":false,"template":"","format":"standard","meta":[],"categories":[1],"tags":[],"yoast_head":"<!-- This site is optimized with the Yoast SEO plugin v16.3 - https:\/\/yoast.com\/wordpress\/plugins\/seo\/ -->\n<title>Jakob Herrmann bei Radunfall verletzt - Sportler<\/title>\n<meta name=\"robots\" content=\"index, follow, max-snippet:-1, max-image-preview:large, max-video-preview:-1\" \/>\n<link rel=\"canonical\" href=\"https:\/\/www.skimo.at\/sportler\/15454\/jakob-herrmann-bei-radunfall-verletzt\/\" \/>\n<meta property=\"og:locale\" content=\"de_DE\" \/>\n<meta property=\"og:type\" content=\"article\" \/>\n<meta property=\"og:title\" content=\"Jakob Herrmann bei Radunfall verletzt - Sportler\" \/>\n<meta property=\"og:description\" content=\"Heute hat sich Jakob Herrmann bei einem Radunfall den Ellbogen gebrochen. Er wurde bereits operiert und ist auf dem Weg der Besserung.\" \/>\n<meta property=\"og:url\" content=\"https:\/\/www.skimo.at\/sportler\/15454\/jakob-herrmann-bei-radunfall-verletzt\/\" \/>\n<meta property=\"og:site_name\" content=\"Sportler\" \/>\n<meta property=\"article:published_time\" content=\"2020-11-12T20:09:49+00:00\" \/>\n<meta property=\"article:modified_time\" content=\"2020-12-01T20:10:20+00:00\" \/>\n<meta property=\"og:image\" content=\"http:\/\/skimo.73.jarolim.eu\/sportler\/files\/2020\/12\/jakob-herrmann-unfall.png\" \/>\n\t<meta property=\"og:image:width\" content=\"400\" \/>\n\t<meta property=\"og:image:height\" content=\"267\" \/>\n<meta name=\"twitter:card\" content=\"summary\" \/>\n<meta name=\"twitter:label1\" content=\"Gesch\u00e4tzte Lesezeit\">\n\t<meta name=\"twitter:data1\" content=\"1\u00a0Minute\">\n<script type=\"application\/ld+json\" class=\"yoast-schema-graph\">{\"@context\":\"https:\/\/schema.org\",\"@graph\":[{\"@type\":\"WebSite\",\"@id\":\"https:\/\/skimo.73.jarolim.eu\/sportler\/#website\",\"url\":\"https:\/\/skimo.73.jarolim.eu\/sportler\/\",\"name\":\"Sportler\",\"description\":\"\",\"potentialAction\":[{\"@type\":\"SearchAction\",\"target\":\"https:\/\/skimo.73.jarolim.eu\/sportler\/?s={search_term_string}\",\"query-input\":\"required name=search_term_string\"}],\"inLanguage\":\"de\"},{\"@type\":\"ImageObject\",\"@id\":\"https:\/\/www.skimo.at\/sportler\/15454\/jakob-herrmann-bei-radunfall-verletzt\/#primaryimage\",\"inLanguage\":\"de\",\"url\":\"https:\/\/www.skimo.at\/sportler\/files\/2020\/12\/jakob-herrmann-unfall.png\",\"contentUrl\":\"https:\/\/www.skimo.at\/sportler\/files\/2020\/12\/jakob-herrmann-unfall.png\",\"width\":400,\"height\":267,\"caption\":\"Jakob Herrmann Bild Karl Posch\"},{\"@type\":\"WebPage\",\"@id\":\"https:\/\/www.skimo.at\/sportler\/15454\/jakob-herrmann-bei-radunfall-verletzt\/#webpage\",\"url\":\"https:\/\/www.skimo.at\/sportler\/15454\/jakob-herrmann-bei-radunfall-verletzt\/\",\"name\":\"Jakob Herrmann bei Radunfall verletzt - Sportler\",\"isPartOf\":{\"@id\":\"https:\/\/skimo.73.jarolim.eu\/sportler\/#website\"},\"primaryImageOfPage\":{\"@id\":\"https:\/\/www.skimo.at\/sportler\/15454\/jakob-herrmann-bei-radunfall-verletzt\/#primaryimage\"},\"datePublished\":\"2020-11-12T20:09:49+00:00\",\"dateModified\":\"2020-12-01T20:10:20+00:00\",\"author\":{\"@id\":\"https:\/\/skimo.73.jarolim.eu\/sportler\/#\/schema\/person\/1dcfd4a1244ce37de78392c668157c9d\"},\"breadcrumb\":{\"@id\":\"https:\/\/www.skimo.at\/sportler\/15454\/jakob-herrmann-bei-radunfall-verletzt\/#breadcrumb\"},\"inLanguage\":\"de\",\"potentialAction\":[{\"@type\":\"ReadAction\",\"target\":[\"https:\/\/www.skimo.at\/sportler\/15454\/jakob-herrmann-bei-radunfall-verletzt\/\"]}]},{\"@type\":\"BreadcrumbList\",\"@id\":\"https:\/\/www.skimo.at\/sportler\/15454\/jakob-herrmann-bei-radunfall-verletzt\/#breadcrumb\",\"itemListElement\":[{\"@type\":\"ListItem\",\"position\":1,\"item\":{\"@type\":\"WebPage\",\"@id\":\"https:\/\/skimo.73.jarolim.eu\/sportler\/\",\"url\":\"https:\/\/skimo.73.jarolim.eu\/sportler\/\",\"name\":\"Home\"}},{\"@type\":\"ListItem\",\"position\":2,\"item\":{\"@id\":\"https:\/\/www.skimo.at\/sportler\/15454\/jakob-herrmann-bei-radunfall-verletzt\/#webpage\"}}]},{\"@type\":\"Person\",\"@id\":\"https:\/\/skimo.73.jarolim.eu\/sportler\/#\/schema\/person\/1dcfd4a1244ce37de78392c668157c9d\",\"name\":\"juliamarietm\",\"image\":{\"@type\":\"ImageObject\",\"@id\":\"https:\/\/skimo.73.jarolim.eu\/sportler\/#personlogo\",\"inLanguage\":\"de\",\"url\":\"https:\/\/secure.gravatar.com\/avatar\/331201a266e46ac22eb3aaa2e25e4a07?s=96&r=g\",\"contentUrl\":\"https:\/\/secure.gravatar.com\/avatar\/331201a266e46ac22eb3aaa2e25e4a07?s=96&r=g\",\"caption\":\"juliamarietm\"},\"url\":\"https:\/\/www.skimo.at\/sportler\/author\/juliamarietm\/\"}]}<\/script>\n<!-- \/ Yoast SEO plugin. -->","_links":{"self":[{"href":"https:\/\/www.skimo.at\/sportler\/wp-json\/wp\/v2\/posts\/15454"}],"collection":[{"href":"https:\/\/www.skimo.at\/sportler\/wp-json\/wp\/v2\/posts"}],"about":[{"href":"https:\/\/www.skimo.at\/sportler\/wp-json\/wp\/v2\/types\/post"}],"author":[{"embeddable":true,"href":"https:\/\/www.skimo.at\/sportler\/wp-json\/wp\/v2\/users\/39"}],"replies":[{"embeddable":true,"href":"https:\/\/www.skimo.at\/sportler\/wp-json\/wp\/v2\/comments?post=15454"}],"version-history":[{"count":1,"href":"https:\/\/www.skimo.at\/sportler\/wp-json\/wp\/v2\/posts\/15454\/revisions"}],"predecessor-version":[{"id":15457,"href":"https:\/\/www.skimo.at\/sportler\/wp-json\/wp\/v2\/posts\/15454\/revisions\/15457"}],"wp:featuredmedia":[{"embeddable":true,"href":"https:\/\/www.skimo.at\/sportler\/wp-json\/wp\/v2\/media\/15456"}],"wp:attachment":[{"href":"https:\/\/www.skimo.at\/sportler\/wp-json\/wp\/v2\/media?parent=15454"}],"wp:term":[{"taxonomy":"category","embeddable":true,"href":"https:\/\/www.skimo.at\/sportler\/wp-json\/wp\/v2\/categories?post=15454"},{"taxonomy":"post_tag","embeddable":true,"href":"https:\/\/www.skimo.at\/sportler\/wp-json\/wp\/v2\/tags?post=15454"}],"curies":[{"name":"wp","href":"https:\/\/api.w.org\/{rel}","templated":true}]}}