{"id":1545,"date":"2014-01-16T16:56:47","date_gmt":"2014-01-16T14:56:47","guid":{"rendered":"http:\/\/www.skimo.at\/sportler\/?p=1545"},"modified":"2021-01-05T18:30:24","modified_gmt":"2021-01-05T16:30:24","slug":"das-team-ist-bereit-fuer-den-ersten-weltcup-einsatz","status":"publish","type":"post","link":"https:\/\/www.skimo.at\/sportler\/1545\/das-team-ist-bereit-fuer-den-ersten-weltcup-einsatz\/","title":{"rendered":"UPDATE mit Bildern: Das Team ist bereit f\u00fcr den ersten Weltcup Einsatz"},"content":{"rendered":"<p>F\u00fcr das \u00d6sterreichische Nationalteam steht der erste Weltcupeinsatz bevor. Am kommenden Wochenende trifft sich die internationale Elite mitsamt unserer \u00d6sterreichern in Verbier. Im letzten Jahr hat in dieser Gegend ebenfalls ein Weltcupwochenende stattgefunden (Martin Wei\u00dfkopf gelang damals ein 7. Rang im Sprint in der Espoirklasse), diesmal zieht es die Skibergsteiger erneut ins Schweizer Wallis. Nationalteamtrainer Alexander Lugger hat drei Athleten zu diesem Weltcup Wochenende einberufen. Martin Wei\u00dfkopf und Philipp Brugger werden bei den Herren starten, Ina Forchthammer wird in der Juniorenklasse der Damen ihr Bestes geben. Bereits heute ist die Mannschaft in die Schweiz gereist und wird f\u00fcr die n\u00e4chsten Tage ihr Quartier in Martigny aufschlagen.<\/p>\n<p>Etwas mehr Schnee als in vielen Teilen \u00d6sterreichs ist dort vorhanden, voraussichtlich werden die Athleten sogar noch Neuschnee vorfinden, das Wetter wird wohl an den Rennetagen auch recht abwechslungsreich sein. Aber die Bewerbe versprechen sehr spannend zu werden. Einerseits, weil es die ersten internationalen Veranstaltungen sind und sich die Weltelite untereinander vor der EM noch einmal ordentlich messen will, andererseits, weil sich die Veranstalter streckentechnisch gesehen etwas Besonderes einfallen haben lassen. Ein langer Abschnitt des Vertical Races f\u00fchrt direkt durch das Zentrum und die schmalen Gassen von Verbier. Vor allem f\u00fcr Zuschauer ein einzigartiges Rennen, bei dem die vorbei laufenden Athleten mit Sicherheit besonders angefeuert werden. Die Herrenstrecke im Vertical wird 755 Hm betragen, die Strecke f\u00fcr die Junioren weiblich 620 Hm.<br \/>\nIm Individual Race sind f\u00fcr die Herren 1.700 Hm zu bew\u00e4ltigen, aufgeteilt auf vier Aufstiege mit drei Tragepassagen und vier Abfahrten. Die Juniorenklasse weiblich besteht aus drei Aufstiegen mit zwei Tragepassagen verteilt auf 1.1.35 Hm und drei Abfahrten. Das Individual Race wird am Samstag, 18.1.2014 ausgetragen, das Vertical Race findet am Sonntag, 19.1.2014 statt. 15 Nationen werden laut Anmeldung erwartet, sie alle werden am Freitag feierlich bei einer Er\u00f6ffnungszeremonie in das Weltcupwochenende starten.<\/p>\n<p>F\u00fcr Trainer Alex Lugger sind diese Rennen mit sehr starker internationaler Beteiligung die ersten Pr\u00fcfungsbewerbe zur Europameisterschaft im Februar. Nach diesem Wochenende wird man in der \u00f6sterreichischen Mannschaft sehen k\u00f6nnen, auf welchem Niveau sich unsere Athleten, im Vergleich zur internationalen Konkurrenz befinden. Von Wei\u00dfkopf und Brugger erwartet sich der Nationaltrainer Platzierungen im vorderen Bereich in ihren Klassen, TopTen R\u00e4nge seien durchaus realistisch. \u00c4hnlich sehen es auch die Athleten selber:<\/p>\n<blockquote><p>\u201eIch f\u00fchle mich derzeit sehr gut, die Vorbereitung passt und die Ergebnisse der letzten Rennen mit teilweise bereits starker Konkurrenz, bestehend aus anderen Weltcup Athleten, haben mich sehr zufrieden gestimmt\u201c<\/p>\n<p>Kommentar des Osttirolers Martin Wei\u00dfkopf vor der Abfahrt in die Schweiz<\/p><\/blockquote>\n<blockquote><p>\u201eIch habe mich sehr \u00fcber die Nominierung gefreut und werde mein Bestes geben, eine gute Platzierung mit nach Hause nehmen zu k\u00f6nnen. Vor allem dem Vertical Race sehe ich schon mit Spannung entgegen, das wird sicher ein cooler Bewerb. Die Stimmung vor Ort wird sehr gut sein, dort dann auch noch ein gutes Ergebnis zu erreichen w\u00e4re nat\u00fcrlich genial.\u201c<\/p>\n<p>Top motiviert der zweite Tiroler im Team, Philipp Brugger<\/p><\/blockquote>\n<p>Urspr\u00fcnglich w\u00e4re auch Alexander Fasser einberufen worden, ihm kamen aber leider ein Magen-Darm Infekt und ein Autounfall, der gl\u00fccklicherweise nur mit einem Schleudertrauma endete, dazwischen. Wir m\u00f6chten ihm auf diesem Weg gute Besserung w\u00fcnschen!<\/p>\n<p>Spannend wird es f\u00fcr die Salzburgerin Ina Forchthammer. Die 17-j\u00e4hrige ist diese Saison alt genug, um im Weltcup in der Juniorenklasse starten zu d\u00fcrfen. Seit letztem Jahr hat die ISMF die Cadetklassen aus dem Weltcup gestrichen, somit fiel f\u00fcr Ina der Start im Weltcup weg. In der Woche der Weltmeisterschaft 2013 litt sie unter einer Grippe, somit war in der letzten Saison kein einziges internationales Rennen f\u00fcr sie m\u00f6glich. Umso mehr freut sie sich nun auf den Einsatz:<\/p>\n<blockquote><p>\u201eIch hatte \u00fcber Weihnachten aufgrund schlechter Blutwerte eine kurze zwangsverordnete Trainingspause. Nun passt es gesundheitlich aber wieder sehr gut, die Leistung ist wieder voll da. Ich freue mich auf den ersten Einsatz und bin gespannt, wie es mir als Jahrgangsj\u00fcngste in der Juniorenklasse gehen wird und ob auch neue Athletinnen in meiner Klasse dazugekommen sind.\u201c<\/p><\/blockquote>\n<p>Ein Stockerlplatz w\u00e4re f\u00fcr Ina aber nichts Neues, solcher ist sich in den Jahren zuvor bei Weltcup, EM und WM ja bereits das eine oder andere Mal ausgegangen.<\/p>\n<p>Verbier wird der Veranstaltungsort der WM 2015 sein, Skibergsteiger kennen Verbier aber auch als Ziel der Patrouille des Glacier, dem weltweit bekanntesten Rennen im Skibergsteigen mit heue rund 5.400 Startern. Das Weltcup Wochenende wird daher auch als Anlass genommen, am Samstag eine gro\u00dfe Ausstellung zur Patrouille des Glacier feierlich zu er\u00f6ffnen.<\/p>\n<p>Wir werden nat\u00fcrlich laufend mit Bildern und aktuellen News auf unserer Webseite das kommende Wochenende \u00fcber berichten. Zuerst hei\u00dft es aber &#8222;Daumen dr\u00fccken&#8220; f\u00fcr unsere drei Athleten!<\/p>\n","protected":false},"excerpt":{"rendered":"<p>F\u00fcr das \u00d6sterreichische Nationalteam steht der erste Weltcupeinsatz bevor. Am kommenden Wochenende trifft sich die internationale Elite mitsamt unserer \u00d6sterreichern in Verbier. Im letzten Jahr hat in dieser Gegend ebenfalls ein Weltcupwochenende stattgefunden (Martin Wei\u00dfkopf gelang damals ein 7. Rang im Sprint in der Espoirklasse), diesmal zieht es die Skibergsteiger erneut ins Schweizer Wallis. Nationalteamtrainer [&hellip;]<\/p>\n","protected":false},"author":4,"featured_media":1555,"comment_status":"closed","ping_status":"closed","sticky":false,"template":"","format":"standard","meta":[],"categories":[1,9,3],"tags":[],"yoast_head":"<!-- This site is optimized with the Yoast SEO plugin v16.3 - https:\/\/yoast.com\/wordpress\/plugins\/seo\/ -->\n<title>UPDATE mit Bildern: Das Team ist bereit f\u00fcr den ersten Weltcup Einsatz - Sportler<\/title>\n<meta name=\"robots\" content=\"index, follow, max-snippet:-1, max-image-preview:large, max-video-preview:-1\" \/>\n<link rel=\"canonical\" href=\"https:\/\/www.skimo.at\/sportler\/1545\/das-team-ist-bereit-fuer-den-ersten-weltcup-einsatz\/\" \/>\n<meta property=\"og:locale\" content=\"de_DE\" \/>\n<meta property=\"og:type\" content=\"article\" \/>\n<meta property=\"og:title\" content=\"UPDATE mit Bildern: Das Team ist bereit f\u00fcr den ersten Weltcup Einsatz - Sportler\" \/>\n<meta property=\"og:description\" content=\"F\u00fcr das \u00d6sterreichische Nationalteam steht der erste Weltcupeinsatz bevor. Am kommenden Wochenende trifft sich die internationale Elite mitsamt unserer \u00d6sterreichern in Verbier. Im letzten Jahr hat in dieser Gegend ebenfalls ein Weltcupwochenende stattgefunden (Martin Wei\u00dfkopf gelang damals ein 7. Rang im Sprint in der Espoirklasse), diesmal zieht es die Skibergsteiger erneut ins Schweizer Wallis. Nationalteamtrainer [&hellip;]\" \/>\n<meta property=\"og:url\" content=\"https:\/\/www.skimo.at\/sportler\/1545\/das-team-ist-bereit-fuer-den-ersten-weltcup-einsatz\/\" \/>\n<meta property=\"og:site_name\" content=\"Sportler\" \/>\n<meta property=\"article:published_time\" content=\"2014-01-16T14:56:47+00:00\" \/>\n<meta property=\"article:modified_time\" content=\"2021-01-05T16:30:24+00:00\" \/>\n<meta property=\"og:image\" content=\"https:\/\/skimo.73.jarolim.eu\/sportler\/files\/2014\/01\/Weltcup-Verbier_Anreise-3_Bild-werbegams.jpg\" \/>\n\t<meta property=\"og:image:width\" content=\"1843\" \/>\n\t<meta property=\"og:image:height\" content=\"1382\" \/>\n<meta name=\"twitter:card\" content=\"summary\" \/>\n<meta name=\"twitter:label1\" content=\"Gesch\u00e4tzte Lesezeit\">\n\t<meta name=\"twitter:data1\" content=\"4\u00a0Minuten\">\n<script type=\"application\/ld+json\" class=\"yoast-schema-graph\">{\"@context\":\"https:\/\/schema.org\",\"@graph\":[{\"@type\":\"WebSite\",\"@id\":\"https:\/\/skimo.73.jarolim.eu\/sportler\/#website\",\"url\":\"https:\/\/skimo.73.jarolim.eu\/sportler\/\",\"name\":\"Sportler\",\"description\":\"\",\"potentialAction\":[{\"@type\":\"SearchAction\",\"target\":\"https:\/\/skimo.73.jarolim.eu\/sportler\/?s={search_term_string}\",\"query-input\":\"required name=search_term_string\"}],\"inLanguage\":\"de\"},{\"@type\":\"ImageObject\",\"@id\":\"https:\/\/www.skimo.at\/sportler\/1545\/das-team-ist-bereit-fuer-den-ersten-weltcup-einsatz\/#primaryimage\",\"inLanguage\":\"de\",\"url\":\"https:\/\/www.skimo.at\/sportler\/files\/2014\/01\/Weltcup-Verbier_Anreise-3_Bild-werbegams.jpg\",\"contentUrl\":\"https:\/\/www.skimo.at\/sportler\/files\/2014\/01\/Weltcup-Verbier_Anreise-3_Bild-werbegams.jpg\",\"width\":1843,\"height\":1382},{\"@type\":\"WebPage\",\"@id\":\"https:\/\/www.skimo.at\/sportler\/1545\/das-team-ist-bereit-fuer-den-ersten-weltcup-einsatz\/#webpage\",\"url\":\"https:\/\/www.skimo.at\/sportler\/1545\/das-team-ist-bereit-fuer-den-ersten-weltcup-einsatz\/\",\"name\":\"UPDATE mit Bildern: Das Team ist bereit f\\u00fcr den ersten Weltcup Einsatz - Sportler\",\"isPartOf\":{\"@id\":\"https:\/\/skimo.73.jarolim.eu\/sportler\/#website\"},\"primaryImageOfPage\":{\"@id\":\"https:\/\/www.skimo.at\/sportler\/1545\/das-team-ist-bereit-fuer-den-ersten-weltcup-einsatz\/#primaryimage\"},\"datePublished\":\"2014-01-16T14:56:47+00:00\",\"dateModified\":\"2021-01-05T16:30:24+00:00\",\"author\":{\"@id\":\"https:\/\/skimo.73.jarolim.eu\/sportler\/#\/schema\/person\/89e18f4c3d09b5434dbc2dc0cefbcd30\"},\"breadcrumb\":{\"@id\":\"https:\/\/www.skimo.at\/sportler\/1545\/das-team-ist-bereit-fuer-den-ersten-weltcup-einsatz\/#breadcrumb\"},\"inLanguage\":\"de\",\"potentialAction\":[{\"@type\":\"ReadAction\",\"target\":[\"https:\/\/www.skimo.at\/sportler\/1545\/das-team-ist-bereit-fuer-den-ersten-weltcup-einsatz\/\"]}]},{\"@type\":\"BreadcrumbList\",\"@id\":\"https:\/\/www.skimo.at\/sportler\/1545\/das-team-ist-bereit-fuer-den-ersten-weltcup-einsatz\/#breadcrumb\",\"itemListElement\":[{\"@type\":\"ListItem\",\"position\":1,\"item\":{\"@type\":\"WebPage\",\"@id\":\"https:\/\/skimo.73.jarolim.eu\/sportler\/\",\"url\":\"https:\/\/skimo.73.jarolim.eu\/sportler\/\",\"name\":\"Home\"}},{\"@type\":\"ListItem\",\"position\":2,\"item\":{\"@id\":\"https:\/\/www.skimo.at\/sportler\/1545\/das-team-ist-bereit-fuer-den-ersten-weltcup-einsatz\/#webpage\"}}]},{\"@type\":\"Person\",\"@id\":\"https:\/\/skimo.73.jarolim.eu\/sportler\/#\/schema\/person\/89e18f4c3d09b5434dbc2dc0cefbcd30\",\"name\":\"aspielbuechler\",\"image\":{\"@type\":\"ImageObject\",\"@id\":\"https:\/\/skimo.73.jarolim.eu\/sportler\/#personlogo\",\"inLanguage\":\"de\",\"url\":\"https:\/\/secure.gravatar.com\/avatar\/1220d25619b41a33e4710c8b968dc56e?s=96&r=g\",\"contentUrl\":\"https:\/\/secure.gravatar.com\/avatar\/1220d25619b41a33e4710c8b968dc56e?s=96&r=g\",\"caption\":\"aspielbuechler\"},\"url\":\"https:\/\/www.skimo.at\/sportler\/author\/aspielbuechler\/\"}]}<\/script>\n<!-- \/ Yoast SEO plugin. -->","_links":{"self":[{"href":"https:\/\/www.skimo.at\/sportler\/wp-json\/wp\/v2\/posts\/1545"}],"collection":[{"href":"https:\/\/www.skimo.at\/sportler\/wp-json\/wp\/v2\/posts"}],"about":[{"href":"https:\/\/www.skimo.at\/sportler\/wp-json\/wp\/v2\/types\/post"}],"author":[{"embeddable":true,"href":"https:\/\/www.skimo.at\/sportler\/wp-json\/wp\/v2\/users\/4"}],"replies":[{"embeddable":true,"href":"https:\/\/www.skimo.at\/sportler\/wp-json\/wp\/v2\/comments?post=1545"}],"version-history":[{"count":4,"href":"https:\/\/www.skimo.at\/sportler\/wp-json\/wp\/v2\/posts\/1545\/revisions"}],"predecessor-version":[{"id":15606,"href":"https:\/\/www.skimo.at\/sportler\/wp-json\/wp\/v2\/posts\/1545\/revisions\/15606"}],"wp:featuredmedia":[{"embeddable":true,"href":"https:\/\/www.skimo.at\/sportler\/wp-json\/wp\/v2\/media\/1555"}],"wp:attachment":[{"href":"https:\/\/www.skimo.at\/sportler\/wp-json\/wp\/v2\/media?parent=1545"}],"wp:term":[{"taxonomy":"category","embeddable":true,"href":"https:\/\/www.skimo.at\/sportler\/wp-json\/wp\/v2\/categories?post=1545"},{"taxonomy":"post_tag","embeddable":true,"href":"https:\/\/www.skimo.at\/sportler\/wp-json\/wp\/v2\/tags?post=1545"}],"curies":[{"name":"wp","href":"https:\/\/api.w.org\/{rel}","templated":true}]}}