{"id":15293,"date":"2020-10-01T14:37:39","date_gmt":"2020-10-01T12:37:39","guid":{"rendered":"http:\/\/www.skimo.at\/sportler\/?p=15293"},"modified":"2020-10-01T14:46:59","modified_gmt":"2020-10-01T12:46:59","slug":"armin-hoefl-nach-seinem-unfall-auf-dem-weg-der-besserung","status":"publish","type":"post","link":"https:\/\/www.skimo.at\/sportler\/15293\/armin-hoefl-nach-seinem-unfall-auf-dem-weg-der-besserung\/","title":{"rendered":"Armin H\u00f6fl nach seinem Unfall auf dem Weg der Besserung"},"content":{"rendered":"<p>Nach dem schweren Radunfall vom 23.9.2020 im steirischen Oberw\u00f6lz ist Armin H\u00f6fl Dank seiner starken Konstitution auf dem Weg der Besserung. Der Unfall und seine Folgen sind dennoch in jeder Hinsicht keine Kleinigkeit.<\/p>\n<p><!--more--><\/p>\n<p>Vor einer Woche ist der Skibergsteiger Armin H\u00f6fl aus Krakau\/Steiermark mit seinem Rennrad schwer gest\u00fcrzt, leider massiv durch Fremdverschulden beeinflusst. H\u00f6fl war auf einer Trainingstour in Oberw\u00f6lz in einer Kurve auf einem \u00d6lfilm mit dem Rad weggerutscht und ist so ungl\u00fccklich auf der Stra\u00dfe stumpf aufgeschlagen, dass sein linker Oberschenkelhals gebrochen ist. Seither ist er im Krankenhaus Friesach in Behandlung. Uns hat H\u00f6fl den Hergang des Unfalls am Telefon geschildert:<\/p>\n<p>\u201eIch war nicht allzu schnell unterwegs, und war grade auf eine Verkehrstafel konzentriert, als ich unvermittelt weggerutscht bin. Ich hatte richtig das Gef\u00fchl, waagrecht auf der Stra\u00dfe zu detonieren. Unmittelbar war der Kopf meine Sorge, weil der Helm ist richtig auf der Stra\u00dfe aufgeklatscht. Sofort habe ich aber den massiven Schmerz in der H\u00fcfte gesp\u00fcrt, und nur mit M\u00fche bin ich aus dem Clip rausgekommen, der nicht ausgel\u00f6st hatte. Nachdem ich dann zum Stra\u00dfenrand gerobbt bin, hab ich noch selber die Rettung angerufen.\u201c<\/p>\n<p>Als die Helfer nach wenigen Minuten eintrafen, wurde H\u00f6fl erst richtig bewusst, warum der Sturz so pl\u00f6tzlich passiert war:<\/p>\n<p>\u201eEs war da eine breite dunkle Spur, die aber kein Wasser war, sondern Hydraulik\u00f6l, wie die Polizisten bei der Unfallaufnahme eindeutig festgestellt haben. Die Feuerwehr hat dieses \u00d6l schlie\u00dflich gebunden, damit nicht noch mehr passiert. Der Verlust von so viel \u00d6l muss sicher aufgefallen sein, und ich bin sehr ver\u00e4rgert, dass hier nicht nur jemand offenbar jegliche Sorgfalt weggelassen hat, sondern dieser Person auch der Anstand fehlt, sich als Verursacher zu melden.\u201c<\/p>\n<p>Seit dem Unfall wurde in mehreren Pressemeldungen und sogar mit einer Presseaussendung der Landespolizeidirektion Steiermark vergeblich nach dem Verursacher der \u00d6lverschmutzung gesucht.<\/p>\n<p>F\u00fcr H\u00f6fl hat der Unfall nun schwerwiegende Konsequenzen. Knapp vor dem Saisonstart ist eine solch schwere Verletzung mit einem verlorenen Jahr gleichzusetzen. Zudem w\u00fcrde H\u00f6fl w\u00e4hrend des Lockdowns die Aufnahme in den Heeressport ab 1.1.2021 zugesichert, <a href=\"http:\/\/www.skimo.at\/sportler\/15194\/4-oesv-skibergsteiger-im-bundesheer\/\">wir hatten berichtet<\/a>. Die Auswirkungen der Verletzung und der sportlichen Einschr\u00e4nkung der n\u00e4chsten Monate sind noch nicht klar.<\/p>\n<p>Das positive an der G\u2019schicht ist, dass der Bruch bei H\u00f6fl sofort operiert wurde, er Dank seiner hervorragenden Konstitution schon seit 25.9. wieder auf den Beinen ist und dass die Physiotherapie bereits beginnt. In den n\u00e4chsten Wochen wird man sehen, wie sich die Verletzung entwickelt.<\/p>\n<p>Wir w\u00fcnschen jedenfalls alles Gute, eine gute Besserung und viel Gl\u00fcck bei der Bew\u00e4ltigung der organisatorischen Aufgaben, die jetzt daher kommen. Halt die Ohren steif, Armin!<\/p>\n","protected":false},"excerpt":{"rendered":"<p>Nach dem schweren Radunfall vom 23.9.2020 im steirischen Oberw\u00f6lz ist Armin H\u00f6fl Dank seiner starken Konstitution auf dem Weg der Besserung. Der Unfall und seine Folgen sind dennoch in jeder Hinsicht keine Kleinigkeit.<\/p>\n","protected":false},"author":3,"featured_media":0,"comment_status":"closed","ping_status":"closed","sticky":false,"template":"","format":"standard","meta":[],"categories":[1,3],"tags":[],"yoast_head":"<!-- This site is optimized with the Yoast SEO plugin v16.3 - https:\/\/yoast.com\/wordpress\/plugins\/seo\/ -->\n<title>Armin H\u00f6fl nach seinem Unfall auf dem Weg der Besserung - Sportler<\/title>\n<meta name=\"robots\" content=\"index, follow, max-snippet:-1, max-image-preview:large, max-video-preview:-1\" \/>\n<link rel=\"canonical\" href=\"https:\/\/www.skimo.at\/sportler\/15293\/armin-hoefl-nach-seinem-unfall-auf-dem-weg-der-besserung\/\" \/>\n<meta property=\"og:locale\" content=\"de_DE\" \/>\n<meta property=\"og:type\" content=\"article\" \/>\n<meta property=\"og:title\" content=\"Armin H\u00f6fl nach seinem Unfall auf dem Weg der Besserung - Sportler\" \/>\n<meta property=\"og:description\" content=\"Nach dem schweren Radunfall vom 23.9.2020 im steirischen Oberw\u00f6lz ist Armin H\u00f6fl Dank seiner starken Konstitution auf dem Weg der Besserung. Der Unfall und seine Folgen sind dennoch in jeder Hinsicht keine Kleinigkeit.\" \/>\n<meta property=\"og:url\" content=\"https:\/\/www.skimo.at\/sportler\/15293\/armin-hoefl-nach-seinem-unfall-auf-dem-weg-der-besserung\/\" \/>\n<meta property=\"og:site_name\" content=\"Sportler\" \/>\n<meta property=\"article:published_time\" content=\"2020-10-01T12:37:39+00:00\" \/>\n<meta property=\"article:modified_time\" content=\"2020-10-01T12:46:59+00:00\" \/>\n<meta name=\"twitter:card\" content=\"summary\" \/>\n<meta name=\"twitter:label1\" content=\"Gesch\u00e4tzte Lesezeit\">\n\t<meta name=\"twitter:data1\" content=\"2\u00a0Minuten\">\n<script type=\"application\/ld+json\" class=\"yoast-schema-graph\">{\"@context\":\"https:\/\/schema.org\",\"@graph\":[{\"@type\":\"WebSite\",\"@id\":\"https:\/\/skimo.73.jarolim.eu\/sportler\/#website\",\"url\":\"https:\/\/skimo.73.jarolim.eu\/sportler\/\",\"name\":\"Sportler\",\"description\":\"\",\"potentialAction\":[{\"@type\":\"SearchAction\",\"target\":\"https:\/\/skimo.73.jarolim.eu\/sportler\/?s={search_term_string}\",\"query-input\":\"required name=search_term_string\"}],\"inLanguage\":\"de\"},{\"@type\":\"WebPage\",\"@id\":\"https:\/\/www.skimo.at\/sportler\/15293\/armin-hoefl-nach-seinem-unfall-auf-dem-weg-der-besserung\/#webpage\",\"url\":\"https:\/\/www.skimo.at\/sportler\/15293\/armin-hoefl-nach-seinem-unfall-auf-dem-weg-der-besserung\/\",\"name\":\"Armin H\\u00f6fl nach seinem Unfall auf dem Weg der Besserung - Sportler\",\"isPartOf\":{\"@id\":\"https:\/\/skimo.73.jarolim.eu\/sportler\/#website\"},\"datePublished\":\"2020-10-01T12:37:39+00:00\",\"dateModified\":\"2020-10-01T12:46:59+00:00\",\"author\":{\"@id\":\"https:\/\/skimo.73.jarolim.eu\/sportler\/#\/schema\/person\/796ecbce6796efca58bf848ca63ec12c\"},\"breadcrumb\":{\"@id\":\"https:\/\/www.skimo.at\/sportler\/15293\/armin-hoefl-nach-seinem-unfall-auf-dem-weg-der-besserung\/#breadcrumb\"},\"inLanguage\":\"de\",\"potentialAction\":[{\"@type\":\"ReadAction\",\"target\":[\"https:\/\/www.skimo.at\/sportler\/15293\/armin-hoefl-nach-seinem-unfall-auf-dem-weg-der-besserung\/\"]}]},{\"@type\":\"BreadcrumbList\",\"@id\":\"https:\/\/www.skimo.at\/sportler\/15293\/armin-hoefl-nach-seinem-unfall-auf-dem-weg-der-besserung\/#breadcrumb\",\"itemListElement\":[{\"@type\":\"ListItem\",\"position\":1,\"item\":{\"@type\":\"WebPage\",\"@id\":\"https:\/\/skimo.73.jarolim.eu\/sportler\/\",\"url\":\"https:\/\/skimo.73.jarolim.eu\/sportler\/\",\"name\":\"Home\"}},{\"@type\":\"ListItem\",\"position\":2,\"item\":{\"@id\":\"https:\/\/www.skimo.at\/sportler\/15293\/armin-hoefl-nach-seinem-unfall-auf-dem-weg-der-besserung\/#webpage\"}}]},{\"@type\":\"Person\",\"@id\":\"https:\/\/skimo.73.jarolim.eu\/sportler\/#\/schema\/person\/796ecbce6796efca58bf848ca63ec12c\",\"name\":\"kposch\",\"image\":{\"@type\":\"ImageObject\",\"@id\":\"https:\/\/skimo.73.jarolim.eu\/sportler\/#personlogo\",\"inLanguage\":\"de\",\"url\":\"https:\/\/secure.gravatar.com\/avatar\/e9f5f28da60e5e563d3f4d3cc0b9b425?s=96&r=g\",\"contentUrl\":\"https:\/\/secure.gravatar.com\/avatar\/e9f5f28da60e5e563d3f4d3cc0b9b425?s=96&r=g\",\"caption\":\"kposch\"},\"url\":\"https:\/\/www.skimo.at\/sportler\/author\/kposch\/\"}]}<\/script>\n<!-- \/ Yoast SEO plugin. -->","_links":{"self":[{"href":"https:\/\/www.skimo.at\/sportler\/wp-json\/wp\/v2\/posts\/15293"}],"collection":[{"href":"https:\/\/www.skimo.at\/sportler\/wp-json\/wp\/v2\/posts"}],"about":[{"href":"https:\/\/www.skimo.at\/sportler\/wp-json\/wp\/v2\/types\/post"}],"author":[{"embeddable":true,"href":"https:\/\/www.skimo.at\/sportler\/wp-json\/wp\/v2\/users\/3"}],"replies":[{"embeddable":true,"href":"https:\/\/www.skimo.at\/sportler\/wp-json\/wp\/v2\/comments?post=15293"}],"version-history":[{"count":3,"href":"https:\/\/www.skimo.at\/sportler\/wp-json\/wp\/v2\/posts\/15293\/revisions"}],"predecessor-version":[{"id":15297,"href":"https:\/\/www.skimo.at\/sportler\/wp-json\/wp\/v2\/posts\/15293\/revisions\/15297"}],"wp:attachment":[{"href":"https:\/\/www.skimo.at\/sportler\/wp-json\/wp\/v2\/media?parent=15293"}],"wp:term":[{"taxonomy":"category","embeddable":true,"href":"https:\/\/www.skimo.at\/sportler\/wp-json\/wp\/v2\/categories?post=15293"},{"taxonomy":"post_tag","embeddable":true,"href":"https:\/\/www.skimo.at\/sportler\/wp-json\/wp\/v2\/tags?post=15293"}],"curies":[{"name":"wp","href":"https:\/\/api.w.org\/{rel}","templated":true}]}}