{"id":1525,"date":"2013-12-28T19:37:45","date_gmt":"2013-12-28T17:37:45","guid":{"rendered":"http:\/\/www.skimo.at\/sportler\/?p=1525"},"modified":"2021-01-05T18:28:31","modified_gmt":"2021-01-05T16:28:31","slug":"wie-alles-begann-nostalgie-vor-dem-jahreswechsel","status":"publish","type":"post","link":"https:\/\/www.skimo.at\/sportler\/1525\/wie-alles-begann-nostalgie-vor-dem-jahreswechsel\/","title":{"rendered":"Wie alles begann&#8230; &#8222;Nostalgie&#8220; vor dem Jahreswechsel"},"content":{"rendered":"<p>Seit der Saison 2007\/08 gibt es nun das \u00f6sterreichische Nationalteam im Wettkampf-Skibergsteigen. Bestehend aus den besten Athleten des Landes bestreitet die Mannschaft seit diesem Zeitpunkt unter dem ASKIMO gemeinsam internationale Rennen. \u00a0Aber alle Mitglieder der Mannschaft haben auch mal klein angefangen\u2026<\/p>\n<p>Bevor die Nationalmannschaft aufgestellt wurde, war das ASTC Powerteam die Vorversion davon. Einige der heutigen Kaderathleten waren bereits im ASTC Powerteam aktive Mitglieder. Markus Stock, Thomas Wallner und Alex Fasser haben in diesem ihre erste Wettkampfluft im Skibergsteigen geschnuppert.<\/p>\n<blockquote><p>\u201eEigentlich war das Skibergsteigen damals nur als Winter-Training f\u00fcr den wettkampfm\u00e4\u00dfigen Radsport gedacht. Ich bemerkte aber bald, dass mein damaliger Trainingspartner und zu dieser Zeit auch schon sehr erfolgreiche Skibergsteiger Markus Stock leistungsm\u00e4\u00dfig gar nicht so weit entfernt von mir war. Ich lieh mir daher von Markus eine Rennausr\u00fcstung aus, bestritt 2003 meinen ersten Wettkampf und wurde auf Anhieb zweiter\u201c, erinnert sich Tom Wallner an seinen Karriereanfang.<\/p><\/blockquote>\n<p>\u201eUrgesteine\u201c des ASKIMO Nationalteams sind Veronika Swidrak, Alex Fasser und Philipp Brugger. Die drei Tiroler sind seit der ersten Saison 2007\/08 mit dabei. Philipp war damals als 16-j\u00e4hriger der J\u00fcngste im Team und quasi ein Vorreiter f\u00fcr die \u00d6sterreichische Jugend. Sportlich war er schon immer, sein Vater Werner Brugger hatte damals die Funktion des Jugendbetreuers im ASKIMO \u00fcber, ein logischer Fall, dass der naturverbundene Sohn in dieser Sportart bestens aufgehoben war. Verletzungsbedingt kam Veronika Swidrak zum leistungsm\u00e4\u00dfigen Skibergsteigen.<\/p>\n<blockquote><p>\u201eNach vielen Jahren in der Leichtathletik, dem Triathlon und dem Radsport begann ich trainings- und verletzungsbedingt mit dem Skitourengehen und bin bei dieser wundersch\u00f6nen Sportart h\u00e4ngen geblieben\u201c, so die Tirolerin auf die Frage nach ihren Anfangsjahren.<\/p><\/blockquote>\n<p>Aber bereits lange vor der Aufnahme in die Nationalmannschaft war Vroni durch ihre Mitgliedschaft im Polizeisportkader auf diversen Skirallys unterwegs.<\/p>\n<p>Eines haben alle Teammitglieder gemeinsam: sie haben ihren Ursprung in Ausdauersportarten, wenngleich in unterschiedlichen. Viele der Athleten haben im, vor einigen Jahren noch sehr popul\u00e4ren, Berglauf begonnen, da bot sich Skibergsteigen nat\u00fcrlich als optimales Wintertraining an. Eine, die mit dem Laufsport bereits sehr fr\u00fch gestartet hat, ist Ina Forchthammer.<\/p>\n<blockquote><p>\u201eMit 7 Jahren habe ich begonnen regelm\u00e4\u00dfig an Laufwettbewerben teilzunehmen. Ich bin vor allem Stra\u00dfenl\u00e4ufe, Cross- und Bergl\u00e4ufe gelaufen, mit 13 kam dann der erste Halbmarathon.\u201c<\/p>\n<p>Ina Forchthammer<\/p><\/blockquote>\n<p>Ina liebte Wettk\u00e4mpfe schon immer, es war daher nur eine Frage der Zeit, bis sie im Winter dann auch die Rennen im Skibergsteigen ausprobieren wollte. Andere bevorzugten im Sommer mehr den Drahtesel (f\u00fcr die Stra\u00dfe oder als Mountainbike am Berg). Daniel Zugg zum Bespiel schaffte es bis hin zur Teilnahme an Weltcuprennen im Mountainbike. Neuzugang Verena Streitberger kann in ihrem erst jungen Alter von 16 Jahren ebenfalls bereits auf Stockerlpl\u00e4tze in der \u00d6sterreichischen Meisterschaft im Rennradfahren zur\u00fcckblicken.<br \/>\nJakob Herrmann kommt aus der Ecke des alpinen Skilaufes. Nach dem Abschluss der Skitourismusschule hat er aber gemerkt, dass ihm ein paar notwendige Kilos an K\u00f6rpergewicht fehlten, um im alpinen Skilauf auf Dauer erfolgreich zu sein, weshalb er auf den Ausdauer-Wintersport Skibergsteigen umsattelte.<\/p>\n<p>Eines haben aber viele Athleten, meist die jungen Nachwuchsathleten, gemeinsam: es war die \u201eSchuld\u201c des Papas, dass der Sohn oder die Tochter mit dem Skibergsteigen begann. Gemeinsame Touren in den jungen Jahren sorgten daf\u00fcr, dass die Leidenschaft f\u00fcr diesen Sport geweckt wurde. Martin Wei\u00dfkopf hat so im zarten Alter von f\u00fcnf Jahren das erste Mal einen Berg mit den Skiern im Aufw\u00e4rtsschritt bew\u00e4ltigt, mit sechs Jahren folgte das erste Rennen im freien alpinen Gel\u00e4nde, der Johannish\u00fcttenlauf. Auch Ina ist lange mit dem Vater als \u201eBetreuer\u201e in den Rennen unterwegs gewesen, alleine zu starten w\u00e4re aufgrund ihres Alters noch gar nicht erlaubt gewesen sondern h\u00e4tte dem Reglement widersprochen.<br \/>\nEin paar der Athleten wurden aber auch von den bereits erfahrenen Kollegen in die Wettkampfszene gelockt. \u201eDamit ich an meinem ersten Rennen teilnehme, musste Swidrak Vroni ganze \u00dcberzeugungsarbeit leisten. Beim zweiten Mal dann schon nicht mehr, da hat mich die \u201aSucht\u2018 gepackt und nicht mehr losgelassen\u201c, beschreibt Clemens Steinberger sein Anfangsjahr im Wettkampf-Skibergsteigen. Mannschaftsleiter Karl Posch hat seinen Vereinskollegen Daniel Rohringer das erste Mal zum Loser Rennen \u00fcberredet und Ina Forchthammer hat dank Markus Stock den Weg ins Jugendcamp gefunden und ist nach erfolgreicher Teilnahme bei den diversen ASTC Veranstaltungen von Trainer Alex Lugger entdeckt worden.<\/p>\n<p>\u00d6sterreich war lange das letzte Alpenland, das keine Nationalmannschaft im Skibergsteigen gestellt hatte. Entsendungen zu internationalen Bewerben fanden ab 2002 nur sporadisch statt. Ein von Beginn an erfolgreicher Teilnehmer war der heutige Nationalteamtrainer Alexander Lugger, der ab 2004 f\u00fcr mehrere Top10 Platzierungen in den internationalen Rennen sorgte. Heute gibt er seine Erfahrungen an die Mannschaft weiter und ist somit eine der ma\u00dfgeblichen Personen f\u00fcr \u00d6sterreichs zuk\u00fcnftige Erfolge in der Sportart Skibergsteigen.<\/p>\n<p>Wer aber wohl die gr\u00f6\u00dfte Vorreiterrolle f\u00fcr das Wettkampf-Skibergsteigen in seiner organisierten Form hat, sind die ASKIMO Funktion\u00e4re Karl Posch (Gesch\u00e4ftsf\u00fchrer und Nationalmannschaftsleiter) und Konrad Meindl (Pr\u00e4sident), denn die beiden haben 2002 den Austria Skitour Cup ins Leben gerufen. Der Cup bestand damals aus zwei Rennen, dem \u201eDachSteinBock&#8220; (Russbach\/Salzburg) und dem &#8222;Auffi muas i&#8220; (Mauterndorf\/Salzburg), erst im Laufe der Zeit gesellten sich immer mehr Wettk\u00e4mpfe dazu.<\/p>\n<p>Aber die Entwicklung, sowohl in der Qualit\u00e4t und Quantit\u00e4t von Veranstaltungen und Athleten, wird wohl noch weit weit weitergehen\u2026 (vorausgesetzt es ist erw\u00fcnscht ;-))<\/p>\n","protected":false},"excerpt":{"rendered":"<p>Seit der Saison 2007\/08 gibt es nun das \u00f6sterreichische Nationalteam im Wettkampf-Skibergsteigen. Bestehend aus den besten Athleten des Landes bestreitet die Mannschaft seit diesem Zeitpunkt unter dem ASKIMO gemeinsam internationale Rennen. \u00a0Aber alle Mitglieder der Mannschaft haben auch mal klein angefangen\u2026 Bevor die Nationalmannschaft aufgestellt wurde, war das ASTC Powerteam die Vorversion davon. Einige der [&hellip;]<\/p>\n","protected":false},"author":4,"featured_media":1529,"comment_status":"closed","ping_status":"closed","sticky":false,"template":"","format":"standard","meta":[],"categories":[1,3,7],"tags":[],"yoast_head":"<!-- This site is optimized with the Yoast SEO plugin v16.3 - https:\/\/yoast.com\/wordpress\/plugins\/seo\/ -->\n<title>Wie alles begann... &quot;Nostalgie&quot; vor dem Jahreswechsel - Sportler<\/title>\n<meta name=\"robots\" content=\"index, follow, max-snippet:-1, max-image-preview:large, max-video-preview:-1\" \/>\n<link rel=\"canonical\" href=\"https:\/\/www.skimo.at\/sportler\/1525\/wie-alles-begann-nostalgie-vor-dem-jahreswechsel\/\" \/>\n<meta property=\"og:locale\" content=\"de_DE\" \/>\n<meta property=\"og:type\" content=\"article\" \/>\n<meta property=\"og:title\" content=\"Wie alles begann... &quot;Nostalgie&quot; vor dem Jahreswechsel - Sportler\" \/>\n<meta property=\"og:description\" content=\"Seit der Saison 2007\/08 gibt es nun das \u00f6sterreichische Nationalteam im Wettkampf-Skibergsteigen. Bestehend aus den besten Athleten des Landes bestreitet die Mannschaft seit diesem Zeitpunkt unter dem ASKIMO gemeinsam internationale Rennen. \u00a0Aber alle Mitglieder der Mannschaft haben auch mal klein angefangen\u2026 Bevor die Nationalmannschaft aufgestellt wurde, war das ASTC Powerteam die Vorversion davon. Einige der [&hellip;]\" \/>\n<meta property=\"og:url\" content=\"https:\/\/www.skimo.at\/sportler\/1525\/wie-alles-begann-nostalgie-vor-dem-jahreswechsel\/\" \/>\n<meta property=\"og:site_name\" content=\"Sportler\" \/>\n<meta property=\"article:published_time\" content=\"2013-12-28T17:37:45+00:00\" \/>\n<meta property=\"article:modified_time\" content=\"2021-01-05T16:28:31+00:00\" \/>\n<meta property=\"og:image\" content=\"https:\/\/skimo.73.jarolim.eu\/sportler\/files\/2013\/12\/Johannish\u00fcttenlauf-1997_Martin-Wei\u00dfkopf_Bild-privat.jpg\" \/>\n\t<meta property=\"og:image:width\" content=\"669\" \/>\n\t<meta property=\"og:image:height\" content=\"515\" \/>\n<meta name=\"twitter:card\" content=\"summary\" \/>\n<meta name=\"twitter:label1\" content=\"Gesch\u00e4tzte Lesezeit\">\n\t<meta name=\"twitter:data1\" content=\"4\u00a0Minuten\">\n<script type=\"application\/ld+json\" class=\"yoast-schema-graph\">{\"@context\":\"https:\/\/schema.org\",\"@graph\":[{\"@type\":\"WebSite\",\"@id\":\"https:\/\/skimo.73.jarolim.eu\/sportler\/#website\",\"url\":\"https:\/\/skimo.73.jarolim.eu\/sportler\/\",\"name\":\"Sportler\",\"description\":\"\",\"potentialAction\":[{\"@type\":\"SearchAction\",\"target\":\"https:\/\/skimo.73.jarolim.eu\/sportler\/?s={search_term_string}\",\"query-input\":\"required name=search_term_string\"}],\"inLanguage\":\"de\"},{\"@type\":\"ImageObject\",\"@id\":\"https:\/\/www.skimo.at\/sportler\/1525\/wie-alles-begann-nostalgie-vor-dem-jahreswechsel\/#primaryimage\",\"inLanguage\":\"de\",\"url\":\"https:\/\/www.skimo.at\/sportler\/files\/2013\/12\/Johannish\\u00fcttenlauf-1997_Martin-Wei\\u00dfkopf_Bild-privat.jpg\",\"contentUrl\":\"https:\/\/www.skimo.at\/sportler\/files\/2013\/12\/Johannish\\u00fcttenlauf-1997_Martin-Wei\\u00dfkopf_Bild-privat.jpg\",\"width\":669,\"height\":515},{\"@type\":\"WebPage\",\"@id\":\"https:\/\/www.skimo.at\/sportler\/1525\/wie-alles-begann-nostalgie-vor-dem-jahreswechsel\/#webpage\",\"url\":\"https:\/\/www.skimo.at\/sportler\/1525\/wie-alles-begann-nostalgie-vor-dem-jahreswechsel\/\",\"name\":\"Wie alles begann... \\\"Nostalgie\\\" vor dem Jahreswechsel - Sportler\",\"isPartOf\":{\"@id\":\"https:\/\/skimo.73.jarolim.eu\/sportler\/#website\"},\"primaryImageOfPage\":{\"@id\":\"https:\/\/www.skimo.at\/sportler\/1525\/wie-alles-begann-nostalgie-vor-dem-jahreswechsel\/#primaryimage\"},\"datePublished\":\"2013-12-28T17:37:45+00:00\",\"dateModified\":\"2021-01-05T16:28:31+00:00\",\"author\":{\"@id\":\"https:\/\/skimo.73.jarolim.eu\/sportler\/#\/schema\/person\/89e18f4c3d09b5434dbc2dc0cefbcd30\"},\"breadcrumb\":{\"@id\":\"https:\/\/www.skimo.at\/sportler\/1525\/wie-alles-begann-nostalgie-vor-dem-jahreswechsel\/#breadcrumb\"},\"inLanguage\":\"de\",\"potentialAction\":[{\"@type\":\"ReadAction\",\"target\":[\"https:\/\/www.skimo.at\/sportler\/1525\/wie-alles-begann-nostalgie-vor-dem-jahreswechsel\/\"]}]},{\"@type\":\"BreadcrumbList\",\"@id\":\"https:\/\/www.skimo.at\/sportler\/1525\/wie-alles-begann-nostalgie-vor-dem-jahreswechsel\/#breadcrumb\",\"itemListElement\":[{\"@type\":\"ListItem\",\"position\":1,\"item\":{\"@type\":\"WebPage\",\"@id\":\"https:\/\/skimo.73.jarolim.eu\/sportler\/\",\"url\":\"https:\/\/skimo.73.jarolim.eu\/sportler\/\",\"name\":\"Home\"}},{\"@type\":\"ListItem\",\"position\":2,\"item\":{\"@id\":\"https:\/\/www.skimo.at\/sportler\/1525\/wie-alles-begann-nostalgie-vor-dem-jahreswechsel\/#webpage\"}}]},{\"@type\":\"Person\",\"@id\":\"https:\/\/skimo.73.jarolim.eu\/sportler\/#\/schema\/person\/89e18f4c3d09b5434dbc2dc0cefbcd30\",\"name\":\"aspielbuechler\",\"image\":{\"@type\":\"ImageObject\",\"@id\":\"https:\/\/skimo.73.jarolim.eu\/sportler\/#personlogo\",\"inLanguage\":\"de\",\"url\":\"https:\/\/secure.gravatar.com\/avatar\/1220d25619b41a33e4710c8b968dc56e?s=96&r=g\",\"contentUrl\":\"https:\/\/secure.gravatar.com\/avatar\/1220d25619b41a33e4710c8b968dc56e?s=96&r=g\",\"caption\":\"aspielbuechler\"},\"url\":\"https:\/\/www.skimo.at\/sportler\/author\/aspielbuechler\/\"}]}<\/script>\n<!-- \/ Yoast SEO plugin. -->","_links":{"self":[{"href":"https:\/\/www.skimo.at\/sportler\/wp-json\/wp\/v2\/posts\/1525"}],"collection":[{"href":"https:\/\/www.skimo.at\/sportler\/wp-json\/wp\/v2\/posts"}],"about":[{"href":"https:\/\/www.skimo.at\/sportler\/wp-json\/wp\/v2\/types\/post"}],"author":[{"embeddable":true,"href":"https:\/\/www.skimo.at\/sportler\/wp-json\/wp\/v2\/users\/4"}],"replies":[{"embeddable":true,"href":"https:\/\/www.skimo.at\/sportler\/wp-json\/wp\/v2\/comments?post=1525"}],"version-history":[{"count":2,"href":"https:\/\/www.skimo.at\/sportler\/wp-json\/wp\/v2\/posts\/1525\/revisions"}],"predecessor-version":[{"id":15604,"href":"https:\/\/www.skimo.at\/sportler\/wp-json\/wp\/v2\/posts\/1525\/revisions\/15604"}],"wp:featuredmedia":[{"embeddable":true,"href":"https:\/\/www.skimo.at\/sportler\/wp-json\/wp\/v2\/media\/1529"}],"wp:attachment":[{"href":"https:\/\/www.skimo.at\/sportler\/wp-json\/wp\/v2\/media?parent=1525"}],"wp:term":[{"taxonomy":"category","embeddable":true,"href":"https:\/\/www.skimo.at\/sportler\/wp-json\/wp\/v2\/categories?post=1525"},{"taxonomy":"post_tag","embeddable":true,"href":"https:\/\/www.skimo.at\/sportler\/wp-json\/wp\/v2\/tags?post=1525"}],"curies":[{"name":"wp","href":"https:\/\/api.w.org\/{rel}","templated":true}]}}