{"id":1514,"date":"2013-12-23T14:05:27","date_gmt":"2013-12-23T12:05:27","guid":{"rendered":"http:\/\/www.skimo.at\/sportler\/?p=1514"},"modified":"2021-01-05T18:26:42","modified_gmt":"2021-01-05T16:26:42","slug":"das-nationalteam-von-frueher-nostalgie-vor-weihnachten","status":"publish","type":"post","link":"https:\/\/www.skimo.at\/sportler\/1514\/das-nationalteam-von-frueher-nostalgie-vor-weihnachten\/","title":{"rendered":"Das Nationalteam von fr\u00fcher &#8211; &#8222;Nostalgie&#8220; vor Weihnachten"},"content":{"rendered":"<p>In den letzten Jahren hat sich im Skibergsteigen sehr viel ver\u00e4ndert, ja eigentlich kann man da schon fast von einer \u201eRevolution\u201c sprechen. Zweistellige Zuw\u00e4chse in den Verkaufszahlen im Handel, laufend Entwicklungen im Materialsektor. Die Ausr\u00fcstung wird immer leichter, stabiler, sicherer. Dieses Jahr werden unter dem Weihnachtsbaum wahrscheinlich wieder viele Skitourenausr\u00fcstungen zu finden sein und zwar solche vom neuesten technischen Stand. \u00a0Daher haben wir uns gedacht, \u00fcber die Feiertage mit zwei Artikeln die Entwicklung von fr\u00fcher bis heute anhand unserer Athleten und Funktion\u00e4re etwas n\u00e4her zu betrachten und sind dabei auf einige interessante Berichte und Bilder gesto\u00dfen.<\/p>\n<p>Obwohl das Skibergsteigen in seiner Wettkampfform bereits eine lange Tradition hat &#8211; 1893 gab es in M\u00fcnchen das erste Rennen mit Ski, bei dem auch aufgestiegen werden musste, zwischen 1924 und 1948 war der milit\u00e4rische Patrouillenlauf als Vorg\u00e4nger des heutigen Wettkampf-Skibergsteigens sogar eine olympische Disziplin &#8211; wird es jetzt als eher junge Sportart gesehen, die erst 2002 richtig ihren Anfang hatte, mit der ersten Weltmeisterschaft in Serre Chevalier (FRA). W\u00e4hrend die f\u00fchrenden Nationen in dieser Sportart (damals schon Italien, Schweiz, Frankreich, Spanien) bereits zu diesem Zeitpunkt mit einem guten Betreuerstab und modernster Wettkampfausr\u00fcstung auftraten, so z\u00e4hlte das \u00d6sterreichische Team noch zu den \u201eExoten\u201c, neben Nationen wie Eritrea, Marokko, Griechenland, T\u00fcrkei oder den S\u00fcdamerikanischen L\u00e4ndern. Trotzdem fiel Alexander Lugger als einer des \u00d6sterreicher-Trios bereits besonders auf. Obwohl er nicht auf Sieg laufen konnte, aber regelm\u00e4\u00dfige Top10 Pl\u00e4tze waren f\u00fcr ihn bereits m\u00f6glich.<\/p>\n<blockquote><p>\u201eWenn ich gekommen bin, ist es immer laut geworden unter den Trainern und Zuschauern. Es hat ihnen einfach getaugt, dass jemand nachkam, der als Au\u00dfenseiter die Topleute zumindest tratzen konnte\u201c, schwelgt Alex Lugger in seinen Erinnerungen. \u00a0Und Alex brachte seine Erfahrung aus den internationalen Rennen mit nach \u00d6sterreich: \u201eIch habe in meinen Anfangsjahren die Konkurrenten genau beobachtet und versucht so viel wie m\u00f6glich von ihnen zu lernen, aber auch ihre Schw\u00e4chen und Fehler genau zu analysieren. So war ich einer der ersten, der den Wechsel professionell zu trainieren begann. Obwohl ich k\u00f6rperlich schw\u00e4cher war als die F\u00fchrenden, k\u00f6nnte ich durch ein schlaues Training sehr viel Zeit gut machen, sicher rund 1-2 Minuten, die ich mir herausgeholt habe\u201c<\/p><\/blockquote>\n<p>Interessant auch die Entwicklung des Materials im Laufe der Zeit: Noch vor zehn Jahren berichtet Alex Lugger, manchmal bis zu drei Paar Skischuhe gebraucht zu haben, weil er damals stets an der Gewichtsverringerung get\u00fcftelt habe, tagelang ausprobiert und dabei auch so manchen Schuh zu viel geschliffen habe, dass er letztlich unbrauchbar geworden sei.\u00a0 Generell gab es f\u00fcr einen \u00d6sterreicher kaum die Chance, aktuelles und leichtes Material zu kaufen, welches in anderen Nationen aber bereits Standard war. Handels\u00fcblich Bindungen, 185cm lange, nicht taillierte Ski und anstelle eines Rennanzugs eine normale Skitourenhose kam als Ausr\u00fcstung schon eher in Frage. So lange, bis Lugger und seine Kollegen versucht haben, so viel Material wie m\u00f6glich bei den internationalen Bewerben zu ergattern und nach \u00d6sterreich zu bringen.<br \/>\nDas Herumbasteln ist f\u00fcr die Athleten nun erfreulicherweise nicht mehr n\u00f6tig, Eigenbauten sind in den Bewerben laut ISMF gar nicht mehr erlaubt, nur mehr gepr\u00fcfte Ausr\u00fcstung darf verwendet werden, Sicherheit steht heute an oberster Stelle.<\/p>\n<p>Stabilit\u00e4t hatte in den Anfangsjahren der Tourenskiausr\u00fcstungen nicht Priorit\u00e4t. Das eine oder andere Mal ist bei v\u00f6llig normalen Belastungen schon ein leichter Ski gebrochen, was uns ASKIMO Gesch\u00e4ftsf\u00fchrer Karl Posch auf seinem Bild von 1992 eindrucksvoll beweist.<\/p>\n<p>Gespart wurde manchmal auch bei den Nachwuchsathleten. Einerseits gab es kaum kleineres und k\u00fcrzeres Material, andererseits wusste man ja als Elternteil auch nie, ob der Junge oder das M\u00e4dl auch wirklich diesen Sport weiter aus\u00fcben will. So bekamen Daniel Zugg und Verena Streitberger bei ihren ersten Skitouren einfach einen umgebauten Alpinski mit einer schweren Tourenbindung vorgesetzt. Und obwohl dadurch die ersten Ausr\u00fcckungen noch anstrengender gewesen sind als normal, es hat trotzdem so viel Spa\u00df gemacht, dass sie die Sportart nun als Mitglied im Nationalteam aus\u00fcben.<\/p>\n<p>In K\u00fcrze m\u00f6chten wir noch vorstellen, wie denn die Athleten des Nationalteams eigentlich \u00fcberhaupt mit dem Skibergsteigen begonnen haben. Und da sind uns noch ein paar interessante Bilder untergekommen\u2026<br \/>\nDie Fortsetzung folgt in K\u00fcrze!<\/p>\n","protected":false},"excerpt":{"rendered":"<p>In den letzten Jahren hat sich im Skibergsteigen sehr viel ver\u00e4ndert, ja eigentlich kann man da schon fast von einer \u201eRevolution\u201c sprechen. Zweistellige Zuw\u00e4chse in den Verkaufszahlen im Handel, laufend Entwicklungen im Materialsektor. Die Ausr\u00fcstung wird immer leichter, stabiler, sicherer. Dieses Jahr werden unter dem Weihnachtsbaum wahrscheinlich wieder viele Skitourenausr\u00fcstungen zu finden sein und zwar [&hellip;]<\/p>\n","protected":false},"author":4,"featured_media":1520,"comment_status":"closed","ping_status":"closed","sticky":false,"template":"","format":"standard","meta":[],"categories":[1,3],"tags":[],"yoast_head":"<!-- This site is optimized with the Yoast SEO plugin v16.3 - https:\/\/yoast.com\/wordpress\/plugins\/seo\/ -->\n<title>Das Nationalteam von fr\u00fcher - &quot;Nostalgie&quot; vor Weihnachten - Sportler<\/title>\n<meta name=\"robots\" content=\"index, follow, max-snippet:-1, max-image-preview:large, max-video-preview:-1\" \/>\n<link rel=\"canonical\" href=\"https:\/\/www.skimo.at\/sportler\/1514\/das-nationalteam-von-frueher-nostalgie-vor-weihnachten\/\" \/>\n<meta property=\"og:locale\" content=\"de_DE\" \/>\n<meta property=\"og:type\" content=\"article\" \/>\n<meta property=\"og:title\" content=\"Das Nationalteam von fr\u00fcher - &quot;Nostalgie&quot; vor Weihnachten - Sportler\" \/>\n<meta property=\"og:description\" content=\"In den letzten Jahren hat sich im Skibergsteigen sehr viel ver\u00e4ndert, ja eigentlich kann man da schon fast von einer \u201eRevolution\u201c sprechen. Zweistellige Zuw\u00e4chse in den Verkaufszahlen im Handel, laufend Entwicklungen im Materialsektor. Die Ausr\u00fcstung wird immer leichter, stabiler, sicherer. Dieses Jahr werden unter dem Weihnachtsbaum wahrscheinlich wieder viele Skitourenausr\u00fcstungen zu finden sein und zwar [&hellip;]\" \/>\n<meta property=\"og:url\" content=\"https:\/\/www.skimo.at\/sportler\/1514\/das-nationalteam-von-frueher-nostalgie-vor-weihnachten\/\" \/>\n<meta property=\"og:site_name\" content=\"Sportler\" \/>\n<meta property=\"article:published_time\" content=\"2013-12-23T12:05:27+00:00\" \/>\n<meta property=\"article:modified_time\" content=\"2021-01-05T16:26:42+00:00\" \/>\n<meta property=\"og:image\" content=\"https:\/\/skimo.73.jarolim.eu\/sportler\/files\/2013\/12\/Presolana-Skirally-1996-_-2-_-Bild-Veronika-Swidrak.jpg\" \/>\n\t<meta property=\"og:image:width\" content=\"732\" \/>\n\t<meta property=\"og:image:height\" content=\"1053\" \/>\n<meta name=\"twitter:card\" content=\"summary\" \/>\n<meta name=\"twitter:label1\" content=\"Gesch\u00e4tzte Lesezeit\">\n\t<meta name=\"twitter:data1\" content=\"4\u00a0Minuten\">\n<script type=\"application\/ld+json\" class=\"yoast-schema-graph\">{\"@context\":\"https:\/\/schema.org\",\"@graph\":[{\"@type\":\"WebSite\",\"@id\":\"https:\/\/skimo.73.jarolim.eu\/sportler\/#website\",\"url\":\"https:\/\/skimo.73.jarolim.eu\/sportler\/\",\"name\":\"Sportler\",\"description\":\"\",\"potentialAction\":[{\"@type\":\"SearchAction\",\"target\":\"https:\/\/skimo.73.jarolim.eu\/sportler\/?s={search_term_string}\",\"query-input\":\"required name=search_term_string\"}],\"inLanguage\":\"de\"},{\"@type\":\"ImageObject\",\"@id\":\"https:\/\/www.skimo.at\/sportler\/1514\/das-nationalteam-von-frueher-nostalgie-vor-weihnachten\/#primaryimage\",\"inLanguage\":\"de\",\"url\":\"https:\/\/www.skimo.at\/sportler\/files\/2013\/12\/Presolana-Skirally-1996-_-2-_-Bild-Veronika-Swidrak.jpg\",\"contentUrl\":\"https:\/\/www.skimo.at\/sportler\/files\/2013\/12\/Presolana-Skirally-1996-_-2-_-Bild-Veronika-Swidrak.jpg\",\"width\":732,\"height\":1053},{\"@type\":\"WebPage\",\"@id\":\"https:\/\/www.skimo.at\/sportler\/1514\/das-nationalteam-von-frueher-nostalgie-vor-weihnachten\/#webpage\",\"url\":\"https:\/\/www.skimo.at\/sportler\/1514\/das-nationalteam-von-frueher-nostalgie-vor-weihnachten\/\",\"name\":\"Das Nationalteam von fr\\u00fcher - \\\"Nostalgie\\\" vor Weihnachten - Sportler\",\"isPartOf\":{\"@id\":\"https:\/\/skimo.73.jarolim.eu\/sportler\/#website\"},\"primaryImageOfPage\":{\"@id\":\"https:\/\/www.skimo.at\/sportler\/1514\/das-nationalteam-von-frueher-nostalgie-vor-weihnachten\/#primaryimage\"},\"datePublished\":\"2013-12-23T12:05:27+00:00\",\"dateModified\":\"2021-01-05T16:26:42+00:00\",\"author\":{\"@id\":\"https:\/\/skimo.73.jarolim.eu\/sportler\/#\/schema\/person\/89e18f4c3d09b5434dbc2dc0cefbcd30\"},\"breadcrumb\":{\"@id\":\"https:\/\/www.skimo.at\/sportler\/1514\/das-nationalteam-von-frueher-nostalgie-vor-weihnachten\/#breadcrumb\"},\"inLanguage\":\"de\",\"potentialAction\":[{\"@type\":\"ReadAction\",\"target\":[\"https:\/\/www.skimo.at\/sportler\/1514\/das-nationalteam-von-frueher-nostalgie-vor-weihnachten\/\"]}]},{\"@type\":\"BreadcrumbList\",\"@id\":\"https:\/\/www.skimo.at\/sportler\/1514\/das-nationalteam-von-frueher-nostalgie-vor-weihnachten\/#breadcrumb\",\"itemListElement\":[{\"@type\":\"ListItem\",\"position\":1,\"item\":{\"@type\":\"WebPage\",\"@id\":\"https:\/\/skimo.73.jarolim.eu\/sportler\/\",\"url\":\"https:\/\/skimo.73.jarolim.eu\/sportler\/\",\"name\":\"Home\"}},{\"@type\":\"ListItem\",\"position\":2,\"item\":{\"@id\":\"https:\/\/www.skimo.at\/sportler\/1514\/das-nationalteam-von-frueher-nostalgie-vor-weihnachten\/#webpage\"}}]},{\"@type\":\"Person\",\"@id\":\"https:\/\/skimo.73.jarolim.eu\/sportler\/#\/schema\/person\/89e18f4c3d09b5434dbc2dc0cefbcd30\",\"name\":\"aspielbuechler\",\"image\":{\"@type\":\"ImageObject\",\"@id\":\"https:\/\/skimo.73.jarolim.eu\/sportler\/#personlogo\",\"inLanguage\":\"de\",\"url\":\"https:\/\/secure.gravatar.com\/avatar\/1220d25619b41a33e4710c8b968dc56e?s=96&r=g\",\"contentUrl\":\"https:\/\/secure.gravatar.com\/avatar\/1220d25619b41a33e4710c8b968dc56e?s=96&r=g\",\"caption\":\"aspielbuechler\"},\"url\":\"https:\/\/www.skimo.at\/sportler\/author\/aspielbuechler\/\"}]}<\/script>\n<!-- \/ Yoast SEO plugin. -->","_links":{"self":[{"href":"https:\/\/www.skimo.at\/sportler\/wp-json\/wp\/v2\/posts\/1514"}],"collection":[{"href":"https:\/\/www.skimo.at\/sportler\/wp-json\/wp\/v2\/posts"}],"about":[{"href":"https:\/\/www.skimo.at\/sportler\/wp-json\/wp\/v2\/types\/post"}],"author":[{"embeddable":true,"href":"https:\/\/www.skimo.at\/sportler\/wp-json\/wp\/v2\/users\/4"}],"replies":[{"embeddable":true,"href":"https:\/\/www.skimo.at\/sportler\/wp-json\/wp\/v2\/comments?post=1514"}],"version-history":[{"count":2,"href":"https:\/\/www.skimo.at\/sportler\/wp-json\/wp\/v2\/posts\/1514\/revisions"}],"predecessor-version":[{"id":15602,"href":"https:\/\/www.skimo.at\/sportler\/wp-json\/wp\/v2\/posts\/1514\/revisions\/15602"}],"wp:featuredmedia":[{"embeddable":true,"href":"https:\/\/www.skimo.at\/sportler\/wp-json\/wp\/v2\/media\/1520"}],"wp:attachment":[{"href":"https:\/\/www.skimo.at\/sportler\/wp-json\/wp\/v2\/media?parent=1514"}],"wp:term":[{"taxonomy":"category","embeddable":true,"href":"https:\/\/www.skimo.at\/sportler\/wp-json\/wp\/v2\/categories?post=1514"},{"taxonomy":"post_tag","embeddable":true,"href":"https:\/\/www.skimo.at\/sportler\/wp-json\/wp\/v2\/tags?post=1514"}],"curies":[{"name":"wp","href":"https:\/\/api.w.org\/{rel}","templated":true}]}}