{"id":1476,"date":"2013-11-28T13:09:20","date_gmt":"2013-11-28T11:09:20","guid":{"rendered":"http:\/\/www.skimo.at\/sportler\/?p=1476"},"modified":"2013-11-28T13:20:37","modified_gmt":"2013-11-28T11:20:37","slug":"askimo-nationalteam-athleten-zeigen-ihr-schoenstes-laecheln-fuer-die-presse","status":"publish","type":"post","link":"https:\/\/www.skimo.at\/sportler\/1476\/askimo-nationalteam-athleten-zeigen-ihr-schoenstes-laecheln-fuer-die-presse\/","title":{"rendered":"Das ASKIMO Nationalteam zeigt sein sch\u00f6nstes L\u00e4cheln f\u00fcr die Presse"},"content":{"rendered":"<p>Die neuen Pressebilder unserer Nationalteamathleten sind online! Brav posiert haben sie am vergangenen Wochenende im Zuge des allj\u00e4hrlichen Teameetings in Matrei in Osttirol. Der ASKIMO hofft nat\u00fcrlich seine feschen M\u00e4dls und Burschen nun so oft wie m\u00f6glich aus den diversen Medien l\u00e4cheln zu sehen.<br \/>\n<a href=\"http:\/\/www.skimo.at\/sportler\/category\/sportler\/\" target=\"_blank\">Hier der Link zu den einzelnen Athleten<\/a><\/p>\n<p>Bei jeden einzelnen Athleten gibt es zus\u00e4tzlich ganz unten nach der Athleten-Beschreibung noch die Bilder zum Download, f\u00fcr Pressezwecke rechte- und entgeltfrei f\u00fcr Pressezwecke verwendbar und bei Bedarf in h\u00f6herer Aufl\u00f6sung verf\u00fcgbar.<\/p>\n","protected":false},"excerpt":{"rendered":"<p>Die neuen Pressebilder unserer Nationalteamathleten sind online! Brav posiert haben sie am vergangenen Wochenende im Zuge des allj\u00e4hrlichen Teameetings in Matrei in Osttirol. Der ASKIMO hofft nat\u00fcrlich seine feschen M\u00e4dls und Burschen nun so oft wie m\u00f6glich aus den diversen Medien l\u00e4cheln zu sehen. Hier der Link zu den einzelnen Athleten Bei jeden einzelnen Athleten [&hellip;]<\/p>\n","protected":false},"author":4,"featured_media":1509,"comment_status":"closed","ping_status":"closed","sticky":false,"template":"","format":"standard","meta":[],"categories":[1,9,3],"tags":[],"yoast_head":"<!-- This site is optimized with the Yoast SEO plugin v16.3 - https:\/\/yoast.com\/wordpress\/plugins\/seo\/ -->\n<title>Das ASKIMO Nationalteam zeigt sein sch\u00f6nstes L\u00e4cheln f\u00fcr die Presse - Sportler<\/title>\n<meta name=\"robots\" content=\"index, follow, max-snippet:-1, max-image-preview:large, max-video-preview:-1\" \/>\n<link rel=\"canonical\" href=\"https:\/\/www.skimo.at\/sportler\/1476\/askimo-nationalteam-athleten-zeigen-ihr-schoenstes-laecheln-fuer-die-presse\/\" \/>\n<meta property=\"og:locale\" content=\"de_DE\" \/>\n<meta property=\"og:type\" content=\"article\" \/>\n<meta property=\"og:title\" content=\"Das ASKIMO Nationalteam zeigt sein sch\u00f6nstes L\u00e4cheln f\u00fcr die Presse - Sportler\" \/>\n<meta property=\"og:description\" content=\"Die neuen Pressebilder unserer Nationalteamathleten sind online! Brav posiert haben sie am vergangenen Wochenende im Zuge des allj\u00e4hrlichen Teameetings in Matrei in Osttirol. Der ASKIMO hofft nat\u00fcrlich seine feschen M\u00e4dls und Burschen nun so oft wie m\u00f6glich aus den diversen Medien l\u00e4cheln zu sehen. Hier der Link zu den einzelnen Athleten Bei jeden einzelnen Athleten [&hellip;]\" \/>\n<meta property=\"og:url\" content=\"https:\/\/www.skimo.at\/sportler\/1476\/askimo-nationalteam-athleten-zeigen-ihr-schoenstes-laecheln-fuer-die-presse\/\" \/>\n<meta property=\"og:site_name\" content=\"Sportler\" \/>\n<meta property=\"article:published_time\" content=\"2013-11-28T11:09:20+00:00\" \/>\n<meta property=\"article:modified_time\" content=\"2013-11-28T11:20:37+00:00\" \/>\n<meta property=\"og:image\" content=\"https:\/\/skimo.73.jarolim.eu\/sportler\/files\/2013\/11\/Nationalmannschaft2014-_-Gruppenfoto-3-_-Bild-Karl-Posch-_-LR.jpg\" \/>\n\t<meta property=\"og:image:width\" content=\"1800\" \/>\n\t<meta property=\"og:image:height\" content=\"1200\" \/>\n<meta name=\"twitter:card\" content=\"summary\" \/>\n<script type=\"application\/ld+json\" class=\"yoast-schema-graph\">{\"@context\":\"https:\/\/schema.org\",\"@graph\":[{\"@type\":\"WebSite\",\"@id\":\"https:\/\/skimo.73.jarolim.eu\/sportler\/#website\",\"url\":\"https:\/\/skimo.73.jarolim.eu\/sportler\/\",\"name\":\"Sportler\",\"description\":\"\",\"potentialAction\":[{\"@type\":\"SearchAction\",\"target\":\"https:\/\/skimo.73.jarolim.eu\/sportler\/?s={search_term_string}\",\"query-input\":\"required name=search_term_string\"}],\"inLanguage\":\"de\"},{\"@type\":\"ImageObject\",\"@id\":\"https:\/\/www.skimo.at\/sportler\/1476\/askimo-nationalteam-athleten-zeigen-ihr-schoenstes-laecheln-fuer-die-presse\/#primaryimage\",\"inLanguage\":\"de\",\"url\":\"https:\/\/www.skimo.at\/sportler\/files\/2013\/11\/Nationalmannschaft2014-_-Gruppenfoto-3-_-Bild-Karl-Posch-_-LR.jpg\",\"contentUrl\":\"https:\/\/www.skimo.at\/sportler\/files\/2013\/11\/Nationalmannschaft2014-_-Gruppenfoto-3-_-Bild-Karl-Posch-_-LR.jpg\",\"width\":1800,\"height\":1200},{\"@type\":\"WebPage\",\"@id\":\"https:\/\/www.skimo.at\/sportler\/1476\/askimo-nationalteam-athleten-zeigen-ihr-schoenstes-laecheln-fuer-die-presse\/#webpage\",\"url\":\"https:\/\/www.skimo.at\/sportler\/1476\/askimo-nationalteam-athleten-zeigen-ihr-schoenstes-laecheln-fuer-die-presse\/\",\"name\":\"Das ASKIMO Nationalteam zeigt sein sch\\u00f6nstes L\\u00e4cheln f\\u00fcr die Presse - Sportler\",\"isPartOf\":{\"@id\":\"https:\/\/skimo.73.jarolim.eu\/sportler\/#website\"},\"primaryImageOfPage\":{\"@id\":\"https:\/\/www.skimo.at\/sportler\/1476\/askimo-nationalteam-athleten-zeigen-ihr-schoenstes-laecheln-fuer-die-presse\/#primaryimage\"},\"datePublished\":\"2013-11-28T11:09:20+00:00\",\"dateModified\":\"2013-11-28T11:20:37+00:00\",\"author\":{\"@id\":\"https:\/\/skimo.73.jarolim.eu\/sportler\/#\/schema\/person\/89e18f4c3d09b5434dbc2dc0cefbcd30\"},\"breadcrumb\":{\"@id\":\"https:\/\/www.skimo.at\/sportler\/1476\/askimo-nationalteam-athleten-zeigen-ihr-schoenstes-laecheln-fuer-die-presse\/#breadcrumb\"},\"inLanguage\":\"de\",\"potentialAction\":[{\"@type\":\"ReadAction\",\"target\":[\"https:\/\/www.skimo.at\/sportler\/1476\/askimo-nationalteam-athleten-zeigen-ihr-schoenstes-laecheln-fuer-die-presse\/\"]}]},{\"@type\":\"BreadcrumbList\",\"@id\":\"https:\/\/www.skimo.at\/sportler\/1476\/askimo-nationalteam-athleten-zeigen-ihr-schoenstes-laecheln-fuer-die-presse\/#breadcrumb\",\"itemListElement\":[{\"@type\":\"ListItem\",\"position\":1,\"item\":{\"@type\":\"WebPage\",\"@id\":\"https:\/\/skimo.73.jarolim.eu\/sportler\/\",\"url\":\"https:\/\/skimo.73.jarolim.eu\/sportler\/\",\"name\":\"Home\"}},{\"@type\":\"ListItem\",\"position\":2,\"item\":{\"@id\":\"https:\/\/www.skimo.at\/sportler\/1476\/askimo-nationalteam-athleten-zeigen-ihr-schoenstes-laecheln-fuer-die-presse\/#webpage\"}}]},{\"@type\":\"Person\",\"@id\":\"https:\/\/skimo.73.jarolim.eu\/sportler\/#\/schema\/person\/89e18f4c3d09b5434dbc2dc0cefbcd30\",\"name\":\"aspielbuechler\",\"image\":{\"@type\":\"ImageObject\",\"@id\":\"https:\/\/skimo.73.jarolim.eu\/sportler\/#personlogo\",\"inLanguage\":\"de\",\"url\":\"https:\/\/secure.gravatar.com\/avatar\/1220d25619b41a33e4710c8b968dc56e?s=96&r=g\",\"contentUrl\":\"https:\/\/secure.gravatar.com\/avatar\/1220d25619b41a33e4710c8b968dc56e?s=96&r=g\",\"caption\":\"aspielbuechler\"},\"url\":\"https:\/\/www.skimo.at\/sportler\/author\/aspielbuechler\/\"}]}<\/script>\n<!-- \/ Yoast SEO plugin. -->","_links":{"self":[{"href":"https:\/\/www.skimo.at\/sportler\/wp-json\/wp\/v2\/posts\/1476"}],"collection":[{"href":"https:\/\/www.skimo.at\/sportler\/wp-json\/wp\/v2\/posts"}],"about":[{"href":"https:\/\/www.skimo.at\/sportler\/wp-json\/wp\/v2\/types\/post"}],"author":[{"embeddable":true,"href":"https:\/\/www.skimo.at\/sportler\/wp-json\/wp\/v2\/users\/4"}],"replies":[{"embeddable":true,"href":"https:\/\/www.skimo.at\/sportler\/wp-json\/wp\/v2\/comments?post=1476"}],"version-history":[{"count":2,"href":"https:\/\/www.skimo.at\/sportler\/wp-json\/wp\/v2\/posts\/1476\/revisions"}],"predecessor-version":[{"id":1510,"href":"https:\/\/www.skimo.at\/sportler\/wp-json\/wp\/v2\/posts\/1476\/revisions\/1510"}],"wp:featuredmedia":[{"embeddable":true,"href":"https:\/\/www.skimo.at\/sportler\/wp-json\/wp\/v2\/media\/1509"}],"wp:attachment":[{"href":"https:\/\/www.skimo.at\/sportler\/wp-json\/wp\/v2\/media?parent=1476"}],"wp:term":[{"taxonomy":"category","embeddable":true,"href":"https:\/\/www.skimo.at\/sportler\/wp-json\/wp\/v2\/categories?post=1476"},{"taxonomy":"post_tag","embeddable":true,"href":"https:\/\/www.skimo.at\/sportler\/wp-json\/wp\/v2\/tags?post=1476"}],"curies":[{"name":"wp","href":"https:\/\/api.w.org\/{rel}","templated":true}]}}