{"id":14169,"date":"2020-02-08T17:32:10","date_gmt":"2020-02-08T15:32:10","guid":{"rendered":"http:\/\/www.skimo.at\/sportler\/?p=14169"},"modified":"2020-02-11T18:09:02","modified_gmt":"2020-02-11T16:09:02","slug":"ismf-weltcup-und-alpencup-jennerstier-2020-das-war-das-individualrennen","status":"publish","type":"post","link":"https:\/\/www.skimo.at\/sportler\/14169\/ismf-weltcup-und-alpencup-jennerstier-2020-das-war-das-individualrennen\/","title":{"rendered":"Jennerstier 2020 ISMF Weltcup und Alpencup &#8211; das war das Individualrennen"},"content":{"rendered":"<p>Ein herrlicher und fulminanter zweiter Tag beim Jennerstier 2020 geht\u00a0zumindest renntechnisch zu Ende. Spannende Rennen, gro\u00dfartige K\u00e4mpfe um den Sieg und am Ende viele strahlende Gesichter &#8211; das alles gab es beim heutigen Individualrennen am Jenner in Berchtesgaden. Die Pause zwischen dem Verticalrennen am Freitag und dem heutigen\u00a0Individualrennen war nicht lange \u2013 und ebenso kurz war die Zeit, die den Athleten zur Regeneration blieb. Umso beachtlicher sind die Ergebnisse, die f\u00fcr das \u00f6sterreichische Team beim Individual herausschauten.<\/p>\n<p><!--more--><\/p>\n<p>Die Herren der Altersklasse Senior mussten heute rund 1600 H\u00f6henmeter auf knapp 8 Kilometern Streckenl\u00e4nge mit mehreren Aufstiegen sowie Abfahrten bew\u00e4ltigen. Dabei bestehen die Aufstiege aus unz\u00e4hligen Spitzkehren, und vor allem die erste Abfahrt gestaltet sich relativ steil \u2013 trotz toller Bedingungen am Berg eine Challenge f\u00fcr alle Athleten und Athletinnen. Wiederholt wurde uns berichtet, die Stimmung am Berg w\u00e4re gigantisch gewesen, dies wird auch von diesem Wahnsinnsshot von David Sch\u00e4ffler best\u00e4tigt.<\/p>\n<p><a href=\"http:\/\/www.skimo.at\/sportler\/files\/2020\/02\/Jennerstier_Indiv023cD_Schaeffler.jpg\" rel=\"attachment wp-att-14342\"><img loading=\"lazy\" class=\"alignnone wp-image-14342\" title=\"Jennerstier Indiv023cD Schaeffler\" src=\"http:\/\/www.skimo.at\/sportler\/files\/2020\/02\/Jennerstier_Indiv023cD_Schaeffler.jpg\" alt=\"Jennerstier Indiv023cD Schaeffler\" width=\"561\" height=\"373\" srcset=\"https:\/\/www.skimo.at\/sportler\/files\/2020\/02\/Jennerstier_Indiv023cD_Schaeffler.jpg 1440w, https:\/\/www.skimo.at\/sportler\/files\/2020\/02\/Jennerstier_Indiv023cD_Schaeffler-300x200.jpg 300w, https:\/\/www.skimo.at\/sportler\/files\/2020\/02\/Jennerstier_Indiv023cD_Schaeffler-1024x683.jpg 1024w, https:\/\/www.skimo.at\/sportler\/files\/2020\/02\/Jennerstier_Indiv023cD_Schaeffler-768x512.jpg 768w, https:\/\/www.skimo.at\/sportler\/files\/2020\/02\/Jennerstier_Indiv023cD_Schaeffler-746x497.jpg 746w, https:\/\/www.skimo.at\/sportler\/files\/2020\/02\/Jennerstier_Indiv023cD_Schaeffler-618x412.jpg 618w, https:\/\/www.skimo.at\/sportler\/files\/2020\/02\/Jennerstier_Indiv023cD_Schaeffler-554x369.jpg 554w, https:\/\/www.skimo.at\/sportler\/files\/2020\/02\/Jennerstier_Indiv023cD_Schaeffler-299x199.jpg 299w, https:\/\/www.skimo.at\/sportler\/files\/2020\/02\/Jennerstier_Indiv023cD_Schaeffler-1224x816.jpg 1224w, https:\/\/www.skimo.at\/sportler\/files\/2020\/02\/Jennerstier_Indiv023cD_Schaeffler-970x647.jpg 970w, https:\/\/www.skimo.at\/sportler\/files\/2020\/02\/Jennerstier_Indiv023cD_Schaeffler-140x93.jpg 140w\" sizes=\"(max-width: 561px) 100vw, 561px\" \/><\/a><\/p>\n<p>Das sagt Veranstalter Richard Lenz zum Rennen (Video von David Sch\u00e4ffler &#8211; freizeitalpin.com):<\/p>\n<p><script> \n                DeferLib.deferInline({ \n                    event: \"THIRD_PARTY.YOUTUBE\", \n                    html: \"<iframe width=\\\"500\\\" height=\\\"281\\\" src=\\\"https:\\\/\\\/www.youtube.com\\\/embed\\\/6gJYivfXcSU?feature=oembed\\\" frameborder=\\\"0\\\" allow=\\\"accelerometer; autoplay; encrypted-media; gyroscope; picture-in-picture\\\" allowfullscreen><\\\/iframe>\", \n                    placeholder: \"<span class=\\\"skimo-dsgvo-content-placeholder placeholder-third-party placeholder-third-party--youtube\\\">\\r\\n    <span class=\\\"paragraph\\\">Um Sie umfassen informieren zu k\\u00f6nnen, f\\u00fcgen wir bei Bedarf redaktionelle Inhalte Dritter ein.<br \/>YouTube setzt Cookies.<\\\/span>\\r\\n    <a href=\\\"javascript:void(0);\\\" onclick=\\\"dsgvoOptIn.allow('THIRD_PARTY.YOUTUBE');\\\">YouTube Videos erlauben<\\\/a>\\r\\n<\\\/span>\" \n                }); \n            <\/script><\/p>\n<h3>Jakob Herrmann in den Top-10 der Weltcupwertung<\/h3>\n<p>Die Bew\u00e4ltigung dieser Challenge gelang bei den <strong>Senior Herren<\/strong> mit gro\u00dfem Vorsprung auf seine Verfolger dem Italiener Davide Magnini am besten, ein Nachwuchsathlet, der in den vergangenen Saisonen noch in der Juniorenklasse gestartet war. Einen italienischen Dreifachsieg komplettieren seine Teamkollegen Matteo Eydallin und Nadir Maguet auf Rang 2 und 3. Aus \u00f6sterreichischer Sicht lieferte der Werfenwenger Jakob Herrmann eine fabelhafte Performance, die ihn auf Rang 6 hinter dem viertplatzierten Michele Boscacci (ITA) und dem f\u00fcnftplatzierten Toni Palzer (GER) hebt. Mit weniger als zwei Minuten R\u00fcckstand auf den F\u00fchrenden erreicht Herrmann nach einer Rennzeit von 1:13:43 die Ziellinie. Er zieht ein sehr positives Fazit:<\/p>\n<blockquote><p><em>\u201eBei dieser Strecke schl\u00e4gt das Skibergsteigerherz h\u00f6her, das ist wirklich so, wie wir Alpinisten das gerne m\u00f6gen, mit vielen Spitzkehren und sehr technisch. Danke an die Fans, die mich so angefeuert haben heute, ich bin mehr als happy mit meinem 6. Platz, denn Kleinigkeiten wie einen Sturz hat heute vermutlich fast ein jeder gehabt.\u201c<br \/>\n<\/em><\/p><\/blockquote>\n<p>Der Steirer Armin H\u00f6fl verpasst mit Rang 14 knapp die Top-10 und ist h\u00f6chst zufrieden mit seiner Leistung:<\/p>\n<p><script> \n                DeferLib.deferInline({ \n                    event: \"THIRD_PARTY.YOUTUBE\", \n                    html: \"<iframe width=\\\"500\\\" height=\\\"281\\\" src=\\\"https:\\\/\\\/www.youtube.com\\\/embed\\\/vrAHnAOx9eU?feature=oembed\\\" frameborder=\\\"0\\\" allow=\\\"accelerometer; autoplay; encrypted-media; gyroscope; picture-in-picture\\\" allowfullscreen><\\\/iframe>\", \n                    placeholder: \"<span class=\\\"skimo-dsgvo-content-placeholder placeholder-third-party placeholder-third-party--youtube\\\">\\r\\n    <span class=\\\"paragraph\\\">Um Sie umfassen informieren zu k\\u00f6nnen, f\\u00fcgen wir bei Bedarf redaktionelle Inhalte Dritter ein.<br \/>YouTube setzt Cookies.<\\\/span>\\r\\n    <a href=\\\"javascript:void(0);\\\" onclick=\\\"dsgvoOptIn.allow('THIRD_PARTY.YOUTUBE');\\\">YouTube Videos erlauben<\\\/a>\\r\\n<\\\/span>\" \n                }); \n            <\/script><\/p>\n<h6>(Anmerkung: erst nach dem Interview wurde bekanntgegeben, dass Armin H\u00f6fl Platz 14 belegte und nicht 13)<\/h6>\n<p>Christan Hoffmann\/O\u00d6 wird im Individual 29., Daniel Ganahl\/VBG 33. und Robert Berger\/O\u00d6 35. David K\u00f6gler\/VBG und Christian Seidl\/N\u00d6 landen auf Rang 48 und 51 im internationalen Klassement.<\/p>\n<p>Toni Palzer erk\u00e4mpft sich hinter starken Italienern den 5. Platz und ist sehr zufrieden mit der Leistung und den Bedingungen rund um die Veranstaltung:<\/p>\n<p><script> \n                DeferLib.deferInline({ \n                    event: \"THIRD_PARTY.YOUTUBE\", \n                    html: \"<iframe width=\\\"500\\\" height=\\\"281\\\" src=\\\"https:\\\/\\\/www.youtube.com\\\/embed\\\/UlW0RTTwiMU?feature=oembed\\\" frameborder=\\\"0\\\" allow=\\\"accelerometer; autoplay; encrypted-media; gyroscope; picture-in-picture\\\" allowfullscreen><\\\/iframe>\", \n                    placeholder: \"<span class=\\\"skimo-dsgvo-content-placeholder placeholder-third-party placeholder-third-party--youtube\\\">\\r\\n    <span class=\\\"paragraph\\\">Um Sie umfassen informieren zu k\\u00f6nnen, f\\u00fcgen wir bei Bedarf redaktionelle Inhalte Dritter ein.<br \/>YouTube setzt Cookies.<\\\/span>\\r\\n    <a href=\\\"javascript:void(0);\\\" onclick=\\\"dsgvoOptIn.allow('THIRD_PARTY.YOUTUBE');\\\">YouTube Videos erlauben<\\\/a>\\r\\n<\\\/span>\" \n                }); \n            <\/script><\/p>\n<h3>Erfolge bei den Junioren<\/h3>\n<p>Die <strong>Junioren<\/strong> k\u00e4mpfen auf einer etwas k\u00fcrzeren Strecke, liefern sich aber einen genauso ernsten Fight. Nach seiner Position am Stockerl im Vertical kann sich Paul Verbnjak\/KTN auch im Individual behaupten: er finisht hinter Aur\u00e9lien Gay (SUI) und L\u00e9o Besson (SUI) auf Rang 3 mit einer guten Minute R\u00fcckstand.<\/p>\n<p><script> \n                DeferLib.deferInline({ \n                    event: \"THIRD_PARTY.YOUTUBE\", \n                    html: \"<iframe width=\\\"500\\\" height=\\\"281\\\" src=\\\"https:\\\/\\\/www.youtube.com\\\/embed\\\/EjHj7UIOiEA?feature=oembed\\\" frameborder=\\\"0\\\" allow=\\\"accelerometer; autoplay; encrypted-media; gyroscope; picture-in-picture\\\" allowfullscreen><\\\/iframe>\", \n                    placeholder: \"<span class=\\\"skimo-dsgvo-content-placeholder placeholder-third-party placeholder-third-party--youtube\\\">\\r\\n    <span class=\\\"paragraph\\\">Um Sie umfassen informieren zu k\\u00f6nnen, f\\u00fcgen wir bei Bedarf redaktionelle Inhalte Dritter ein.<br \/>YouTube setzt Cookies.<\\\/span>\\r\\n    <a href=\\\"javascript:void(0);\\\" onclick=\\\"dsgvoOptIn.allow('THIRD_PARTY.YOUTUBE');\\\">YouTube Videos erlauben<\\\/a>\\r\\n<\\\/span>\" \n                }); \n            <\/script><\/p>\n<p>David Sch\u00e4ffler hat uns noch ein Interview von Paul und Papa Heinz Verbnjak zukommen lassen &#8211; eins steht fest: Paul ist hei\u00df auf einen Sieg im Weltcup. Das wird noch eine spannende Saison!<\/p>\n<p><script> \n                DeferLib.deferInline({ \n                    event: \"THIRD_PARTY.YOUTUBE\", \n                    html: \"<iframe width=\\\"500\\\" height=\\\"281\\\" src=\\\"https:\\\/\\\/www.youtube.com\\\/embed\\\/_978nAypMxQ?feature=oembed\\\" frameborder=\\\"0\\\" allow=\\\"accelerometer; autoplay; encrypted-media; gyroscope; picture-in-picture\\\" allowfullscreen><\\\/iframe>\", \n                    placeholder: \"<span class=\\\"skimo-dsgvo-content-placeholder placeholder-third-party placeholder-third-party--youtube\\\">\\r\\n    <span class=\\\"paragraph\\\">Um Sie umfassen informieren zu k\\u00f6nnen, f\\u00fcgen wir bei Bedarf redaktionelle Inhalte Dritter ein.<br \/>YouTube setzt Cookies.<\\\/span>\\r\\n    <a href=\\\"javascript:void(0);\\\" onclick=\\\"dsgvoOptIn.allow('THIRD_PARTY.YOUTUBE');\\\">YouTube Videos erlauben<\\\/a>\\r\\n<\\\/span>\" \n                }); \n            <\/script><\/p>\n<p>Auch dem \u00f6sterreichischen Junior Andreas Mayer aus Kirchdorf in Tirol gelingt heute ein tolles Resultat: nach seinem 10. Rang im Vertical kann er am Samstag beim Individual noch weiter nach vorne laufen und beendet das Rennen auf Rang 5!<\/p>\n<p><script> \n                DeferLib.deferInline({ \n                    event: \"THIRD_PARTY.YOUTUBE\", \n                    html: \"<iframe width=\\\"500\\\" height=\\\"281\\\" src=\\\"https:\\\/\\\/www.youtube.com\\\/embed\\\/4OXvpzjt160?feature=oembed\\\" frameborder=\\\"0\\\" allow=\\\"accelerometer; autoplay; encrypted-media; gyroscope; picture-in-picture\\\" allowfullscreen><\\\/iframe>\", \n                    placeholder: \"<span class=\\\"skimo-dsgvo-content-placeholder placeholder-third-party placeholder-third-party--youtube\\\">\\r\\n    <span class=\\\"paragraph\\\">Um Sie umfassen informieren zu k\\u00f6nnen, f\\u00fcgen wir bei Bedarf redaktionelle Inhalte Dritter ein.<br \/>YouTube setzt Cookies.<\\\/span>\\r\\n    <a href=\\\"javascript:void(0);\\\" onclick=\\\"dsgvoOptIn.allow('THIRD_PARTY.YOUTUBE');\\\">YouTube Videos erlauben<\\\/a>\\r\\n<\\\/span>\" \n                }); \n            <\/script><\/p>\n<p>&nbsp;<\/p>\n<hr \/>\n<h3><\/h3>\n<h3>\u00d6sterreicher auch in der Alpencupwertung erfolgreich<\/h3>\n<p>Der Bischofshofener Thomas Wallner holt sich bei den <strong>Herren<\/strong> den Sieg im SKIMO Alpencup-Individual auf derselben Strecke wie die des Weltcups. Zweiter wird der Deutsche Josef Huber, Rang 3 geht an Marcell Voithofer, ebenfalls aus \u00d6sterreich. Rang 4 holt sich Harald Feuchter vom La Sportiva Mountain Attack Team.<\/p>\n<p><script> \n                DeferLib.deferInline({ \n                    event: \"THIRD_PARTY.YOUTUBE\", \n                    html: \"<iframe width=\\\"500\\\" height=\\\"281\\\" src=\\\"https:\\\/\\\/www.youtube.com\\\/embed\\\/fo2_lhcQDZw?feature=oembed\\\" frameborder=\\\"0\\\" allow=\\\"accelerometer; autoplay; encrypted-media; gyroscope; picture-in-picture\\\" allowfullscreen><\\\/iframe>\", \n                    placeholder: \"<span class=\\\"skimo-dsgvo-content-placeholder placeholder-third-party placeholder-third-party--youtube\\\">\\r\\n    <span class=\\\"paragraph\\\">Um Sie umfassen informieren zu k\\u00f6nnen, f\\u00fcgen wir bei Bedarf redaktionelle Inhalte Dritter ein.<br \/>YouTube setzt Cookies.<\\\/span>\\r\\n    <a href=\\\"javascript:void(0);\\\" onclick=\\\"dsgvoOptIn.allow('THIRD_PARTY.YOUTUBE');\\\">YouTube Videos erlauben<\\\/a>\\r\\n<\\\/span>\" \n                }); \n            <\/script><\/p>\n<p>Auch die <strong>Ladies<\/strong> k\u00f6nnen mit Erfolgen aufzeigen: der Sieg geht an die frisch gebackene \u00d6sterreichische Meisterin im Individual Michaela Essl\/SBG, Rang 2 belegt Johanna Hiemer\/STMK. Hier die beiden Damen im Interview:<\/p>\n<p><script> \n                DeferLib.deferInline({ \n                    event: \"THIRD_PARTY.YOUTUBE\", \n                    html: \"<iframe width=\\\"500\\\" height=\\\"281\\\" src=\\\"https:\\\/\\\/www.youtube.com\\\/embed\\\/7dXg22aBqjU?feature=oembed\\\" frameborder=\\\"0\\\" allow=\\\"accelerometer; autoplay; encrypted-media; gyroscope; picture-in-picture\\\" allowfullscreen><\\\/iframe>\", \n                    placeholder: \"<span class=\\\"skimo-dsgvo-content-placeholder placeholder-third-party placeholder-third-party--youtube\\\">\\r\\n    <span class=\\\"paragraph\\\">Um Sie umfassen informieren zu k\\u00f6nnen, f\\u00fcgen wir bei Bedarf redaktionelle Inhalte Dritter ein.<br \/>YouTube setzt Cookies.<\\\/span>\\r\\n    <a href=\\\"javascript:void(0);\\\" onclick=\\\"dsgvoOptIn.allow('THIRD_PARTY.YOUTUBE');\\\">YouTube Videos erlauben<\\\/a>\\r\\n<\\\/span>\" \n                }); \n            <\/script><\/p>\n<p><script> \n                DeferLib.deferInline({ \n                    event: \"THIRD_PARTY.YOUTUBE\", \n                    html: \"<iframe width=\\\"500\\\" height=\\\"281\\\" src=\\\"https:\\\/\\\/www.youtube.com\\\/embed\\\/a8EXCzlMZVw?feature=oembed\\\" frameborder=\\\"0\\\" allow=\\\"accelerometer; autoplay; encrypted-media; gyroscope; picture-in-picture\\\" allowfullscreen><\\\/iframe>\", \n                    placeholder: \"<span class=\\\"skimo-dsgvo-content-placeholder placeholder-third-party placeholder-third-party--youtube\\\">\\r\\n    <span class=\\\"paragraph\\\">Um Sie umfassen informieren zu k\\u00f6nnen, f\\u00fcgen wir bei Bedarf redaktionelle Inhalte Dritter ein.<br \/>YouTube setzt Cookies.<\\\/span>\\r\\n    <a href=\\\"javascript:void(0);\\\" onclick=\\\"dsgvoOptIn.allow('THIRD_PARTY.YOUTUBE');\\\">YouTube Videos erlauben<\\\/a>\\r\\n<\\\/span>\" \n                }); \n            <\/script><\/p>\n<p>Den dritten Platz holt sich Marcela Vasinova aus Tschechien. Rang 10 und 11 sind mit Ina Forchthammer und Bernadette Klotz ebenfalls in \u00f6sterreichischer Hand.<\/p>\n<p>Die <strong>Juniorenklasse<\/strong> ist fest in internationaler Hand: Constantin Surdu (ROU) gewinnt vor Javier Gurpegui Garcia (ESP) und Dragos Blaj (ROU).<\/p>\n<p>Die<strong> Juniorinnen<\/strong> sind in ihrer Klasse nur zu zweit: Maria H\u00fcber erreicht das Ziel als erste, ihr folgt Antonia St\u00f6ger. Beide Athletinnen kommen aus Deutschland.<\/p>\n<p>In der Kategorie der<strong> Kadetten<\/strong> holt sich den Sieg im Individual Nils Oberauer, gefolgt von Gehorghe-Petru Jinga aus Rum\u00e4nien und Finn H\u00f6sch (GER). Rang 4 geht mit Julian Tritscher wieder an einen \u00d6sterreicher, auf Rang 6 positioniert sich hinter dem Rum\u00e4nen George-Petrut Cotinghiu Hannes Lohfeyer vom Team Hervis, Rang 8 belegt Sebastian Steiner.<\/p>\n<p><script> \n                DeferLib.deferInline({ \n                    event: \"THIRD_PARTY.YOUTUBE\", \n                    html: \"<iframe width=\\\"500\\\" height=\\\"281\\\" src=\\\"https:\\\/\\\/www.youtube.com\\\/embed\\\/J9DA9xvfAh4?feature=oembed\\\" frameborder=\\\"0\\\" allow=\\\"accelerometer; autoplay; encrypted-media; gyroscope; picture-in-picture\\\" allowfullscreen><\\\/iframe>\", \n                    placeholder: \"<span class=\\\"skimo-dsgvo-content-placeholder placeholder-third-party placeholder-third-party--youtube\\\">\\r\\n    <span class=\\\"paragraph\\\">Um Sie umfassen informieren zu k\\u00f6nnen, f\\u00fcgen wir bei Bedarf redaktionelle Inhalte Dritter ein.<br \/>YouTube setzt Cookies.<\\\/span>\\r\\n    <a href=\\\"javascript:void(0);\\\" onclick=\\\"dsgvoOptIn.allow('THIRD_PARTY.YOUTUBE');\\\">YouTube Videos erlauben<\\\/a>\\r\\n<\\\/span>\" \n                }); \n            <\/script><\/p>\n<p>Bei den<strong> Kadettinnen<\/strong> siegt Antonia Niedermeier vom deutschen Team vor ihrer Landsfrau Anna Michel und der Rum\u00e4nin Larisa Cosofret.<\/p>\n<p>Es gab auch eine <strong>Sch\u00fclerwertung<\/strong>: die Klasse der Burschen hatte heute einen Starter, der automatisch siegte &#8211; Gratulation an Silas Walter (GER). Bei den M\u00e4dels starteten zwei Athletinnen, es gewinnt Julia Mere (GER) vor Christina Manea (ROU).<\/p>\n<p>Und nat\u00fcrlich wollen wir auch die Podien der <strong>Mastersklasse<\/strong> nicht vergessen:<\/p>\n<p>Herren<\/p>\n<ul>\n<li>1. Markus Stock<\/li>\n<li>2. Konrad Lex<\/li>\n<li>3. Thomas Koller<\/li>\n<\/ul>\n<p>Damen<\/p>\n<ul>\n<li>1. Rowi Frank (GER)<\/li>\n<li>2. Michaela Bredow (GER)<\/li>\n<\/ul>\n<p><strong>Weiteres Highlight: der Sprint<\/strong><\/p>\n<p>Morgen findet am Jenner ein weiteres Highlight statt: im Weltcup-Sprintrennen beim Jennerstier 2020 werden die Athleten und Athletinnen in mehreren Runden um den Aufstieg ins Finale k\u00e4mpfen.<\/p>\n<p><a href=\"http:\/\/www.skimo.at\/sportler\/14240\/jennerstier-2020-ismf-weltcup-und-alpencup-ergebnislisten-online\/\" target=\"_blank\">Hier<\/a>\u00a0findet ihr die Ergebnislisten, den Verlauf des Rennens k\u00f6nnt ihr im\u00a0<a href=\"http:\/\/www.skimo.at\/sportler\/14063\/weltcup-jennerstier-2020-individual-live-ticker\/\" target=\"_blank\">Liveticker<\/a> nachlesen. Wir m\u00f6chten noch einmal allen Sportlerinnen und Sportlern zu ihren grandiosen Leistungen gratulieren und freuen uns auf das Weltcup-Sprintrennen morgen, von dem wir nat\u00fcrlich wieder live berichten werden.<\/p>\n<p>&nbsp;<\/p>\n<p>Text: Bettina Nussbaumer<\/p>\n<p>Fotos: Philipp Reiter, Roland Hold, Andreas Renner, Werner Strittl, David Sch\u00e4ffler &#8211; Wir bedanken uns bei den Fotografen f\u00fcr die tollen Bilder!<\/p>\n","protected":false},"excerpt":{"rendered":"<p>Ein herrlicher und fulminanter zweiter Tag beim Jennerstier 2020 geht\u00a0zumindest renntechnisch zu Ende. Spannende Rennen, gro\u00dfartige K\u00e4mpfe um den Sieg und am Ende viele strahlende Gesichter &#8211; das alles gab es beim heutigen Individualrennen am Jenner in Berchtesgaden. Die Pause zwischen dem Verticalrennen am Freitag und dem heutigen\u00a0Individualrennen war nicht lange \u2013 und ebenso kurz [&hellip;]<\/p>\n","protected":false},"author":39,"featured_media":14282,"comment_status":"closed","ping_status":"closed","sticky":false,"template":"","format":"standard","meta":[],"categories":[1,9,3,7],"tags":[90,291,284,195,50,379,363,16,111,237,331,69,302,41],"yoast_head":"<!-- This site is optimized with the Yoast SEO plugin v16.3 - https:\/\/yoast.com\/wordpress\/plugins\/seo\/ -->\n<title>Jennerstier 2020 ISMF Weltcup und Alpencup - das war das Individualrennen - Sportler<\/title>\n<meta name=\"robots\" content=\"index, follow, max-snippet:-1, max-image-preview:large, max-video-preview:-1\" \/>\n<link rel=\"canonical\" href=\"https:\/\/www.skimo.at\/sportler\/14169\/ismf-weltcup-und-alpencup-jennerstier-2020-das-war-das-individualrennen\/\" \/>\n<meta property=\"og:locale\" content=\"de_DE\" \/>\n<meta property=\"og:type\" content=\"article\" \/>\n<meta property=\"og:title\" content=\"Jennerstier 2020 ISMF Weltcup und Alpencup - das war das Individualrennen - Sportler\" \/>\n<meta property=\"og:description\" content=\"Ein herrlicher und fulminanter zweiter Tag beim Jennerstier 2020 geht\u00a0zumindest renntechnisch zu Ende. Spannende Rennen, gro\u00dfartige K\u00e4mpfe um den Sieg und am Ende viele strahlende Gesichter &#8211; das alles gab es beim heutigen Individualrennen am Jenner in Berchtesgaden. Die Pause zwischen dem Verticalrennen am Freitag und dem heutigen\u00a0Individualrennen war nicht lange \u2013 und ebenso kurz [&hellip;]\" \/>\n<meta property=\"og:url\" content=\"https:\/\/www.skimo.at\/sportler\/14169\/ismf-weltcup-und-alpencup-jennerstier-2020-das-war-das-individualrennen\/\" \/>\n<meta property=\"og:site_name\" content=\"Sportler\" \/>\n<meta property=\"article:published_time\" content=\"2020-02-08T15:32:10+00:00\" \/>\n<meta property=\"article:modified_time\" content=\"2020-02-11T16:09:02+00:00\" \/>\n<meta property=\"og:image\" content=\"https:\/\/skimo.73.jarolim.eu\/sportler\/files\/2020\/02\/Jennerstier_Individual_Feb20_c-Philipp-Reiter-28-1.jpg\" \/>\n\t<meta property=\"og:image:width\" content=\"1800\" \/>\n\t<meta property=\"og:image:height\" content=\"1200\" \/>\n<meta name=\"twitter:card\" content=\"summary\" \/>\n<meta name=\"twitter:label1\" content=\"Gesch\u00e4tzte Lesezeit\">\n\t<meta name=\"twitter:data1\" content=\"5\u00a0Minuten\">\n<script type=\"application\/ld+json\" class=\"yoast-schema-graph\">{\"@context\":\"https:\/\/schema.org\",\"@graph\":[{\"@type\":\"WebSite\",\"@id\":\"https:\/\/skimo.73.jarolim.eu\/sportler\/#website\",\"url\":\"https:\/\/skimo.73.jarolim.eu\/sportler\/\",\"name\":\"Sportler\",\"description\":\"\",\"potentialAction\":[{\"@type\":\"SearchAction\",\"target\":\"https:\/\/skimo.73.jarolim.eu\/sportler\/?s={search_term_string}\",\"query-input\":\"required name=search_term_string\"}],\"inLanguage\":\"de\"},{\"@type\":\"ImageObject\",\"@id\":\"https:\/\/www.skimo.at\/sportler\/14169\/ismf-weltcup-und-alpencup-jennerstier-2020-das-war-das-individualrennen\/#primaryimage\",\"inLanguage\":\"de\",\"url\":\"https:\/\/www.skimo.at\/sportler\/files\/2020\/02\/Jennerstier_Individual_Feb20_c-Philipp-Reiter-28-1.jpg\",\"contentUrl\":\"https:\/\/www.skimo.at\/sportler\/files\/2020\/02\/Jennerstier_Individual_Feb20_c-Philipp-Reiter-28-1.jpg\",\"width\":1800,\"height\":1200,\"caption\":\"Jennerstier Individual Feb20 c Philipp Reiter 28 1\"},{\"@type\":\"WebPage\",\"@id\":\"https:\/\/www.skimo.at\/sportler\/14169\/ismf-weltcup-und-alpencup-jennerstier-2020-das-war-das-individualrennen\/#webpage\",\"url\":\"https:\/\/www.skimo.at\/sportler\/14169\/ismf-weltcup-und-alpencup-jennerstier-2020-das-war-das-individualrennen\/\",\"name\":\"Jennerstier 2020 ISMF Weltcup und Alpencup - das war das Individualrennen - Sportler\",\"isPartOf\":{\"@id\":\"https:\/\/skimo.73.jarolim.eu\/sportler\/#website\"},\"primaryImageOfPage\":{\"@id\":\"https:\/\/www.skimo.at\/sportler\/14169\/ismf-weltcup-und-alpencup-jennerstier-2020-das-war-das-individualrennen\/#primaryimage\"},\"datePublished\":\"2020-02-08T15:32:10+00:00\",\"dateModified\":\"2020-02-11T16:09:02+00:00\",\"author\":{\"@id\":\"https:\/\/skimo.73.jarolim.eu\/sportler\/#\/schema\/person\/1dcfd4a1244ce37de78392c668157c9d\"},\"breadcrumb\":{\"@id\":\"https:\/\/www.skimo.at\/sportler\/14169\/ismf-weltcup-und-alpencup-jennerstier-2020-das-war-das-individualrennen\/#breadcrumb\"},\"inLanguage\":\"de\",\"potentialAction\":[{\"@type\":\"ReadAction\",\"target\":[\"https:\/\/www.skimo.at\/sportler\/14169\/ismf-weltcup-und-alpencup-jennerstier-2020-das-war-das-individualrennen\/\"]}]},{\"@type\":\"BreadcrumbList\",\"@id\":\"https:\/\/www.skimo.at\/sportler\/14169\/ismf-weltcup-und-alpencup-jennerstier-2020-das-war-das-individualrennen\/#breadcrumb\",\"itemListElement\":[{\"@type\":\"ListItem\",\"position\":1,\"item\":{\"@type\":\"WebPage\",\"@id\":\"https:\/\/skimo.73.jarolim.eu\/sportler\/\",\"url\":\"https:\/\/skimo.73.jarolim.eu\/sportler\/\",\"name\":\"Home\"}},{\"@type\":\"ListItem\",\"position\":2,\"item\":{\"@id\":\"https:\/\/www.skimo.at\/sportler\/14169\/ismf-weltcup-und-alpencup-jennerstier-2020-das-war-das-individualrennen\/#webpage\"}}]},{\"@type\":\"Person\",\"@id\":\"https:\/\/skimo.73.jarolim.eu\/sportler\/#\/schema\/person\/1dcfd4a1244ce37de78392c668157c9d\",\"name\":\"juliamarietm\",\"image\":{\"@type\":\"ImageObject\",\"@id\":\"https:\/\/skimo.73.jarolim.eu\/sportler\/#personlogo\",\"inLanguage\":\"de\",\"url\":\"https:\/\/secure.gravatar.com\/avatar\/331201a266e46ac22eb3aaa2e25e4a07?s=96&r=g\",\"contentUrl\":\"https:\/\/secure.gravatar.com\/avatar\/331201a266e46ac22eb3aaa2e25e4a07?s=96&r=g\",\"caption\":\"juliamarietm\"},\"url\":\"https:\/\/www.skimo.at\/sportler\/author\/juliamarietm\/\"}]}<\/script>\n<!-- \/ Yoast SEO plugin. -->","_links":{"self":[{"href":"https:\/\/www.skimo.at\/sportler\/wp-json\/wp\/v2\/posts\/14169"}],"collection":[{"href":"https:\/\/www.skimo.at\/sportler\/wp-json\/wp\/v2\/posts"}],"about":[{"href":"https:\/\/www.skimo.at\/sportler\/wp-json\/wp\/v2\/types\/post"}],"author":[{"embeddable":true,"href":"https:\/\/www.skimo.at\/sportler\/wp-json\/wp\/v2\/users\/39"}],"replies":[{"embeddable":true,"href":"https:\/\/www.skimo.at\/sportler\/wp-json\/wp\/v2\/comments?post=14169"}],"version-history":[{"count":21,"href":"https:\/\/www.skimo.at\/sportler\/wp-json\/wp\/v2\/posts\/14169\/revisions"}],"predecessor-version":[{"id":14510,"href":"https:\/\/www.skimo.at\/sportler\/wp-json\/wp\/v2\/posts\/14169\/revisions\/14510"}],"wp:featuredmedia":[{"embeddable":true,"href":"https:\/\/www.skimo.at\/sportler\/wp-json\/wp\/v2\/media\/14282"}],"wp:attachment":[{"href":"https:\/\/www.skimo.at\/sportler\/wp-json\/wp\/v2\/media?parent=14169"}],"wp:term":[{"taxonomy":"category","embeddable":true,"href":"https:\/\/www.skimo.at\/sportler\/wp-json\/wp\/v2\/categories?post=14169"},{"taxonomy":"post_tag","embeddable":true,"href":"https:\/\/www.skimo.at\/sportler\/wp-json\/wp\/v2\/tags?post=14169"}],"curies":[{"name":"wp","href":"https:\/\/api.w.org\/{rel}","templated":true}]}}