{"id":1349,"date":"2013-11-25T12:15:20","date_gmt":"2013-11-25T10:15:20","guid":{"rendered":"http:\/\/www.skimo.at\/sportler\/?p=1349"},"modified":"2013-11-25T12:38:21","modified_gmt":"2013-11-25T10:38:21","slug":"teammeeting-nationalmannschaft-in-osttirol-nachbericht-hinter-den-kulissen","status":"publish","type":"post","link":"https:\/\/www.skimo.at\/sportler\/1349\/teammeeting-nationalmannschaft-in-osttirol-nachbericht-hinter-den-kulissen\/","title":{"rendered":"Teammeeting Nationalmannschaft in Osttirol &#8211; Nachbericht hinter den Kulissen"},"content":{"rendered":"<p>Mit einer tollen Skitour und zufriedenen Gesichtern endete gestern das Teammeeting in Matei in Osttirol. Denn endlich haben in der Nacht auf Sonntag auch die Berge rund um das Dorf am Felbertauern genug Schnee abbekommen, dass die Athleten ihre Trainingsh\u00f6henmeter f\u00fcr das Wochenende in der wei\u00dfen Pracht bew\u00e4ltigen konnten. Selbstverst\u00e4ndlich inklusive Abfahrt im Pulverschnee!<br \/>\nDas neue Material von adidas Outdoor bestand damit bereits den ersten Test: unten warme Temperaturen, oben kalter Wind \u2013 harte Anforderungen f\u00fcr die Bekleidung \u2013 Pr\u00fcfung bestanden! Und optisch sowieso, die Mannschaft freut sich jetzt schon auf die \u00fcblichen neidischen Blicke der anderen Nationalteams bei den internationalen Bewerben!<br \/>\nNoch nicht ganz sicher sind sich die Teammitglieder, wie man DAS Bonus-Ausr\u00fcstungsst\u00fcck von adidas im Wettkampf einsetzen wird: neben den Terrex Gore Tex und Primaloft Jacken, Laufschuhen, Brillen, etc. gab es einen weiteren Bestseller von adidas: eine personalisierte adilette. Inwieweit die mittlerweile ber\u00fchmteste Badeschlappe der Welt den Tourenski-Rennschuh abl\u00f6sen kann, konnte noch nicht genau ermittelt werden, die Planung l\u00e4uft jedoch. In der Zwischenzeit dient das Schuhwerk noch vorrangig der Regeneration und jeder Profisportler wei\u00df ja, dass diese zu einem guten Training unbedingt dazugeh\u00f6rt.<\/p>\n<p>Alles andere als streng lief es beim allj\u00e4hrlichen Fototermin ab, man merkte einfach, dass sich die Sportler schon alle auf die neue Saison freuen. Eine ganze Menge lustiger Bilder sind dabei entstanden, Spa\u00df stand durchwegs an erster Stelle \u2013 bei Sportlern und bei Betreuern! Die Auswahl, die wir unseren Lesern hier zeigen, ist nur ein kleiner Teil davon\u2026 manche Bilder sind aus Sicherheitsgr\u00fcnden zensuriert worden, denn die Leser w\u00fcrden geschockt sein, welche Gesichtsausdr\u00fccke bei so manchen Personen vorkommen k\u00f6nnen und daher ein v\u00f6llig falsches Bild auf die betroffenen Sportler und Betreuer werfen&#8230;<br \/>\nAber wenn man wei\u00df, dass man gut vorbereitet ist und die Leistung passt, dann l\u00e4sst sich auch leicht bl\u00f6deln! Und das ist im Team aktuell der Fall. Die leistungsdiagnostischen Tests zeigen gute Ergebnisse, die Athleten f\u00fchlen sich bereit f\u00fcr die ersten Wettk\u00e4mpfe. Die bald starten: Trainer Alex Lugger besprach diesbez\u00fcglich genau den Kalender f\u00fcr die kommende Saison und wie die Beschickung aussehen wird. Gleich wie im letzen Jahr werden die nur besten Athleten auf die Weltcuprennen fahren, die nationalen Bewerbe spielen als Qualifikation dabei eine wichtige Rolle. Bei der Europameisterschaft hingegen will der ASKIMO eine m\u00f6glichst gro\u00dfe Mannschaft entsenden, es hei\u00dft im Hinblick auf eine gute Nationenwertung wieder ordentlich Gas zu geben und gute Platzierungen in allen Klassen zu erreichen.<\/p>\n<p>Exklusive und interne News gab es von Brugger Philipp \u00fcber das neue <a href=\"http:\/\/www.skimo.at\/verband\/74440\/das-neue-hybrid-fell-von-contour-ist-am-markt\/\">Hybrid Fell von CONTOUR<\/a>. Philipp arbeitet seit kurzem bei Koch Alpin und kann so mit seinem Wissen seine Teamkollegen zum Thema Aufstiegsfelle bestens beraten.<\/p>\n<p>Nach einem umfangreichen Tagesprogramm stand der Samstagabend im Zeichen der sozialen Kontaktpflege. Fachsimpeln, bei den f\u00fcr Sportler notwendigen Elektrolyt-Getr\u00e4nken, geh\u00f6rte hier dazu \ud83d\ude09 \u00a0Gerade f\u00fcr die Neuzug\u00e4nge war es wichtig, ein erstes und sehr ungezwungenes Wochenende im Kreise ihrer zuk\u00fcnftigen Nationalteamkollegen zu erleben. Immerhin ist die Aufnahme in die Mannschaft ein gro\u00dfer Schritt in Richtung Professionalisierung, da ist es von Vorteil, den einen oder anderen Tipp durch die erfahrenen Teamkollegen zu bekommen.<\/p>\n<p>Eines zeigt sich am Wochenende ganz deutlich: die \u00d6sterreichischen Athleten sind hei\u00df auf Schnee und Rennen. Dank der Sponsoren k\u00f6nnen sie perfekt ausger\u00fcstet starten, ein gro\u00dfer Dank daher an die treuen Unterst\u00fctzer, die sich sowohl mit ihren Produkten, als auch in finanzieller Weise beteiligen und somit einen gro\u00dfen Beitrag leisten, dass die \u00f6sterreichischen Athleten unsere Nation 2013\/14 wieder international repr\u00e4sentieren d\u00fcrfen:<\/p>\n<p><a href=\"http:\/\/www.adidas.at\/outdoor\/Outdoor,de_AT,sc.html?cm_mmc=AdieSEM_Google-_-Outdoor-Brand-B-EXACT-_-General-Outdoor_Brand-X-General-_-adidas%20outdoor&amp;cm_mmca1=AT&amp;cm_mmca2=Exact&amp;utm_source=google&amp;utm_medium=cpc&amp;utm_term=adidas%20outdoor&amp;utm_campaign=Outdoor-Brand-B-EXACT\" target=\"_blank\">ADIDAS<\/a> f\u00fcr das umfangreiche Sortiment an Bekleidung: f\u00fcr Training, Wettkampf, K\u00e4lte, Schnee, Wind oder warme Temperaturen abseits der Wettkampfsaison \u2013 in jeder Outdoor-Situation einfach bestens ausger\u00fcstet.<br \/>\n<a href=\"http:\/\/www.sportpintar.com\/a_startseite\/front_content.php\" target=\"_blank\">BUFF<\/a> f\u00fcr die Textilst\u00fccke, die in der kalten Jahreszeit Kopf und Nacken angenehm warm halten.<br \/>\n<a href=\"http:\/\/www.nikwax.de\/de-de\/\" target=\"_blank\">NIKWAX<\/a> f\u00fcr die gro\u00dfe zur Verf\u00fcgung gestellte Produktpalette an Impr\u00e4gnier-Material, dass dadurch weder Bekleidung, noch Schuhe, Handschuhe, Rucksack, etc. nass werden k\u00f6nnen.<br \/>\n<a href=\"http:\/\/eu.blackdiamondequipment.com\/de\/home\" target=\"_blank\">BLACK DIAMOND<\/a> f\u00fcr die Ausstattung des gesamten Teams mit dem ultraleichten Rennhelm Vapor.<br \/>\n<a href=\"http:\/\/www.pieps.com\/\" target=\"_blank\">PIEPS<\/a> f\u00fcr die Ausstattung mit dem Pieps Freeride f\u00fcr den Renneinsatz und dem Pieps DSP f\u00fcr sichere Trainingstouren im freien Gel\u00e4nde.<br \/>\n<a href=\"http:\/\/www.kochalpin.at\/\" target=\"_blank\">CONTOUR<\/a> f\u00fcr die Bereitstellung der innovativen Aufstiegsfelle im Renn- und Trainingseinsatz.<br \/>\n<a href=\"http:\/\/www.orthomol.com\/at\/desktopdefault.aspx\/tabid-1\/286_read-468\/\" target=\"_blank\">ORTHOMOL<\/a> zur Unterst\u00fctzung der Gesundheit der Athleten durch Mikron\u00e4hrstoffe.<br \/>\n<a href=\"http:\/\/www.lenzing.com\/fasern\/tencel.html\" target=\"_blank\">TENCEL<\/a> und der Lenzing AG mit deren revolution\u00e4ren und umweltschonenden Cellulosefaser, die das Team repr\u00e4sentieren darf.<\/p>\n<p>&nbsp;<\/p>\n","protected":false},"excerpt":{"rendered":"<p>Mit einer tollen Skitour und zufriedenen Gesichtern endete gestern das Teammeeting in Matei in Osttirol. Denn endlich haben in der Nacht auf Sonntag auch die Berge rund um das Dorf am Felbertauern genug Schnee abbekommen, dass die Athleten ihre Trainingsh\u00f6henmeter f\u00fcr das Wochenende in der wei\u00dfen Pracht bew\u00e4ltigen konnten. Selbstverst\u00e4ndlich inklusive Abfahrt im Pulverschnee! Das [&hellip;]<\/p>\n","protected":false},"author":3,"featured_media":1350,"comment_status":"closed","ping_status":"closed","sticky":false,"template":"","format":"standard","meta":[],"categories":[1,3],"tags":[],"yoast_head":"<!-- This site is optimized with the Yoast SEO plugin v16.3 - https:\/\/yoast.com\/wordpress\/plugins\/seo\/ -->\n<title>Teammeeting Nationalmannschaft in Osttirol - Nachbericht hinter den Kulissen - Sportler<\/title>\n<meta name=\"robots\" content=\"index, follow, max-snippet:-1, max-image-preview:large, max-video-preview:-1\" \/>\n<link rel=\"canonical\" href=\"https:\/\/www.skimo.at\/sportler\/1349\/teammeeting-nationalmannschaft-in-osttirol-nachbericht-hinter-den-kulissen\/\" \/>\n<meta property=\"og:locale\" content=\"de_DE\" \/>\n<meta property=\"og:type\" content=\"article\" \/>\n<meta property=\"og:title\" content=\"Teammeeting Nationalmannschaft in Osttirol - Nachbericht hinter den Kulissen - Sportler\" \/>\n<meta property=\"og:description\" content=\"Mit einer tollen Skitour und zufriedenen Gesichtern endete gestern das Teammeeting in Matei in Osttirol. Denn endlich haben in der Nacht auf Sonntag auch die Berge rund um das Dorf am Felbertauern genug Schnee abbekommen, dass die Athleten ihre Trainingsh\u00f6henmeter f\u00fcr das Wochenende in der wei\u00dfen Pracht bew\u00e4ltigen konnten. Selbstverst\u00e4ndlich inklusive Abfahrt im Pulverschnee! Das [&hellip;]\" \/>\n<meta property=\"og:url\" content=\"https:\/\/www.skimo.at\/sportler\/1349\/teammeeting-nationalmannschaft-in-osttirol-nachbericht-hinter-den-kulissen\/\" \/>\n<meta property=\"og:site_name\" content=\"Sportler\" \/>\n<meta property=\"article:published_time\" content=\"2013-11-25T10:15:20+00:00\" \/>\n<meta property=\"article:modified_time\" content=\"2013-11-25T10:38:21+00:00\" \/>\n<meta property=\"og:image\" content=\"https:\/\/skimo.73.jarolim.eu\/sportler\/files\/2013\/11\/50-Gesichter-von-Markus-Stock-_-Bild-Karl-Posch.jpg\" \/>\n\t<meta property=\"og:image:width\" content=\"1280\" \/>\n\t<meta property=\"og:image:height\" content=\"853\" \/>\n<meta name=\"twitter:card\" content=\"summary\" \/>\n<meta name=\"twitter:label1\" content=\"Gesch\u00e4tzte Lesezeit\">\n\t<meta name=\"twitter:data1\" content=\"4\u00a0Minuten\">\n<script type=\"application\/ld+json\" class=\"yoast-schema-graph\">{\"@context\":\"https:\/\/schema.org\",\"@graph\":[{\"@type\":\"WebSite\",\"@id\":\"https:\/\/skimo.73.jarolim.eu\/sportler\/#website\",\"url\":\"https:\/\/skimo.73.jarolim.eu\/sportler\/\",\"name\":\"Sportler\",\"description\":\"\",\"potentialAction\":[{\"@type\":\"SearchAction\",\"target\":\"https:\/\/skimo.73.jarolim.eu\/sportler\/?s={search_term_string}\",\"query-input\":\"required name=search_term_string\"}],\"inLanguage\":\"de\"},{\"@type\":\"ImageObject\",\"@id\":\"https:\/\/www.skimo.at\/sportler\/1349\/teammeeting-nationalmannschaft-in-osttirol-nachbericht-hinter-den-kulissen\/#primaryimage\",\"inLanguage\":\"de\",\"url\":\"https:\/\/www.skimo.at\/sportler\/files\/2013\/11\/50-Gesichter-von-Markus-Stock-_-Bild-Karl-Posch.jpg\",\"contentUrl\":\"https:\/\/www.skimo.at\/sportler\/files\/2013\/11\/50-Gesichter-von-Markus-Stock-_-Bild-Karl-Posch.jpg\",\"width\":1280,\"height\":853},{\"@type\":\"WebPage\",\"@id\":\"https:\/\/www.skimo.at\/sportler\/1349\/teammeeting-nationalmannschaft-in-osttirol-nachbericht-hinter-den-kulissen\/#webpage\",\"url\":\"https:\/\/www.skimo.at\/sportler\/1349\/teammeeting-nationalmannschaft-in-osttirol-nachbericht-hinter-den-kulissen\/\",\"name\":\"Teammeeting Nationalmannschaft in Osttirol - Nachbericht hinter den Kulissen - Sportler\",\"isPartOf\":{\"@id\":\"https:\/\/skimo.73.jarolim.eu\/sportler\/#website\"},\"primaryImageOfPage\":{\"@id\":\"https:\/\/www.skimo.at\/sportler\/1349\/teammeeting-nationalmannschaft-in-osttirol-nachbericht-hinter-den-kulissen\/#primaryimage\"},\"datePublished\":\"2013-11-25T10:15:20+00:00\",\"dateModified\":\"2013-11-25T10:38:21+00:00\",\"author\":{\"@id\":\"https:\/\/skimo.73.jarolim.eu\/sportler\/#\/schema\/person\/796ecbce6796efca58bf848ca63ec12c\"},\"breadcrumb\":{\"@id\":\"https:\/\/www.skimo.at\/sportler\/1349\/teammeeting-nationalmannschaft-in-osttirol-nachbericht-hinter-den-kulissen\/#breadcrumb\"},\"inLanguage\":\"de\",\"potentialAction\":[{\"@type\":\"ReadAction\",\"target\":[\"https:\/\/www.skimo.at\/sportler\/1349\/teammeeting-nationalmannschaft-in-osttirol-nachbericht-hinter-den-kulissen\/\"]}]},{\"@type\":\"BreadcrumbList\",\"@id\":\"https:\/\/www.skimo.at\/sportler\/1349\/teammeeting-nationalmannschaft-in-osttirol-nachbericht-hinter-den-kulissen\/#breadcrumb\",\"itemListElement\":[{\"@type\":\"ListItem\",\"position\":1,\"item\":{\"@type\":\"WebPage\",\"@id\":\"https:\/\/skimo.73.jarolim.eu\/sportler\/\",\"url\":\"https:\/\/skimo.73.jarolim.eu\/sportler\/\",\"name\":\"Home\"}},{\"@type\":\"ListItem\",\"position\":2,\"item\":{\"@id\":\"https:\/\/www.skimo.at\/sportler\/1349\/teammeeting-nationalmannschaft-in-osttirol-nachbericht-hinter-den-kulissen\/#webpage\"}}]},{\"@type\":\"Person\",\"@id\":\"https:\/\/skimo.73.jarolim.eu\/sportler\/#\/schema\/person\/796ecbce6796efca58bf848ca63ec12c\",\"name\":\"kposch\",\"image\":{\"@type\":\"ImageObject\",\"@id\":\"https:\/\/skimo.73.jarolim.eu\/sportler\/#personlogo\",\"inLanguage\":\"de\",\"url\":\"https:\/\/secure.gravatar.com\/avatar\/e9f5f28da60e5e563d3f4d3cc0b9b425?s=96&r=g\",\"contentUrl\":\"https:\/\/secure.gravatar.com\/avatar\/e9f5f28da60e5e563d3f4d3cc0b9b425?s=96&r=g\",\"caption\":\"kposch\"},\"url\":\"https:\/\/www.skimo.at\/sportler\/author\/kposch\/\"}]}<\/script>\n<!-- \/ Yoast SEO plugin. -->","_links":{"self":[{"href":"https:\/\/www.skimo.at\/sportler\/wp-json\/wp\/v2\/posts\/1349"}],"collection":[{"href":"https:\/\/www.skimo.at\/sportler\/wp-json\/wp\/v2\/posts"}],"about":[{"href":"https:\/\/www.skimo.at\/sportler\/wp-json\/wp\/v2\/types\/post"}],"author":[{"embeddable":true,"href":"https:\/\/www.skimo.at\/sportler\/wp-json\/wp\/v2\/users\/3"}],"replies":[{"embeddable":true,"href":"https:\/\/www.skimo.at\/sportler\/wp-json\/wp\/v2\/comments?post=1349"}],"version-history":[{"count":5,"href":"https:\/\/www.skimo.at\/sportler\/wp-json\/wp\/v2\/posts\/1349\/revisions"}],"predecessor-version":[{"id":1385,"href":"https:\/\/www.skimo.at\/sportler\/wp-json\/wp\/v2\/posts\/1349\/revisions\/1385"}],"wp:featuredmedia":[{"embeddable":true,"href":"https:\/\/www.skimo.at\/sportler\/wp-json\/wp\/v2\/media\/1350"}],"wp:attachment":[{"href":"https:\/\/www.skimo.at\/sportler\/wp-json\/wp\/v2\/media?parent=1349"}],"wp:term":[{"taxonomy":"category","embeddable":true,"href":"https:\/\/www.skimo.at\/sportler\/wp-json\/wp\/v2\/categories?post=1349"},{"taxonomy":"post_tag","embeddable":true,"href":"https:\/\/www.skimo.at\/sportler\/wp-json\/wp\/v2\/tags?post=1349"}],"curies":[{"name":"wp","href":"https:\/\/api.w.org\/{rel}","templated":true}]}}